{"id":1815,"date":"2010-05-22T16:26:43","date_gmt":"2010-05-22T16:26:43","guid":{"rendered":"http:\/\/osmeusapontamentos.com\/?p=1815"},"modified":"2010-05-22T16:26:43","modified_gmt":"2010-05-22T16:26:43","slug":"a-esquerda-e-a-direita","status":"publish","type":"post","link":"https:\/\/osmeusapontamentos.com\/index.php\/2010\/05\/22\/a-esquerda-e-a-direita\/","title":{"rendered":"A esquerda e a direita"},"content":{"rendered":"<p>Pag.95<br \/>\nNunes Correia &#8211; (&#8230;) O que ser\u00e1 de esquerda? A ideia de um patrim\u00f3nio comum \u00e9 cara \u00e0 esquerda. O dom\u00ednio p\u00fablico, o bem p\u00fablico, a salvaguarda e a gest\u00e3o desse bem p\u00fablico \u00e9 algo que cola melhor com a esquerda. Embora a forma como a esquerda o procura fazer me pare\u00e7a, por vezes, controversa. Surpreendentemente, por\u00e9m, as palavras conservar, preservar, s\u00e3o, com maior frequ\u00eancia, integradas num l\u00e9xico de direita. \u00c9 o sentido da conserva\u00e7\u00e3o. \u00c9 o sentido da preserva\u00e7\u00e3o. De direita ser\u00e1, igualmente, a exalta\u00e7\u00e3o da ruralidade. Tal como ser\u00e1 de direita o reconhecimento da relev\u00e3ncia dos mecanismos econ\u00f3micos na regula\u00e7\u00e3o das quest\u00f5es ambientais. Embora, no discurso ambientalista, este \u00faltimo aspecto apare\u00e7a indiferentemente \u00e0 esquerda e \u00e0 direita, julgo mais consent\u00e2nea com uma postura de direita a assun\u00e7\u00e3o de uma l\u00f3gica de mercado, a distribui\u00e7\u00e3o de incentivos econ\u00f3micos, etc.<\/p>\n<p>Pag.99<br \/>\nSoromenho-Marques &#8211; (&#8230;) Antes de haver esta classifica\u00e7\u00e3o de esquerda e de direita, a filosofia pol\u00edtica definia-se por dois valores diferentes. Havia pol\u00edticas baseadas no primado da liberdade sobre a seguran\u00e7a e pol\u00edticas baseadas no primado da seguran\u00e7a sobre a liberdade. Um modelo hobbesiano, com a seguran\u00e7a a anteceder a liberdade e um modelo lockeano com a liberdade a anteceder a seguran\u00e7a.<br \/>\nPor quest\u00f5es muito complexas, temos sido incapazes de produzir um modelo claro, num sentido ou noutro. Em Portugal, as pol\u00edticas da liberdade remetem, normalmente, para o individualismo mais ser\u00f4dio. E as pol\u00edticas de seguran\u00e7a conduzem \u00e0 constru\u00e7\u00e3o de um aparelho de Estado que n\u00e3o \u00e9 centralista, mas \u00e9 fortemente ineficaz e fortemente burocr\u00e1tico. A esquerda afei\u00e7oou-se a este tipo de aparelho de Estado. E n\u00e3o s\u00f3 a esquerda porque, tamb\u00e9m nos sectores empresariais, se detecta uma tentativa constante de reclamar fundos p\u00fablicos.<\/p>\n<p>in, Ecologia e Ideologia<br \/>\nDomingos Moura, Francisco Ferreira, Francisco Nunes Correia, Gon\u00e7alo Ribeiro Telles, Viriato Soromenho-Marques<br \/>\nLivros e Leituras, 1999<\/p>\n","protected":false},"excerpt":{"rendered":"<p>Pag.95 Nunes Correia &#8211; (&#8230;) O que ser\u00e1 de esquerda? A ideia de um patrim\u00f3nio comum \u00e9 cara \u00e0 esquerda. O dom\u00ednio p\u00fablico, o bem p\u00fablico, a salvaguarda e a gest\u00e3o desse bem p\u00fablico \u00e9 algo que cola melhor com a esquerda. Embora a forma como a esquerda o procura fazer me pare\u00e7a, por vezes, [&hellip;]<\/p>\n","protected":false},"author":1,"featured_media":0,"comment_status":"open","ping_status":"open","sticky":false,"template":"","format":"standard","meta":{"footnotes":""},"categories":[7],"tags":[44],"class_list":["post-1815","post","type-post","status-publish","format-standard","hentry","category-ler-ver-ouvir-passear","tag-ambiente"],"yoast_head":"<!-- This site is optimized with the Yoast SEO plugin v27.5 - https:\/\/yoast.com\/product\/yoast-seo-wordpress\/ -->\n<title>A esquerda e a direita - Os Meus Apontamentos<\/title>\n<meta name=\"robots\" content=\"index, follow, max-snippet:-1, max-image-preview:large, max-video-preview:-1\" \/>\n<link rel=\"canonical\" href=\"https:\/\/osmeusapontamentos.com\/index.php\/2010\/05\/22\/a-esquerda-e-a-direita\/\" \/>\n<meta property=\"og:locale\" content=\"pt_PT\" \/>\n<meta property=\"og:type\" content=\"article\" \/>\n<meta property=\"og:title\" content=\"A esquerda e a direita - Os Meus Apontamentos\" \/>\n<meta property=\"og:description\" content=\"Pag.95 Nunes Correia &#8211; (&#8230;) O que ser\u00e1 de esquerda? A ideia de um patrim\u00f3nio comum \u00e9 cara \u00e0 esquerda. O dom\u00ednio p\u00fablico, o bem p\u00fablico, a salvaguarda e a gest\u00e3o desse bem p\u00fablico \u00e9 algo que cola melhor com a esquerda. Embora a forma como a esquerda o procura fazer me pare\u00e7a, por vezes, [&hellip;]\" \/>\n<meta property=\"og:url\" content=\"https:\/\/osmeusapontamentos.com\/index.php\/2010\/05\/22\/a-esquerda-e-a-direita\/\" \/>\n<meta property=\"og:site_name\" content=\"Os Meus Apontamentos\" \/>\n<meta property=\"article:published_time\" content=\"2010-05-22T16:26:43+00:00\" \/>\n<meta name=\"author\" content=\"Vitor Silva\" \/>\n<meta name=\"twitter:card\" content=\"summary_large_image\" \/>\n<meta name=\"twitter:creator\" content=\"@vitorsilva\" \/>\n<meta name=\"twitter:site\" content=\"@vitorsilva\" \/>\n<meta name=\"twitter:label1\" content=\"Escrito por\" \/>\n\t<meta name=\"twitter:data1\" content=\"Vitor Silva\" \/>\n\t<meta name=\"twitter:label2\" content=\"Tempo estimado de leitura\" \/>\n\t<meta name=\"twitter:data2\" content=\"2 minutos\" \/>\n<script type=\"application\/ld+json\" class=\"yoast-schema-graph\">{\"@context\":\"https:\\\/\\\/schema.org\",\"@graph\":[{\"@type\":\"Article\",\"@id\":\"https:\\\/\\\/osmeusapontamentos.com\\\/index.php\\\/2010\\\/05\\\/22\\\/a-esquerda-e-a-direita\\\/#article\",\"isPartOf\":{\"@id\":\"https:\\\/\\\/osmeusapontamentos.com\\\/index.php\\\/2010\\\/05\\\/22\\\/a-esquerda-e-a-direita\\\/\"},\"author\":{\"name\":\"Vitor Silva\",\"@id\":\"https:\\\/\\\/osmeusapontamentos.com\\\/#\\\/schema\\\/person\\\/d508df9c3ffc8b4e64a18dbf0ba18dd8\"},\"headline\":\"A esquerda e a direita\",\"datePublished\":\"2010-05-22T16:26:43+00:00\",\"mainEntityOfPage\":{\"@id\":\"https:\\\/\\\/osmeusapontamentos.com\\\/index.php\\\/2010\\\/05\\\/22\\\/a-esquerda-e-a-direita\\\/\"},\"wordCount\":343,\"commentCount\":0,\"publisher\":{\"@id\":\"https:\\\/\\\/osmeusapontamentos.com\\\/#\\\/schema\\\/person\\\/d508df9c3ffc8b4e64a18dbf0ba18dd8\"},\"keywords\":[\"ambiente\"],\"articleSection\":[\"Ler\\\/ Ver\\\/ Ouvir\\\/ Passear\"],\"inLanguage\":\"pt-PT\",\"potentialAction\":[{\"@type\":\"CommentAction\",\"name\":\"Comment\",\"target\":[\"https:\\\/\\\/osmeusapontamentos.com\\\/index.php\\\/2010\\\/05\\\/22\\\/a-esquerda-e-a-direita\\\/#respond\"]}]},{\"@type\":\"WebPage\",\"@id\":\"https:\\\/\\\/osmeusapontamentos.com\\\/index.php\\\/2010\\\/05\\\/22\\\/a-esquerda-e-a-direita\\\/\",\"url\":\"https:\\\/\\\/osmeusapontamentos.com\\\/index.php\\\/2010\\\/05\\\/22\\\/a-esquerda-e-a-direita\\\/\",\"name\":\"A esquerda e a direita - Os Meus Apontamentos\",\"isPartOf\":{\"@id\":\"https:\\\/\\\/osmeusapontamentos.com\\\/#website\"},\"datePublished\":\"2010-05-22T16:26:43+00:00\",\"breadcrumb\":{\"@id\":\"https:\\\/\\\/osmeusapontamentos.com\\\/index.php\\\/2010\\\/05\\\/22\\\/a-esquerda-e-a-direita\\\/#breadcrumb\"},\"inLanguage\":\"pt-PT\",\"potentialAction\":[{\"@type\":\"ReadAction\",\"target\":[\"https:\\\/\\\/osmeusapontamentos.com\\\/index.php\\\/2010\\\/05\\\/22\\\/a-esquerda-e-a-direita\\\/\"]}]},{\"@type\":\"BreadcrumbList\",\"@id\":\"https:\\\/\\\/osmeusapontamentos.com\\\/index.php\\\/2010\\\/05\\\/22\\\/a-esquerda-e-a-direita\\\/#breadcrumb\",\"itemListElement\":[{\"@type\":\"ListItem\",\"position\":1,\"name\":\"In\u00edcio\",\"item\":\"https:\\\/\\\/osmeusapontamentos.com\\\/\"},{\"@type\":\"ListItem\",\"position\":2,\"name\":\"A esquerda e a direita\"}]},{\"@type\":\"WebSite\",\"@id\":\"https:\\\/\\\/osmeusapontamentos.com\\\/#website\",\"url\":\"https:\\\/\\\/osmeusapontamentos.com\\\/\",\"name\":\"Os Meus Apontamentos\",\"description\":\"\",\"publisher\":{\"@id\":\"https:\\\/\\\/osmeusapontamentos.com\\\/#\\\/schema\\\/person\\\/d508df9c3ffc8b4e64a18dbf0ba18dd8\"},\"potentialAction\":[{\"@type\":\"SearchAction\",\"target\":{\"@type\":\"EntryPoint\",\"urlTemplate\":\"https:\\\/\\\/osmeusapontamentos.com\\\/?s={search_term_string}\"},\"query-input\":{\"@type\":\"PropertyValueSpecification\",\"valueRequired\":true,\"valueName\":\"search_term_string\"}}],\"inLanguage\":\"pt-PT\"},{\"@type\":[\"Person\",\"Organization\"],\"@id\":\"https:\\\/\\\/osmeusapontamentos.com\\\/#\\\/schema\\\/person\\\/d508df9c3ffc8b4e64a18dbf0ba18dd8\",\"name\":\"Vitor Silva\",\"image\":{\"@type\":\"ImageObject\",\"inLanguage\":\"pt-PT\",\"@id\":\"https:\\\/\\\/secure.gravatar.com\\\/avatar\\\/f81f58ad909e8a213ab0a690f6ed65e5c0e0e2274bf35ac49ff31d7988d483ce?s=96&d=mm&r=g\",\"url\":\"https:\\\/\\\/secure.gravatar.com\\\/avatar\\\/f81f58ad909e8a213ab0a690f6ed65e5c0e0e2274bf35ac49ff31d7988d483ce?s=96&d=mm&r=g\",\"contentUrl\":\"https:\\\/\\\/secure.gravatar.com\\\/avatar\\\/f81f58ad909e8a213ab0a690f6ed65e5c0e0e2274bf35ac49ff31d7988d483ce?s=96&d=mm&r=g\",\"caption\":\"Vitor Silva\"},\"logo\":{\"@id\":\"https:\\\/\\\/secure.gravatar.com\\\/avatar\\\/f81f58ad909e8a213ab0a690f6ed65e5c0e0e2274bf35ac49ff31d7988d483ce?s=96&d=mm&r=g\"},\"sameAs\":[\"https:\\\/\\\/www.linkedin.com\\\/in\\\/vitormrsilva\",\"https:\\\/\\\/x.com\\\/vitorsilva\"]}]}<\/script>\n<!-- \/ Yoast SEO plugin. -->","yoast_head_json":{"title":"A esquerda e a direita - Os Meus Apontamentos","robots":{"index":"index","follow":"follow","max-snippet":"max-snippet:-1","max-image-preview":"max-image-preview:large","max-video-preview":"max-video-preview:-1"},"canonical":"https:\/\/osmeusapontamentos.com\/index.php\/2010\/05\/22\/a-esquerda-e-a-direita\/","og_locale":"pt_PT","og_type":"article","og_title":"A esquerda e a direita - Os Meus Apontamentos","og_description":"Pag.95 Nunes Correia &#8211; (&#8230;) O que ser\u00e1 de esquerda? A ideia de um patrim\u00f3nio comum \u00e9 cara \u00e0 esquerda. O dom\u00ednio p\u00fablico, o bem p\u00fablico, a salvaguarda e a gest\u00e3o desse bem p\u00fablico \u00e9 algo que cola melhor com a esquerda. Embora a forma como a esquerda o procura fazer me pare\u00e7a, por vezes, [&hellip;]","og_url":"https:\/\/osmeusapontamentos.com\/index.php\/2010\/05\/22\/a-esquerda-e-a-direita\/","og_site_name":"Os Meus Apontamentos","article_published_time":"2010-05-22T16:26:43+00:00","author":"Vitor Silva","twitter_card":"summary_large_image","twitter_creator":"@vitorsilva","twitter_site":"@vitorsilva","twitter_misc":{"Escrito por":"Vitor Silva","Tempo estimado de leitura":"2 minutos"},"schema":{"@context":"https:\/\/schema.org","@graph":[{"@type":"Article","@id":"https:\/\/osmeusapontamentos.com\/index.php\/2010\/05\/22\/a-esquerda-e-a-direita\/#article","isPartOf":{"@id":"https:\/\/osmeusapontamentos.com\/index.php\/2010\/05\/22\/a-esquerda-e-a-direita\/"},"author":{"name":"Vitor Silva","@id":"https:\/\/osmeusapontamentos.com\/#\/schema\/person\/d508df9c3ffc8b4e64a18dbf0ba18dd8"},"headline":"A esquerda e a direita","datePublished":"2010-05-22T16:26:43+00:00","mainEntityOfPage":{"@id":"https:\/\/osmeusapontamentos.com\/index.php\/2010\/05\/22\/a-esquerda-e-a-direita\/"},"wordCount":343,"commentCount":0,"publisher":{"@id":"https:\/\/osmeusapontamentos.com\/#\/schema\/person\/d508df9c3ffc8b4e64a18dbf0ba18dd8"},"keywords":["ambiente"],"articleSection":["Ler\/ Ver\/ Ouvir\/ Passear"],"inLanguage":"pt-PT","potentialAction":[{"@type":"CommentAction","name":"Comment","target":["https:\/\/osmeusapontamentos.com\/index.php\/2010\/05\/22\/a-esquerda-e-a-direita\/#respond"]}]},{"@type":"WebPage","@id":"https:\/\/osmeusapontamentos.com\/index.php\/2010\/05\/22\/a-esquerda-e-a-direita\/","url":"https:\/\/osmeusapontamentos.com\/index.php\/2010\/05\/22\/a-esquerda-e-a-direita\/","name":"A esquerda e a direita - Os Meus Apontamentos","isPartOf":{"@id":"https:\/\/osmeusapontamentos.com\/#website"},"datePublished":"2010-05-22T16:26:43+00:00","breadcrumb":{"@id":"https:\/\/osmeusapontamentos.com\/index.php\/2010\/05\/22\/a-esquerda-e-a-direita\/#breadcrumb"},"inLanguage":"pt-PT","potentialAction":[{"@type":"ReadAction","target":["https:\/\/osmeusapontamentos.com\/index.php\/2010\/05\/22\/a-esquerda-e-a-direita\/"]}]},{"@type":"BreadcrumbList","@id":"https:\/\/osmeusapontamentos.com\/index.php\/2010\/05\/22\/a-esquerda-e-a-direita\/#breadcrumb","itemListElement":[{"@type":"ListItem","position":1,"name":"In\u00edcio","item":"https:\/\/osmeusapontamentos.com\/"},{"@type":"ListItem","position":2,"name":"A esquerda e a direita"}]},{"@type":"WebSite","@id":"https:\/\/osmeusapontamentos.com\/#website","url":"https:\/\/osmeusapontamentos.com\/","name":"Os Meus Apontamentos","description":"","publisher":{"@id":"https:\/\/osmeusapontamentos.com\/#\/schema\/person\/d508df9c3ffc8b4e64a18dbf0ba18dd8"},"potentialAction":[{"@type":"SearchAction","target":{"@type":"EntryPoint","urlTemplate":"https:\/\/osmeusapontamentos.com\/?s={search_term_string}"},"query-input":{"@type":"PropertyValueSpecification","valueRequired":true,"valueName":"search_term_string"}}],"inLanguage":"pt-PT"},{"@type":["Person","Organization"],"@id":"https:\/\/osmeusapontamentos.com\/#\/schema\/person\/d508df9c3ffc8b4e64a18dbf0ba18dd8","name":"Vitor Silva","image":{"@type":"ImageObject","inLanguage":"pt-PT","@id":"https:\/\/secure.gravatar.com\/avatar\/f81f58ad909e8a213ab0a690f6ed65e5c0e0e2274bf35ac49ff31d7988d483ce?s=96&d=mm&r=g","url":"https:\/\/secure.gravatar.com\/avatar\/f81f58ad909e8a213ab0a690f6ed65e5c0e0e2274bf35ac49ff31d7988d483ce?s=96&d=mm&r=g","contentUrl":"https:\/\/secure.gravatar.com\/avatar\/f81f58ad909e8a213ab0a690f6ed65e5c0e0e2274bf35ac49ff31d7988d483ce?s=96&d=mm&r=g","caption":"Vitor Silva"},"logo":{"@id":"https:\/\/secure.gravatar.com\/avatar\/f81f58ad909e8a213ab0a690f6ed65e5c0e0e2274bf35ac49ff31d7988d483ce?s=96&d=mm&r=g"},"sameAs":["https:\/\/www.linkedin.com\/in\/vitormrsilva","https:\/\/x.com\/vitorsilva"]}]}},"_links":{"self":[{"href":"https:\/\/osmeusapontamentos.com\/index.php\/wp-json\/wp\/v2\/posts\/1815","targetHints":{"allow":["GET"]}}],"collection":[{"href":"https:\/\/osmeusapontamentos.com\/index.php\/wp-json\/wp\/v2\/posts"}],"about":[{"href":"https:\/\/osmeusapontamentos.com\/index.php\/wp-json\/wp\/v2\/types\/post"}],"author":[{"embeddable":true,"href":"https:\/\/osmeusapontamentos.com\/index.php\/wp-json\/wp\/v2\/users\/1"}],"replies":[{"embeddable":true,"href":"https:\/\/osmeusapontamentos.com\/index.php\/wp-json\/wp\/v2\/comments?post=1815"}],"version-history":[{"count":0,"href":"https:\/\/osmeusapontamentos.com\/index.php\/wp-json\/wp\/v2\/posts\/1815\/revisions"}],"wp:attachment":[{"href":"https:\/\/osmeusapontamentos.com\/index.php\/wp-json\/wp\/v2\/media?parent=1815"}],"wp:term":[{"taxonomy":"category","embeddable":true,"href":"https:\/\/osmeusapontamentos.com\/index.php\/wp-json\/wp\/v2\/categories?post=1815"},{"taxonomy":"post_tag","embeddable":true,"href":"https:\/\/osmeusapontamentos.com\/index.php\/wp-json\/wp\/v2\/tags?post=1815"}],"curies":[{"name":"wp","href":"https:\/\/api.w.org\/{rel}","templated":true}]}}