{"id":1813,"date":"2010-05-17T16:25:59","date_gmt":"2010-05-17T16:25:59","guid":{"rendered":"http:\/\/osmeusapontamentos.com\/?p=1813"},"modified":"2010-05-17T16:25:59","modified_gmt":"2010-05-17T16:25:59","slug":"a-ecologia-na-politica","status":"publish","type":"post","link":"https:\/\/osmeusapontamentos.com\/index.php\/2010\/05\/17\/a-ecologia-na-politica\/","title":{"rendered":"A Ecologia na Politica"},"content":{"rendered":"<p>Pag.89<br \/>\nSoromenho-Marques &#8211; Em Portugal, e custa-me diz\u00ea-lo porque foram muitos anos da minha vida que a isso dediquei, a eventual cria\u00e7\u00e3o de um partido ecologista carece de justifica\u00e7\u00e3o. Por raz\u00f5es conjunturais e estruturais.<br \/>\nVerificou-se, em Portugal, uma conjuga\u00e7\u00e3o desfavor\u00e1vel \u00e0 causa de um partido ecologista, isto \u00e9, a explos\u00e3o do movimento ambientalista coincidiu com a explos\u00e3o democr\u00e1tica. Poder-se-ia pensar que, da mesma maneira como permitiu a Portugal reencontrar os restantes pa\u00edses da Europa democr\u00e1tica, com os seus partidos, as suas organiza\u00e7\u00f5es sindicais, etc., o 25 de Abril de 1974 seria tamb\u00e9m um incentivo a que, no seio dos novos mocimentos sociais, se desencadeassem for\u00e7as capazes de adoptar um modelo de partido. N\u00e3o foi assim. No caso portugu\u00eas, os velhos, os convencionais movimentos sociais, esgotaram o espa\u00e7o pol\u00edtico-partid\u00e1rio, de uma forma consistente. Tirando proveito, ali\u00e1s, de uma legisla\u00e7\u00e3o que os favoreceu por completo.<\/p>\n<p>Pag.91<br \/>\nFrancisco Ferreira &#8211; A actua\u00e7\u00e3o pol\u00edtica das ONG, no sentido de procurar marcar a agenda, faz-se, por outro lado, de uma forma m\u00faltipla. N\u00e3o se limita \u00e0 comunica\u00e7\u00e3o social. Faz-se, via lobby, junto dos decisores. Faz-se, directamente, junto da opini\u00e3o p\u00fablica, junto do Governo, junto dos partidos pol\u00edticos. Mas o seu principal m\u00e9rito adv\u00e9m, sem d\u00favida, dessa possibilidade de se situar no m\u00e9dio e no longo prazo. De determinar a agenda no m\u00e9dio e no longo prazo. As ONG podem pronunciar-se, pontualmente, sobre impactes ambientais, sobre ocupa\u00e7\u00e3o de leitos de cheias, por exemplo. Para al\u00e9m de m\u00faltiplas propostas sobre aspectos precisos, assumem, por\u00e9m, posi\u00e7\u00f5es de mais longo alcance. Quando olham criticamente para o ordenamento do territ\u00f3rio. Quando avaliam um PDM, Quando comentam um projecto de lei. Quando denunciam o eventual incumprimento de disposi\u00e7\u00f5es legais. Assim, ao longo de um tempo que, naturalmente, extravasa ciclos eleitorais, v\u00e3o-se conseguindo ganhos de agenda. De uma forma eficaz, por vezes, menos visivel. Mas, nem por isso, menos eficaz.<br \/>\nEvidenciar o papel da ONG n\u00e3o significa institu\u00ed-las em propriet\u00e1rias da interven\u00e7\u00e3o p\u00fablica no ambiente, o que implicaria uma certa desresponsabiliza\u00e7\u00e3o dos outros agentes.<\/p>\n<p>in, Ecologia e Ideologia<br \/>\nDomingos Moura, Francisco Ferreira, Francisco Nunes Correia, Gon\u00e7alo Ribeiro Telles, Viriato Soromenho-Marques<br \/>\nLivros e Leituras, 1999<\/p>\n","protected":false},"excerpt":{"rendered":"<p>Pag.89 Soromenho-Marques &#8211; Em Portugal, e custa-me diz\u00ea-lo porque foram muitos anos da minha vida que a isso dediquei, a eventual cria\u00e7\u00e3o de um partido ecologista carece de justifica\u00e7\u00e3o. Por raz\u00f5es conjunturais e estruturais. Verificou-se, em Portugal, uma conjuga\u00e7\u00e3o desfavor\u00e1vel \u00e0 causa de um partido ecologista, isto \u00e9, a explos\u00e3o do movimento ambientalista coincidiu com [&hellip;]<\/p>\n","protected":false},"author":1,"featured_media":0,"comment_status":"open","ping_status":"open","sticky":false,"template":"","format":"standard","meta":{"footnotes":""},"categories":[7],"tags":[44],"class_list":["post-1813","post","type-post","status-publish","format-standard","hentry","category-ler-ver-ouvir-passear","tag-ambiente"],"yoast_head":"<!-- This site is optimized with the Yoast SEO plugin v27.5 - https:\/\/yoast.com\/product\/yoast-seo-wordpress\/ -->\n<title>A Ecologia na Politica - Os Meus Apontamentos<\/title>\n<meta name=\"robots\" content=\"index, follow, max-snippet:-1, max-image-preview:large, max-video-preview:-1\" \/>\n<link rel=\"canonical\" href=\"https:\/\/osmeusapontamentos.com\/index.php\/2010\/05\/17\/a-ecologia-na-politica\/\" \/>\n<meta property=\"og:locale\" content=\"pt_PT\" \/>\n<meta property=\"og:type\" content=\"article\" \/>\n<meta property=\"og:title\" content=\"A Ecologia na Politica - Os Meus Apontamentos\" \/>\n<meta property=\"og:description\" content=\"Pag.89 Soromenho-Marques &#8211; Em Portugal, e custa-me diz\u00ea-lo porque foram muitos anos da minha vida que a isso dediquei, a eventual cria\u00e7\u00e3o de um partido ecologista carece de justifica\u00e7\u00e3o. Por raz\u00f5es conjunturais e estruturais. Verificou-se, em Portugal, uma conjuga\u00e7\u00e3o desfavor\u00e1vel \u00e0 causa de um partido ecologista, isto \u00e9, a explos\u00e3o do movimento ambientalista coincidiu com [&hellip;]\" \/>\n<meta property=\"og:url\" content=\"https:\/\/osmeusapontamentos.com\/index.php\/2010\/05\/17\/a-ecologia-na-politica\/\" \/>\n<meta property=\"og:site_name\" content=\"Os Meus Apontamentos\" \/>\n<meta property=\"article:published_time\" content=\"2010-05-17T16:25:59+00:00\" \/>\n<meta name=\"author\" content=\"Vitor Silva\" \/>\n<meta name=\"twitter:card\" content=\"summary_large_image\" \/>\n<meta name=\"twitter:creator\" content=\"@vitorsilva\" \/>\n<meta name=\"twitter:site\" content=\"@vitorsilva\" \/>\n<meta name=\"twitter:label1\" content=\"Escrito por\" \/>\n\t<meta name=\"twitter:data1\" content=\"Vitor Silva\" \/>\n\t<meta name=\"twitter:label2\" content=\"Tempo estimado de leitura\" \/>\n\t<meta name=\"twitter:data2\" content=\"2 minutos\" \/>\n<script type=\"application\/ld+json\" class=\"yoast-schema-graph\">{\"@context\":\"https:\\\/\\\/schema.org\",\"@graph\":[{\"@type\":\"Article\",\"@id\":\"https:\\\/\\\/osmeusapontamentos.com\\\/index.php\\\/2010\\\/05\\\/17\\\/a-ecologia-na-politica\\\/#article\",\"isPartOf\":{\"@id\":\"https:\\\/\\\/osmeusapontamentos.com\\\/index.php\\\/2010\\\/05\\\/17\\\/a-ecologia-na-politica\\\/\"},\"author\":{\"name\":\"Vitor Silva\",\"@id\":\"https:\\\/\\\/osmeusapontamentos.com\\\/#\\\/schema\\\/person\\\/d508df9c3ffc8b4e64a18dbf0ba18dd8\"},\"headline\":\"A Ecologia na Politica\",\"datePublished\":\"2010-05-17T16:25:59+00:00\",\"mainEntityOfPage\":{\"@id\":\"https:\\\/\\\/osmeusapontamentos.com\\\/index.php\\\/2010\\\/05\\\/17\\\/a-ecologia-na-politica\\\/\"},\"wordCount\":399,\"commentCount\":0,\"publisher\":{\"@id\":\"https:\\\/\\\/osmeusapontamentos.com\\\/#\\\/schema\\\/person\\\/d508df9c3ffc8b4e64a18dbf0ba18dd8\"},\"keywords\":[\"ambiente\"],\"articleSection\":[\"Ler\\\/ Ver\\\/ Ouvir\\\/ Passear\"],\"inLanguage\":\"pt-PT\",\"potentialAction\":[{\"@type\":\"CommentAction\",\"name\":\"Comment\",\"target\":[\"https:\\\/\\\/osmeusapontamentos.com\\\/index.php\\\/2010\\\/05\\\/17\\\/a-ecologia-na-politica\\\/#respond\"]}]},{\"@type\":\"WebPage\",\"@id\":\"https:\\\/\\\/osmeusapontamentos.com\\\/index.php\\\/2010\\\/05\\\/17\\\/a-ecologia-na-politica\\\/\",\"url\":\"https:\\\/\\\/osmeusapontamentos.com\\\/index.php\\\/2010\\\/05\\\/17\\\/a-ecologia-na-politica\\\/\",\"name\":\"A Ecologia na Politica - Os Meus Apontamentos\",\"isPartOf\":{\"@id\":\"https:\\\/\\\/osmeusapontamentos.com\\\/#website\"},\"datePublished\":\"2010-05-17T16:25:59+00:00\",\"breadcrumb\":{\"@id\":\"https:\\\/\\\/osmeusapontamentos.com\\\/index.php\\\/2010\\\/05\\\/17\\\/a-ecologia-na-politica\\\/#breadcrumb\"},\"inLanguage\":\"pt-PT\",\"potentialAction\":[{\"@type\":\"ReadAction\",\"target\":[\"https:\\\/\\\/osmeusapontamentos.com\\\/index.php\\\/2010\\\/05\\\/17\\\/a-ecologia-na-politica\\\/\"]}]},{\"@type\":\"BreadcrumbList\",\"@id\":\"https:\\\/\\\/osmeusapontamentos.com\\\/index.php\\\/2010\\\/05\\\/17\\\/a-ecologia-na-politica\\\/#breadcrumb\",\"itemListElement\":[{\"@type\":\"ListItem\",\"position\":1,\"name\":\"In\u00edcio\",\"item\":\"https:\\\/\\\/osmeusapontamentos.com\\\/\"},{\"@type\":\"ListItem\",\"position\":2,\"name\":\"A Ecologia na Politica\"}]},{\"@type\":\"WebSite\",\"@id\":\"https:\\\/\\\/osmeusapontamentos.com\\\/#website\",\"url\":\"https:\\\/\\\/osmeusapontamentos.com\\\/\",\"name\":\"Os Meus Apontamentos\",\"description\":\"\",\"publisher\":{\"@id\":\"https:\\\/\\\/osmeusapontamentos.com\\\/#\\\/schema\\\/person\\\/d508df9c3ffc8b4e64a18dbf0ba18dd8\"},\"potentialAction\":[{\"@type\":\"SearchAction\",\"target\":{\"@type\":\"EntryPoint\",\"urlTemplate\":\"https:\\\/\\\/osmeusapontamentos.com\\\/?s={search_term_string}\"},\"query-input\":{\"@type\":\"PropertyValueSpecification\",\"valueRequired\":true,\"valueName\":\"search_term_string\"}}],\"inLanguage\":\"pt-PT\"},{\"@type\":[\"Person\",\"Organization\"],\"@id\":\"https:\\\/\\\/osmeusapontamentos.com\\\/#\\\/schema\\\/person\\\/d508df9c3ffc8b4e64a18dbf0ba18dd8\",\"name\":\"Vitor Silva\",\"image\":{\"@type\":\"ImageObject\",\"inLanguage\":\"pt-PT\",\"@id\":\"https:\\\/\\\/secure.gravatar.com\\\/avatar\\\/f81f58ad909e8a213ab0a690f6ed65e5c0e0e2274bf35ac49ff31d7988d483ce?s=96&d=mm&r=g\",\"url\":\"https:\\\/\\\/secure.gravatar.com\\\/avatar\\\/f81f58ad909e8a213ab0a690f6ed65e5c0e0e2274bf35ac49ff31d7988d483ce?s=96&d=mm&r=g\",\"contentUrl\":\"https:\\\/\\\/secure.gravatar.com\\\/avatar\\\/f81f58ad909e8a213ab0a690f6ed65e5c0e0e2274bf35ac49ff31d7988d483ce?s=96&d=mm&r=g\",\"caption\":\"Vitor Silva\"},\"logo\":{\"@id\":\"https:\\\/\\\/secure.gravatar.com\\\/avatar\\\/f81f58ad909e8a213ab0a690f6ed65e5c0e0e2274bf35ac49ff31d7988d483ce?s=96&d=mm&r=g\"},\"sameAs\":[\"https:\\\/\\\/www.linkedin.com\\\/in\\\/vitormrsilva\",\"https:\\\/\\\/x.com\\\/vitorsilva\"]}]}<\/script>\n<!-- \/ Yoast SEO plugin. -->","yoast_head_json":{"title":"A Ecologia na Politica - Os Meus Apontamentos","robots":{"index":"index","follow":"follow","max-snippet":"max-snippet:-1","max-image-preview":"max-image-preview:large","max-video-preview":"max-video-preview:-1"},"canonical":"https:\/\/osmeusapontamentos.com\/index.php\/2010\/05\/17\/a-ecologia-na-politica\/","og_locale":"pt_PT","og_type":"article","og_title":"A Ecologia na Politica - Os Meus Apontamentos","og_description":"Pag.89 Soromenho-Marques &#8211; Em Portugal, e custa-me diz\u00ea-lo porque foram muitos anos da minha vida que a isso dediquei, a eventual cria\u00e7\u00e3o de um partido ecologista carece de justifica\u00e7\u00e3o. Por raz\u00f5es conjunturais e estruturais. Verificou-se, em Portugal, uma conjuga\u00e7\u00e3o desfavor\u00e1vel \u00e0 causa de um partido ecologista, isto \u00e9, a explos\u00e3o do movimento ambientalista coincidiu com [&hellip;]","og_url":"https:\/\/osmeusapontamentos.com\/index.php\/2010\/05\/17\/a-ecologia-na-politica\/","og_site_name":"Os Meus Apontamentos","article_published_time":"2010-05-17T16:25:59+00:00","author":"Vitor Silva","twitter_card":"summary_large_image","twitter_creator":"@vitorsilva","twitter_site":"@vitorsilva","twitter_misc":{"Escrito por":"Vitor Silva","Tempo estimado de leitura":"2 minutos"},"schema":{"@context":"https:\/\/schema.org","@graph":[{"@type":"Article","@id":"https:\/\/osmeusapontamentos.com\/index.php\/2010\/05\/17\/a-ecologia-na-politica\/#article","isPartOf":{"@id":"https:\/\/osmeusapontamentos.com\/index.php\/2010\/05\/17\/a-ecologia-na-politica\/"},"author":{"name":"Vitor Silva","@id":"https:\/\/osmeusapontamentos.com\/#\/schema\/person\/d508df9c3ffc8b4e64a18dbf0ba18dd8"},"headline":"A Ecologia na Politica","datePublished":"2010-05-17T16:25:59+00:00","mainEntityOfPage":{"@id":"https:\/\/osmeusapontamentos.com\/index.php\/2010\/05\/17\/a-ecologia-na-politica\/"},"wordCount":399,"commentCount":0,"publisher":{"@id":"https:\/\/osmeusapontamentos.com\/#\/schema\/person\/d508df9c3ffc8b4e64a18dbf0ba18dd8"},"keywords":["ambiente"],"articleSection":["Ler\/ Ver\/ Ouvir\/ Passear"],"inLanguage":"pt-PT","potentialAction":[{"@type":"CommentAction","name":"Comment","target":["https:\/\/osmeusapontamentos.com\/index.php\/2010\/05\/17\/a-ecologia-na-politica\/#respond"]}]},{"@type":"WebPage","@id":"https:\/\/osmeusapontamentos.com\/index.php\/2010\/05\/17\/a-ecologia-na-politica\/","url":"https:\/\/osmeusapontamentos.com\/index.php\/2010\/05\/17\/a-ecologia-na-politica\/","name":"A Ecologia na Politica - Os Meus Apontamentos","isPartOf":{"@id":"https:\/\/osmeusapontamentos.com\/#website"},"datePublished":"2010-05-17T16:25:59+00:00","breadcrumb":{"@id":"https:\/\/osmeusapontamentos.com\/index.php\/2010\/05\/17\/a-ecologia-na-politica\/#breadcrumb"},"inLanguage":"pt-PT","potentialAction":[{"@type":"ReadAction","target":["https:\/\/osmeusapontamentos.com\/index.php\/2010\/05\/17\/a-ecologia-na-politica\/"]}]},{"@type":"BreadcrumbList","@id":"https:\/\/osmeusapontamentos.com\/index.php\/2010\/05\/17\/a-ecologia-na-politica\/#breadcrumb","itemListElement":[{"@type":"ListItem","position":1,"name":"In\u00edcio","item":"https:\/\/osmeusapontamentos.com\/"},{"@type":"ListItem","position":2,"name":"A Ecologia na Politica"}]},{"@type":"WebSite","@id":"https:\/\/osmeusapontamentos.com\/#website","url":"https:\/\/osmeusapontamentos.com\/","name":"Os Meus Apontamentos","description":"","publisher":{"@id":"https:\/\/osmeusapontamentos.com\/#\/schema\/person\/d508df9c3ffc8b4e64a18dbf0ba18dd8"},"potentialAction":[{"@type":"SearchAction","target":{"@type":"EntryPoint","urlTemplate":"https:\/\/osmeusapontamentos.com\/?s={search_term_string}"},"query-input":{"@type":"PropertyValueSpecification","valueRequired":true,"valueName":"search_term_string"}}],"inLanguage":"pt-PT"},{"@type":["Person","Organization"],"@id":"https:\/\/osmeusapontamentos.com\/#\/schema\/person\/d508df9c3ffc8b4e64a18dbf0ba18dd8","name":"Vitor Silva","image":{"@type":"ImageObject","inLanguage":"pt-PT","@id":"https:\/\/secure.gravatar.com\/avatar\/f81f58ad909e8a213ab0a690f6ed65e5c0e0e2274bf35ac49ff31d7988d483ce?s=96&d=mm&r=g","url":"https:\/\/secure.gravatar.com\/avatar\/f81f58ad909e8a213ab0a690f6ed65e5c0e0e2274bf35ac49ff31d7988d483ce?s=96&d=mm&r=g","contentUrl":"https:\/\/secure.gravatar.com\/avatar\/f81f58ad909e8a213ab0a690f6ed65e5c0e0e2274bf35ac49ff31d7988d483ce?s=96&d=mm&r=g","caption":"Vitor Silva"},"logo":{"@id":"https:\/\/secure.gravatar.com\/avatar\/f81f58ad909e8a213ab0a690f6ed65e5c0e0e2274bf35ac49ff31d7988d483ce?s=96&d=mm&r=g"},"sameAs":["https:\/\/www.linkedin.com\/in\/vitormrsilva","https:\/\/x.com\/vitorsilva"]}]}},"_links":{"self":[{"href":"https:\/\/osmeusapontamentos.com\/index.php\/wp-json\/wp\/v2\/posts\/1813","targetHints":{"allow":["GET"]}}],"collection":[{"href":"https:\/\/osmeusapontamentos.com\/index.php\/wp-json\/wp\/v2\/posts"}],"about":[{"href":"https:\/\/osmeusapontamentos.com\/index.php\/wp-json\/wp\/v2\/types\/post"}],"author":[{"embeddable":true,"href":"https:\/\/osmeusapontamentos.com\/index.php\/wp-json\/wp\/v2\/users\/1"}],"replies":[{"embeddable":true,"href":"https:\/\/osmeusapontamentos.com\/index.php\/wp-json\/wp\/v2\/comments?post=1813"}],"version-history":[{"count":0,"href":"https:\/\/osmeusapontamentos.com\/index.php\/wp-json\/wp\/v2\/posts\/1813\/revisions"}],"wp:attachment":[{"href":"https:\/\/osmeusapontamentos.com\/index.php\/wp-json\/wp\/v2\/media?parent=1813"}],"wp:term":[{"taxonomy":"category","embeddable":true,"href":"https:\/\/osmeusapontamentos.com\/index.php\/wp-json\/wp\/v2\/categories?post=1813"},{"taxonomy":"post_tag","embeddable":true,"href":"https:\/\/osmeusapontamentos.com\/index.php\/wp-json\/wp\/v2\/tags?post=1813"}],"curies":[{"name":"wp","href":"https:\/\/api.w.org\/{rel}","templated":true}]}}