{"id":1809,"date":"2010-05-15T12:59:30","date_gmt":"2010-05-15T12:59:30","guid":{"rendered":"http:\/\/osmeusapontamentos.com\/?p=1809"},"modified":"2010-05-15T12:59:30","modified_gmt":"2010-05-15T12:59:30","slug":"o-movimento-ambientalista-2","status":"publish","type":"post","link":"https:\/\/osmeusapontamentos.com\/index.php\/2010\/05\/15\/o-movimento-ambientalista-2\/","title":{"rendered":"O Movimento Ambientalista #2"},"content":{"rendered":"<p>Pag.72<br \/>\nSoromenho-Marques &#8211; (&#8230;) Regresso ao movimento ambientalista para afirmar que, independentemente da exist\u00eancia de graus diferentes de ades\u00e3o, h\u00e1 consensualidade quanto \u00e0 compreens\u00e3o dos limites do Estado. Uma contesta\u00e7\u00e3o do Estado? Se quiserem. Mas uma contesta\u00e7\u00e3o bem diferente da antiga contesta\u00e7\u00e3o anarquista, na medida em que os anarquistas desconfiavam do Estado porque acreditavam no poder do Estado. O que acontece, hoje, no movimento ambientalista \u00e9 que as pessoas desconfiam do Estado por causa da sua inefic\u00e1cia. Acreditam que podem fazer melhor do que o Estado. E \u00e9 verdade que podem. N\u00e3o se trata de substituir o Estado. Trata-se de reconhecer que o Estado \u00e9 um instrumento muito vulner\u00e1vel. Que o Estado tem menos poder do que as organiz\u00e7\u00f5es supra-estatais como a Uni\u00e3o Europeia. Do que muitas organiza\u00e7\u00f5es econ\u00f3micas.<\/p>\n<p>Pag.74<br \/>\nSoromenho-Marques &#8211; (&#8230;) O que me torna cidad\u00e3o \u00e9 a possibilidade de intervir na vida comunit\u00e1ria. E a minha comunidade \u00e9 a portuuesa, garantida pelo Estado portugu\u00eas. Do ponto de vista normativo, a cr\u00edtica do Estado n\u00e3o implica deitar fora o Estado. Pelo contr\u00e1rio. O que est\u00e1 em quest\u00e3o \u00e9 enriquec\u00ea-lo gra\u00e7as ao contributo de todas as formas de democracia. Da democracia participativa e directa \u00e0 democracia representativa qualificada.<\/p>\n<p>Pag.76<br \/>\nNunes Correira &#8211; Os movimentos ambientalistas, como grupos de press\u00e3o, devem actuar junto das estruturas pol\u00edticas, quer directamente quer atrav\u00e9s da opini\u00e3o p\u00fablica. Em suma, n\u00e3o se deve converter a ecologia na sede da pol\u00edtica. Deve, outrossim, levar-se a ecologia \u00e0 pol\u00edtica, de modo a que esta se torne a sede de uma pr\u00e1xis ecol\u00f3gica.<\/p>\n","protected":false},"excerpt":{"rendered":"<p>Pag.72 Soromenho-Marques &#8211; (&#8230;) Regresso ao movimento ambientalista para afirmar que, independentemente da exist\u00eancia de graus diferentes de ades\u00e3o, h\u00e1 consensualidade quanto \u00e0 compreens\u00e3o dos limites do Estado. Uma contesta\u00e7\u00e3o do Estado? Se quiserem. Mas uma contesta\u00e7\u00e3o bem diferente da antiga contesta\u00e7\u00e3o anarquista, na medida em que os anarquistas desconfiavam do Estado porque acreditavam no [&hellip;]<\/p>\n","protected":false},"author":1,"featured_media":0,"comment_status":"open","ping_status":"open","sticky":false,"template":"","format":"standard","meta":{"footnotes":""},"categories":[7],"tags":[44],"class_list":["post-1809","post","type-post","status-publish","format-standard","hentry","category-ler-ver-ouvir-passear","tag-ambiente"],"yoast_head":"<!-- This site is optimized with the Yoast SEO plugin v27.5 - https:\/\/yoast.com\/product\/yoast-seo-wordpress\/ -->\n<title>O Movimento Ambientalista #2 - Os Meus Apontamentos<\/title>\n<meta name=\"robots\" content=\"index, follow, max-snippet:-1, max-image-preview:large, max-video-preview:-1\" \/>\n<link rel=\"canonical\" href=\"https:\/\/osmeusapontamentos.com\/index.php\/2010\/05\/15\/o-movimento-ambientalista-2\/\" \/>\n<meta property=\"og:locale\" content=\"pt_PT\" \/>\n<meta property=\"og:type\" content=\"article\" \/>\n<meta property=\"og:title\" content=\"O Movimento Ambientalista #2 - Os Meus Apontamentos\" \/>\n<meta property=\"og:description\" content=\"Pag.72 Soromenho-Marques &#8211; (&#8230;) Regresso ao movimento ambientalista para afirmar que, independentemente da exist\u00eancia de graus diferentes de ades\u00e3o, h\u00e1 consensualidade quanto \u00e0 compreens\u00e3o dos limites do Estado. Uma contesta\u00e7\u00e3o do Estado? Se quiserem. Mas uma contesta\u00e7\u00e3o bem diferente da antiga contesta\u00e7\u00e3o anarquista, na medida em que os anarquistas desconfiavam do Estado porque acreditavam no [&hellip;]\" \/>\n<meta property=\"og:url\" content=\"https:\/\/osmeusapontamentos.com\/index.php\/2010\/05\/15\/o-movimento-ambientalista-2\/\" \/>\n<meta property=\"og:site_name\" content=\"Os Meus Apontamentos\" \/>\n<meta property=\"article:published_time\" content=\"2010-05-15T12:59:30+00:00\" \/>\n<meta name=\"author\" content=\"Vitor Silva\" \/>\n<meta name=\"twitter:card\" content=\"summary_large_image\" \/>\n<meta name=\"twitter:creator\" content=\"@vitorsilva\" \/>\n<meta name=\"twitter:site\" content=\"@vitorsilva\" \/>\n<meta name=\"twitter:label1\" content=\"Escrito por\" \/>\n\t<meta name=\"twitter:data1\" content=\"Vitor Silva\" \/>\n\t<meta name=\"twitter:label2\" content=\"Tempo estimado de leitura\" \/>\n\t<meta name=\"twitter:data2\" content=\"1 minuto\" \/>\n<script type=\"application\/ld+json\" class=\"yoast-schema-graph\">{\"@context\":\"https:\\\/\\\/schema.org\",\"@graph\":[{\"@type\":\"Article\",\"@id\":\"https:\\\/\\\/osmeusapontamentos.com\\\/index.php\\\/2010\\\/05\\\/15\\\/o-movimento-ambientalista-2\\\/#article\",\"isPartOf\":{\"@id\":\"https:\\\/\\\/osmeusapontamentos.com\\\/index.php\\\/2010\\\/05\\\/15\\\/o-movimento-ambientalista-2\\\/\"},\"author\":{\"name\":\"Vitor Silva\",\"@id\":\"https:\\\/\\\/osmeusapontamentos.com\\\/#\\\/schema\\\/person\\\/d508df9c3ffc8b4e64a18dbf0ba18dd8\"},\"headline\":\"O Movimento Ambientalista #2\",\"datePublished\":\"2010-05-15T12:59:30+00:00\",\"mainEntityOfPage\":{\"@id\":\"https:\\\/\\\/osmeusapontamentos.com\\\/index.php\\\/2010\\\/05\\\/15\\\/o-movimento-ambientalista-2\\\/\"},\"wordCount\":279,\"commentCount\":0,\"publisher\":{\"@id\":\"https:\\\/\\\/osmeusapontamentos.com\\\/#\\\/schema\\\/person\\\/d508df9c3ffc8b4e64a18dbf0ba18dd8\"},\"keywords\":[\"ambiente\"],\"articleSection\":[\"Ler\\\/ Ver\\\/ Ouvir\\\/ Passear\"],\"inLanguage\":\"pt-PT\",\"potentialAction\":[{\"@type\":\"CommentAction\",\"name\":\"Comment\",\"target\":[\"https:\\\/\\\/osmeusapontamentos.com\\\/index.php\\\/2010\\\/05\\\/15\\\/o-movimento-ambientalista-2\\\/#respond\"]}]},{\"@type\":\"WebPage\",\"@id\":\"https:\\\/\\\/osmeusapontamentos.com\\\/index.php\\\/2010\\\/05\\\/15\\\/o-movimento-ambientalista-2\\\/\",\"url\":\"https:\\\/\\\/osmeusapontamentos.com\\\/index.php\\\/2010\\\/05\\\/15\\\/o-movimento-ambientalista-2\\\/\",\"name\":\"O Movimento Ambientalista #2 - Os Meus Apontamentos\",\"isPartOf\":{\"@id\":\"https:\\\/\\\/osmeusapontamentos.com\\\/#website\"},\"datePublished\":\"2010-05-15T12:59:30+00:00\",\"breadcrumb\":{\"@id\":\"https:\\\/\\\/osmeusapontamentos.com\\\/index.php\\\/2010\\\/05\\\/15\\\/o-movimento-ambientalista-2\\\/#breadcrumb\"},\"inLanguage\":\"pt-PT\",\"potentialAction\":[{\"@type\":\"ReadAction\",\"target\":[\"https:\\\/\\\/osmeusapontamentos.com\\\/index.php\\\/2010\\\/05\\\/15\\\/o-movimento-ambientalista-2\\\/\"]}]},{\"@type\":\"BreadcrumbList\",\"@id\":\"https:\\\/\\\/osmeusapontamentos.com\\\/index.php\\\/2010\\\/05\\\/15\\\/o-movimento-ambientalista-2\\\/#breadcrumb\",\"itemListElement\":[{\"@type\":\"ListItem\",\"position\":1,\"name\":\"In\u00edcio\",\"item\":\"https:\\\/\\\/osmeusapontamentos.com\\\/\"},{\"@type\":\"ListItem\",\"position\":2,\"name\":\"O Movimento Ambientalista #2\"}]},{\"@type\":\"WebSite\",\"@id\":\"https:\\\/\\\/osmeusapontamentos.com\\\/#website\",\"url\":\"https:\\\/\\\/osmeusapontamentos.com\\\/\",\"name\":\"Os Meus Apontamentos\",\"description\":\"\",\"publisher\":{\"@id\":\"https:\\\/\\\/osmeusapontamentos.com\\\/#\\\/schema\\\/person\\\/d508df9c3ffc8b4e64a18dbf0ba18dd8\"},\"potentialAction\":[{\"@type\":\"SearchAction\",\"target\":{\"@type\":\"EntryPoint\",\"urlTemplate\":\"https:\\\/\\\/osmeusapontamentos.com\\\/?s={search_term_string}\"},\"query-input\":{\"@type\":\"PropertyValueSpecification\",\"valueRequired\":true,\"valueName\":\"search_term_string\"}}],\"inLanguage\":\"pt-PT\"},{\"@type\":[\"Person\",\"Organization\"],\"@id\":\"https:\\\/\\\/osmeusapontamentos.com\\\/#\\\/schema\\\/person\\\/d508df9c3ffc8b4e64a18dbf0ba18dd8\",\"name\":\"Vitor Silva\",\"image\":{\"@type\":\"ImageObject\",\"inLanguage\":\"pt-PT\",\"@id\":\"https:\\\/\\\/secure.gravatar.com\\\/avatar\\\/f81f58ad909e8a213ab0a690f6ed65e5c0e0e2274bf35ac49ff31d7988d483ce?s=96&d=mm&r=g\",\"url\":\"https:\\\/\\\/secure.gravatar.com\\\/avatar\\\/f81f58ad909e8a213ab0a690f6ed65e5c0e0e2274bf35ac49ff31d7988d483ce?s=96&d=mm&r=g\",\"contentUrl\":\"https:\\\/\\\/secure.gravatar.com\\\/avatar\\\/f81f58ad909e8a213ab0a690f6ed65e5c0e0e2274bf35ac49ff31d7988d483ce?s=96&d=mm&r=g\",\"caption\":\"Vitor Silva\"},\"logo\":{\"@id\":\"https:\\\/\\\/secure.gravatar.com\\\/avatar\\\/f81f58ad909e8a213ab0a690f6ed65e5c0e0e2274bf35ac49ff31d7988d483ce?s=96&d=mm&r=g\"},\"sameAs\":[\"https:\\\/\\\/www.linkedin.com\\\/in\\\/vitormrsilva\",\"https:\\\/\\\/x.com\\\/vitorsilva\"]}]}<\/script>\n<!-- \/ Yoast SEO plugin. -->","yoast_head_json":{"title":"O Movimento Ambientalista #2 - Os Meus Apontamentos","robots":{"index":"index","follow":"follow","max-snippet":"max-snippet:-1","max-image-preview":"max-image-preview:large","max-video-preview":"max-video-preview:-1"},"canonical":"https:\/\/osmeusapontamentos.com\/index.php\/2010\/05\/15\/o-movimento-ambientalista-2\/","og_locale":"pt_PT","og_type":"article","og_title":"O Movimento Ambientalista #2 - Os Meus Apontamentos","og_description":"Pag.72 Soromenho-Marques &#8211; (&#8230;) Regresso ao movimento ambientalista para afirmar que, independentemente da exist\u00eancia de graus diferentes de ades\u00e3o, h\u00e1 consensualidade quanto \u00e0 compreens\u00e3o dos limites do Estado. Uma contesta\u00e7\u00e3o do Estado? Se quiserem. Mas uma contesta\u00e7\u00e3o bem diferente da antiga contesta\u00e7\u00e3o anarquista, na medida em que os anarquistas desconfiavam do Estado porque acreditavam no [&hellip;]","og_url":"https:\/\/osmeusapontamentos.com\/index.php\/2010\/05\/15\/o-movimento-ambientalista-2\/","og_site_name":"Os Meus Apontamentos","article_published_time":"2010-05-15T12:59:30+00:00","author":"Vitor Silva","twitter_card":"summary_large_image","twitter_creator":"@vitorsilva","twitter_site":"@vitorsilva","twitter_misc":{"Escrito por":"Vitor Silva","Tempo estimado de leitura":"1 minuto"},"schema":{"@context":"https:\/\/schema.org","@graph":[{"@type":"Article","@id":"https:\/\/osmeusapontamentos.com\/index.php\/2010\/05\/15\/o-movimento-ambientalista-2\/#article","isPartOf":{"@id":"https:\/\/osmeusapontamentos.com\/index.php\/2010\/05\/15\/o-movimento-ambientalista-2\/"},"author":{"name":"Vitor Silva","@id":"https:\/\/osmeusapontamentos.com\/#\/schema\/person\/d508df9c3ffc8b4e64a18dbf0ba18dd8"},"headline":"O Movimento Ambientalista #2","datePublished":"2010-05-15T12:59:30+00:00","mainEntityOfPage":{"@id":"https:\/\/osmeusapontamentos.com\/index.php\/2010\/05\/15\/o-movimento-ambientalista-2\/"},"wordCount":279,"commentCount":0,"publisher":{"@id":"https:\/\/osmeusapontamentos.com\/#\/schema\/person\/d508df9c3ffc8b4e64a18dbf0ba18dd8"},"keywords":["ambiente"],"articleSection":["Ler\/ Ver\/ Ouvir\/ Passear"],"inLanguage":"pt-PT","potentialAction":[{"@type":"CommentAction","name":"Comment","target":["https:\/\/osmeusapontamentos.com\/index.php\/2010\/05\/15\/o-movimento-ambientalista-2\/#respond"]}]},{"@type":"WebPage","@id":"https:\/\/osmeusapontamentos.com\/index.php\/2010\/05\/15\/o-movimento-ambientalista-2\/","url":"https:\/\/osmeusapontamentos.com\/index.php\/2010\/05\/15\/o-movimento-ambientalista-2\/","name":"O Movimento Ambientalista #2 - Os Meus Apontamentos","isPartOf":{"@id":"https:\/\/osmeusapontamentos.com\/#website"},"datePublished":"2010-05-15T12:59:30+00:00","breadcrumb":{"@id":"https:\/\/osmeusapontamentos.com\/index.php\/2010\/05\/15\/o-movimento-ambientalista-2\/#breadcrumb"},"inLanguage":"pt-PT","potentialAction":[{"@type":"ReadAction","target":["https:\/\/osmeusapontamentos.com\/index.php\/2010\/05\/15\/o-movimento-ambientalista-2\/"]}]},{"@type":"BreadcrumbList","@id":"https:\/\/osmeusapontamentos.com\/index.php\/2010\/05\/15\/o-movimento-ambientalista-2\/#breadcrumb","itemListElement":[{"@type":"ListItem","position":1,"name":"In\u00edcio","item":"https:\/\/osmeusapontamentos.com\/"},{"@type":"ListItem","position":2,"name":"O Movimento Ambientalista #2"}]},{"@type":"WebSite","@id":"https:\/\/osmeusapontamentos.com\/#website","url":"https:\/\/osmeusapontamentos.com\/","name":"Os Meus Apontamentos","description":"","publisher":{"@id":"https:\/\/osmeusapontamentos.com\/#\/schema\/person\/d508df9c3ffc8b4e64a18dbf0ba18dd8"},"potentialAction":[{"@type":"SearchAction","target":{"@type":"EntryPoint","urlTemplate":"https:\/\/osmeusapontamentos.com\/?s={search_term_string}"},"query-input":{"@type":"PropertyValueSpecification","valueRequired":true,"valueName":"search_term_string"}}],"inLanguage":"pt-PT"},{"@type":["Person","Organization"],"@id":"https:\/\/osmeusapontamentos.com\/#\/schema\/person\/d508df9c3ffc8b4e64a18dbf0ba18dd8","name":"Vitor Silva","image":{"@type":"ImageObject","inLanguage":"pt-PT","@id":"https:\/\/secure.gravatar.com\/avatar\/f81f58ad909e8a213ab0a690f6ed65e5c0e0e2274bf35ac49ff31d7988d483ce?s=96&d=mm&r=g","url":"https:\/\/secure.gravatar.com\/avatar\/f81f58ad909e8a213ab0a690f6ed65e5c0e0e2274bf35ac49ff31d7988d483ce?s=96&d=mm&r=g","contentUrl":"https:\/\/secure.gravatar.com\/avatar\/f81f58ad909e8a213ab0a690f6ed65e5c0e0e2274bf35ac49ff31d7988d483ce?s=96&d=mm&r=g","caption":"Vitor Silva"},"logo":{"@id":"https:\/\/secure.gravatar.com\/avatar\/f81f58ad909e8a213ab0a690f6ed65e5c0e0e2274bf35ac49ff31d7988d483ce?s=96&d=mm&r=g"},"sameAs":["https:\/\/www.linkedin.com\/in\/vitormrsilva","https:\/\/x.com\/vitorsilva"]}]}},"_links":{"self":[{"href":"https:\/\/osmeusapontamentos.com\/index.php\/wp-json\/wp\/v2\/posts\/1809","targetHints":{"allow":["GET"]}}],"collection":[{"href":"https:\/\/osmeusapontamentos.com\/index.php\/wp-json\/wp\/v2\/posts"}],"about":[{"href":"https:\/\/osmeusapontamentos.com\/index.php\/wp-json\/wp\/v2\/types\/post"}],"author":[{"embeddable":true,"href":"https:\/\/osmeusapontamentos.com\/index.php\/wp-json\/wp\/v2\/users\/1"}],"replies":[{"embeddable":true,"href":"https:\/\/osmeusapontamentos.com\/index.php\/wp-json\/wp\/v2\/comments?post=1809"}],"version-history":[{"count":0,"href":"https:\/\/osmeusapontamentos.com\/index.php\/wp-json\/wp\/v2\/posts\/1809\/revisions"}],"wp:attachment":[{"href":"https:\/\/osmeusapontamentos.com\/index.php\/wp-json\/wp\/v2\/media?parent=1809"}],"wp:term":[{"taxonomy":"category","embeddable":true,"href":"https:\/\/osmeusapontamentos.com\/index.php\/wp-json\/wp\/v2\/categories?post=1809"},{"taxonomy":"post_tag","embeddable":true,"href":"https:\/\/osmeusapontamentos.com\/index.php\/wp-json\/wp\/v2\/tags?post=1809"}],"curies":[{"name":"wp","href":"https:\/\/api.w.org\/{rel}","templated":true}]}}