{"id":1807,"date":"2010-05-13T15:58:36","date_gmt":"2010-05-13T15:58:36","guid":{"rendered":"http:\/\/osmeusapontamentos.com\/?p=1807"},"modified":"2010-05-13T15:58:36","modified_gmt":"2010-05-13T15:58:36","slug":"o-movimento-ambientalista-1","status":"publish","type":"post","link":"https:\/\/osmeusapontamentos.com\/index.php\/2010\/05\/13\/o-movimento-ambientalista-1\/","title":{"rendered":"O Movimento Ambientalista #1"},"content":{"rendered":"<p>pag.60<br \/>\nRibeiro Telles &#8211; Tamb\u00e9m atribuo \u00e0s organiza\u00e7\u00f5es ambientalistas um importante papel de lubrifica\u00e7\u00e3o. Mas lubrificar o qu\u00ea e com que objectivos? Considero, por outro lado, que o bem comum \u00e9 determin\u00e1vel em cada lugar, em cada momento, em cada caso concreto. De contr\u00e1rio, n\u00e3o passaria de uma utopia. \u00c9 grave imaginar-se que da globaliza\u00e7\u00e3o possa automaticamente nascer o bem em cada sitio do planeta. Veja-se o que se passa nas monstruosas cidades africanas atormentadas pela fome. A primeira coisa a fazer para o bem daquela gente que n\u00e3o tem trabalho, que ali se acumulou e ali vive, marginalmente, \u00e9 prover \u00e0 respectiva alimenta\u00e7\u00e3o. Mas a alimenta\u00e7\u00e3o n\u00e3o pode vir de avi\u00e3o. Ter\u00e1 que resultar de uma anel agr\u00edcola que envolva essas cidades. Recria-se, assim, uma situa\u00e7\u00e3o hist\u00f3rica e tradicional em que urbs e agger constitu\u00edam uma unidade, sem nenhum fosso a separar.<br \/>\n(&#8230;) Importa restaurar a unidade urbs\/agger, a exemplo dos moradores numa das avenidas principais de S. Francisco que, chamados a pronunciar-se sobre o tipo de jardins a implantar entre os seus pr\u00e9dios, por sinal bem altos, responderam que n\u00e3o queriam jardins mas hortas. Estas, destinar-se-iam ao abastecimento de mercados locais, condi\u00e7\u00e3o indespens\u00e1vel, na opini\u00e3o dos moradores interrogados, para a luta contra o fast food e, por extens\u00e3o, contra a obesidade.<br \/>\nA unidade urbs\/agger \u00e9, pois, um problema do s\u00e9culo XXI. \u00c9 um problema da sociedade do futuro.<\/p>\n<p>pag.68<br \/>\nFrancisco Ferreira &#8211; Acho que muitas pessoas encaram o movimento ambientalista como a forma mais directa de assumirem a cidadania. Consideram que os mecanismos de participa\u00e7\u00e3o tradicional n\u00e3o funcionam. Chegam \u00e0 conclus\u00e3o que a capacidade de interven\u00e7\u00e3o do movimento ambientalista acaba por ser superior, em determinadas vertentes, ao pr\u00f3prio Estado.<\/p>\n","protected":false},"excerpt":{"rendered":"<p>pag.60 Ribeiro Telles &#8211; Tamb\u00e9m atribuo \u00e0s organiza\u00e7\u00f5es ambientalistas um importante papel de lubrifica\u00e7\u00e3o. Mas lubrificar o qu\u00ea e com que objectivos? Considero, por outro lado, que o bem comum \u00e9 determin\u00e1vel em cada lugar, em cada momento, em cada caso concreto. De contr\u00e1rio, n\u00e3o passaria de uma utopia. \u00c9 grave imaginar-se que da globaliza\u00e7\u00e3o [&hellip;]<\/p>\n","protected":false},"author":1,"featured_media":0,"comment_status":"open","ping_status":"open","sticky":false,"template":"","format":"standard","meta":{"footnotes":""},"categories":[7],"tags":[44],"class_list":["post-1807","post","type-post","status-publish","format-standard","hentry","category-ler-ver-ouvir-passear","tag-ambiente"],"yoast_head":"<!-- This site is optimized with the Yoast SEO plugin v27.5 - https:\/\/yoast.com\/product\/yoast-seo-wordpress\/ -->\n<title>O Movimento Ambientalista #1 - Os Meus Apontamentos<\/title>\n<meta name=\"robots\" content=\"index, follow, max-snippet:-1, max-image-preview:large, max-video-preview:-1\" \/>\n<link rel=\"canonical\" href=\"https:\/\/osmeusapontamentos.com\/index.php\/2010\/05\/13\/o-movimento-ambientalista-1\/\" \/>\n<meta property=\"og:locale\" content=\"pt_PT\" \/>\n<meta property=\"og:type\" content=\"article\" \/>\n<meta property=\"og:title\" content=\"O Movimento Ambientalista #1 - Os Meus Apontamentos\" \/>\n<meta property=\"og:description\" content=\"pag.60 Ribeiro Telles &#8211; Tamb\u00e9m atribuo \u00e0s organiza\u00e7\u00f5es ambientalistas um importante papel de lubrifica\u00e7\u00e3o. Mas lubrificar o qu\u00ea e com que objectivos? Considero, por outro lado, que o bem comum \u00e9 determin\u00e1vel em cada lugar, em cada momento, em cada caso concreto. De contr\u00e1rio, n\u00e3o passaria de uma utopia. \u00c9 grave imaginar-se que da globaliza\u00e7\u00e3o [&hellip;]\" \/>\n<meta property=\"og:url\" content=\"https:\/\/osmeusapontamentos.com\/index.php\/2010\/05\/13\/o-movimento-ambientalista-1\/\" \/>\n<meta property=\"og:site_name\" content=\"Os Meus Apontamentos\" \/>\n<meta property=\"article:published_time\" content=\"2010-05-13T15:58:36+00:00\" \/>\n<meta name=\"author\" content=\"Vitor Silva\" \/>\n<meta name=\"twitter:card\" content=\"summary_large_image\" \/>\n<meta name=\"twitter:creator\" content=\"@vitorsilva\" \/>\n<meta name=\"twitter:site\" content=\"@vitorsilva\" \/>\n<meta name=\"twitter:label1\" content=\"Escrito por\" \/>\n\t<meta name=\"twitter:data1\" content=\"Vitor Silva\" \/>\n\t<meta name=\"twitter:label2\" content=\"Tempo estimado de leitura\" \/>\n\t<meta name=\"twitter:data2\" content=\"2 minutos\" \/>\n<script type=\"application\/ld+json\" class=\"yoast-schema-graph\">{\"@context\":\"https:\\\/\\\/schema.org\",\"@graph\":[{\"@type\":\"Article\",\"@id\":\"https:\\\/\\\/osmeusapontamentos.com\\\/index.php\\\/2010\\\/05\\\/13\\\/o-movimento-ambientalista-1\\\/#article\",\"isPartOf\":{\"@id\":\"https:\\\/\\\/osmeusapontamentos.com\\\/index.php\\\/2010\\\/05\\\/13\\\/o-movimento-ambientalista-1\\\/\"},\"author\":{\"name\":\"Vitor Silva\",\"@id\":\"https:\\\/\\\/osmeusapontamentos.com\\\/#\\\/schema\\\/person\\\/d508df9c3ffc8b4e64a18dbf0ba18dd8\"},\"headline\":\"O Movimento Ambientalista #1\",\"datePublished\":\"2010-05-13T15:58:36+00:00\",\"mainEntityOfPage\":{\"@id\":\"https:\\\/\\\/osmeusapontamentos.com\\\/index.php\\\/2010\\\/05\\\/13\\\/o-movimento-ambientalista-1\\\/\"},\"wordCount\":306,\"commentCount\":0,\"publisher\":{\"@id\":\"https:\\\/\\\/osmeusapontamentos.com\\\/#\\\/schema\\\/person\\\/d508df9c3ffc8b4e64a18dbf0ba18dd8\"},\"keywords\":[\"ambiente\"],\"articleSection\":[\"Ler\\\/ Ver\\\/ Ouvir\\\/ Passear\"],\"inLanguage\":\"pt-PT\",\"potentialAction\":[{\"@type\":\"CommentAction\",\"name\":\"Comment\",\"target\":[\"https:\\\/\\\/osmeusapontamentos.com\\\/index.php\\\/2010\\\/05\\\/13\\\/o-movimento-ambientalista-1\\\/#respond\"]}]},{\"@type\":\"WebPage\",\"@id\":\"https:\\\/\\\/osmeusapontamentos.com\\\/index.php\\\/2010\\\/05\\\/13\\\/o-movimento-ambientalista-1\\\/\",\"url\":\"https:\\\/\\\/osmeusapontamentos.com\\\/index.php\\\/2010\\\/05\\\/13\\\/o-movimento-ambientalista-1\\\/\",\"name\":\"O Movimento Ambientalista #1 - Os Meus Apontamentos\",\"isPartOf\":{\"@id\":\"https:\\\/\\\/osmeusapontamentos.com\\\/#website\"},\"datePublished\":\"2010-05-13T15:58:36+00:00\",\"breadcrumb\":{\"@id\":\"https:\\\/\\\/osmeusapontamentos.com\\\/index.php\\\/2010\\\/05\\\/13\\\/o-movimento-ambientalista-1\\\/#breadcrumb\"},\"inLanguage\":\"pt-PT\",\"potentialAction\":[{\"@type\":\"ReadAction\",\"target\":[\"https:\\\/\\\/osmeusapontamentos.com\\\/index.php\\\/2010\\\/05\\\/13\\\/o-movimento-ambientalista-1\\\/\"]}]},{\"@type\":\"BreadcrumbList\",\"@id\":\"https:\\\/\\\/osmeusapontamentos.com\\\/index.php\\\/2010\\\/05\\\/13\\\/o-movimento-ambientalista-1\\\/#breadcrumb\",\"itemListElement\":[{\"@type\":\"ListItem\",\"position\":1,\"name\":\"In\u00edcio\",\"item\":\"https:\\\/\\\/osmeusapontamentos.com\\\/\"},{\"@type\":\"ListItem\",\"position\":2,\"name\":\"O Movimento Ambientalista #1\"}]},{\"@type\":\"WebSite\",\"@id\":\"https:\\\/\\\/osmeusapontamentos.com\\\/#website\",\"url\":\"https:\\\/\\\/osmeusapontamentos.com\\\/\",\"name\":\"Os Meus Apontamentos\",\"description\":\"\",\"publisher\":{\"@id\":\"https:\\\/\\\/osmeusapontamentos.com\\\/#\\\/schema\\\/person\\\/d508df9c3ffc8b4e64a18dbf0ba18dd8\"},\"potentialAction\":[{\"@type\":\"SearchAction\",\"target\":{\"@type\":\"EntryPoint\",\"urlTemplate\":\"https:\\\/\\\/osmeusapontamentos.com\\\/?s={search_term_string}\"},\"query-input\":{\"@type\":\"PropertyValueSpecification\",\"valueRequired\":true,\"valueName\":\"search_term_string\"}}],\"inLanguage\":\"pt-PT\"},{\"@type\":[\"Person\",\"Organization\"],\"@id\":\"https:\\\/\\\/osmeusapontamentos.com\\\/#\\\/schema\\\/person\\\/d508df9c3ffc8b4e64a18dbf0ba18dd8\",\"name\":\"Vitor Silva\",\"image\":{\"@type\":\"ImageObject\",\"inLanguage\":\"pt-PT\",\"@id\":\"https:\\\/\\\/secure.gravatar.com\\\/avatar\\\/f81f58ad909e8a213ab0a690f6ed65e5c0e0e2274bf35ac49ff31d7988d483ce?s=96&d=mm&r=g\",\"url\":\"https:\\\/\\\/secure.gravatar.com\\\/avatar\\\/f81f58ad909e8a213ab0a690f6ed65e5c0e0e2274bf35ac49ff31d7988d483ce?s=96&d=mm&r=g\",\"contentUrl\":\"https:\\\/\\\/secure.gravatar.com\\\/avatar\\\/f81f58ad909e8a213ab0a690f6ed65e5c0e0e2274bf35ac49ff31d7988d483ce?s=96&d=mm&r=g\",\"caption\":\"Vitor Silva\"},\"logo\":{\"@id\":\"https:\\\/\\\/secure.gravatar.com\\\/avatar\\\/f81f58ad909e8a213ab0a690f6ed65e5c0e0e2274bf35ac49ff31d7988d483ce?s=96&d=mm&r=g\"},\"sameAs\":[\"https:\\\/\\\/www.linkedin.com\\\/in\\\/vitormrsilva\",\"https:\\\/\\\/x.com\\\/vitorsilva\"]}]}<\/script>\n<!-- \/ Yoast SEO plugin. -->","yoast_head_json":{"title":"O Movimento Ambientalista #1 - Os Meus Apontamentos","robots":{"index":"index","follow":"follow","max-snippet":"max-snippet:-1","max-image-preview":"max-image-preview:large","max-video-preview":"max-video-preview:-1"},"canonical":"https:\/\/osmeusapontamentos.com\/index.php\/2010\/05\/13\/o-movimento-ambientalista-1\/","og_locale":"pt_PT","og_type":"article","og_title":"O Movimento Ambientalista #1 - Os Meus Apontamentos","og_description":"pag.60 Ribeiro Telles &#8211; Tamb\u00e9m atribuo \u00e0s organiza\u00e7\u00f5es ambientalistas um importante papel de lubrifica\u00e7\u00e3o. Mas lubrificar o qu\u00ea e com que objectivos? Considero, por outro lado, que o bem comum \u00e9 determin\u00e1vel em cada lugar, em cada momento, em cada caso concreto. De contr\u00e1rio, n\u00e3o passaria de uma utopia. \u00c9 grave imaginar-se que da globaliza\u00e7\u00e3o [&hellip;]","og_url":"https:\/\/osmeusapontamentos.com\/index.php\/2010\/05\/13\/o-movimento-ambientalista-1\/","og_site_name":"Os Meus Apontamentos","article_published_time":"2010-05-13T15:58:36+00:00","author":"Vitor Silva","twitter_card":"summary_large_image","twitter_creator":"@vitorsilva","twitter_site":"@vitorsilva","twitter_misc":{"Escrito por":"Vitor Silva","Tempo estimado de leitura":"2 minutos"},"schema":{"@context":"https:\/\/schema.org","@graph":[{"@type":"Article","@id":"https:\/\/osmeusapontamentos.com\/index.php\/2010\/05\/13\/o-movimento-ambientalista-1\/#article","isPartOf":{"@id":"https:\/\/osmeusapontamentos.com\/index.php\/2010\/05\/13\/o-movimento-ambientalista-1\/"},"author":{"name":"Vitor Silva","@id":"https:\/\/osmeusapontamentos.com\/#\/schema\/person\/d508df9c3ffc8b4e64a18dbf0ba18dd8"},"headline":"O Movimento Ambientalista #1","datePublished":"2010-05-13T15:58:36+00:00","mainEntityOfPage":{"@id":"https:\/\/osmeusapontamentos.com\/index.php\/2010\/05\/13\/o-movimento-ambientalista-1\/"},"wordCount":306,"commentCount":0,"publisher":{"@id":"https:\/\/osmeusapontamentos.com\/#\/schema\/person\/d508df9c3ffc8b4e64a18dbf0ba18dd8"},"keywords":["ambiente"],"articleSection":["Ler\/ Ver\/ Ouvir\/ Passear"],"inLanguage":"pt-PT","potentialAction":[{"@type":"CommentAction","name":"Comment","target":["https:\/\/osmeusapontamentos.com\/index.php\/2010\/05\/13\/o-movimento-ambientalista-1\/#respond"]}]},{"@type":"WebPage","@id":"https:\/\/osmeusapontamentos.com\/index.php\/2010\/05\/13\/o-movimento-ambientalista-1\/","url":"https:\/\/osmeusapontamentos.com\/index.php\/2010\/05\/13\/o-movimento-ambientalista-1\/","name":"O Movimento Ambientalista #1 - Os Meus Apontamentos","isPartOf":{"@id":"https:\/\/osmeusapontamentos.com\/#website"},"datePublished":"2010-05-13T15:58:36+00:00","breadcrumb":{"@id":"https:\/\/osmeusapontamentos.com\/index.php\/2010\/05\/13\/o-movimento-ambientalista-1\/#breadcrumb"},"inLanguage":"pt-PT","potentialAction":[{"@type":"ReadAction","target":["https:\/\/osmeusapontamentos.com\/index.php\/2010\/05\/13\/o-movimento-ambientalista-1\/"]}]},{"@type":"BreadcrumbList","@id":"https:\/\/osmeusapontamentos.com\/index.php\/2010\/05\/13\/o-movimento-ambientalista-1\/#breadcrumb","itemListElement":[{"@type":"ListItem","position":1,"name":"In\u00edcio","item":"https:\/\/osmeusapontamentos.com\/"},{"@type":"ListItem","position":2,"name":"O Movimento Ambientalista #1"}]},{"@type":"WebSite","@id":"https:\/\/osmeusapontamentos.com\/#website","url":"https:\/\/osmeusapontamentos.com\/","name":"Os Meus Apontamentos","description":"","publisher":{"@id":"https:\/\/osmeusapontamentos.com\/#\/schema\/person\/d508df9c3ffc8b4e64a18dbf0ba18dd8"},"potentialAction":[{"@type":"SearchAction","target":{"@type":"EntryPoint","urlTemplate":"https:\/\/osmeusapontamentos.com\/?s={search_term_string}"},"query-input":{"@type":"PropertyValueSpecification","valueRequired":true,"valueName":"search_term_string"}}],"inLanguage":"pt-PT"},{"@type":["Person","Organization"],"@id":"https:\/\/osmeusapontamentos.com\/#\/schema\/person\/d508df9c3ffc8b4e64a18dbf0ba18dd8","name":"Vitor Silva","image":{"@type":"ImageObject","inLanguage":"pt-PT","@id":"https:\/\/secure.gravatar.com\/avatar\/f81f58ad909e8a213ab0a690f6ed65e5c0e0e2274bf35ac49ff31d7988d483ce?s=96&d=mm&r=g","url":"https:\/\/secure.gravatar.com\/avatar\/f81f58ad909e8a213ab0a690f6ed65e5c0e0e2274bf35ac49ff31d7988d483ce?s=96&d=mm&r=g","contentUrl":"https:\/\/secure.gravatar.com\/avatar\/f81f58ad909e8a213ab0a690f6ed65e5c0e0e2274bf35ac49ff31d7988d483ce?s=96&d=mm&r=g","caption":"Vitor Silva"},"logo":{"@id":"https:\/\/secure.gravatar.com\/avatar\/f81f58ad909e8a213ab0a690f6ed65e5c0e0e2274bf35ac49ff31d7988d483ce?s=96&d=mm&r=g"},"sameAs":["https:\/\/www.linkedin.com\/in\/vitormrsilva","https:\/\/x.com\/vitorsilva"]}]}},"_links":{"self":[{"href":"https:\/\/osmeusapontamentos.com\/index.php\/wp-json\/wp\/v2\/posts\/1807","targetHints":{"allow":["GET"]}}],"collection":[{"href":"https:\/\/osmeusapontamentos.com\/index.php\/wp-json\/wp\/v2\/posts"}],"about":[{"href":"https:\/\/osmeusapontamentos.com\/index.php\/wp-json\/wp\/v2\/types\/post"}],"author":[{"embeddable":true,"href":"https:\/\/osmeusapontamentos.com\/index.php\/wp-json\/wp\/v2\/users\/1"}],"replies":[{"embeddable":true,"href":"https:\/\/osmeusapontamentos.com\/index.php\/wp-json\/wp\/v2\/comments?post=1807"}],"version-history":[{"count":0,"href":"https:\/\/osmeusapontamentos.com\/index.php\/wp-json\/wp\/v2\/posts\/1807\/revisions"}],"wp:attachment":[{"href":"https:\/\/osmeusapontamentos.com\/index.php\/wp-json\/wp\/v2\/media?parent=1807"}],"wp:term":[{"taxonomy":"category","embeddable":true,"href":"https:\/\/osmeusapontamentos.com\/index.php\/wp-json\/wp\/v2\/categories?post=1807"},{"taxonomy":"post_tag","embeddable":true,"href":"https:\/\/osmeusapontamentos.com\/index.php\/wp-json\/wp\/v2\/tags?post=1807"}],"curies":[{"name":"wp","href":"https:\/\/api.w.org\/{rel}","templated":true}]}}