{"id":1804,"date":"2010-05-10T15:56:37","date_gmt":"2010-05-10T15:56:37","guid":{"rendered":"http:\/\/osmeusapontamentos.com\/?p=1804"},"modified":"2010-05-10T15:56:37","modified_gmt":"2010-05-10T15:56:37","slug":"o-homem-e-a-natureza","status":"publish","type":"post","link":"https:\/\/osmeusapontamentos.com\/index.php\/2010\/05\/10\/o-homem-e-a-natureza\/","title":{"rendered":"O homem e a natureza"},"content":{"rendered":"<p>O homem e a natureza<br \/>\npag.39<br \/>\nSoromenho-Marques &#8211; (&#8230;) O que est\u00e1 em causa n\u00e3o \u00e9 uma rela\u00e7\u00e3o de contempla\u00e7\u00e3o com a natureza que, at\u00e9 h\u00e1 200 anos, era considerada inexaurivel, infinita. Que ficaria c\u00e1 depois de n\u00f3s passarmos. O que \u00e9 relevante, quer nas ci\u00eancias ecol\u00f3gicas quer nas pr\u00e1ticas sociais, pol\u00edticas e ideol\u00f3gicas orientadas pela tem\u00e1tica ecologista ou ambientalista \u00e9, justamente, o problema da interac\u00e7\u00e3o entre o homem e o ambiente. Antropocentrismo? Sim e inequivocamente assumido.<\/p>\n<p>pag.48<br \/>\nSoromenho-Marques &#8211; (&#8230;) Mas h\u00e1 um segundo sentido, mais humilde, segundo o qual a ideologia resulta da necessidade de dar sentido mesmo ao que n\u00e3o sabemos ainda ou ao que desconhecemos completamente, pela simples raz\u00e3o de que temos que nos orientar. A ideologia ser\u00e1, ent\u00e3o, um discurso de orienta\u00e7\u00e3o.<\/p>\n<p>pag.56<br \/>\nNunes Correia &#8211; (&#8230;) Costuma dizer-se, por exemplo, que altera\u00e7\u00f5es clim\u00e1ticas sempre as houve e que a sociedade a elas se deve adaptar. Ora, mais do que a pr\u00f3pria altera\u00e7\u00e3o clim\u00e1tica, o que me preocupa \u00e9 ela ter sido causada pelo homem. H\u00e1, aqui, uma interfer~encia na ordem natural das coisas, a uma escala de tal modo global, de tal modo macrosc\u00f3pica, que nos coloca perante os limites da nossa interac\u00e7\u00e3o com a natureza.<\/p>\n<p>pag.129<br \/>\nA fronteira que define a legitimidade das interven\u00e7\u00f5es humanas sobre a natureza pode procurar-se tentando conciliar raz\u00e3o e sentimento. \u00c9 nesta linha que Luc Ferry v\u00ea a possibilidade de ultrapassar a seca e dura considera\u00e7\u00e3o dos interesses sem cair nos extremos do ecologismo radical.<br \/>\nH\u00e1 coincid\u00eancias not\u00e1veis entre o que a natureza nos oferece e os padr\u00f5es de beleza, de harmonia, de diversidade, que seduzem a alma humana, de onde quer que venhas esses padr\u00f5es. \u00c9 numa atitude humilde de procura de compromisso entre o que interessa ao homem e o que parece &#8220;interessar&#8221; \u00e0 natureza que deve tomar decis\u00f5es quem \u00e9chamado a modificar o meio natural para o adaptar \u00e0s conveni\u00eancias das comunidade humanas.<\/p>\n<p>in, Ecologia e Ideologia<br \/>\nDomingos Moura, Francisco Ferreira, Francisco Nunes Correia, Gon\u00e7alo Ribeiro Telles, Viriato Soromenho-Marques<br \/>\nLivros e Leituras, 1999<\/p>\n","protected":false},"excerpt":{"rendered":"<p>O homem e a natureza pag.39 Soromenho-Marques &#8211; (&#8230;) O que est\u00e1 em causa n\u00e3o \u00e9 uma rela\u00e7\u00e3o de contempla\u00e7\u00e3o com a natureza que, at\u00e9 h\u00e1 200 anos, era considerada inexaurivel, infinita. Que ficaria c\u00e1 depois de n\u00f3s passarmos. O que \u00e9 relevante, quer nas ci\u00eancias ecol\u00f3gicas quer nas pr\u00e1ticas sociais, pol\u00edticas e ideol\u00f3gicas orientadas [&hellip;]<\/p>\n","protected":false},"author":1,"featured_media":0,"comment_status":"open","ping_status":"open","sticky":false,"template":"","format":"standard","meta":{"footnotes":""},"categories":[7],"tags":[44],"class_list":["post-1804","post","type-post","status-publish","format-standard","hentry","category-ler-ver-ouvir-passear","tag-ambiente"],"yoast_head":"<!-- This site is optimized with the Yoast SEO plugin v27.5 - https:\/\/yoast.com\/product\/yoast-seo-wordpress\/ -->\n<title>O homem e a natureza - Os Meus Apontamentos<\/title>\n<meta name=\"robots\" content=\"index, follow, max-snippet:-1, max-image-preview:large, max-video-preview:-1\" \/>\n<link rel=\"canonical\" href=\"https:\/\/osmeusapontamentos.com\/index.php\/2010\/05\/10\/o-homem-e-a-natureza\/\" \/>\n<meta property=\"og:locale\" content=\"pt_PT\" \/>\n<meta property=\"og:type\" content=\"article\" \/>\n<meta property=\"og:title\" content=\"O homem e a natureza - Os Meus Apontamentos\" \/>\n<meta property=\"og:description\" content=\"O homem e a natureza pag.39 Soromenho-Marques &#8211; (&#8230;) O que est\u00e1 em causa n\u00e3o \u00e9 uma rela\u00e7\u00e3o de contempla\u00e7\u00e3o com a natureza que, at\u00e9 h\u00e1 200 anos, era considerada inexaurivel, infinita. Que ficaria c\u00e1 depois de n\u00f3s passarmos. O que \u00e9 relevante, quer nas ci\u00eancias ecol\u00f3gicas quer nas pr\u00e1ticas sociais, pol\u00edticas e ideol\u00f3gicas orientadas [&hellip;]\" \/>\n<meta property=\"og:url\" content=\"https:\/\/osmeusapontamentos.com\/index.php\/2010\/05\/10\/o-homem-e-a-natureza\/\" \/>\n<meta property=\"og:site_name\" content=\"Os Meus Apontamentos\" \/>\n<meta property=\"article:published_time\" content=\"2010-05-10T15:56:37+00:00\" \/>\n<meta name=\"author\" content=\"Vitor Silva\" \/>\n<meta name=\"twitter:card\" content=\"summary_large_image\" \/>\n<meta name=\"twitter:creator\" content=\"@vitorsilva\" \/>\n<meta name=\"twitter:site\" content=\"@vitorsilva\" \/>\n<meta name=\"twitter:label1\" content=\"Escrito por\" \/>\n\t<meta name=\"twitter:data1\" content=\"Vitor Silva\" \/>\n\t<meta name=\"twitter:label2\" content=\"Tempo estimado de leitura\" \/>\n\t<meta name=\"twitter:data2\" content=\"2 minutos\" \/>\n<script type=\"application\/ld+json\" class=\"yoast-schema-graph\">{\"@context\":\"https:\\\/\\\/schema.org\",\"@graph\":[{\"@type\":\"Article\",\"@id\":\"https:\\\/\\\/osmeusapontamentos.com\\\/index.php\\\/2010\\\/05\\\/10\\\/o-homem-e-a-natureza\\\/#article\",\"isPartOf\":{\"@id\":\"https:\\\/\\\/osmeusapontamentos.com\\\/index.php\\\/2010\\\/05\\\/10\\\/o-homem-e-a-natureza\\\/\"},\"author\":{\"name\":\"Vitor Silva\",\"@id\":\"https:\\\/\\\/osmeusapontamentos.com\\\/#\\\/schema\\\/person\\\/d508df9c3ffc8b4e64a18dbf0ba18dd8\"},\"headline\":\"O homem e a natureza\",\"datePublished\":\"2010-05-10T15:56:37+00:00\",\"mainEntityOfPage\":{\"@id\":\"https:\\\/\\\/osmeusapontamentos.com\\\/index.php\\\/2010\\\/05\\\/10\\\/o-homem-e-a-natureza\\\/\"},\"wordCount\":364,\"commentCount\":0,\"publisher\":{\"@id\":\"https:\\\/\\\/osmeusapontamentos.com\\\/#\\\/schema\\\/person\\\/d508df9c3ffc8b4e64a18dbf0ba18dd8\"},\"keywords\":[\"ambiente\"],\"articleSection\":[\"Ler\\\/ Ver\\\/ Ouvir\\\/ Passear\"],\"inLanguage\":\"pt-PT\",\"potentialAction\":[{\"@type\":\"CommentAction\",\"name\":\"Comment\",\"target\":[\"https:\\\/\\\/osmeusapontamentos.com\\\/index.php\\\/2010\\\/05\\\/10\\\/o-homem-e-a-natureza\\\/#respond\"]}]},{\"@type\":\"WebPage\",\"@id\":\"https:\\\/\\\/osmeusapontamentos.com\\\/index.php\\\/2010\\\/05\\\/10\\\/o-homem-e-a-natureza\\\/\",\"url\":\"https:\\\/\\\/osmeusapontamentos.com\\\/index.php\\\/2010\\\/05\\\/10\\\/o-homem-e-a-natureza\\\/\",\"name\":\"O homem e a natureza - Os Meus Apontamentos\",\"isPartOf\":{\"@id\":\"https:\\\/\\\/osmeusapontamentos.com\\\/#website\"},\"datePublished\":\"2010-05-10T15:56:37+00:00\",\"breadcrumb\":{\"@id\":\"https:\\\/\\\/osmeusapontamentos.com\\\/index.php\\\/2010\\\/05\\\/10\\\/o-homem-e-a-natureza\\\/#breadcrumb\"},\"inLanguage\":\"pt-PT\",\"potentialAction\":[{\"@type\":\"ReadAction\",\"target\":[\"https:\\\/\\\/osmeusapontamentos.com\\\/index.php\\\/2010\\\/05\\\/10\\\/o-homem-e-a-natureza\\\/\"]}]},{\"@type\":\"BreadcrumbList\",\"@id\":\"https:\\\/\\\/osmeusapontamentos.com\\\/index.php\\\/2010\\\/05\\\/10\\\/o-homem-e-a-natureza\\\/#breadcrumb\",\"itemListElement\":[{\"@type\":\"ListItem\",\"position\":1,\"name\":\"In\u00edcio\",\"item\":\"https:\\\/\\\/osmeusapontamentos.com\\\/\"},{\"@type\":\"ListItem\",\"position\":2,\"name\":\"O homem e a natureza\"}]},{\"@type\":\"WebSite\",\"@id\":\"https:\\\/\\\/osmeusapontamentos.com\\\/#website\",\"url\":\"https:\\\/\\\/osmeusapontamentos.com\\\/\",\"name\":\"Os Meus Apontamentos\",\"description\":\"\",\"publisher\":{\"@id\":\"https:\\\/\\\/osmeusapontamentos.com\\\/#\\\/schema\\\/person\\\/d508df9c3ffc8b4e64a18dbf0ba18dd8\"},\"potentialAction\":[{\"@type\":\"SearchAction\",\"target\":{\"@type\":\"EntryPoint\",\"urlTemplate\":\"https:\\\/\\\/osmeusapontamentos.com\\\/?s={search_term_string}\"},\"query-input\":{\"@type\":\"PropertyValueSpecification\",\"valueRequired\":true,\"valueName\":\"search_term_string\"}}],\"inLanguage\":\"pt-PT\"},{\"@type\":[\"Person\",\"Organization\"],\"@id\":\"https:\\\/\\\/osmeusapontamentos.com\\\/#\\\/schema\\\/person\\\/d508df9c3ffc8b4e64a18dbf0ba18dd8\",\"name\":\"Vitor Silva\",\"image\":{\"@type\":\"ImageObject\",\"inLanguage\":\"pt-PT\",\"@id\":\"https:\\\/\\\/secure.gravatar.com\\\/avatar\\\/f81f58ad909e8a213ab0a690f6ed65e5c0e0e2274bf35ac49ff31d7988d483ce?s=96&d=mm&r=g\",\"url\":\"https:\\\/\\\/secure.gravatar.com\\\/avatar\\\/f81f58ad909e8a213ab0a690f6ed65e5c0e0e2274bf35ac49ff31d7988d483ce?s=96&d=mm&r=g\",\"contentUrl\":\"https:\\\/\\\/secure.gravatar.com\\\/avatar\\\/f81f58ad909e8a213ab0a690f6ed65e5c0e0e2274bf35ac49ff31d7988d483ce?s=96&d=mm&r=g\",\"caption\":\"Vitor Silva\"},\"logo\":{\"@id\":\"https:\\\/\\\/secure.gravatar.com\\\/avatar\\\/f81f58ad909e8a213ab0a690f6ed65e5c0e0e2274bf35ac49ff31d7988d483ce?s=96&d=mm&r=g\"},\"sameAs\":[\"https:\\\/\\\/www.linkedin.com\\\/in\\\/vitormrsilva\",\"https:\\\/\\\/x.com\\\/vitorsilva\"]}]}<\/script>\n<!-- \/ Yoast SEO plugin. -->","yoast_head_json":{"title":"O homem e a natureza - Os Meus Apontamentos","robots":{"index":"index","follow":"follow","max-snippet":"max-snippet:-1","max-image-preview":"max-image-preview:large","max-video-preview":"max-video-preview:-1"},"canonical":"https:\/\/osmeusapontamentos.com\/index.php\/2010\/05\/10\/o-homem-e-a-natureza\/","og_locale":"pt_PT","og_type":"article","og_title":"O homem e a natureza - Os Meus Apontamentos","og_description":"O homem e a natureza pag.39 Soromenho-Marques &#8211; (&#8230;) O que est\u00e1 em causa n\u00e3o \u00e9 uma rela\u00e7\u00e3o de contempla\u00e7\u00e3o com a natureza que, at\u00e9 h\u00e1 200 anos, era considerada inexaurivel, infinita. Que ficaria c\u00e1 depois de n\u00f3s passarmos. O que \u00e9 relevante, quer nas ci\u00eancias ecol\u00f3gicas quer nas pr\u00e1ticas sociais, pol\u00edticas e ideol\u00f3gicas orientadas [&hellip;]","og_url":"https:\/\/osmeusapontamentos.com\/index.php\/2010\/05\/10\/o-homem-e-a-natureza\/","og_site_name":"Os Meus Apontamentos","article_published_time":"2010-05-10T15:56:37+00:00","author":"Vitor Silva","twitter_card":"summary_large_image","twitter_creator":"@vitorsilva","twitter_site":"@vitorsilva","twitter_misc":{"Escrito por":"Vitor Silva","Tempo estimado de leitura":"2 minutos"},"schema":{"@context":"https:\/\/schema.org","@graph":[{"@type":"Article","@id":"https:\/\/osmeusapontamentos.com\/index.php\/2010\/05\/10\/o-homem-e-a-natureza\/#article","isPartOf":{"@id":"https:\/\/osmeusapontamentos.com\/index.php\/2010\/05\/10\/o-homem-e-a-natureza\/"},"author":{"name":"Vitor Silva","@id":"https:\/\/osmeusapontamentos.com\/#\/schema\/person\/d508df9c3ffc8b4e64a18dbf0ba18dd8"},"headline":"O homem e a natureza","datePublished":"2010-05-10T15:56:37+00:00","mainEntityOfPage":{"@id":"https:\/\/osmeusapontamentos.com\/index.php\/2010\/05\/10\/o-homem-e-a-natureza\/"},"wordCount":364,"commentCount":0,"publisher":{"@id":"https:\/\/osmeusapontamentos.com\/#\/schema\/person\/d508df9c3ffc8b4e64a18dbf0ba18dd8"},"keywords":["ambiente"],"articleSection":["Ler\/ Ver\/ Ouvir\/ Passear"],"inLanguage":"pt-PT","potentialAction":[{"@type":"CommentAction","name":"Comment","target":["https:\/\/osmeusapontamentos.com\/index.php\/2010\/05\/10\/o-homem-e-a-natureza\/#respond"]}]},{"@type":"WebPage","@id":"https:\/\/osmeusapontamentos.com\/index.php\/2010\/05\/10\/o-homem-e-a-natureza\/","url":"https:\/\/osmeusapontamentos.com\/index.php\/2010\/05\/10\/o-homem-e-a-natureza\/","name":"O homem e a natureza - Os Meus Apontamentos","isPartOf":{"@id":"https:\/\/osmeusapontamentos.com\/#website"},"datePublished":"2010-05-10T15:56:37+00:00","breadcrumb":{"@id":"https:\/\/osmeusapontamentos.com\/index.php\/2010\/05\/10\/o-homem-e-a-natureza\/#breadcrumb"},"inLanguage":"pt-PT","potentialAction":[{"@type":"ReadAction","target":["https:\/\/osmeusapontamentos.com\/index.php\/2010\/05\/10\/o-homem-e-a-natureza\/"]}]},{"@type":"BreadcrumbList","@id":"https:\/\/osmeusapontamentos.com\/index.php\/2010\/05\/10\/o-homem-e-a-natureza\/#breadcrumb","itemListElement":[{"@type":"ListItem","position":1,"name":"In\u00edcio","item":"https:\/\/osmeusapontamentos.com\/"},{"@type":"ListItem","position":2,"name":"O homem e a natureza"}]},{"@type":"WebSite","@id":"https:\/\/osmeusapontamentos.com\/#website","url":"https:\/\/osmeusapontamentos.com\/","name":"Os Meus Apontamentos","description":"","publisher":{"@id":"https:\/\/osmeusapontamentos.com\/#\/schema\/person\/d508df9c3ffc8b4e64a18dbf0ba18dd8"},"potentialAction":[{"@type":"SearchAction","target":{"@type":"EntryPoint","urlTemplate":"https:\/\/osmeusapontamentos.com\/?s={search_term_string}"},"query-input":{"@type":"PropertyValueSpecification","valueRequired":true,"valueName":"search_term_string"}}],"inLanguage":"pt-PT"},{"@type":["Person","Organization"],"@id":"https:\/\/osmeusapontamentos.com\/#\/schema\/person\/d508df9c3ffc8b4e64a18dbf0ba18dd8","name":"Vitor Silva","image":{"@type":"ImageObject","inLanguage":"pt-PT","@id":"https:\/\/secure.gravatar.com\/avatar\/f81f58ad909e8a213ab0a690f6ed65e5c0e0e2274bf35ac49ff31d7988d483ce?s=96&d=mm&r=g","url":"https:\/\/secure.gravatar.com\/avatar\/f81f58ad909e8a213ab0a690f6ed65e5c0e0e2274bf35ac49ff31d7988d483ce?s=96&d=mm&r=g","contentUrl":"https:\/\/secure.gravatar.com\/avatar\/f81f58ad909e8a213ab0a690f6ed65e5c0e0e2274bf35ac49ff31d7988d483ce?s=96&d=mm&r=g","caption":"Vitor Silva"},"logo":{"@id":"https:\/\/secure.gravatar.com\/avatar\/f81f58ad909e8a213ab0a690f6ed65e5c0e0e2274bf35ac49ff31d7988d483ce?s=96&d=mm&r=g"},"sameAs":["https:\/\/www.linkedin.com\/in\/vitormrsilva","https:\/\/x.com\/vitorsilva"]}]}},"_links":{"self":[{"href":"https:\/\/osmeusapontamentos.com\/index.php\/wp-json\/wp\/v2\/posts\/1804","targetHints":{"allow":["GET"]}}],"collection":[{"href":"https:\/\/osmeusapontamentos.com\/index.php\/wp-json\/wp\/v2\/posts"}],"about":[{"href":"https:\/\/osmeusapontamentos.com\/index.php\/wp-json\/wp\/v2\/types\/post"}],"author":[{"embeddable":true,"href":"https:\/\/osmeusapontamentos.com\/index.php\/wp-json\/wp\/v2\/users\/1"}],"replies":[{"embeddable":true,"href":"https:\/\/osmeusapontamentos.com\/index.php\/wp-json\/wp\/v2\/comments?post=1804"}],"version-history":[{"count":0,"href":"https:\/\/osmeusapontamentos.com\/index.php\/wp-json\/wp\/v2\/posts\/1804\/revisions"}],"wp:attachment":[{"href":"https:\/\/osmeusapontamentos.com\/index.php\/wp-json\/wp\/v2\/media?parent=1804"}],"wp:term":[{"taxonomy":"category","embeddable":true,"href":"https:\/\/osmeusapontamentos.com\/index.php\/wp-json\/wp\/v2\/categories?post=1804"},{"taxonomy":"post_tag","embeddable":true,"href":"https:\/\/osmeusapontamentos.com\/index.php\/wp-json\/wp\/v2\/tags?post=1804"}],"curies":[{"name":"wp","href":"https:\/\/api.w.org\/{rel}","templated":true}]}}