{"id":1781,"date":"2010-05-05T14:00:07","date_gmt":"2010-05-05T14:00:07","guid":{"rendered":"http:\/\/osmeusapontamentos.com\/?p=1781"},"modified":"2010-05-05T14:00:07","modified_gmt":"2010-05-05T14:00:07","slug":"esta-poderia-ser-uma-grande-oportunidade-para-o-transporte-publico","status":"publish","type":"post","link":"https:\/\/osmeusapontamentos.com\/index.php\/2010\/05\/05\/esta-poderia-ser-uma-grande-oportunidade-para-o-transporte-publico\/","title":{"rendered":"Esta poderia ser uma grande oportunidade para o transporte p\u00fablico"},"content":{"rendered":"<p>A prop\u00f3sito da noticia do P\u00fablico sobre como as SCUT poderiam ser &#8220;<a href=\"http:\/\/jornal.publico.pt\/noticia\/02-05-2010\/esta-e-uma-grande-oportunidade-para-o-transporte-publico-19301635.htm\">uma grande oportunidade para o transporte p\u00fablico<\/a>&#8221;<br \/>\nEu tamb\u00e9m acho que o transporte p\u00fablico colectivo \u00e9 uma pe\u00e7a fundamental na mobilidade urbana. Ali\u00e1s, (quase) todos os dias fa\u00e7o quest\u00e3o de os usar nas minhas desloca\u00e7\u00f5es casa-trabalho.<br \/>\nMas essa afirma\u00e7\u00e3o esbarra na realidade:<br \/>\n&#8211; na realidade do transporte publico que j\u00e1 vai a abarrotar at\u00e9 aveiro porque a renova\u00e7\u00e3o da linha do norte nunca foi avante;<br \/>\n&#8211; do comboio que demora normalmente\u00a0<a href=\"http:\/\/www.cp.pt\/cp\/displayPage.do?vgnextoid=3f14f9e12a584010VgnVCM1000007b01a8c0RCRD\">73min a percorrer os pouco mais de 50km<\/a> entre porto e braga (nota: h\u00e1 2 comboios por dia que demoram 53min);<br \/>\n&#8211; do\u00a0<a href=\"http:\/\/jn.sapo.pt\/paginainicial\/pais\/concelho.aspx?Distrito=Porto&amp;Concelho=P%F3voa%20de%20Varzim&amp;Option=Interior&amp;content_id=1465349\">metro que vai at\u00e9 \u00e0 P\u00f3voa<\/a> e que demora basicamente o mesmo que demorava \u00e0 50 anos atr\u00e1s;<br \/>\n&#8211; na aposta em gastar\u00a0<a href=\"http:\/\/www.aventar.eu\/2010\/02\/05\/o-centralismo-e-mau-mas-nos-nao-nos-queixamos\/\">mais uns milh\u00f5es a construir uma nova linha para a Trofa<\/a>, esse importantissimo centro urbano que at\u00e9 j\u00e1 tem cerca de 50 \u00a0comboios (urbanos e regionais) comboios por dia a passar no seu centro.<br \/>\nDe facto esta poderia ser uma grande oportunidade para o transporte p\u00fablico&#8230; mas n\u00e3o me parece que o v\u00e1 ser&#8230;<\/p>\n","protected":false},"excerpt":{"rendered":"<p>A prop\u00f3sito da noticia do P\u00fablico sobre como as SCUT poderiam ser &#8220;uma grande oportunidade para o transporte p\u00fablico&#8221; Eu tamb\u00e9m acho que o transporte p\u00fablico colectivo \u00e9 uma pe\u00e7a fundamental na mobilidade urbana. Ali\u00e1s, (quase) todos os dias fa\u00e7o quest\u00e3o de os usar nas minhas desloca\u00e7\u00f5es casa-trabalho. Mas essa afirma\u00e7\u00e3o esbarra na realidade: &#8211; [&hellip;]<\/p>\n","protected":false},"author":1,"featured_media":0,"comment_status":"open","ping_status":"open","sticky":false,"template":"","format":"standard","meta":{"footnotes":""},"categories":[8],"tags":[80,427,593],"class_list":["post-1781","post","type-post","status-publish","format-standard","hentry","category-opiniao-2","tag-aventar","tag-mobilidade","tag-scut"],"yoast_head":"<!-- This site is optimized with the Yoast SEO plugin v27.5 - https:\/\/yoast.com\/product\/yoast-seo-wordpress\/ -->\n<title>Esta poderia ser uma grande oportunidade para o transporte p\u00fablico - Os Meus Apontamentos<\/title>\n<meta name=\"robots\" content=\"index, follow, max-snippet:-1, max-image-preview:large, max-video-preview:-1\" \/>\n<link rel=\"canonical\" href=\"https:\/\/osmeusapontamentos.com\/index.php\/2010\/05\/05\/esta-poderia-ser-uma-grande-oportunidade-para-o-transporte-publico\/\" \/>\n<meta property=\"og:locale\" content=\"pt_PT\" \/>\n<meta property=\"og:type\" content=\"article\" \/>\n<meta property=\"og:title\" content=\"Esta poderia ser uma grande oportunidade para o transporte p\u00fablico - Os Meus Apontamentos\" \/>\n<meta property=\"og:description\" content=\"A prop\u00f3sito da noticia do P\u00fablico sobre como as SCUT poderiam ser &#8220;uma grande oportunidade para o transporte p\u00fablico&#8221; Eu tamb\u00e9m acho que o transporte p\u00fablico colectivo \u00e9 uma pe\u00e7a fundamental na mobilidade urbana. Ali\u00e1s, (quase) todos os dias fa\u00e7o quest\u00e3o de os usar nas minhas desloca\u00e7\u00f5es casa-trabalho. Mas essa afirma\u00e7\u00e3o esbarra na realidade: &#8211; [&hellip;]\" \/>\n<meta property=\"og:url\" content=\"https:\/\/osmeusapontamentos.com\/index.php\/2010\/05\/05\/esta-poderia-ser-uma-grande-oportunidade-para-o-transporte-publico\/\" \/>\n<meta property=\"og:site_name\" content=\"Os Meus Apontamentos\" \/>\n<meta property=\"article:published_time\" content=\"2010-05-05T14:00:07+00:00\" \/>\n<meta name=\"author\" content=\"Vitor Silva\" \/>\n<meta name=\"twitter:card\" content=\"summary_large_image\" \/>\n<meta name=\"twitter:creator\" content=\"@vitorsilva\" \/>\n<meta name=\"twitter:site\" content=\"@vitorsilva\" \/>\n<meta name=\"twitter:label1\" content=\"Escrito por\" \/>\n\t<meta name=\"twitter:data1\" content=\"Vitor Silva\" \/>\n\t<meta name=\"twitter:label2\" content=\"Tempo estimado de leitura\" \/>\n\t<meta name=\"twitter:data2\" content=\"1 minuto\" \/>\n<script type=\"application\/ld+json\" class=\"yoast-schema-graph\">{\"@context\":\"https:\\\/\\\/schema.org\",\"@graph\":[{\"@type\":\"Article\",\"@id\":\"https:\\\/\\\/osmeusapontamentos.com\\\/index.php\\\/2010\\\/05\\\/05\\\/esta-poderia-ser-uma-grande-oportunidade-para-o-transporte-publico\\\/#article\",\"isPartOf\":{\"@id\":\"https:\\\/\\\/osmeusapontamentos.com\\\/index.php\\\/2010\\\/05\\\/05\\\/esta-poderia-ser-uma-grande-oportunidade-para-o-transporte-publico\\\/\"},\"author\":{\"name\":\"Vitor Silva\",\"@id\":\"https:\\\/\\\/osmeusapontamentos.com\\\/#\\\/schema\\\/person\\\/d508df9c3ffc8b4e64a18dbf0ba18dd8\"},\"headline\":\"Esta poderia ser uma grande oportunidade para o transporte p\u00fablico\",\"datePublished\":\"2010-05-05T14:00:07+00:00\",\"mainEntityOfPage\":{\"@id\":\"https:\\\/\\\/osmeusapontamentos.com\\\/index.php\\\/2010\\\/05\\\/05\\\/esta-poderia-ser-uma-grande-oportunidade-para-o-transporte-publico\\\/\"},\"wordCount\":205,\"commentCount\":0,\"publisher\":{\"@id\":\"https:\\\/\\\/osmeusapontamentos.com\\\/#\\\/schema\\\/person\\\/d508df9c3ffc8b4e64a18dbf0ba18dd8\"},\"keywords\":[\"aventar\",\"mobilidade\",\"scut\"],\"articleSection\":[\"Opini\u00e3o\"],\"inLanguage\":\"pt-PT\",\"potentialAction\":[{\"@type\":\"CommentAction\",\"name\":\"Comment\",\"target\":[\"https:\\\/\\\/osmeusapontamentos.com\\\/index.php\\\/2010\\\/05\\\/05\\\/esta-poderia-ser-uma-grande-oportunidade-para-o-transporte-publico\\\/#respond\"]}]},{\"@type\":\"WebPage\",\"@id\":\"https:\\\/\\\/osmeusapontamentos.com\\\/index.php\\\/2010\\\/05\\\/05\\\/esta-poderia-ser-uma-grande-oportunidade-para-o-transporte-publico\\\/\",\"url\":\"https:\\\/\\\/osmeusapontamentos.com\\\/index.php\\\/2010\\\/05\\\/05\\\/esta-poderia-ser-uma-grande-oportunidade-para-o-transporte-publico\\\/\",\"name\":\"Esta poderia ser uma grande oportunidade para o transporte p\u00fablico - Os Meus Apontamentos\",\"isPartOf\":{\"@id\":\"https:\\\/\\\/osmeusapontamentos.com\\\/#website\"},\"datePublished\":\"2010-05-05T14:00:07+00:00\",\"breadcrumb\":{\"@id\":\"https:\\\/\\\/osmeusapontamentos.com\\\/index.php\\\/2010\\\/05\\\/05\\\/esta-poderia-ser-uma-grande-oportunidade-para-o-transporte-publico\\\/#breadcrumb\"},\"inLanguage\":\"pt-PT\",\"potentialAction\":[{\"@type\":\"ReadAction\",\"target\":[\"https:\\\/\\\/osmeusapontamentos.com\\\/index.php\\\/2010\\\/05\\\/05\\\/esta-poderia-ser-uma-grande-oportunidade-para-o-transporte-publico\\\/\"]}]},{\"@type\":\"BreadcrumbList\",\"@id\":\"https:\\\/\\\/osmeusapontamentos.com\\\/index.php\\\/2010\\\/05\\\/05\\\/esta-poderia-ser-uma-grande-oportunidade-para-o-transporte-publico\\\/#breadcrumb\",\"itemListElement\":[{\"@type\":\"ListItem\",\"position\":1,\"name\":\"In\u00edcio\",\"item\":\"https:\\\/\\\/osmeusapontamentos.com\\\/\"},{\"@type\":\"ListItem\",\"position\":2,\"name\":\"Esta poderia ser uma grande oportunidade para o transporte p\u00fablico\"}]},{\"@type\":\"WebSite\",\"@id\":\"https:\\\/\\\/osmeusapontamentos.com\\\/#website\",\"url\":\"https:\\\/\\\/osmeusapontamentos.com\\\/\",\"name\":\"Os Meus Apontamentos\",\"description\":\"\",\"publisher\":{\"@id\":\"https:\\\/\\\/osmeusapontamentos.com\\\/#\\\/schema\\\/person\\\/d508df9c3ffc8b4e64a18dbf0ba18dd8\"},\"potentialAction\":[{\"@type\":\"SearchAction\",\"target\":{\"@type\":\"EntryPoint\",\"urlTemplate\":\"https:\\\/\\\/osmeusapontamentos.com\\\/?s={search_term_string}\"},\"query-input\":{\"@type\":\"PropertyValueSpecification\",\"valueRequired\":true,\"valueName\":\"search_term_string\"}}],\"inLanguage\":\"pt-PT\"},{\"@type\":[\"Person\",\"Organization\"],\"@id\":\"https:\\\/\\\/osmeusapontamentos.com\\\/#\\\/schema\\\/person\\\/d508df9c3ffc8b4e64a18dbf0ba18dd8\",\"name\":\"Vitor Silva\",\"image\":{\"@type\":\"ImageObject\",\"inLanguage\":\"pt-PT\",\"@id\":\"https:\\\/\\\/secure.gravatar.com\\\/avatar\\\/f81f58ad909e8a213ab0a690f6ed65e5c0e0e2274bf35ac49ff31d7988d483ce?s=96&d=mm&r=g\",\"url\":\"https:\\\/\\\/secure.gravatar.com\\\/avatar\\\/f81f58ad909e8a213ab0a690f6ed65e5c0e0e2274bf35ac49ff31d7988d483ce?s=96&d=mm&r=g\",\"contentUrl\":\"https:\\\/\\\/secure.gravatar.com\\\/avatar\\\/f81f58ad909e8a213ab0a690f6ed65e5c0e0e2274bf35ac49ff31d7988d483ce?s=96&d=mm&r=g\",\"caption\":\"Vitor Silva\"},\"logo\":{\"@id\":\"https:\\\/\\\/secure.gravatar.com\\\/avatar\\\/f81f58ad909e8a213ab0a690f6ed65e5c0e0e2274bf35ac49ff31d7988d483ce?s=96&d=mm&r=g\"},\"sameAs\":[\"https:\\\/\\\/www.linkedin.com\\\/in\\\/vitormrsilva\",\"https:\\\/\\\/x.com\\\/vitorsilva\"]}]}<\/script>\n<!-- \/ Yoast SEO plugin. -->","yoast_head_json":{"title":"Esta poderia ser uma grande oportunidade para o transporte p\u00fablico - Os Meus Apontamentos","robots":{"index":"index","follow":"follow","max-snippet":"max-snippet:-1","max-image-preview":"max-image-preview:large","max-video-preview":"max-video-preview:-1"},"canonical":"https:\/\/osmeusapontamentos.com\/index.php\/2010\/05\/05\/esta-poderia-ser-uma-grande-oportunidade-para-o-transporte-publico\/","og_locale":"pt_PT","og_type":"article","og_title":"Esta poderia ser uma grande oportunidade para o transporte p\u00fablico - Os Meus Apontamentos","og_description":"A prop\u00f3sito da noticia do P\u00fablico sobre como as SCUT poderiam ser &#8220;uma grande oportunidade para o transporte p\u00fablico&#8221; Eu tamb\u00e9m acho que o transporte p\u00fablico colectivo \u00e9 uma pe\u00e7a fundamental na mobilidade urbana. Ali\u00e1s, (quase) todos os dias fa\u00e7o quest\u00e3o de os usar nas minhas desloca\u00e7\u00f5es casa-trabalho. Mas essa afirma\u00e7\u00e3o esbarra na realidade: &#8211; [&hellip;]","og_url":"https:\/\/osmeusapontamentos.com\/index.php\/2010\/05\/05\/esta-poderia-ser-uma-grande-oportunidade-para-o-transporte-publico\/","og_site_name":"Os Meus Apontamentos","article_published_time":"2010-05-05T14:00:07+00:00","author":"Vitor Silva","twitter_card":"summary_large_image","twitter_creator":"@vitorsilva","twitter_site":"@vitorsilva","twitter_misc":{"Escrito por":"Vitor Silva","Tempo estimado de leitura":"1 minuto"},"schema":{"@context":"https:\/\/schema.org","@graph":[{"@type":"Article","@id":"https:\/\/osmeusapontamentos.com\/index.php\/2010\/05\/05\/esta-poderia-ser-uma-grande-oportunidade-para-o-transporte-publico\/#article","isPartOf":{"@id":"https:\/\/osmeusapontamentos.com\/index.php\/2010\/05\/05\/esta-poderia-ser-uma-grande-oportunidade-para-o-transporte-publico\/"},"author":{"name":"Vitor Silva","@id":"https:\/\/osmeusapontamentos.com\/#\/schema\/person\/d508df9c3ffc8b4e64a18dbf0ba18dd8"},"headline":"Esta poderia ser uma grande oportunidade para o transporte p\u00fablico","datePublished":"2010-05-05T14:00:07+00:00","mainEntityOfPage":{"@id":"https:\/\/osmeusapontamentos.com\/index.php\/2010\/05\/05\/esta-poderia-ser-uma-grande-oportunidade-para-o-transporte-publico\/"},"wordCount":205,"commentCount":0,"publisher":{"@id":"https:\/\/osmeusapontamentos.com\/#\/schema\/person\/d508df9c3ffc8b4e64a18dbf0ba18dd8"},"keywords":["aventar","mobilidade","scut"],"articleSection":["Opini\u00e3o"],"inLanguage":"pt-PT","potentialAction":[{"@type":"CommentAction","name":"Comment","target":["https:\/\/osmeusapontamentos.com\/index.php\/2010\/05\/05\/esta-poderia-ser-uma-grande-oportunidade-para-o-transporte-publico\/#respond"]}]},{"@type":"WebPage","@id":"https:\/\/osmeusapontamentos.com\/index.php\/2010\/05\/05\/esta-poderia-ser-uma-grande-oportunidade-para-o-transporte-publico\/","url":"https:\/\/osmeusapontamentos.com\/index.php\/2010\/05\/05\/esta-poderia-ser-uma-grande-oportunidade-para-o-transporte-publico\/","name":"Esta poderia ser uma grande oportunidade para o transporte p\u00fablico - Os Meus Apontamentos","isPartOf":{"@id":"https:\/\/osmeusapontamentos.com\/#website"},"datePublished":"2010-05-05T14:00:07+00:00","breadcrumb":{"@id":"https:\/\/osmeusapontamentos.com\/index.php\/2010\/05\/05\/esta-poderia-ser-uma-grande-oportunidade-para-o-transporte-publico\/#breadcrumb"},"inLanguage":"pt-PT","potentialAction":[{"@type":"ReadAction","target":["https:\/\/osmeusapontamentos.com\/index.php\/2010\/05\/05\/esta-poderia-ser-uma-grande-oportunidade-para-o-transporte-publico\/"]}]},{"@type":"BreadcrumbList","@id":"https:\/\/osmeusapontamentos.com\/index.php\/2010\/05\/05\/esta-poderia-ser-uma-grande-oportunidade-para-o-transporte-publico\/#breadcrumb","itemListElement":[{"@type":"ListItem","position":1,"name":"In\u00edcio","item":"https:\/\/osmeusapontamentos.com\/"},{"@type":"ListItem","position":2,"name":"Esta poderia ser uma grande oportunidade para o transporte p\u00fablico"}]},{"@type":"WebSite","@id":"https:\/\/osmeusapontamentos.com\/#website","url":"https:\/\/osmeusapontamentos.com\/","name":"Os Meus Apontamentos","description":"","publisher":{"@id":"https:\/\/osmeusapontamentos.com\/#\/schema\/person\/d508df9c3ffc8b4e64a18dbf0ba18dd8"},"potentialAction":[{"@type":"SearchAction","target":{"@type":"EntryPoint","urlTemplate":"https:\/\/osmeusapontamentos.com\/?s={search_term_string}"},"query-input":{"@type":"PropertyValueSpecification","valueRequired":true,"valueName":"search_term_string"}}],"inLanguage":"pt-PT"},{"@type":["Person","Organization"],"@id":"https:\/\/osmeusapontamentos.com\/#\/schema\/person\/d508df9c3ffc8b4e64a18dbf0ba18dd8","name":"Vitor Silva","image":{"@type":"ImageObject","inLanguage":"pt-PT","@id":"https:\/\/secure.gravatar.com\/avatar\/f81f58ad909e8a213ab0a690f6ed65e5c0e0e2274bf35ac49ff31d7988d483ce?s=96&d=mm&r=g","url":"https:\/\/secure.gravatar.com\/avatar\/f81f58ad909e8a213ab0a690f6ed65e5c0e0e2274bf35ac49ff31d7988d483ce?s=96&d=mm&r=g","contentUrl":"https:\/\/secure.gravatar.com\/avatar\/f81f58ad909e8a213ab0a690f6ed65e5c0e0e2274bf35ac49ff31d7988d483ce?s=96&d=mm&r=g","caption":"Vitor Silva"},"logo":{"@id":"https:\/\/secure.gravatar.com\/avatar\/f81f58ad909e8a213ab0a690f6ed65e5c0e0e2274bf35ac49ff31d7988d483ce?s=96&d=mm&r=g"},"sameAs":["https:\/\/www.linkedin.com\/in\/vitormrsilva","https:\/\/x.com\/vitorsilva"]}]}},"_links":{"self":[{"href":"https:\/\/osmeusapontamentos.com\/index.php\/wp-json\/wp\/v2\/posts\/1781","targetHints":{"allow":["GET"]}}],"collection":[{"href":"https:\/\/osmeusapontamentos.com\/index.php\/wp-json\/wp\/v2\/posts"}],"about":[{"href":"https:\/\/osmeusapontamentos.com\/index.php\/wp-json\/wp\/v2\/types\/post"}],"author":[{"embeddable":true,"href":"https:\/\/osmeusapontamentos.com\/index.php\/wp-json\/wp\/v2\/users\/1"}],"replies":[{"embeddable":true,"href":"https:\/\/osmeusapontamentos.com\/index.php\/wp-json\/wp\/v2\/comments?post=1781"}],"version-history":[{"count":0,"href":"https:\/\/osmeusapontamentos.com\/index.php\/wp-json\/wp\/v2\/posts\/1781\/revisions"}],"wp:attachment":[{"href":"https:\/\/osmeusapontamentos.com\/index.php\/wp-json\/wp\/v2\/media?parent=1781"}],"wp:term":[{"taxonomy":"category","embeddable":true,"href":"https:\/\/osmeusapontamentos.com\/index.php\/wp-json\/wp\/v2\/categories?post=1781"},{"taxonomy":"post_tag","embeddable":true,"href":"https:\/\/osmeusapontamentos.com\/index.php\/wp-json\/wp\/v2\/tags?post=1781"}],"curies":[{"name":"wp","href":"https:\/\/api.w.org\/{rel}","templated":true}]}}