{"id":1777,"date":"2010-05-08T13:00:05","date_gmt":"2010-05-08T13:00:05","guid":{"rendered":"http:\/\/osmeusapontamentos.com\/?p=1777"},"modified":"2010-05-08T13:00:05","modified_gmt":"2010-05-08T13:00:05","slug":"prioridade-para-o-mar-a-visao-de-um-estrangeiro","status":"publish","type":"post","link":"https:\/\/osmeusapontamentos.com\/index.php\/2010\/05\/08\/prioridade-para-o-mar-a-visao-de-um-estrangeiro\/","title":{"rendered":"Prioridade para o mar: a vis\u00e3o de um estrangeiro"},"content":{"rendered":"<p>Eu acho que um dos nossos problemas \u00e9 queremos fazer as coisas da forma mais dificil e ignorar o \u00f3bvio.<br \/>\nEsta (re)lembran\u00e7a do nosso presidente que o mar deve ser (um dos) nossos designios \u00e9 um pouco o exemplo disto.<\/p>\n<p>Na verdade at\u00e9 nem percebo qual o espanto na sugest\u00e3o de Cavaco Silva, bastava ter acompanhado j\u00e1 h\u00e1 um ano os posts do meu colega de blog Luis Moreira com a sua s\u00e9rie sobre o <a href=\"http:\/\/www.aventar.eu\/tag\/mar\/\">hipercluster do mar<\/a>.<\/p>\n<p>Mas isto \u00e9 t\u00e3o evidente que na semana anterior a esse discurso, falava eu com <a href=\"http:\/\/www.oportoemconversa.com\/2010\/04\/27\/oresundportic-micael-gustafsson\/\">Micael Gustafsson, Managing Director da Oresund IT<\/a> a prop\u00f3sito de Tecnologias de Informa\u00e7\u00e3o e como elas podem servir de alavanca a outras ind\u00fastrias e ele referia com algum espanto:<\/p>\n<blockquote><p>&#8220;why do you not combine marine research with ICT research and maybe with creative industries to find some new things&#8230; that is something that we have been working a lot in the Oresund region for the last four or five years, trying to combine different sectors&#8221;.<\/p><\/blockquote>\n<p>A resposta \u00e9 a habitual&#8230; <a href=\"https:\/\/osmeusapontamentos.com\/?p=1581\">era muito f\u00e1cil<\/a>.<\/p>\n<p>(publicado tamb\u00e9m no <a href=\"http:\/\/www.aventar.eu\/2010\/05\/06\/prioridade-para-o-mar-a-visao-de-um-estrangeiro\/\">Aventar<\/a>)<\/p>\n","protected":false},"excerpt":{"rendered":"<p>Eu acho que um dos nossos problemas \u00e9 queremos fazer as coisas da forma mais dificil e ignorar o \u00f3bvio. Esta (re)lembran\u00e7a do nosso presidente que o mar deve ser (um dos) nossos designios \u00e9 um pouco o exemplo disto. Na verdade at\u00e9 nem percebo qual o espanto na sugest\u00e3o de Cavaco Silva, bastava ter [&hellip;]<\/p>\n","protected":false},"author":1,"featured_media":0,"comment_status":"open","ping_status":"open","sticky":false,"template":"","format":"standard","meta":{"footnotes":""},"categories":[7,8],"tags":[80,390],"class_list":["post-1777","post","type-post","status-publish","format-standard","hentry","category-ler-ver-ouvir-passear","category-opiniao-2","tag-aventar","tag-mar"],"yoast_head":"<!-- This site is optimized with the Yoast SEO plugin v27.5 - https:\/\/yoast.com\/product\/yoast-seo-wordpress\/ -->\n<title>Prioridade para o mar: a vis\u00e3o de um estrangeiro - Os Meus Apontamentos<\/title>\n<meta name=\"robots\" content=\"index, follow, max-snippet:-1, max-image-preview:large, max-video-preview:-1\" \/>\n<link rel=\"canonical\" href=\"https:\/\/osmeusapontamentos.com\/index.php\/2010\/05\/08\/prioridade-para-o-mar-a-visao-de-um-estrangeiro\/\" \/>\n<meta property=\"og:locale\" content=\"pt_PT\" \/>\n<meta property=\"og:type\" content=\"article\" \/>\n<meta property=\"og:title\" content=\"Prioridade para o mar: a vis\u00e3o de um estrangeiro - Os Meus Apontamentos\" \/>\n<meta property=\"og:description\" content=\"Eu acho que um dos nossos problemas \u00e9 queremos fazer as coisas da forma mais dificil e ignorar o \u00f3bvio. Esta (re)lembran\u00e7a do nosso presidente que o mar deve ser (um dos) nossos designios \u00e9 um pouco o exemplo disto. Na verdade at\u00e9 nem percebo qual o espanto na sugest\u00e3o de Cavaco Silva, bastava ter [&hellip;]\" \/>\n<meta property=\"og:url\" content=\"https:\/\/osmeusapontamentos.com\/index.php\/2010\/05\/08\/prioridade-para-o-mar-a-visao-de-um-estrangeiro\/\" \/>\n<meta property=\"og:site_name\" content=\"Os Meus Apontamentos\" \/>\n<meta property=\"article:published_time\" content=\"2010-05-08T13:00:05+00:00\" \/>\n<meta name=\"author\" content=\"Vitor Silva\" \/>\n<meta name=\"twitter:card\" content=\"summary_large_image\" \/>\n<meta name=\"twitter:creator\" content=\"@vitorsilva\" \/>\n<meta name=\"twitter:site\" content=\"@vitorsilva\" \/>\n<meta name=\"twitter:label1\" content=\"Escrito por\" \/>\n\t<meta name=\"twitter:data1\" content=\"Vitor Silva\" \/>\n\t<meta name=\"twitter:label2\" content=\"Tempo estimado de leitura\" \/>\n\t<meta name=\"twitter:data2\" content=\"1 minuto\" \/>\n<script type=\"application\/ld+json\" class=\"yoast-schema-graph\">{\"@context\":\"https:\\\/\\\/schema.org\",\"@graph\":[{\"@type\":\"Article\",\"@id\":\"https:\\\/\\\/osmeusapontamentos.com\\\/index.php\\\/2010\\\/05\\\/08\\\/prioridade-para-o-mar-a-visao-de-um-estrangeiro\\\/#article\",\"isPartOf\":{\"@id\":\"https:\\\/\\\/osmeusapontamentos.com\\\/index.php\\\/2010\\\/05\\\/08\\\/prioridade-para-o-mar-a-visao-de-um-estrangeiro\\\/\"},\"author\":{\"name\":\"Vitor Silva\",\"@id\":\"https:\\\/\\\/osmeusapontamentos.com\\\/#\\\/schema\\\/person\\\/d508df9c3ffc8b4e64a18dbf0ba18dd8\"},\"headline\":\"Prioridade para o mar: a vis\u00e3o de um estrangeiro\",\"datePublished\":\"2010-05-08T13:00:05+00:00\",\"mainEntityOfPage\":{\"@id\":\"https:\\\/\\\/osmeusapontamentos.com\\\/index.php\\\/2010\\\/05\\\/08\\\/prioridade-para-o-mar-a-visao-de-um-estrangeiro\\\/\"},\"wordCount\":196,\"commentCount\":0,\"publisher\":{\"@id\":\"https:\\\/\\\/osmeusapontamentos.com\\\/#\\\/schema\\\/person\\\/d508df9c3ffc8b4e64a18dbf0ba18dd8\"},\"keywords\":[\"aventar\",\"mar\"],\"articleSection\":[\"Ler\\\/ Ver\\\/ Ouvir\\\/ Passear\",\"Opini\u00e3o\"],\"inLanguage\":\"pt-PT\",\"potentialAction\":[{\"@type\":\"CommentAction\",\"name\":\"Comment\",\"target\":[\"https:\\\/\\\/osmeusapontamentos.com\\\/index.php\\\/2010\\\/05\\\/08\\\/prioridade-para-o-mar-a-visao-de-um-estrangeiro\\\/#respond\"]}]},{\"@type\":\"WebPage\",\"@id\":\"https:\\\/\\\/osmeusapontamentos.com\\\/index.php\\\/2010\\\/05\\\/08\\\/prioridade-para-o-mar-a-visao-de-um-estrangeiro\\\/\",\"url\":\"https:\\\/\\\/osmeusapontamentos.com\\\/index.php\\\/2010\\\/05\\\/08\\\/prioridade-para-o-mar-a-visao-de-um-estrangeiro\\\/\",\"name\":\"Prioridade para o mar: a vis\u00e3o de um estrangeiro - Os Meus Apontamentos\",\"isPartOf\":{\"@id\":\"https:\\\/\\\/osmeusapontamentos.com\\\/#website\"},\"datePublished\":\"2010-05-08T13:00:05+00:00\",\"breadcrumb\":{\"@id\":\"https:\\\/\\\/osmeusapontamentos.com\\\/index.php\\\/2010\\\/05\\\/08\\\/prioridade-para-o-mar-a-visao-de-um-estrangeiro\\\/#breadcrumb\"},\"inLanguage\":\"pt-PT\",\"potentialAction\":[{\"@type\":\"ReadAction\",\"target\":[\"https:\\\/\\\/osmeusapontamentos.com\\\/index.php\\\/2010\\\/05\\\/08\\\/prioridade-para-o-mar-a-visao-de-um-estrangeiro\\\/\"]}]},{\"@type\":\"BreadcrumbList\",\"@id\":\"https:\\\/\\\/osmeusapontamentos.com\\\/index.php\\\/2010\\\/05\\\/08\\\/prioridade-para-o-mar-a-visao-de-um-estrangeiro\\\/#breadcrumb\",\"itemListElement\":[{\"@type\":\"ListItem\",\"position\":1,\"name\":\"In\u00edcio\",\"item\":\"https:\\\/\\\/osmeusapontamentos.com\\\/\"},{\"@type\":\"ListItem\",\"position\":2,\"name\":\"Prioridade para o mar: a vis\u00e3o de um estrangeiro\"}]},{\"@type\":\"WebSite\",\"@id\":\"https:\\\/\\\/osmeusapontamentos.com\\\/#website\",\"url\":\"https:\\\/\\\/osmeusapontamentos.com\\\/\",\"name\":\"Os Meus Apontamentos\",\"description\":\"\",\"publisher\":{\"@id\":\"https:\\\/\\\/osmeusapontamentos.com\\\/#\\\/schema\\\/person\\\/d508df9c3ffc8b4e64a18dbf0ba18dd8\"},\"potentialAction\":[{\"@type\":\"SearchAction\",\"target\":{\"@type\":\"EntryPoint\",\"urlTemplate\":\"https:\\\/\\\/osmeusapontamentos.com\\\/?s={search_term_string}\"},\"query-input\":{\"@type\":\"PropertyValueSpecification\",\"valueRequired\":true,\"valueName\":\"search_term_string\"}}],\"inLanguage\":\"pt-PT\"},{\"@type\":[\"Person\",\"Organization\"],\"@id\":\"https:\\\/\\\/osmeusapontamentos.com\\\/#\\\/schema\\\/person\\\/d508df9c3ffc8b4e64a18dbf0ba18dd8\",\"name\":\"Vitor Silva\",\"image\":{\"@type\":\"ImageObject\",\"inLanguage\":\"pt-PT\",\"@id\":\"https:\\\/\\\/secure.gravatar.com\\\/avatar\\\/f81f58ad909e8a213ab0a690f6ed65e5c0e0e2274bf35ac49ff31d7988d483ce?s=96&d=mm&r=g\",\"url\":\"https:\\\/\\\/secure.gravatar.com\\\/avatar\\\/f81f58ad909e8a213ab0a690f6ed65e5c0e0e2274bf35ac49ff31d7988d483ce?s=96&d=mm&r=g\",\"contentUrl\":\"https:\\\/\\\/secure.gravatar.com\\\/avatar\\\/f81f58ad909e8a213ab0a690f6ed65e5c0e0e2274bf35ac49ff31d7988d483ce?s=96&d=mm&r=g\",\"caption\":\"Vitor Silva\"},\"logo\":{\"@id\":\"https:\\\/\\\/secure.gravatar.com\\\/avatar\\\/f81f58ad909e8a213ab0a690f6ed65e5c0e0e2274bf35ac49ff31d7988d483ce?s=96&d=mm&r=g\"},\"sameAs\":[\"https:\\\/\\\/www.linkedin.com\\\/in\\\/vitormrsilva\",\"https:\\\/\\\/x.com\\\/vitorsilva\"]}]}<\/script>\n<!-- \/ Yoast SEO plugin. -->","yoast_head_json":{"title":"Prioridade para o mar: a vis\u00e3o de um estrangeiro - Os Meus Apontamentos","robots":{"index":"index","follow":"follow","max-snippet":"max-snippet:-1","max-image-preview":"max-image-preview:large","max-video-preview":"max-video-preview:-1"},"canonical":"https:\/\/osmeusapontamentos.com\/index.php\/2010\/05\/08\/prioridade-para-o-mar-a-visao-de-um-estrangeiro\/","og_locale":"pt_PT","og_type":"article","og_title":"Prioridade para o mar: a vis\u00e3o de um estrangeiro - Os Meus Apontamentos","og_description":"Eu acho que um dos nossos problemas \u00e9 queremos fazer as coisas da forma mais dificil e ignorar o \u00f3bvio. Esta (re)lembran\u00e7a do nosso presidente que o mar deve ser (um dos) nossos designios \u00e9 um pouco o exemplo disto. Na verdade at\u00e9 nem percebo qual o espanto na sugest\u00e3o de Cavaco Silva, bastava ter [&hellip;]","og_url":"https:\/\/osmeusapontamentos.com\/index.php\/2010\/05\/08\/prioridade-para-o-mar-a-visao-de-um-estrangeiro\/","og_site_name":"Os Meus Apontamentos","article_published_time":"2010-05-08T13:00:05+00:00","author":"Vitor Silva","twitter_card":"summary_large_image","twitter_creator":"@vitorsilva","twitter_site":"@vitorsilva","twitter_misc":{"Escrito por":"Vitor Silva","Tempo estimado de leitura":"1 minuto"},"schema":{"@context":"https:\/\/schema.org","@graph":[{"@type":"Article","@id":"https:\/\/osmeusapontamentos.com\/index.php\/2010\/05\/08\/prioridade-para-o-mar-a-visao-de-um-estrangeiro\/#article","isPartOf":{"@id":"https:\/\/osmeusapontamentos.com\/index.php\/2010\/05\/08\/prioridade-para-o-mar-a-visao-de-um-estrangeiro\/"},"author":{"name":"Vitor Silva","@id":"https:\/\/osmeusapontamentos.com\/#\/schema\/person\/d508df9c3ffc8b4e64a18dbf0ba18dd8"},"headline":"Prioridade para o mar: a vis\u00e3o de um estrangeiro","datePublished":"2010-05-08T13:00:05+00:00","mainEntityOfPage":{"@id":"https:\/\/osmeusapontamentos.com\/index.php\/2010\/05\/08\/prioridade-para-o-mar-a-visao-de-um-estrangeiro\/"},"wordCount":196,"commentCount":0,"publisher":{"@id":"https:\/\/osmeusapontamentos.com\/#\/schema\/person\/d508df9c3ffc8b4e64a18dbf0ba18dd8"},"keywords":["aventar","mar"],"articleSection":["Ler\/ Ver\/ Ouvir\/ Passear","Opini\u00e3o"],"inLanguage":"pt-PT","potentialAction":[{"@type":"CommentAction","name":"Comment","target":["https:\/\/osmeusapontamentos.com\/index.php\/2010\/05\/08\/prioridade-para-o-mar-a-visao-de-um-estrangeiro\/#respond"]}]},{"@type":"WebPage","@id":"https:\/\/osmeusapontamentos.com\/index.php\/2010\/05\/08\/prioridade-para-o-mar-a-visao-de-um-estrangeiro\/","url":"https:\/\/osmeusapontamentos.com\/index.php\/2010\/05\/08\/prioridade-para-o-mar-a-visao-de-um-estrangeiro\/","name":"Prioridade para o mar: a vis\u00e3o de um estrangeiro - Os Meus Apontamentos","isPartOf":{"@id":"https:\/\/osmeusapontamentos.com\/#website"},"datePublished":"2010-05-08T13:00:05+00:00","breadcrumb":{"@id":"https:\/\/osmeusapontamentos.com\/index.php\/2010\/05\/08\/prioridade-para-o-mar-a-visao-de-um-estrangeiro\/#breadcrumb"},"inLanguage":"pt-PT","potentialAction":[{"@type":"ReadAction","target":["https:\/\/osmeusapontamentos.com\/index.php\/2010\/05\/08\/prioridade-para-o-mar-a-visao-de-um-estrangeiro\/"]}]},{"@type":"BreadcrumbList","@id":"https:\/\/osmeusapontamentos.com\/index.php\/2010\/05\/08\/prioridade-para-o-mar-a-visao-de-um-estrangeiro\/#breadcrumb","itemListElement":[{"@type":"ListItem","position":1,"name":"In\u00edcio","item":"https:\/\/osmeusapontamentos.com\/"},{"@type":"ListItem","position":2,"name":"Prioridade para o mar: a vis\u00e3o de um estrangeiro"}]},{"@type":"WebSite","@id":"https:\/\/osmeusapontamentos.com\/#website","url":"https:\/\/osmeusapontamentos.com\/","name":"Os Meus Apontamentos","description":"","publisher":{"@id":"https:\/\/osmeusapontamentos.com\/#\/schema\/person\/d508df9c3ffc8b4e64a18dbf0ba18dd8"},"potentialAction":[{"@type":"SearchAction","target":{"@type":"EntryPoint","urlTemplate":"https:\/\/osmeusapontamentos.com\/?s={search_term_string}"},"query-input":{"@type":"PropertyValueSpecification","valueRequired":true,"valueName":"search_term_string"}}],"inLanguage":"pt-PT"},{"@type":["Person","Organization"],"@id":"https:\/\/osmeusapontamentos.com\/#\/schema\/person\/d508df9c3ffc8b4e64a18dbf0ba18dd8","name":"Vitor Silva","image":{"@type":"ImageObject","inLanguage":"pt-PT","@id":"https:\/\/secure.gravatar.com\/avatar\/f81f58ad909e8a213ab0a690f6ed65e5c0e0e2274bf35ac49ff31d7988d483ce?s=96&d=mm&r=g","url":"https:\/\/secure.gravatar.com\/avatar\/f81f58ad909e8a213ab0a690f6ed65e5c0e0e2274bf35ac49ff31d7988d483ce?s=96&d=mm&r=g","contentUrl":"https:\/\/secure.gravatar.com\/avatar\/f81f58ad909e8a213ab0a690f6ed65e5c0e0e2274bf35ac49ff31d7988d483ce?s=96&d=mm&r=g","caption":"Vitor Silva"},"logo":{"@id":"https:\/\/secure.gravatar.com\/avatar\/f81f58ad909e8a213ab0a690f6ed65e5c0e0e2274bf35ac49ff31d7988d483ce?s=96&d=mm&r=g"},"sameAs":["https:\/\/www.linkedin.com\/in\/vitormrsilva","https:\/\/x.com\/vitorsilva"]}]}},"_links":{"self":[{"href":"https:\/\/osmeusapontamentos.com\/index.php\/wp-json\/wp\/v2\/posts\/1777","targetHints":{"allow":["GET"]}}],"collection":[{"href":"https:\/\/osmeusapontamentos.com\/index.php\/wp-json\/wp\/v2\/posts"}],"about":[{"href":"https:\/\/osmeusapontamentos.com\/index.php\/wp-json\/wp\/v2\/types\/post"}],"author":[{"embeddable":true,"href":"https:\/\/osmeusapontamentos.com\/index.php\/wp-json\/wp\/v2\/users\/1"}],"replies":[{"embeddable":true,"href":"https:\/\/osmeusapontamentos.com\/index.php\/wp-json\/wp\/v2\/comments?post=1777"}],"version-history":[{"count":0,"href":"https:\/\/osmeusapontamentos.com\/index.php\/wp-json\/wp\/v2\/posts\/1777\/revisions"}],"wp:attachment":[{"href":"https:\/\/osmeusapontamentos.com\/index.php\/wp-json\/wp\/v2\/media?parent=1777"}],"wp:term":[{"taxonomy":"category","embeddable":true,"href":"https:\/\/osmeusapontamentos.com\/index.php\/wp-json\/wp\/v2\/categories?post=1777"},{"taxonomy":"post_tag","embeddable":true,"href":"https:\/\/osmeusapontamentos.com\/index.php\/wp-json\/wp\/v2\/tags?post=1777"}],"curies":[{"name":"wp","href":"https:\/\/api.w.org\/{rel}","templated":true}]}}