{"id":1774,"date":"2010-05-07T13:00:43","date_gmt":"2010-05-07T13:00:43","guid":{"rendered":"http:\/\/osmeusapontamentos.com\/?p=1774"},"modified":"2010-05-07T13:00:43","modified_gmt":"2010-05-07T13:00:43","slug":"a-destruicao-das-cidades","status":"publish","type":"post","link":"https:\/\/osmeusapontamentos.com\/index.php\/2010\/05\/07\/a-destruicao-das-cidades\/","title":{"rendered":"A destrui\u00e7\u00e3o das cidades"},"content":{"rendered":"<p>Dizia <a href=\"http:\/\/www.oportoemconversa.com\/2010\/03\/26\/inner-city-paulo-morais\/\">Paulo Morais<\/a> h\u00e1 cerca de um ano que &#8220;<em>\u00e9 evidente que as pessoas v\u00e3o para os shoppings porque eles t\u00eam hoje as condi\u00e7\u00f5es de urbanidade que as cidades j\u00e1 n\u00e3o lhes d\u00e3o, onde h\u00e1 manuten\u00e7\u00e3o, onde h\u00e1 limpeza, onde h\u00e1 seguran\u00e7a, onde h\u00e1 parqueamente, etc., onde h\u00e1 vivencialidade urbana<\/em>&#8220;.<\/p>\n<p>Os excelentes trabalhos de <a href=\"http:\/\/www.aventar.eu\/author\/nuno-castelo-branco\/\">Nuno Castelo-Branco<\/a> aqui no Aventar e de Rui Valente no <a href=\"http:\/\/ascasasdoporto.blogspot.com\/\">As Casas do Porto<\/a> (de onde &#8220;roubei&#8221; a imagem que ilustra este post) s\u00e3o dois exemplos concretos do que se passa em Lisboa e no Porto, e de certeza que podiamos acrescentar exemplos de (quase) todas as outras cidades do pa\u00eds.<\/p>\n<p><img loading=\"lazy\" decoding=\"async\" class=\"aligncenter size-full wp-image-1063134\" title=\"SL371785\" src=\"http:\/\/www.aventar.eu\/aventar\/wp-content\/uploads\/2010\/05\/SL371785.jpg\" alt=\"\" width=\"400\" height=\"300\" \/><\/p>\n<p>Os motivos que levaram a esta degrada\u00e7\u00e3o que s\u00e3o habitualmente referidos s\u00e3o, por um lado a legisla\u00e7\u00e3o que n\u00e3o apoia a renova\u00e7\u00e3o e incentiva a compra de casas novas e por outro a lei das rendas que continua a permitir que haja quem pague uns 5 euros por m\u00eas por uma casa.<\/p>\n<p>Conv\u00e9m no entanto referir em rela\u00e7\u00e3o ao segundo ponto que nem essa lei foi caso unico no mundo j\u00e1 que outros pa\u00edses europeus o praticaram, nem ela se aplicou no pa\u00eds todo (s\u00f3 no Porto e em Lisboa) e n\u00e3o \u00e9 por isso que os centros historicos de Gaia, Matosinhos, para dar dois exemplos que conhe\u00e7o, est\u00e3o muito melhor que o Porto.<\/p>\n<p>Tamb\u00e9m o argumento da legisla\u00e7\u00e3o, esse entrave que emperra toda a nossa sociedade e que aparentemente s\u00f3 se resolve com mais legisla\u00e7\u00e3o, fica um pouco fragilizado quando olhamos por exemplo para Guimar\u00e3es. Que lei especial conseguiram eles para a sua cidade que lhes permitiu uma renova\u00e7\u00e3o urbana elogiada por todos?<\/p>\n<p>Acho que nenhuma, o segredo, segundo <a href=\"http:\/\/www.oportoemconversa.com\/2010\/03\/25\/olhares-cruzados-sobre-o-porto-vii-%E2%80%93-eduardo-souto-moura\/\">Souto Moura<\/a> \u00e9 que a reabilita\u00e7\u00e3o s\u00f3 se consegue com bons t\u00e9cnicos e com uma fort\u00edssima vontade pol\u00edtica, como houve por exemplo com a reconstru\u00e7\u00e3o do Chiado.<\/p>\n<p>(publicado tamb\u00e9m no <a href=\"http:\/\/www.aventar.eu\/2010\/05\/05\/a-destruicao-das-cidades\/\">Aventar<\/a>)<\/p>\n","protected":false},"excerpt":{"rendered":"<p>Dizia Paulo Morais h\u00e1 cerca de um ano que &#8220;\u00e9 evidente que as pessoas v\u00e3o para os shoppings porque eles t\u00eam hoje as condi\u00e7\u00f5es de urbanidade que as cidades j\u00e1 n\u00e3o lhes d\u00e3o, onde h\u00e1 manuten\u00e7\u00e3o, onde h\u00e1 limpeza, onde h\u00e1 seguran\u00e7a, onde h\u00e1 parqueamente, etc., onde h\u00e1 vivencialidade urbana&#8220;. Os excelentes trabalhos de Nuno [&hellip;]<\/p>\n","protected":false},"author":1,"featured_media":0,"comment_status":"open","ping_status":"open","sticky":false,"template":"","format":"standard","meta":{"footnotes":""},"categories":[8],"tags":[80],"class_list":["post-1774","post","type-post","status-publish","format-standard","hentry","category-opiniao-2","tag-aventar"],"yoast_head":"<!-- This site is optimized with the Yoast SEO plugin v27.5 - https:\/\/yoast.com\/product\/yoast-seo-wordpress\/ -->\n<title>A destrui\u00e7\u00e3o das cidades - Os Meus Apontamentos<\/title>\n<meta name=\"robots\" content=\"index, follow, max-snippet:-1, max-image-preview:large, max-video-preview:-1\" \/>\n<link rel=\"canonical\" href=\"https:\/\/osmeusapontamentos.com\/index.php\/2010\/05\/07\/a-destruicao-das-cidades\/\" \/>\n<meta property=\"og:locale\" content=\"pt_PT\" \/>\n<meta property=\"og:type\" content=\"article\" \/>\n<meta property=\"og:title\" content=\"A destrui\u00e7\u00e3o das cidades - Os Meus Apontamentos\" \/>\n<meta property=\"og:description\" content=\"Dizia Paulo Morais h\u00e1 cerca de um ano que &#8220;\u00e9 evidente que as pessoas v\u00e3o para os shoppings porque eles t\u00eam hoje as condi\u00e7\u00f5es de urbanidade que as cidades j\u00e1 n\u00e3o lhes d\u00e3o, onde h\u00e1 manuten\u00e7\u00e3o, onde h\u00e1 limpeza, onde h\u00e1 seguran\u00e7a, onde h\u00e1 parqueamente, etc., onde h\u00e1 vivencialidade urbana&#8220;. Os excelentes trabalhos de Nuno [&hellip;]\" \/>\n<meta property=\"og:url\" content=\"https:\/\/osmeusapontamentos.com\/index.php\/2010\/05\/07\/a-destruicao-das-cidades\/\" \/>\n<meta property=\"og:site_name\" content=\"Os Meus Apontamentos\" \/>\n<meta property=\"article:published_time\" content=\"2010-05-07T13:00:43+00:00\" \/>\n<meta name=\"author\" content=\"Vitor Silva\" \/>\n<meta name=\"twitter:card\" content=\"summary_large_image\" \/>\n<meta name=\"twitter:creator\" content=\"@vitorsilva\" \/>\n<meta name=\"twitter:site\" content=\"@vitorsilva\" \/>\n<meta name=\"twitter:label1\" content=\"Escrito por\" \/>\n\t<meta name=\"twitter:data1\" content=\"Vitor Silva\" \/>\n\t<meta name=\"twitter:label2\" content=\"Tempo estimado de leitura\" \/>\n\t<meta name=\"twitter:data2\" content=\"2 minutos\" \/>\n<script type=\"application\/ld+json\" class=\"yoast-schema-graph\">{\"@context\":\"https:\\\/\\\/schema.org\",\"@graph\":[{\"@type\":\"Article\",\"@id\":\"https:\\\/\\\/osmeusapontamentos.com\\\/index.php\\\/2010\\\/05\\\/07\\\/a-destruicao-das-cidades\\\/#article\",\"isPartOf\":{\"@id\":\"https:\\\/\\\/osmeusapontamentos.com\\\/index.php\\\/2010\\\/05\\\/07\\\/a-destruicao-das-cidades\\\/\"},\"author\":{\"name\":\"Vitor Silva\",\"@id\":\"https:\\\/\\\/osmeusapontamentos.com\\\/#\\\/schema\\\/person\\\/d508df9c3ffc8b4e64a18dbf0ba18dd8\"},\"headline\":\"A destrui\u00e7\u00e3o das cidades\",\"datePublished\":\"2010-05-07T13:00:43+00:00\",\"mainEntityOfPage\":{\"@id\":\"https:\\\/\\\/osmeusapontamentos.com\\\/index.php\\\/2010\\\/05\\\/07\\\/a-destruicao-das-cidades\\\/\"},\"wordCount\":341,\"commentCount\":0,\"publisher\":{\"@id\":\"https:\\\/\\\/osmeusapontamentos.com\\\/#\\\/schema\\\/person\\\/d508df9c3ffc8b4e64a18dbf0ba18dd8\"},\"image\":{\"@id\":\"https:\\\/\\\/osmeusapontamentos.com\\\/index.php\\\/2010\\\/05\\\/07\\\/a-destruicao-das-cidades\\\/#primaryimage\"},\"thumbnailUrl\":\"http:\\\/\\\/www.aventar.eu\\\/aventar\\\/wp-content\\\/uploads\\\/2010\\\/05\\\/SL371785.jpg\",\"keywords\":[\"aventar\"],\"articleSection\":[\"Opini\u00e3o\"],\"inLanguage\":\"pt-PT\",\"potentialAction\":[{\"@type\":\"CommentAction\",\"name\":\"Comment\",\"target\":[\"https:\\\/\\\/osmeusapontamentos.com\\\/index.php\\\/2010\\\/05\\\/07\\\/a-destruicao-das-cidades\\\/#respond\"]}]},{\"@type\":\"WebPage\",\"@id\":\"https:\\\/\\\/osmeusapontamentos.com\\\/index.php\\\/2010\\\/05\\\/07\\\/a-destruicao-das-cidades\\\/\",\"url\":\"https:\\\/\\\/osmeusapontamentos.com\\\/index.php\\\/2010\\\/05\\\/07\\\/a-destruicao-das-cidades\\\/\",\"name\":\"A destrui\u00e7\u00e3o das cidades - Os Meus Apontamentos\",\"isPartOf\":{\"@id\":\"https:\\\/\\\/osmeusapontamentos.com\\\/#website\"},\"primaryImageOfPage\":{\"@id\":\"https:\\\/\\\/osmeusapontamentos.com\\\/index.php\\\/2010\\\/05\\\/07\\\/a-destruicao-das-cidades\\\/#primaryimage\"},\"image\":{\"@id\":\"https:\\\/\\\/osmeusapontamentos.com\\\/index.php\\\/2010\\\/05\\\/07\\\/a-destruicao-das-cidades\\\/#primaryimage\"},\"thumbnailUrl\":\"http:\\\/\\\/www.aventar.eu\\\/aventar\\\/wp-content\\\/uploads\\\/2010\\\/05\\\/SL371785.jpg\",\"datePublished\":\"2010-05-07T13:00:43+00:00\",\"breadcrumb\":{\"@id\":\"https:\\\/\\\/osmeusapontamentos.com\\\/index.php\\\/2010\\\/05\\\/07\\\/a-destruicao-das-cidades\\\/#breadcrumb\"},\"inLanguage\":\"pt-PT\",\"potentialAction\":[{\"@type\":\"ReadAction\",\"target\":[\"https:\\\/\\\/osmeusapontamentos.com\\\/index.php\\\/2010\\\/05\\\/07\\\/a-destruicao-das-cidades\\\/\"]}]},{\"@type\":\"ImageObject\",\"inLanguage\":\"pt-PT\",\"@id\":\"https:\\\/\\\/osmeusapontamentos.com\\\/index.php\\\/2010\\\/05\\\/07\\\/a-destruicao-das-cidades\\\/#primaryimage\",\"url\":\"http:\\\/\\\/www.aventar.eu\\\/aventar\\\/wp-content\\\/uploads\\\/2010\\\/05\\\/SL371785.jpg\",\"contentUrl\":\"http:\\\/\\\/www.aventar.eu\\\/aventar\\\/wp-content\\\/uploads\\\/2010\\\/05\\\/SL371785.jpg\"},{\"@type\":\"BreadcrumbList\",\"@id\":\"https:\\\/\\\/osmeusapontamentos.com\\\/index.php\\\/2010\\\/05\\\/07\\\/a-destruicao-das-cidades\\\/#breadcrumb\",\"itemListElement\":[{\"@type\":\"ListItem\",\"position\":1,\"name\":\"In\u00edcio\",\"item\":\"https:\\\/\\\/osmeusapontamentos.com\\\/\"},{\"@type\":\"ListItem\",\"position\":2,\"name\":\"A destrui\u00e7\u00e3o das cidades\"}]},{\"@type\":\"WebSite\",\"@id\":\"https:\\\/\\\/osmeusapontamentos.com\\\/#website\",\"url\":\"https:\\\/\\\/osmeusapontamentos.com\\\/\",\"name\":\"Os Meus Apontamentos\",\"description\":\"\",\"publisher\":{\"@id\":\"https:\\\/\\\/osmeusapontamentos.com\\\/#\\\/schema\\\/person\\\/d508df9c3ffc8b4e64a18dbf0ba18dd8\"},\"potentialAction\":[{\"@type\":\"SearchAction\",\"target\":{\"@type\":\"EntryPoint\",\"urlTemplate\":\"https:\\\/\\\/osmeusapontamentos.com\\\/?s={search_term_string}\"},\"query-input\":{\"@type\":\"PropertyValueSpecification\",\"valueRequired\":true,\"valueName\":\"search_term_string\"}}],\"inLanguage\":\"pt-PT\"},{\"@type\":[\"Person\",\"Organization\"],\"@id\":\"https:\\\/\\\/osmeusapontamentos.com\\\/#\\\/schema\\\/person\\\/d508df9c3ffc8b4e64a18dbf0ba18dd8\",\"name\":\"Vitor Silva\",\"image\":{\"@type\":\"ImageObject\",\"inLanguage\":\"pt-PT\",\"@id\":\"https:\\\/\\\/secure.gravatar.com\\\/avatar\\\/f81f58ad909e8a213ab0a690f6ed65e5c0e0e2274bf35ac49ff31d7988d483ce?s=96&d=mm&r=g\",\"url\":\"https:\\\/\\\/secure.gravatar.com\\\/avatar\\\/f81f58ad909e8a213ab0a690f6ed65e5c0e0e2274bf35ac49ff31d7988d483ce?s=96&d=mm&r=g\",\"contentUrl\":\"https:\\\/\\\/secure.gravatar.com\\\/avatar\\\/f81f58ad909e8a213ab0a690f6ed65e5c0e0e2274bf35ac49ff31d7988d483ce?s=96&d=mm&r=g\",\"caption\":\"Vitor Silva\"},\"logo\":{\"@id\":\"https:\\\/\\\/secure.gravatar.com\\\/avatar\\\/f81f58ad909e8a213ab0a690f6ed65e5c0e0e2274bf35ac49ff31d7988d483ce?s=96&d=mm&r=g\"},\"sameAs\":[\"https:\\\/\\\/www.linkedin.com\\\/in\\\/vitormrsilva\",\"https:\\\/\\\/x.com\\\/vitorsilva\"]}]}<\/script>\n<!-- \/ Yoast SEO plugin. -->","yoast_head_json":{"title":"A destrui\u00e7\u00e3o das cidades - Os Meus Apontamentos","robots":{"index":"index","follow":"follow","max-snippet":"max-snippet:-1","max-image-preview":"max-image-preview:large","max-video-preview":"max-video-preview:-1"},"canonical":"https:\/\/osmeusapontamentos.com\/index.php\/2010\/05\/07\/a-destruicao-das-cidades\/","og_locale":"pt_PT","og_type":"article","og_title":"A destrui\u00e7\u00e3o das cidades - Os Meus Apontamentos","og_description":"Dizia Paulo Morais h\u00e1 cerca de um ano que &#8220;\u00e9 evidente que as pessoas v\u00e3o para os shoppings porque eles t\u00eam hoje as condi\u00e7\u00f5es de urbanidade que as cidades j\u00e1 n\u00e3o lhes d\u00e3o, onde h\u00e1 manuten\u00e7\u00e3o, onde h\u00e1 limpeza, onde h\u00e1 seguran\u00e7a, onde h\u00e1 parqueamente, etc., onde h\u00e1 vivencialidade urbana&#8220;. Os excelentes trabalhos de Nuno [&hellip;]","og_url":"https:\/\/osmeusapontamentos.com\/index.php\/2010\/05\/07\/a-destruicao-das-cidades\/","og_site_name":"Os Meus Apontamentos","article_published_time":"2010-05-07T13:00:43+00:00","author":"Vitor Silva","twitter_card":"summary_large_image","twitter_creator":"@vitorsilva","twitter_site":"@vitorsilva","twitter_misc":{"Escrito por":"Vitor Silva","Tempo estimado de leitura":"2 minutos"},"schema":{"@context":"https:\/\/schema.org","@graph":[{"@type":"Article","@id":"https:\/\/osmeusapontamentos.com\/index.php\/2010\/05\/07\/a-destruicao-das-cidades\/#article","isPartOf":{"@id":"https:\/\/osmeusapontamentos.com\/index.php\/2010\/05\/07\/a-destruicao-das-cidades\/"},"author":{"name":"Vitor Silva","@id":"https:\/\/osmeusapontamentos.com\/#\/schema\/person\/d508df9c3ffc8b4e64a18dbf0ba18dd8"},"headline":"A destrui\u00e7\u00e3o das cidades","datePublished":"2010-05-07T13:00:43+00:00","mainEntityOfPage":{"@id":"https:\/\/osmeusapontamentos.com\/index.php\/2010\/05\/07\/a-destruicao-das-cidades\/"},"wordCount":341,"commentCount":0,"publisher":{"@id":"https:\/\/osmeusapontamentos.com\/#\/schema\/person\/d508df9c3ffc8b4e64a18dbf0ba18dd8"},"image":{"@id":"https:\/\/osmeusapontamentos.com\/index.php\/2010\/05\/07\/a-destruicao-das-cidades\/#primaryimage"},"thumbnailUrl":"http:\/\/www.aventar.eu\/aventar\/wp-content\/uploads\/2010\/05\/SL371785.jpg","keywords":["aventar"],"articleSection":["Opini\u00e3o"],"inLanguage":"pt-PT","potentialAction":[{"@type":"CommentAction","name":"Comment","target":["https:\/\/osmeusapontamentos.com\/index.php\/2010\/05\/07\/a-destruicao-das-cidades\/#respond"]}]},{"@type":"WebPage","@id":"https:\/\/osmeusapontamentos.com\/index.php\/2010\/05\/07\/a-destruicao-das-cidades\/","url":"https:\/\/osmeusapontamentos.com\/index.php\/2010\/05\/07\/a-destruicao-das-cidades\/","name":"A destrui\u00e7\u00e3o das cidades - Os Meus Apontamentos","isPartOf":{"@id":"https:\/\/osmeusapontamentos.com\/#website"},"primaryImageOfPage":{"@id":"https:\/\/osmeusapontamentos.com\/index.php\/2010\/05\/07\/a-destruicao-das-cidades\/#primaryimage"},"image":{"@id":"https:\/\/osmeusapontamentos.com\/index.php\/2010\/05\/07\/a-destruicao-das-cidades\/#primaryimage"},"thumbnailUrl":"http:\/\/www.aventar.eu\/aventar\/wp-content\/uploads\/2010\/05\/SL371785.jpg","datePublished":"2010-05-07T13:00:43+00:00","breadcrumb":{"@id":"https:\/\/osmeusapontamentos.com\/index.php\/2010\/05\/07\/a-destruicao-das-cidades\/#breadcrumb"},"inLanguage":"pt-PT","potentialAction":[{"@type":"ReadAction","target":["https:\/\/osmeusapontamentos.com\/index.php\/2010\/05\/07\/a-destruicao-das-cidades\/"]}]},{"@type":"ImageObject","inLanguage":"pt-PT","@id":"https:\/\/osmeusapontamentos.com\/index.php\/2010\/05\/07\/a-destruicao-das-cidades\/#primaryimage","url":"http:\/\/www.aventar.eu\/aventar\/wp-content\/uploads\/2010\/05\/SL371785.jpg","contentUrl":"http:\/\/www.aventar.eu\/aventar\/wp-content\/uploads\/2010\/05\/SL371785.jpg"},{"@type":"BreadcrumbList","@id":"https:\/\/osmeusapontamentos.com\/index.php\/2010\/05\/07\/a-destruicao-das-cidades\/#breadcrumb","itemListElement":[{"@type":"ListItem","position":1,"name":"In\u00edcio","item":"https:\/\/osmeusapontamentos.com\/"},{"@type":"ListItem","position":2,"name":"A destrui\u00e7\u00e3o das cidades"}]},{"@type":"WebSite","@id":"https:\/\/osmeusapontamentos.com\/#website","url":"https:\/\/osmeusapontamentos.com\/","name":"Os Meus Apontamentos","description":"","publisher":{"@id":"https:\/\/osmeusapontamentos.com\/#\/schema\/person\/d508df9c3ffc8b4e64a18dbf0ba18dd8"},"potentialAction":[{"@type":"SearchAction","target":{"@type":"EntryPoint","urlTemplate":"https:\/\/osmeusapontamentos.com\/?s={search_term_string}"},"query-input":{"@type":"PropertyValueSpecification","valueRequired":true,"valueName":"search_term_string"}}],"inLanguage":"pt-PT"},{"@type":["Person","Organization"],"@id":"https:\/\/osmeusapontamentos.com\/#\/schema\/person\/d508df9c3ffc8b4e64a18dbf0ba18dd8","name":"Vitor Silva","image":{"@type":"ImageObject","inLanguage":"pt-PT","@id":"https:\/\/secure.gravatar.com\/avatar\/f81f58ad909e8a213ab0a690f6ed65e5c0e0e2274bf35ac49ff31d7988d483ce?s=96&d=mm&r=g","url":"https:\/\/secure.gravatar.com\/avatar\/f81f58ad909e8a213ab0a690f6ed65e5c0e0e2274bf35ac49ff31d7988d483ce?s=96&d=mm&r=g","contentUrl":"https:\/\/secure.gravatar.com\/avatar\/f81f58ad909e8a213ab0a690f6ed65e5c0e0e2274bf35ac49ff31d7988d483ce?s=96&d=mm&r=g","caption":"Vitor Silva"},"logo":{"@id":"https:\/\/secure.gravatar.com\/avatar\/f81f58ad909e8a213ab0a690f6ed65e5c0e0e2274bf35ac49ff31d7988d483ce?s=96&d=mm&r=g"},"sameAs":["https:\/\/www.linkedin.com\/in\/vitormrsilva","https:\/\/x.com\/vitorsilva"]}]}},"_links":{"self":[{"href":"https:\/\/osmeusapontamentos.com\/index.php\/wp-json\/wp\/v2\/posts\/1774","targetHints":{"allow":["GET"]}}],"collection":[{"href":"https:\/\/osmeusapontamentos.com\/index.php\/wp-json\/wp\/v2\/posts"}],"about":[{"href":"https:\/\/osmeusapontamentos.com\/index.php\/wp-json\/wp\/v2\/types\/post"}],"author":[{"embeddable":true,"href":"https:\/\/osmeusapontamentos.com\/index.php\/wp-json\/wp\/v2\/users\/1"}],"replies":[{"embeddable":true,"href":"https:\/\/osmeusapontamentos.com\/index.php\/wp-json\/wp\/v2\/comments?post=1774"}],"version-history":[{"count":0,"href":"https:\/\/osmeusapontamentos.com\/index.php\/wp-json\/wp\/v2\/posts\/1774\/revisions"}],"wp:attachment":[{"href":"https:\/\/osmeusapontamentos.com\/index.php\/wp-json\/wp\/v2\/media?parent=1774"}],"wp:term":[{"taxonomy":"category","embeddable":true,"href":"https:\/\/osmeusapontamentos.com\/index.php\/wp-json\/wp\/v2\/categories?post=1774"},{"taxonomy":"post_tag","embeddable":true,"href":"https:\/\/osmeusapontamentos.com\/index.php\/wp-json\/wp\/v2\/tags?post=1774"}],"curies":[{"name":"wp","href":"https:\/\/api.w.org\/{rel}","templated":true}]}}