{"id":1758,"date":"2010-04-29T21:09:33","date_gmt":"2010-04-29T21:09:33","guid":{"rendered":"http:\/\/osmeusapontamentos.com\/?p=1758"},"modified":"2010-04-29T21:09:33","modified_gmt":"2010-04-29T21:09:33","slug":"o-porto-em-conversa-especial-portic","status":"publish","type":"post","link":"https:\/\/osmeusapontamentos.com\/index.php\/2010\/04\/29\/o-porto-em-conversa-especial-portic\/","title":{"rendered":"O Porto em Conversa &#8211; especial Portic"},"content":{"rendered":"<p>A semana passada realizou-se o evento Orsund@Portic, um evento realizado pela Portic, think-tank para a internacionaliza\u00e7\u00e3o portuguesa.<br \/>\nNo seguimento desse evento falei com <a href=\"http:\/\/www.oportoemconversa.com\/2010\/04\/27\/oresundportic-micael-gustafsson\/\">Micael Gustafsson<\/a>, Managing Director da Oresund IT sobre as ind\u00fastrias portuguesas de IT e como elas poder\u00e3o contribuir para a cria\u00e7\u00e3o de um novo paradigma das exporta\u00e7\u00f5es portuguesas.<br \/>\nFoi interessante at\u00e9 porque ele referiu quase ipsis verbis o que Cavavo Silva apontou posteriormente no seu discurso do 25 de Abril, a inova\u00e7\u00e3o, as ind\u00fastrias ligadas ao mar, a necessidade de exportar.<br \/>\nFalei tamb\u00e9m com <a href=\"http:\/\/www.oportoemconversa.com\/2010\/04\/27\/oresundportic-pedro-castro-henriques\/\">Pedro Castro Henriques<\/a>, presidente da Portic, que me descreveu quer a estrat\u00e9gia quer os projectos futuros da Portic.<\/p>\n<p>Estas duas semanas foram essencialmente dedicadas \u00e0 economia j\u00e1 que incluiram tamb\u00e9m a publica\u00e7\u00e3o das interven\u00e7\u00f5es da 3\u00aa sess\u00e3o dos <a href=\"http:\/\/www.oportoemconversa.com\/category\/olhares-cruzados-sobre-o-porto\/\">Olhares Cruzados<\/a> com a participa\u00e7\u00e3o de <a href=\"http:\/\/www.oportoemconversa.com\/2010\/04\/20\/olhares-cruzados-sobre-o-porto-vii-%e2%80%93-vieira-da-silva\/\">Vieira da Silva<\/a>, <a href=\"http:\/\/www.oportoemconversa.com\/2010\/04\/20\/olhares-cruzados-sobre-o-porto-vii-%e2%80%93-daniel-bessa\/\">Daniel Bessa<\/a> e <a href=\"http:\/\/www.oportoemconversa.com\/2010\/04\/22\/olhares-cruzados-sobre-o-porto-vii-%e2%80%93-jose-antonio-barros\/\">Jos\u00e9 Ant\u00f3nio Barros<\/a> que falaram sobre a economia do pa\u00eds e essencialmente do norte, desde a necessidade de dar mais enfoque \u00e0 cria\u00e7\u00e3o de riqueza e n\u00e3o tanto \u00e0 cria\u00e7\u00e3o de emprego (Daniel Bessa) ou a perpectiva de diversifica\u00e7\u00e3o de mercados e necessidade do pa\u00eds conseguir conviver com as ind\u00fastrias tradicionais que ainda mant\u00e9m (Jos\u00e9 Ant\u00f3nio Barros).<\/p>\n<p>Mais novidades nas pr\u00f3ximas semanas, por isso continuem atentos ao blog e divulguem tamb\u00e9m o podcast<br \/>\nTamb\u00e9m no <a href=\"http:\/\/www.facebook.com\/home.php?#!\/pages\/Porto\/O-Porto-em-Conversa\/386422254202?ref=ts\">facebook<\/a><\/p>\n","protected":false},"excerpt":{"rendered":"<p>A semana passada realizou-se o evento Orsund@Portic, um evento realizado pela Portic, think-tank para a internacionaliza\u00e7\u00e3o portuguesa. No seguimento desse evento falei com Micael Gustafsson, Managing Director da Oresund IT sobre as ind\u00fastrias portuguesas de IT e como elas poder\u00e3o contribuir para a cria\u00e7\u00e3o de um novo paradigma das exporta\u00e7\u00f5es portuguesas. Foi interessante at\u00e9 porque [&hellip;]<\/p>\n","protected":false},"author":1,"featured_media":0,"comment_status":"open","ping_status":"open","sticky":false,"template":"","format":"standard","meta":{"footnotes":""},"categories":[7],"tags":[184,344,413,463,494,523,671],"class_list":["post-1758","post","type-post","status-publish","format-standard","hentry","category-ler-ver-ouvir-passear","tag-daniel-bessa","tag-jose-antonio-barros","tag-micael-gustafsson","tag-olhares-cruzados","tag-pedro-castro-henriques","tag-portic","tag-vieira-da-silva"],"yoast_head":"<!-- This site is optimized with the Yoast SEO plugin v27.5 - https:\/\/yoast.com\/product\/yoast-seo-wordpress\/ -->\n<title>O Porto em Conversa - especial Portic - Os Meus Apontamentos<\/title>\n<meta name=\"robots\" content=\"index, follow, max-snippet:-1, max-image-preview:large, max-video-preview:-1\" \/>\n<link rel=\"canonical\" href=\"https:\/\/osmeusapontamentos.com\/index.php\/2010\/04\/29\/o-porto-em-conversa-especial-portic\/\" \/>\n<meta property=\"og:locale\" content=\"pt_PT\" \/>\n<meta property=\"og:type\" content=\"article\" \/>\n<meta property=\"og:title\" content=\"O Porto em Conversa - especial Portic - Os Meus Apontamentos\" \/>\n<meta property=\"og:description\" content=\"A semana passada realizou-se o evento Orsund@Portic, um evento realizado pela Portic, think-tank para a internacionaliza\u00e7\u00e3o portuguesa. No seguimento desse evento falei com Micael Gustafsson, Managing Director da Oresund IT sobre as ind\u00fastrias portuguesas de IT e como elas poder\u00e3o contribuir para a cria\u00e7\u00e3o de um novo paradigma das exporta\u00e7\u00f5es portuguesas. Foi interessante at\u00e9 porque [&hellip;]\" \/>\n<meta property=\"og:url\" content=\"https:\/\/osmeusapontamentos.com\/index.php\/2010\/04\/29\/o-porto-em-conversa-especial-portic\/\" \/>\n<meta property=\"og:site_name\" content=\"Os Meus Apontamentos\" \/>\n<meta property=\"article:published_time\" content=\"2010-04-29T21:09:33+00:00\" \/>\n<meta name=\"author\" content=\"Vitor Silva\" \/>\n<meta name=\"twitter:card\" content=\"summary_large_image\" \/>\n<meta name=\"twitter:creator\" content=\"@vitorsilva\" \/>\n<meta name=\"twitter:site\" content=\"@vitorsilva\" \/>\n<meta name=\"twitter:label1\" content=\"Escrito por\" \/>\n\t<meta name=\"twitter:data1\" content=\"Vitor Silva\" \/>\n\t<meta name=\"twitter:label2\" content=\"Tempo estimado de leitura\" \/>\n\t<meta name=\"twitter:data2\" content=\"1 minuto\" \/>\n<script type=\"application\/ld+json\" class=\"yoast-schema-graph\">{\"@context\":\"https:\\\/\\\/schema.org\",\"@graph\":[{\"@type\":\"Article\",\"@id\":\"https:\\\/\\\/osmeusapontamentos.com\\\/index.php\\\/2010\\\/04\\\/29\\\/o-porto-em-conversa-especial-portic\\\/#article\",\"isPartOf\":{\"@id\":\"https:\\\/\\\/osmeusapontamentos.com\\\/index.php\\\/2010\\\/04\\\/29\\\/o-porto-em-conversa-especial-portic\\\/\"},\"author\":{\"name\":\"Vitor Silva\",\"@id\":\"https:\\\/\\\/osmeusapontamentos.com\\\/#\\\/schema\\\/person\\\/d508df9c3ffc8b4e64a18dbf0ba18dd8\"},\"headline\":\"O Porto em Conversa &#8211; especial Portic\",\"datePublished\":\"2010-04-29T21:09:33+00:00\",\"mainEntityOfPage\":{\"@id\":\"https:\\\/\\\/osmeusapontamentos.com\\\/index.php\\\/2010\\\/04\\\/29\\\/o-porto-em-conversa-especial-portic\\\/\"},\"wordCount\":243,\"commentCount\":0,\"publisher\":{\"@id\":\"https:\\\/\\\/osmeusapontamentos.com\\\/#\\\/schema\\\/person\\\/d508df9c3ffc8b4e64a18dbf0ba18dd8\"},\"keywords\":[\"daniel bessa\",\"jose antonio barros\",\"micael gustafsson\",\"olhares cruzados\",\"pedro castro henriques\",\"portic\",\"vieira da silva\"],\"articleSection\":[\"Ler\\\/ Ver\\\/ Ouvir\\\/ Passear\"],\"inLanguage\":\"pt-PT\",\"potentialAction\":[{\"@type\":\"CommentAction\",\"name\":\"Comment\",\"target\":[\"https:\\\/\\\/osmeusapontamentos.com\\\/index.php\\\/2010\\\/04\\\/29\\\/o-porto-em-conversa-especial-portic\\\/#respond\"]}]},{\"@type\":\"WebPage\",\"@id\":\"https:\\\/\\\/osmeusapontamentos.com\\\/index.php\\\/2010\\\/04\\\/29\\\/o-porto-em-conversa-especial-portic\\\/\",\"url\":\"https:\\\/\\\/osmeusapontamentos.com\\\/index.php\\\/2010\\\/04\\\/29\\\/o-porto-em-conversa-especial-portic\\\/\",\"name\":\"O Porto em Conversa - especial Portic - Os Meus Apontamentos\",\"isPartOf\":{\"@id\":\"https:\\\/\\\/osmeusapontamentos.com\\\/#website\"},\"datePublished\":\"2010-04-29T21:09:33+00:00\",\"breadcrumb\":{\"@id\":\"https:\\\/\\\/osmeusapontamentos.com\\\/index.php\\\/2010\\\/04\\\/29\\\/o-porto-em-conversa-especial-portic\\\/#breadcrumb\"},\"inLanguage\":\"pt-PT\",\"potentialAction\":[{\"@type\":\"ReadAction\",\"target\":[\"https:\\\/\\\/osmeusapontamentos.com\\\/index.php\\\/2010\\\/04\\\/29\\\/o-porto-em-conversa-especial-portic\\\/\"]}]},{\"@type\":\"BreadcrumbList\",\"@id\":\"https:\\\/\\\/osmeusapontamentos.com\\\/index.php\\\/2010\\\/04\\\/29\\\/o-porto-em-conversa-especial-portic\\\/#breadcrumb\",\"itemListElement\":[{\"@type\":\"ListItem\",\"position\":1,\"name\":\"In\u00edcio\",\"item\":\"https:\\\/\\\/osmeusapontamentos.com\\\/\"},{\"@type\":\"ListItem\",\"position\":2,\"name\":\"O Porto em Conversa &#8211; especial Portic\"}]},{\"@type\":\"WebSite\",\"@id\":\"https:\\\/\\\/osmeusapontamentos.com\\\/#website\",\"url\":\"https:\\\/\\\/osmeusapontamentos.com\\\/\",\"name\":\"Os Meus Apontamentos\",\"description\":\"\",\"publisher\":{\"@id\":\"https:\\\/\\\/osmeusapontamentos.com\\\/#\\\/schema\\\/person\\\/d508df9c3ffc8b4e64a18dbf0ba18dd8\"},\"potentialAction\":[{\"@type\":\"SearchAction\",\"target\":{\"@type\":\"EntryPoint\",\"urlTemplate\":\"https:\\\/\\\/osmeusapontamentos.com\\\/?s={search_term_string}\"},\"query-input\":{\"@type\":\"PropertyValueSpecification\",\"valueRequired\":true,\"valueName\":\"search_term_string\"}}],\"inLanguage\":\"pt-PT\"},{\"@type\":[\"Person\",\"Organization\"],\"@id\":\"https:\\\/\\\/osmeusapontamentos.com\\\/#\\\/schema\\\/person\\\/d508df9c3ffc8b4e64a18dbf0ba18dd8\",\"name\":\"Vitor Silva\",\"image\":{\"@type\":\"ImageObject\",\"inLanguage\":\"pt-PT\",\"@id\":\"https:\\\/\\\/secure.gravatar.com\\\/avatar\\\/f81f58ad909e8a213ab0a690f6ed65e5c0e0e2274bf35ac49ff31d7988d483ce?s=96&d=mm&r=g\",\"url\":\"https:\\\/\\\/secure.gravatar.com\\\/avatar\\\/f81f58ad909e8a213ab0a690f6ed65e5c0e0e2274bf35ac49ff31d7988d483ce?s=96&d=mm&r=g\",\"contentUrl\":\"https:\\\/\\\/secure.gravatar.com\\\/avatar\\\/f81f58ad909e8a213ab0a690f6ed65e5c0e0e2274bf35ac49ff31d7988d483ce?s=96&d=mm&r=g\",\"caption\":\"Vitor Silva\"},\"logo\":{\"@id\":\"https:\\\/\\\/secure.gravatar.com\\\/avatar\\\/f81f58ad909e8a213ab0a690f6ed65e5c0e0e2274bf35ac49ff31d7988d483ce?s=96&d=mm&r=g\"},\"sameAs\":[\"https:\\\/\\\/www.linkedin.com\\\/in\\\/vitormrsilva\",\"https:\\\/\\\/x.com\\\/vitorsilva\"]}]}<\/script>\n<!-- \/ Yoast SEO plugin. -->","yoast_head_json":{"title":"O Porto em Conversa - especial Portic - Os Meus Apontamentos","robots":{"index":"index","follow":"follow","max-snippet":"max-snippet:-1","max-image-preview":"max-image-preview:large","max-video-preview":"max-video-preview:-1"},"canonical":"https:\/\/osmeusapontamentos.com\/index.php\/2010\/04\/29\/o-porto-em-conversa-especial-portic\/","og_locale":"pt_PT","og_type":"article","og_title":"O Porto em Conversa - especial Portic - Os Meus Apontamentos","og_description":"A semana passada realizou-se o evento Orsund@Portic, um evento realizado pela Portic, think-tank para a internacionaliza\u00e7\u00e3o portuguesa. No seguimento desse evento falei com Micael Gustafsson, Managing Director da Oresund IT sobre as ind\u00fastrias portuguesas de IT e como elas poder\u00e3o contribuir para a cria\u00e7\u00e3o de um novo paradigma das exporta\u00e7\u00f5es portuguesas. Foi interessante at\u00e9 porque [&hellip;]","og_url":"https:\/\/osmeusapontamentos.com\/index.php\/2010\/04\/29\/o-porto-em-conversa-especial-portic\/","og_site_name":"Os Meus Apontamentos","article_published_time":"2010-04-29T21:09:33+00:00","author":"Vitor Silva","twitter_card":"summary_large_image","twitter_creator":"@vitorsilva","twitter_site":"@vitorsilva","twitter_misc":{"Escrito por":"Vitor Silva","Tempo estimado de leitura":"1 minuto"},"schema":{"@context":"https:\/\/schema.org","@graph":[{"@type":"Article","@id":"https:\/\/osmeusapontamentos.com\/index.php\/2010\/04\/29\/o-porto-em-conversa-especial-portic\/#article","isPartOf":{"@id":"https:\/\/osmeusapontamentos.com\/index.php\/2010\/04\/29\/o-porto-em-conversa-especial-portic\/"},"author":{"name":"Vitor Silva","@id":"https:\/\/osmeusapontamentos.com\/#\/schema\/person\/d508df9c3ffc8b4e64a18dbf0ba18dd8"},"headline":"O Porto em Conversa &#8211; especial Portic","datePublished":"2010-04-29T21:09:33+00:00","mainEntityOfPage":{"@id":"https:\/\/osmeusapontamentos.com\/index.php\/2010\/04\/29\/o-porto-em-conversa-especial-portic\/"},"wordCount":243,"commentCount":0,"publisher":{"@id":"https:\/\/osmeusapontamentos.com\/#\/schema\/person\/d508df9c3ffc8b4e64a18dbf0ba18dd8"},"keywords":["daniel bessa","jose antonio barros","micael gustafsson","olhares cruzados","pedro castro henriques","portic","vieira da silva"],"articleSection":["Ler\/ Ver\/ Ouvir\/ Passear"],"inLanguage":"pt-PT","potentialAction":[{"@type":"CommentAction","name":"Comment","target":["https:\/\/osmeusapontamentos.com\/index.php\/2010\/04\/29\/o-porto-em-conversa-especial-portic\/#respond"]}]},{"@type":"WebPage","@id":"https:\/\/osmeusapontamentos.com\/index.php\/2010\/04\/29\/o-porto-em-conversa-especial-portic\/","url":"https:\/\/osmeusapontamentos.com\/index.php\/2010\/04\/29\/o-porto-em-conversa-especial-portic\/","name":"O Porto em Conversa - especial Portic - Os Meus Apontamentos","isPartOf":{"@id":"https:\/\/osmeusapontamentos.com\/#website"},"datePublished":"2010-04-29T21:09:33+00:00","breadcrumb":{"@id":"https:\/\/osmeusapontamentos.com\/index.php\/2010\/04\/29\/o-porto-em-conversa-especial-portic\/#breadcrumb"},"inLanguage":"pt-PT","potentialAction":[{"@type":"ReadAction","target":["https:\/\/osmeusapontamentos.com\/index.php\/2010\/04\/29\/o-porto-em-conversa-especial-portic\/"]}]},{"@type":"BreadcrumbList","@id":"https:\/\/osmeusapontamentos.com\/index.php\/2010\/04\/29\/o-porto-em-conversa-especial-portic\/#breadcrumb","itemListElement":[{"@type":"ListItem","position":1,"name":"In\u00edcio","item":"https:\/\/osmeusapontamentos.com\/"},{"@type":"ListItem","position":2,"name":"O Porto em Conversa &#8211; especial Portic"}]},{"@type":"WebSite","@id":"https:\/\/osmeusapontamentos.com\/#website","url":"https:\/\/osmeusapontamentos.com\/","name":"Os Meus Apontamentos","description":"","publisher":{"@id":"https:\/\/osmeusapontamentos.com\/#\/schema\/person\/d508df9c3ffc8b4e64a18dbf0ba18dd8"},"potentialAction":[{"@type":"SearchAction","target":{"@type":"EntryPoint","urlTemplate":"https:\/\/osmeusapontamentos.com\/?s={search_term_string}"},"query-input":{"@type":"PropertyValueSpecification","valueRequired":true,"valueName":"search_term_string"}}],"inLanguage":"pt-PT"},{"@type":["Person","Organization"],"@id":"https:\/\/osmeusapontamentos.com\/#\/schema\/person\/d508df9c3ffc8b4e64a18dbf0ba18dd8","name":"Vitor Silva","image":{"@type":"ImageObject","inLanguage":"pt-PT","@id":"https:\/\/secure.gravatar.com\/avatar\/f81f58ad909e8a213ab0a690f6ed65e5c0e0e2274bf35ac49ff31d7988d483ce?s=96&d=mm&r=g","url":"https:\/\/secure.gravatar.com\/avatar\/f81f58ad909e8a213ab0a690f6ed65e5c0e0e2274bf35ac49ff31d7988d483ce?s=96&d=mm&r=g","contentUrl":"https:\/\/secure.gravatar.com\/avatar\/f81f58ad909e8a213ab0a690f6ed65e5c0e0e2274bf35ac49ff31d7988d483ce?s=96&d=mm&r=g","caption":"Vitor Silva"},"logo":{"@id":"https:\/\/secure.gravatar.com\/avatar\/f81f58ad909e8a213ab0a690f6ed65e5c0e0e2274bf35ac49ff31d7988d483ce?s=96&d=mm&r=g"},"sameAs":["https:\/\/www.linkedin.com\/in\/vitormrsilva","https:\/\/x.com\/vitorsilva"]}]}},"_links":{"self":[{"href":"https:\/\/osmeusapontamentos.com\/index.php\/wp-json\/wp\/v2\/posts\/1758","targetHints":{"allow":["GET"]}}],"collection":[{"href":"https:\/\/osmeusapontamentos.com\/index.php\/wp-json\/wp\/v2\/posts"}],"about":[{"href":"https:\/\/osmeusapontamentos.com\/index.php\/wp-json\/wp\/v2\/types\/post"}],"author":[{"embeddable":true,"href":"https:\/\/osmeusapontamentos.com\/index.php\/wp-json\/wp\/v2\/users\/1"}],"replies":[{"embeddable":true,"href":"https:\/\/osmeusapontamentos.com\/index.php\/wp-json\/wp\/v2\/comments?post=1758"}],"version-history":[{"count":0,"href":"https:\/\/osmeusapontamentos.com\/index.php\/wp-json\/wp\/v2\/posts\/1758\/revisions"}],"wp:attachment":[{"href":"https:\/\/osmeusapontamentos.com\/index.php\/wp-json\/wp\/v2\/media?parent=1758"}],"wp:term":[{"taxonomy":"category","embeddable":true,"href":"https:\/\/osmeusapontamentos.com\/index.php\/wp-json\/wp\/v2\/categories?post=1758"},{"taxonomy":"post_tag","embeddable":true,"href":"https:\/\/osmeusapontamentos.com\/index.php\/wp-json\/wp\/v2\/tags?post=1758"}],"curies":[{"name":"wp","href":"https:\/\/api.w.org\/{rel}","templated":true}]}}