{"id":1735,"date":"2010-04-14T13:00:01","date_gmt":"2010-04-14T13:00:01","guid":{"rendered":"http:\/\/osmeusapontamentos.com\/?p=1735"},"modified":"2010-04-14T13:00:01","modified_gmt":"2010-04-14T13:00:01","slug":"o-porto-em-conversa-abril-2010","status":"publish","type":"post","link":"https:\/\/osmeusapontamentos.com\/index.php\/2010\/04\/14\/o-porto-em-conversa-abril-2010\/","title":{"rendered":"O Porto em Conversa &#8211; Abril 2010"},"content":{"rendered":"<p>A entrevista mais recente do\u00a0<a href=\"http:\/\/www.oportoemconversa.com\/\" target=\"_blank\" rel=\"noopener noreferrer\">Porto em Conversa<\/a> foi com\u00a0<a href=\"http:\/\/lmbg.blogspot.com\/\" target=\"_blank\" rel=\"noopener noreferrer\">Luis Borges Gouveia<\/a> e teve como mote as rela\u00e7\u00f5es entre o digital e o territ\u00f3rio.<\/p>\n<p>Um dos pontos interessantes desta entrevista \u00e9 a aparente invers\u00e3o de import\u00e2ncia na rela\u00e7\u00e3o digital \/ territ\u00f3rio.<br \/>\nApesar do nosso mundo ser cada vez mais digital, na opini\u00e3o de Luis Borges Gouveia, &#8220;<strong>face a um mundo cada vez mais plano, a luta pela qualidade de vida (&#8230;) \u00e9 conseguida principalmente quando n\u00f3s conseguimos ser polos de atrac\u00e7\u00e3o e para isso temos que cuidar do nosso territ\u00f3rio&#8221; da\u00ed &#8220;a import\u00e2ncia do local fisico para sustentar o digital<\/strong>&#8220;.<br \/>\nComo habitualmente, podem ler um resumo mais detalhado e\u00a0<a href=\"http:\/\/www.oportoemconversa.com\/2010\/04\/13\/conversa-com-luis-borges-gouveia-o-digital-e-o-territorio\" target=\"_blank\" rel=\"noopener noreferrer\">ouvir a entrevista<\/a> na integra no blog ou ent\u00e3o\u00a0<a href=\"http:\/\/feeds.feedburner.com\/OPortoEmConversa\" target=\"_blank\" rel=\"noopener noreferrer\">subscrever o podcast<\/a>.<\/p>\n<p>Para al\u00e9m desta entrevista, nas \u00faltimas semanas conclu\u00ed a publica\u00e7\u00e3o das interven\u00e7\u00f5es da confer\u00eancia\u00a0<a href=\"http:\/\/www.talks20.com\/\" target=\"_blank\" rel=\"noopener noreferrer\">Talks 2.0<\/a> com o debate &#8220;<a href=\"http:\/\/www.oportoemconversa.com\/2010\/03\/24\/talks-2-0-debate-sucessos-em-serie\/\" target=\"_blank\" rel=\"noopener noreferrer\">Sucessos em S\u00e9rie<\/a>&#8221; que teve a participa\u00e7\u00e3o de\u00a0Miguel Monteiro, CEO Chip7\/Seara.com\/INTROduxi, Vitor Dinis, Partner e CFO Pathena e Luis Baptista-Coelho, CEO NDrive.<\/p>\n<p>Este m\u00eas tamb\u00e9m foi o m\u00eas da arquitectura e urbanismo com a 2\u00aa sess\u00e3o dos <a href=\"http:\/\/www.oportoemconversa.com\/category\/olhares-cruzados-sobre-o-porto\/\">Olhares Cruzados<\/a> que incluiu uma participa\u00e7\u00e3o de\u00a0<a href=\"http:\/\/www.oportoemconversa.com\/2010\/03\/25\/olhares-cruzados-sobre-o-porto-vii-%e2%80%93-eduardo-souto-moura\/\" target=\"_blank\" rel=\"noopener noreferrer\">Souto Moura<\/a>, bem como mais duas palestras ainda do <a href=\"http:\/\/www.oportoemconversa.com\/category\/innercity\/\">InnerCity<\/a> com\u00a0<a href=\"http:\/\/www.oportoemconversa.com\/2010\/03\/26\/inner-city-rio-fernandes\/\" target=\"_blank\" rel=\"noopener noreferrer\">Rio Fernandes<\/a> sobre a competitividade das cidades e\u00a0<a href=\"http:\/\/www.oportoemconversa.com\/2010\/03\/26\/inner-city-paulo-morais\/\" target=\"_blank\" rel=\"noopener noreferrer\">Paulo Morais<\/a> a referir que n\u00e3o h\u00e1 verdadeiras pol\u00edticas urbanas em Portugal.<\/p>\n","protected":false},"excerpt":{"rendered":"<p>A entrevista mais recente do\u00a0Porto em Conversa foi com\u00a0Luis Borges Gouveia e teve como mote as rela\u00e7\u00f5es entre o digital e o territ\u00f3rio. Um dos pontos interessantes desta entrevista \u00e9 a aparente invers\u00e3o de import\u00e2ncia na rela\u00e7\u00e3o digital \/ territ\u00f3rio. Apesar do nosso mundo ser cada vez mais digital, na opini\u00e3o de Luis Borges Gouveia, [&hellip;]<\/p>\n","protected":false},"author":1,"featured_media":0,"comment_status":"open","ping_status":"open","sticky":false,"template":"","format":"standard","meta":{"footnotes":""},"categories":[7],"tags":[316,377,488,516,572,608,624],"class_list":["post-1735","post","type-post","status-publish","format-standard","hentry","category-ler-ver-ouvir-passear","tag-inner-city","tag-luis-borges-gouveia","tag-paulo-morais","tag-podcast","tag-rio-fernandes","tag-souto-moura","tag-talks20"],"yoast_head":"<!-- This site is optimized with the Yoast SEO plugin v27.5 - https:\/\/yoast.com\/product\/yoast-seo-wordpress\/ -->\n<title>O Porto em Conversa - Abril 2010 - Os Meus Apontamentos<\/title>\n<meta name=\"robots\" content=\"index, follow, max-snippet:-1, max-image-preview:large, max-video-preview:-1\" \/>\n<link rel=\"canonical\" href=\"https:\/\/osmeusapontamentos.com\/index.php\/2010\/04\/14\/o-porto-em-conversa-abril-2010\/\" \/>\n<meta property=\"og:locale\" content=\"pt_PT\" \/>\n<meta property=\"og:type\" content=\"article\" \/>\n<meta property=\"og:title\" content=\"O Porto em Conversa - Abril 2010 - Os Meus Apontamentos\" \/>\n<meta property=\"og:description\" content=\"A entrevista mais recente do\u00a0Porto em Conversa foi com\u00a0Luis Borges Gouveia e teve como mote as rela\u00e7\u00f5es entre o digital e o territ\u00f3rio. Um dos pontos interessantes desta entrevista \u00e9 a aparente invers\u00e3o de import\u00e2ncia na rela\u00e7\u00e3o digital \/ territ\u00f3rio. Apesar do nosso mundo ser cada vez mais digital, na opini\u00e3o de Luis Borges Gouveia, [&hellip;]\" \/>\n<meta property=\"og:url\" content=\"https:\/\/osmeusapontamentos.com\/index.php\/2010\/04\/14\/o-porto-em-conversa-abril-2010\/\" \/>\n<meta property=\"og:site_name\" content=\"Os Meus Apontamentos\" \/>\n<meta property=\"article:published_time\" content=\"2010-04-14T13:00:01+00:00\" \/>\n<meta name=\"author\" content=\"Vitor Silva\" \/>\n<meta name=\"twitter:card\" content=\"summary_large_image\" \/>\n<meta name=\"twitter:creator\" content=\"@vitorsilva\" \/>\n<meta name=\"twitter:site\" content=\"@vitorsilva\" \/>\n<meta name=\"twitter:label1\" content=\"Escrito por\" \/>\n\t<meta name=\"twitter:data1\" content=\"Vitor Silva\" \/>\n\t<meta name=\"twitter:label2\" content=\"Tempo estimado de leitura\" \/>\n\t<meta name=\"twitter:data2\" content=\"1 minuto\" \/>\n<script type=\"application\/ld+json\" class=\"yoast-schema-graph\">{\"@context\":\"https:\\\/\\\/schema.org\",\"@graph\":[{\"@type\":\"Article\",\"@id\":\"https:\\\/\\\/osmeusapontamentos.com\\\/index.php\\\/2010\\\/04\\\/14\\\/o-porto-em-conversa-abril-2010\\\/#article\",\"isPartOf\":{\"@id\":\"https:\\\/\\\/osmeusapontamentos.com\\\/index.php\\\/2010\\\/04\\\/14\\\/o-porto-em-conversa-abril-2010\\\/\"},\"author\":{\"name\":\"Vitor Silva\",\"@id\":\"https:\\\/\\\/osmeusapontamentos.com\\\/#\\\/schema\\\/person\\\/d508df9c3ffc8b4e64a18dbf0ba18dd8\"},\"headline\":\"O Porto em Conversa &#8211; Abril 2010\",\"datePublished\":\"2010-04-14T13:00:01+00:00\",\"mainEntityOfPage\":{\"@id\":\"https:\\\/\\\/osmeusapontamentos.com\\\/index.php\\\/2010\\\/04\\\/14\\\/o-porto-em-conversa-abril-2010\\\/\"},\"wordCount\":245,\"commentCount\":0,\"publisher\":{\"@id\":\"https:\\\/\\\/osmeusapontamentos.com\\\/#\\\/schema\\\/person\\\/d508df9c3ffc8b4e64a18dbf0ba18dd8\"},\"keywords\":[\"inner city\",\"luis borges gouveia\",\"paulo morais\",\"podcast\",\"rio fernandes\",\"souto moura\",\"talks2.0\"],\"articleSection\":[\"Ler\\\/ Ver\\\/ Ouvir\\\/ Passear\"],\"inLanguage\":\"pt-PT\",\"potentialAction\":[{\"@type\":\"CommentAction\",\"name\":\"Comment\",\"target\":[\"https:\\\/\\\/osmeusapontamentos.com\\\/index.php\\\/2010\\\/04\\\/14\\\/o-porto-em-conversa-abril-2010\\\/#respond\"]}]},{\"@type\":\"WebPage\",\"@id\":\"https:\\\/\\\/osmeusapontamentos.com\\\/index.php\\\/2010\\\/04\\\/14\\\/o-porto-em-conversa-abril-2010\\\/\",\"url\":\"https:\\\/\\\/osmeusapontamentos.com\\\/index.php\\\/2010\\\/04\\\/14\\\/o-porto-em-conversa-abril-2010\\\/\",\"name\":\"O Porto em Conversa - Abril 2010 - Os Meus Apontamentos\",\"isPartOf\":{\"@id\":\"https:\\\/\\\/osmeusapontamentos.com\\\/#website\"},\"datePublished\":\"2010-04-14T13:00:01+00:00\",\"breadcrumb\":{\"@id\":\"https:\\\/\\\/osmeusapontamentos.com\\\/index.php\\\/2010\\\/04\\\/14\\\/o-porto-em-conversa-abril-2010\\\/#breadcrumb\"},\"inLanguage\":\"pt-PT\",\"potentialAction\":[{\"@type\":\"ReadAction\",\"target\":[\"https:\\\/\\\/osmeusapontamentos.com\\\/index.php\\\/2010\\\/04\\\/14\\\/o-porto-em-conversa-abril-2010\\\/\"]}]},{\"@type\":\"BreadcrumbList\",\"@id\":\"https:\\\/\\\/osmeusapontamentos.com\\\/index.php\\\/2010\\\/04\\\/14\\\/o-porto-em-conversa-abril-2010\\\/#breadcrumb\",\"itemListElement\":[{\"@type\":\"ListItem\",\"position\":1,\"name\":\"In\u00edcio\",\"item\":\"https:\\\/\\\/osmeusapontamentos.com\\\/\"},{\"@type\":\"ListItem\",\"position\":2,\"name\":\"O Porto em Conversa &#8211; Abril 2010\"}]},{\"@type\":\"WebSite\",\"@id\":\"https:\\\/\\\/osmeusapontamentos.com\\\/#website\",\"url\":\"https:\\\/\\\/osmeusapontamentos.com\\\/\",\"name\":\"Os Meus Apontamentos\",\"description\":\"\",\"publisher\":{\"@id\":\"https:\\\/\\\/osmeusapontamentos.com\\\/#\\\/schema\\\/person\\\/d508df9c3ffc8b4e64a18dbf0ba18dd8\"},\"potentialAction\":[{\"@type\":\"SearchAction\",\"target\":{\"@type\":\"EntryPoint\",\"urlTemplate\":\"https:\\\/\\\/osmeusapontamentos.com\\\/?s={search_term_string}\"},\"query-input\":{\"@type\":\"PropertyValueSpecification\",\"valueRequired\":true,\"valueName\":\"search_term_string\"}}],\"inLanguage\":\"pt-PT\"},{\"@type\":[\"Person\",\"Organization\"],\"@id\":\"https:\\\/\\\/osmeusapontamentos.com\\\/#\\\/schema\\\/person\\\/d508df9c3ffc8b4e64a18dbf0ba18dd8\",\"name\":\"Vitor Silva\",\"image\":{\"@type\":\"ImageObject\",\"inLanguage\":\"pt-PT\",\"@id\":\"https:\\\/\\\/secure.gravatar.com\\\/avatar\\\/f81f58ad909e8a213ab0a690f6ed65e5c0e0e2274bf35ac49ff31d7988d483ce?s=96&d=mm&r=g\",\"url\":\"https:\\\/\\\/secure.gravatar.com\\\/avatar\\\/f81f58ad909e8a213ab0a690f6ed65e5c0e0e2274bf35ac49ff31d7988d483ce?s=96&d=mm&r=g\",\"contentUrl\":\"https:\\\/\\\/secure.gravatar.com\\\/avatar\\\/f81f58ad909e8a213ab0a690f6ed65e5c0e0e2274bf35ac49ff31d7988d483ce?s=96&d=mm&r=g\",\"caption\":\"Vitor Silva\"},\"logo\":{\"@id\":\"https:\\\/\\\/secure.gravatar.com\\\/avatar\\\/f81f58ad909e8a213ab0a690f6ed65e5c0e0e2274bf35ac49ff31d7988d483ce?s=96&d=mm&r=g\"},\"sameAs\":[\"https:\\\/\\\/www.linkedin.com\\\/in\\\/vitormrsilva\",\"https:\\\/\\\/x.com\\\/vitorsilva\"]}]}<\/script>\n<!-- \/ Yoast SEO plugin. -->","yoast_head_json":{"title":"O Porto em Conversa - Abril 2010 - Os Meus Apontamentos","robots":{"index":"index","follow":"follow","max-snippet":"max-snippet:-1","max-image-preview":"max-image-preview:large","max-video-preview":"max-video-preview:-1"},"canonical":"https:\/\/osmeusapontamentos.com\/index.php\/2010\/04\/14\/o-porto-em-conversa-abril-2010\/","og_locale":"pt_PT","og_type":"article","og_title":"O Porto em Conversa - Abril 2010 - Os Meus Apontamentos","og_description":"A entrevista mais recente do\u00a0Porto em Conversa foi com\u00a0Luis Borges Gouveia e teve como mote as rela\u00e7\u00f5es entre o digital e o territ\u00f3rio. Um dos pontos interessantes desta entrevista \u00e9 a aparente invers\u00e3o de import\u00e2ncia na rela\u00e7\u00e3o digital \/ territ\u00f3rio. Apesar do nosso mundo ser cada vez mais digital, na opini\u00e3o de Luis Borges Gouveia, [&hellip;]","og_url":"https:\/\/osmeusapontamentos.com\/index.php\/2010\/04\/14\/o-porto-em-conversa-abril-2010\/","og_site_name":"Os Meus Apontamentos","article_published_time":"2010-04-14T13:00:01+00:00","author":"Vitor Silva","twitter_card":"summary_large_image","twitter_creator":"@vitorsilva","twitter_site":"@vitorsilva","twitter_misc":{"Escrito por":"Vitor Silva","Tempo estimado de leitura":"1 minuto"},"schema":{"@context":"https:\/\/schema.org","@graph":[{"@type":"Article","@id":"https:\/\/osmeusapontamentos.com\/index.php\/2010\/04\/14\/o-porto-em-conversa-abril-2010\/#article","isPartOf":{"@id":"https:\/\/osmeusapontamentos.com\/index.php\/2010\/04\/14\/o-porto-em-conversa-abril-2010\/"},"author":{"name":"Vitor Silva","@id":"https:\/\/osmeusapontamentos.com\/#\/schema\/person\/d508df9c3ffc8b4e64a18dbf0ba18dd8"},"headline":"O Porto em Conversa &#8211; Abril 2010","datePublished":"2010-04-14T13:00:01+00:00","mainEntityOfPage":{"@id":"https:\/\/osmeusapontamentos.com\/index.php\/2010\/04\/14\/o-porto-em-conversa-abril-2010\/"},"wordCount":245,"commentCount":0,"publisher":{"@id":"https:\/\/osmeusapontamentos.com\/#\/schema\/person\/d508df9c3ffc8b4e64a18dbf0ba18dd8"},"keywords":["inner city","luis borges gouveia","paulo morais","podcast","rio fernandes","souto moura","talks2.0"],"articleSection":["Ler\/ Ver\/ Ouvir\/ Passear"],"inLanguage":"pt-PT","potentialAction":[{"@type":"CommentAction","name":"Comment","target":["https:\/\/osmeusapontamentos.com\/index.php\/2010\/04\/14\/o-porto-em-conversa-abril-2010\/#respond"]}]},{"@type":"WebPage","@id":"https:\/\/osmeusapontamentos.com\/index.php\/2010\/04\/14\/o-porto-em-conversa-abril-2010\/","url":"https:\/\/osmeusapontamentos.com\/index.php\/2010\/04\/14\/o-porto-em-conversa-abril-2010\/","name":"O Porto em Conversa - Abril 2010 - Os Meus Apontamentos","isPartOf":{"@id":"https:\/\/osmeusapontamentos.com\/#website"},"datePublished":"2010-04-14T13:00:01+00:00","breadcrumb":{"@id":"https:\/\/osmeusapontamentos.com\/index.php\/2010\/04\/14\/o-porto-em-conversa-abril-2010\/#breadcrumb"},"inLanguage":"pt-PT","potentialAction":[{"@type":"ReadAction","target":["https:\/\/osmeusapontamentos.com\/index.php\/2010\/04\/14\/o-porto-em-conversa-abril-2010\/"]}]},{"@type":"BreadcrumbList","@id":"https:\/\/osmeusapontamentos.com\/index.php\/2010\/04\/14\/o-porto-em-conversa-abril-2010\/#breadcrumb","itemListElement":[{"@type":"ListItem","position":1,"name":"In\u00edcio","item":"https:\/\/osmeusapontamentos.com\/"},{"@type":"ListItem","position":2,"name":"O Porto em Conversa &#8211; Abril 2010"}]},{"@type":"WebSite","@id":"https:\/\/osmeusapontamentos.com\/#website","url":"https:\/\/osmeusapontamentos.com\/","name":"Os Meus Apontamentos","description":"","publisher":{"@id":"https:\/\/osmeusapontamentos.com\/#\/schema\/person\/d508df9c3ffc8b4e64a18dbf0ba18dd8"},"potentialAction":[{"@type":"SearchAction","target":{"@type":"EntryPoint","urlTemplate":"https:\/\/osmeusapontamentos.com\/?s={search_term_string}"},"query-input":{"@type":"PropertyValueSpecification","valueRequired":true,"valueName":"search_term_string"}}],"inLanguage":"pt-PT"},{"@type":["Person","Organization"],"@id":"https:\/\/osmeusapontamentos.com\/#\/schema\/person\/d508df9c3ffc8b4e64a18dbf0ba18dd8","name":"Vitor Silva","image":{"@type":"ImageObject","inLanguage":"pt-PT","@id":"https:\/\/secure.gravatar.com\/avatar\/f81f58ad909e8a213ab0a690f6ed65e5c0e0e2274bf35ac49ff31d7988d483ce?s=96&d=mm&r=g","url":"https:\/\/secure.gravatar.com\/avatar\/f81f58ad909e8a213ab0a690f6ed65e5c0e0e2274bf35ac49ff31d7988d483ce?s=96&d=mm&r=g","contentUrl":"https:\/\/secure.gravatar.com\/avatar\/f81f58ad909e8a213ab0a690f6ed65e5c0e0e2274bf35ac49ff31d7988d483ce?s=96&d=mm&r=g","caption":"Vitor Silva"},"logo":{"@id":"https:\/\/secure.gravatar.com\/avatar\/f81f58ad909e8a213ab0a690f6ed65e5c0e0e2274bf35ac49ff31d7988d483ce?s=96&d=mm&r=g"},"sameAs":["https:\/\/www.linkedin.com\/in\/vitormrsilva","https:\/\/x.com\/vitorsilva"]}]}},"_links":{"self":[{"href":"https:\/\/osmeusapontamentos.com\/index.php\/wp-json\/wp\/v2\/posts\/1735","targetHints":{"allow":["GET"]}}],"collection":[{"href":"https:\/\/osmeusapontamentos.com\/index.php\/wp-json\/wp\/v2\/posts"}],"about":[{"href":"https:\/\/osmeusapontamentos.com\/index.php\/wp-json\/wp\/v2\/types\/post"}],"author":[{"embeddable":true,"href":"https:\/\/osmeusapontamentos.com\/index.php\/wp-json\/wp\/v2\/users\/1"}],"replies":[{"embeddable":true,"href":"https:\/\/osmeusapontamentos.com\/index.php\/wp-json\/wp\/v2\/comments?post=1735"}],"version-history":[{"count":0,"href":"https:\/\/osmeusapontamentos.com\/index.php\/wp-json\/wp\/v2\/posts\/1735\/revisions"}],"wp:attachment":[{"href":"https:\/\/osmeusapontamentos.com\/index.php\/wp-json\/wp\/v2\/media?parent=1735"}],"wp:term":[{"taxonomy":"category","embeddable":true,"href":"https:\/\/osmeusapontamentos.com\/index.php\/wp-json\/wp\/v2\/categories?post=1735"},{"taxonomy":"post_tag","embeddable":true,"href":"https:\/\/osmeusapontamentos.com\/index.php\/wp-json\/wp\/v2\/tags?post=1735"}],"curies":[{"name":"wp","href":"https:\/\/api.w.org\/{rel}","templated":true}]}}