{"id":1720,"date":"2010-03-28T17:55:07","date_gmt":"2010-03-28T17:55:07","guid":{"rendered":"http:\/\/osmeusapontamentos.com\/?p=1720"},"modified":"2010-03-28T17:55:07","modified_gmt":"2010-03-28T17:55:07","slug":"apontamentos-da-assembleia-municipal-do-porto-1-mar-2010","status":"publish","type":"post","link":"https:\/\/osmeusapontamentos.com\/index.php\/2010\/03\/28\/apontamentos-da-assembleia-municipal-do-porto-1-mar-2010\/","title":{"rendered":"Apontamentos da Assembleia Municipal do Porto, 1-mar-2010"},"content":{"rendered":"<p>recomenda\u00e7\u00f5es ps<br \/>\ninstala\u00e7\u00f5es<br \/>\nfalta de condi\u00e7\u00f5es<br \/>\ndesencadear o processo em rela\u00e7\u00e3o \u00e0 cria\u00e7\u00e3o de um novo espa\u00e7o<br \/>\nartur ribeiro (cdu) apoia<br \/>\npaulo rios (psd) &#8211; o que poss\u00edvel vs o que \u00e9 desej\u00e1vel<br \/>\nalda macedo (be) &#8211; apoia, processo deveria ser mais urgente<br \/>\nmiguel barbosa (cds) &#8211; este n\u00e3o \u00e9 o momento para discutir uma proposta que aumenta custos de funcionamento<br \/>\nps => construir um audit\u00f3rio<\/p>\n<p>nicolau pais<br \/>\n&#8211; cria\u00e7\u00e3o de espa\u00e7o online para partidos disponibilizarem informa\u00e7\u00e3o<br \/>\nartur ribeiro (cdu), paulo rios (psd) apoiam<br \/>\nmiguel barbosa (cds) apoia porque pode tamb\u00e9m servir para agilizar o funcionamento dos trabalhos<br \/>\nalda macedo (be) apoia<\/p>\n<p>mo\u00e7\u00e3o apresentada pelo psd a proposito do premio atribuido a d. manuel clemente<br \/>\n&#8211; destacada a postura humanista, actividade civica e cultural<br \/>\napoiado por todos<\/p>\n<p>voto pesar pela madeira<br \/>\nartur ribeiro (cdu) &#8211; trag\u00e9dia podia ter sido evitada, \u00e9 um erro entubar as ribeiras; h\u00e1 respons\u00e1veis; autoridades locais n\u00e3o acautelaram potenciais problemas<br \/>\nalda macedo (be) &#8211; necessidade de haver medidas de adapta\u00e7\u00e3o; n\u00e3o h\u00e1 nenhum autarca que n\u00e3o deva aprender com esta li\u00e7\u00e3o; import\u00e2ncia da gest\u00e3o do territ\u00f3rio<br \/>\npedro moutinho (cds) &#8211; h\u00e1 tempo para guerra e para a paz<br \/>\npaulo rios (psd) => sugest\u00e3o \u00e0 a.m. &#8211; oferecer vale de presen\u00e7a<\/p>\n<p>mo\u00e7\u00e3o (ada pereira da silva)<br \/>\nsobre o fantas<br \/>\npaulo rios (psd) &#8211; \u00e9 f\u00e1cil ver quando uma mo\u00e7\u00e3o \u00e9 feita para chumbar<br \/>\nmiguel barbos (cds) &#8211; decis\u00f5es que o publico n\u00e3o valida no voto e n\u00e3o premeia na bilheteira<br \/>\nmo\u00e7\u00e3o rejeita<\/p>\n<p>recomenda\u00e7\u00e3o &#8211; mois\u00e9s ferreira (be)<br \/>\ncria\u00e7\u00e3o de programa de urg\u00eancia social no porto<br \/>\nartur ribeiro &#8211; cria\u00e7ao de grupos de trabalho foram sempre reprovadas<\/p>\n<p>paulo rios (psd)<br \/>\n&#8211; completamente ineficaz este tipo de debate => referindo-se \u00e0 quantidade de mo\u00e7\u00f5es e recomenda\u00e7oes que estava a ser apreciada nesta sess\u00e3o<\/p>\n<p>marta pereira (cdu) &#8211; dia da mulher??<\/p>\n<p>sara santos (cdu) crise econ\u00f3mica &#8211; pidac e redu\u00e7\u00e3o de 84% das verbas atribuidas ao distrito<br \/>\ngustavo pimenta (ps) &#8211; vis\u00e3o m\u00edope dos investimentos; pidac instrumento cada vez menos importante; parcerias publico privadas e empresas de capitais publicos t\u00eam papel mais importante<\/p>\n<p>pedro moutinho (cds)<br \/>\nimportancia do aeroporto<br \/>\nalda macedo (be) contra a defesa da vis\u00e3o regionalista da gestao do aeroporto; perspectiva de concorrencia com os aeroportos espanhois<br \/>\npaulo rios (psd) &#8211; asc fundamental \u00e0 afirma\u00e7\u00e3o da regi\u00e3o<\/p>\n<p>???jose augusto teixeira (psd)<br \/>\nbairros criticos &#8211; lagarteiro<br \/>\ncronograma apresentado<br \/>\npedi ao ihru para formalizar o que j\u00e1 aceitou verbalmente<br \/>\n(be) &#8211; n\u00e3o conhece programa; em que consta o que foi assinado?<br \/>\nernesto santos (ps) &#8211; negocia\u00e7\u00f5es n\u00e3o est\u00e3o a correr bem<br \/>\nartur ribeiro (cdu) &#8211; o que importa \u00e9 que se fa\u00e7am as obras; a.m. tem d\u00e9fice de informa\u00e7\u00e3o<\/p>\n<p>ernesto campos (ps)<br \/>\nrio tinto &#8211; necessidade de negocia\u00e7\u00f5es com cm gondomar; rio tinto esgoto de gondomar<\/p>\n<p>casimiro c??? (cdu)<br \/>\nmovimento associativo popular<br \/>\n400 associa\u00e7\u00f5es, 5000 dirigentes<br \/>\nn\u00ba s\u00f3cios e valor das receitas em queda<br \/>\npouco estimuladas pela camara<br \/>\ncriar programa dedicado \u00e0s associa\u00e7\u00f5es<br \/>\ncasa das associa\u00e7\u00f5es<\/p>\n<p>carla m?? (ps)<br \/>\nrivoli &#8211; quer conhecer as condi\u00e7\u00f5es do contrato actual<\/p>\n<p>alda macedo (be)<br \/>\naumento injustificado das rendas<br \/>\nobras nos bairros sociais mas a autarquia ainda n\u00e3o gastou nada &#8211; prohabita + emprestimo<br \/>\nn\u00e3o houve investimento nos espa\u00e7os interiores<br \/>\naumento cego das rendas independentemente da condi\u00e7\u00e3o social<br \/>\nn\u00e3o h\u00e1 um regulamento para a habita\u00e7\u00e3o social<\/p>\n<p>actualmente a cmp tem 2800 trabalhadores mais 800 nas empresas municipais<\/p>\n","protected":false},"excerpt":{"rendered":"<p>recomenda\u00e7\u00f5es ps instala\u00e7\u00f5es falta de condi\u00e7\u00f5es desencadear o processo em rela\u00e7\u00e3o \u00e0 cria\u00e7\u00e3o de um novo espa\u00e7o artur ribeiro (cdu) apoia paulo rios (psd) &#8211; o que poss\u00edvel vs o que \u00e9 desej\u00e1vel alda macedo (be) &#8211; apoia, processo deveria ser mais urgente miguel barbosa (cds) &#8211; este n\u00e3o \u00e9 o momento para discutir uma [&hellip;]<\/p>\n","protected":false},"author":1,"featured_media":0,"comment_status":"open","ping_status":"open","sticky":false,"template":"","format":"standard","meta":{"footnotes":""},"categories":[7],"tags":[36,67,228,287,345,398,419,428,449,490,497,590],"class_list":["post-1720","post","type-post","status-publish","format-standard","hentry","category-ler-ver-ouvir-passear","tag-alda-macedo","tag-artur-ribeiro","tag-ernesto-campos","tag-gustavo-pimenta","tag-jose-augusto-teixeira","tag-marta-pereira","tag-miguel-barbosa","tag-moises-ferreira","tag-nicolau-pais","tag-paulo-rios","tag-pedro-moutinho","tag-sara-santos"],"yoast_head":"<!-- This site is optimized with the Yoast SEO plugin v27.5 - https:\/\/yoast.com\/product\/yoast-seo-wordpress\/ -->\n<title>Apontamentos da Assembleia Municipal do Porto, 1-mar-2010 - Os Meus Apontamentos<\/title>\n<meta name=\"robots\" content=\"index, follow, max-snippet:-1, max-image-preview:large, max-video-preview:-1\" \/>\n<link rel=\"canonical\" href=\"https:\/\/osmeusapontamentos.com\/index.php\/2010\/03\/28\/apontamentos-da-assembleia-municipal-do-porto-1-mar-2010\/\" \/>\n<meta property=\"og:locale\" content=\"pt_PT\" \/>\n<meta property=\"og:type\" content=\"article\" \/>\n<meta property=\"og:title\" content=\"Apontamentos da Assembleia Municipal do Porto, 1-mar-2010 - Os Meus Apontamentos\" \/>\n<meta property=\"og:description\" content=\"recomenda\u00e7\u00f5es ps instala\u00e7\u00f5es falta de condi\u00e7\u00f5es desencadear o processo em rela\u00e7\u00e3o \u00e0 cria\u00e7\u00e3o de um novo espa\u00e7o artur ribeiro (cdu) apoia paulo rios (psd) &#8211; o que poss\u00edvel vs o que \u00e9 desej\u00e1vel alda macedo (be) &#8211; apoia, processo deveria ser mais urgente miguel barbosa (cds) &#8211; este n\u00e3o \u00e9 o momento para discutir uma [&hellip;]\" \/>\n<meta property=\"og:url\" content=\"https:\/\/osmeusapontamentos.com\/index.php\/2010\/03\/28\/apontamentos-da-assembleia-municipal-do-porto-1-mar-2010\/\" \/>\n<meta property=\"og:site_name\" content=\"Os Meus Apontamentos\" \/>\n<meta property=\"article:published_time\" content=\"2010-03-28T17:55:07+00:00\" \/>\n<meta name=\"author\" content=\"Vitor Silva\" \/>\n<meta name=\"twitter:card\" content=\"summary_large_image\" \/>\n<meta name=\"twitter:creator\" content=\"@vitorsilva\" \/>\n<meta name=\"twitter:site\" content=\"@vitorsilva\" \/>\n<meta name=\"twitter:label1\" content=\"Escrito por\" \/>\n\t<meta name=\"twitter:data1\" content=\"Vitor Silva\" \/>\n\t<meta name=\"twitter:label2\" content=\"Tempo estimado de leitura\" \/>\n\t<meta name=\"twitter:data2\" content=\"3 minutos\" \/>\n<script type=\"application\/ld+json\" class=\"yoast-schema-graph\">{\"@context\":\"https:\\\/\\\/schema.org\",\"@graph\":[{\"@type\":\"Article\",\"@id\":\"https:\\\/\\\/osmeusapontamentos.com\\\/index.php\\\/2010\\\/03\\\/28\\\/apontamentos-da-assembleia-municipal-do-porto-1-mar-2010\\\/#article\",\"isPartOf\":{\"@id\":\"https:\\\/\\\/osmeusapontamentos.com\\\/index.php\\\/2010\\\/03\\\/28\\\/apontamentos-da-assembleia-municipal-do-porto-1-mar-2010\\\/\"},\"author\":{\"name\":\"Vitor Silva\",\"@id\":\"https:\\\/\\\/osmeusapontamentos.com\\\/#\\\/schema\\\/person\\\/d508df9c3ffc8b4e64a18dbf0ba18dd8\"},\"headline\":\"Apontamentos da Assembleia Municipal do Porto, 1-mar-2010\",\"datePublished\":\"2010-03-28T17:55:07+00:00\",\"mainEntityOfPage\":{\"@id\":\"https:\\\/\\\/osmeusapontamentos.com\\\/index.php\\\/2010\\\/03\\\/28\\\/apontamentos-da-assembleia-municipal-do-porto-1-mar-2010\\\/\"},\"wordCount\":612,\"commentCount\":0,\"publisher\":{\"@id\":\"https:\\\/\\\/osmeusapontamentos.com\\\/#\\\/schema\\\/person\\\/d508df9c3ffc8b4e64a18dbf0ba18dd8\"},\"keywords\":[\"alda macedo\",\"artur ribeiro\",\"ernesto campos\",\"gustavo pimenta\",\"jose augusto teixeira\",\"marta pereira\",\"miguel barbosa\",\"mois\u00e9s ferreira\",\"nicolau pais\",\"paulo rios\",\"pedro moutinho\",\"sara santos\"],\"articleSection\":[\"Ler\\\/ Ver\\\/ Ouvir\\\/ Passear\"],\"inLanguage\":\"pt-PT\",\"potentialAction\":[{\"@type\":\"CommentAction\",\"name\":\"Comment\",\"target\":[\"https:\\\/\\\/osmeusapontamentos.com\\\/index.php\\\/2010\\\/03\\\/28\\\/apontamentos-da-assembleia-municipal-do-porto-1-mar-2010\\\/#respond\"]}]},{\"@type\":\"WebPage\",\"@id\":\"https:\\\/\\\/osmeusapontamentos.com\\\/index.php\\\/2010\\\/03\\\/28\\\/apontamentos-da-assembleia-municipal-do-porto-1-mar-2010\\\/\",\"url\":\"https:\\\/\\\/osmeusapontamentos.com\\\/index.php\\\/2010\\\/03\\\/28\\\/apontamentos-da-assembleia-municipal-do-porto-1-mar-2010\\\/\",\"name\":\"Apontamentos da Assembleia Municipal do Porto, 1-mar-2010 - Os Meus Apontamentos\",\"isPartOf\":{\"@id\":\"https:\\\/\\\/osmeusapontamentos.com\\\/#website\"},\"datePublished\":\"2010-03-28T17:55:07+00:00\",\"breadcrumb\":{\"@id\":\"https:\\\/\\\/osmeusapontamentos.com\\\/index.php\\\/2010\\\/03\\\/28\\\/apontamentos-da-assembleia-municipal-do-porto-1-mar-2010\\\/#breadcrumb\"},\"inLanguage\":\"pt-PT\",\"potentialAction\":[{\"@type\":\"ReadAction\",\"target\":[\"https:\\\/\\\/osmeusapontamentos.com\\\/index.php\\\/2010\\\/03\\\/28\\\/apontamentos-da-assembleia-municipal-do-porto-1-mar-2010\\\/\"]}]},{\"@type\":\"BreadcrumbList\",\"@id\":\"https:\\\/\\\/osmeusapontamentos.com\\\/index.php\\\/2010\\\/03\\\/28\\\/apontamentos-da-assembleia-municipal-do-porto-1-mar-2010\\\/#breadcrumb\",\"itemListElement\":[{\"@type\":\"ListItem\",\"position\":1,\"name\":\"In\u00edcio\",\"item\":\"https:\\\/\\\/osmeusapontamentos.com\\\/\"},{\"@type\":\"ListItem\",\"position\":2,\"name\":\"Apontamentos da Assembleia Municipal do Porto, 1-mar-2010\"}]},{\"@type\":\"WebSite\",\"@id\":\"https:\\\/\\\/osmeusapontamentos.com\\\/#website\",\"url\":\"https:\\\/\\\/osmeusapontamentos.com\\\/\",\"name\":\"Os Meus Apontamentos\",\"description\":\"\",\"publisher\":{\"@id\":\"https:\\\/\\\/osmeusapontamentos.com\\\/#\\\/schema\\\/person\\\/d508df9c3ffc8b4e64a18dbf0ba18dd8\"},\"potentialAction\":[{\"@type\":\"SearchAction\",\"target\":{\"@type\":\"EntryPoint\",\"urlTemplate\":\"https:\\\/\\\/osmeusapontamentos.com\\\/?s={search_term_string}\"},\"query-input\":{\"@type\":\"PropertyValueSpecification\",\"valueRequired\":true,\"valueName\":\"search_term_string\"}}],\"inLanguage\":\"pt-PT\"},{\"@type\":[\"Person\",\"Organization\"],\"@id\":\"https:\\\/\\\/osmeusapontamentos.com\\\/#\\\/schema\\\/person\\\/d508df9c3ffc8b4e64a18dbf0ba18dd8\",\"name\":\"Vitor Silva\",\"image\":{\"@type\":\"ImageObject\",\"inLanguage\":\"pt-PT\",\"@id\":\"https:\\\/\\\/secure.gravatar.com\\\/avatar\\\/f81f58ad909e8a213ab0a690f6ed65e5c0e0e2274bf35ac49ff31d7988d483ce?s=96&d=mm&r=g\",\"url\":\"https:\\\/\\\/secure.gravatar.com\\\/avatar\\\/f81f58ad909e8a213ab0a690f6ed65e5c0e0e2274bf35ac49ff31d7988d483ce?s=96&d=mm&r=g\",\"contentUrl\":\"https:\\\/\\\/secure.gravatar.com\\\/avatar\\\/f81f58ad909e8a213ab0a690f6ed65e5c0e0e2274bf35ac49ff31d7988d483ce?s=96&d=mm&r=g\",\"caption\":\"Vitor Silva\"},\"logo\":{\"@id\":\"https:\\\/\\\/secure.gravatar.com\\\/avatar\\\/f81f58ad909e8a213ab0a690f6ed65e5c0e0e2274bf35ac49ff31d7988d483ce?s=96&d=mm&r=g\"},\"sameAs\":[\"https:\\\/\\\/www.linkedin.com\\\/in\\\/vitormrsilva\",\"https:\\\/\\\/x.com\\\/vitorsilva\"]}]}<\/script>\n<!-- \/ Yoast SEO plugin. -->","yoast_head_json":{"title":"Apontamentos da Assembleia Municipal do Porto, 1-mar-2010 - Os Meus Apontamentos","robots":{"index":"index","follow":"follow","max-snippet":"max-snippet:-1","max-image-preview":"max-image-preview:large","max-video-preview":"max-video-preview:-1"},"canonical":"https:\/\/osmeusapontamentos.com\/index.php\/2010\/03\/28\/apontamentos-da-assembleia-municipal-do-porto-1-mar-2010\/","og_locale":"pt_PT","og_type":"article","og_title":"Apontamentos da Assembleia Municipal do Porto, 1-mar-2010 - Os Meus Apontamentos","og_description":"recomenda\u00e7\u00f5es ps instala\u00e7\u00f5es falta de condi\u00e7\u00f5es desencadear o processo em rela\u00e7\u00e3o \u00e0 cria\u00e7\u00e3o de um novo espa\u00e7o artur ribeiro (cdu) apoia paulo rios (psd) &#8211; o que poss\u00edvel vs o que \u00e9 desej\u00e1vel alda macedo (be) &#8211; apoia, processo deveria ser mais urgente miguel barbosa (cds) &#8211; este n\u00e3o \u00e9 o momento para discutir uma [&hellip;]","og_url":"https:\/\/osmeusapontamentos.com\/index.php\/2010\/03\/28\/apontamentos-da-assembleia-municipal-do-porto-1-mar-2010\/","og_site_name":"Os Meus Apontamentos","article_published_time":"2010-03-28T17:55:07+00:00","author":"Vitor Silva","twitter_card":"summary_large_image","twitter_creator":"@vitorsilva","twitter_site":"@vitorsilva","twitter_misc":{"Escrito por":"Vitor Silva","Tempo estimado de leitura":"3 minutos"},"schema":{"@context":"https:\/\/schema.org","@graph":[{"@type":"Article","@id":"https:\/\/osmeusapontamentos.com\/index.php\/2010\/03\/28\/apontamentos-da-assembleia-municipal-do-porto-1-mar-2010\/#article","isPartOf":{"@id":"https:\/\/osmeusapontamentos.com\/index.php\/2010\/03\/28\/apontamentos-da-assembleia-municipal-do-porto-1-mar-2010\/"},"author":{"name":"Vitor Silva","@id":"https:\/\/osmeusapontamentos.com\/#\/schema\/person\/d508df9c3ffc8b4e64a18dbf0ba18dd8"},"headline":"Apontamentos da Assembleia Municipal do Porto, 1-mar-2010","datePublished":"2010-03-28T17:55:07+00:00","mainEntityOfPage":{"@id":"https:\/\/osmeusapontamentos.com\/index.php\/2010\/03\/28\/apontamentos-da-assembleia-municipal-do-porto-1-mar-2010\/"},"wordCount":612,"commentCount":0,"publisher":{"@id":"https:\/\/osmeusapontamentos.com\/#\/schema\/person\/d508df9c3ffc8b4e64a18dbf0ba18dd8"},"keywords":["alda macedo","artur ribeiro","ernesto campos","gustavo pimenta","jose augusto teixeira","marta pereira","miguel barbosa","mois\u00e9s ferreira","nicolau pais","paulo rios","pedro moutinho","sara santos"],"articleSection":["Ler\/ Ver\/ Ouvir\/ Passear"],"inLanguage":"pt-PT","potentialAction":[{"@type":"CommentAction","name":"Comment","target":["https:\/\/osmeusapontamentos.com\/index.php\/2010\/03\/28\/apontamentos-da-assembleia-municipal-do-porto-1-mar-2010\/#respond"]}]},{"@type":"WebPage","@id":"https:\/\/osmeusapontamentos.com\/index.php\/2010\/03\/28\/apontamentos-da-assembleia-municipal-do-porto-1-mar-2010\/","url":"https:\/\/osmeusapontamentos.com\/index.php\/2010\/03\/28\/apontamentos-da-assembleia-municipal-do-porto-1-mar-2010\/","name":"Apontamentos da Assembleia Municipal do Porto, 1-mar-2010 - Os Meus Apontamentos","isPartOf":{"@id":"https:\/\/osmeusapontamentos.com\/#website"},"datePublished":"2010-03-28T17:55:07+00:00","breadcrumb":{"@id":"https:\/\/osmeusapontamentos.com\/index.php\/2010\/03\/28\/apontamentos-da-assembleia-municipal-do-porto-1-mar-2010\/#breadcrumb"},"inLanguage":"pt-PT","potentialAction":[{"@type":"ReadAction","target":["https:\/\/osmeusapontamentos.com\/index.php\/2010\/03\/28\/apontamentos-da-assembleia-municipal-do-porto-1-mar-2010\/"]}]},{"@type":"BreadcrumbList","@id":"https:\/\/osmeusapontamentos.com\/index.php\/2010\/03\/28\/apontamentos-da-assembleia-municipal-do-porto-1-mar-2010\/#breadcrumb","itemListElement":[{"@type":"ListItem","position":1,"name":"In\u00edcio","item":"https:\/\/osmeusapontamentos.com\/"},{"@type":"ListItem","position":2,"name":"Apontamentos da Assembleia Municipal do Porto, 1-mar-2010"}]},{"@type":"WebSite","@id":"https:\/\/osmeusapontamentos.com\/#website","url":"https:\/\/osmeusapontamentos.com\/","name":"Os Meus Apontamentos","description":"","publisher":{"@id":"https:\/\/osmeusapontamentos.com\/#\/schema\/person\/d508df9c3ffc8b4e64a18dbf0ba18dd8"},"potentialAction":[{"@type":"SearchAction","target":{"@type":"EntryPoint","urlTemplate":"https:\/\/osmeusapontamentos.com\/?s={search_term_string}"},"query-input":{"@type":"PropertyValueSpecification","valueRequired":true,"valueName":"search_term_string"}}],"inLanguage":"pt-PT"},{"@type":["Person","Organization"],"@id":"https:\/\/osmeusapontamentos.com\/#\/schema\/person\/d508df9c3ffc8b4e64a18dbf0ba18dd8","name":"Vitor Silva","image":{"@type":"ImageObject","inLanguage":"pt-PT","@id":"https:\/\/secure.gravatar.com\/avatar\/f81f58ad909e8a213ab0a690f6ed65e5c0e0e2274bf35ac49ff31d7988d483ce?s=96&d=mm&r=g","url":"https:\/\/secure.gravatar.com\/avatar\/f81f58ad909e8a213ab0a690f6ed65e5c0e0e2274bf35ac49ff31d7988d483ce?s=96&d=mm&r=g","contentUrl":"https:\/\/secure.gravatar.com\/avatar\/f81f58ad909e8a213ab0a690f6ed65e5c0e0e2274bf35ac49ff31d7988d483ce?s=96&d=mm&r=g","caption":"Vitor Silva"},"logo":{"@id":"https:\/\/secure.gravatar.com\/avatar\/f81f58ad909e8a213ab0a690f6ed65e5c0e0e2274bf35ac49ff31d7988d483ce?s=96&d=mm&r=g"},"sameAs":["https:\/\/www.linkedin.com\/in\/vitormrsilva","https:\/\/x.com\/vitorsilva"]}]}},"_links":{"self":[{"href":"https:\/\/osmeusapontamentos.com\/index.php\/wp-json\/wp\/v2\/posts\/1720","targetHints":{"allow":["GET"]}}],"collection":[{"href":"https:\/\/osmeusapontamentos.com\/index.php\/wp-json\/wp\/v2\/posts"}],"about":[{"href":"https:\/\/osmeusapontamentos.com\/index.php\/wp-json\/wp\/v2\/types\/post"}],"author":[{"embeddable":true,"href":"https:\/\/osmeusapontamentos.com\/index.php\/wp-json\/wp\/v2\/users\/1"}],"replies":[{"embeddable":true,"href":"https:\/\/osmeusapontamentos.com\/index.php\/wp-json\/wp\/v2\/comments?post=1720"}],"version-history":[{"count":0,"href":"https:\/\/osmeusapontamentos.com\/index.php\/wp-json\/wp\/v2\/posts\/1720\/revisions"}],"wp:attachment":[{"href":"https:\/\/osmeusapontamentos.com\/index.php\/wp-json\/wp\/v2\/media?parent=1720"}],"wp:term":[{"taxonomy":"category","embeddable":true,"href":"https:\/\/osmeusapontamentos.com\/index.php\/wp-json\/wp\/v2\/categories?post=1720"},{"taxonomy":"post_tag","embeddable":true,"href":"https:\/\/osmeusapontamentos.com\/index.php\/wp-json\/wp\/v2\/tags?post=1720"}],"curies":[{"name":"wp","href":"https:\/\/api.w.org\/{rel}","templated":true}]}}