{"id":1713,"date":"2010-03-21T22:32:15","date_gmt":"2010-03-21T22:32:15","guid":{"rendered":"http:\/\/osmeusapontamentos.com\/?p=1713"},"modified":"2010-03-21T22:32:15","modified_gmt":"2010-03-21T22:32:15","slug":"o-porto-em-conversa-marco-2010","status":"publish","type":"post","link":"https:\/\/osmeusapontamentos.com\/index.php\/2010\/03\/21\/o-porto-em-conversa-marco-2010\/","title":{"rendered":"O Porto em Conversa &#8211; Mar\u00e7o 2010"},"content":{"rendered":"<p>Nos dois \u00faltimos meses n\u00e3o houve &#8220;produ\u00e7\u00e3o pr\u00f3pria&#8221; do <a href=\"http:\/\/www.oportoemconversa.com\/\">Porto em Conversa<\/a>, mas isso n\u00e3o quer dizer que n\u00e3o tenha havido novidades no blog.<\/p>\n<p>Assim, continuei com a s\u00e9rie de entrevistas a <a href=\"http:\/\/www.oportoemconversa.com\/category\/representantes-do-porto\/\">deputados municipais<\/a> do Porto, tendo entrevistado <a href=\"http:\/\/www.oportoemconversa.com\/2010\/02\/14\/representantes-do-porto-jose-castro-be\/\">Jos\u00e9 Castro<\/a> (BE) sobre habita\u00e7\u00e3o social e <a href=\"http:\/\/www.oportoemconversa.com\/2010\/02\/25\/representantes-do-porto-pedro-moutinho-cds-pp\/\">Pedro Moutinho<\/a> (CDS-PP) sobre o papel do CDS-PP na gest\u00e3o da cidade do Porto.<\/p>\n<p>No que diz respeito a publica\u00e7\u00e3o de confer\u00eancia e palestras continuamos com os <a href=\"http:\/\/www.oportoemconversa.com\/category\/dialogos-com-a-ciencia\/\">Di\u00e1logos com a Ci\u00eancia<\/a>, desta vez sob o tema Ci\u00eancia e Poesia, uma iniciativa da Universidade do Porto.<\/p>\n<p>Numa vertente mais tecnol\u00f3gica publicamos tamb\u00e9m o conjunto de interven\u00e7\u00f5es da confer\u00eancia <a href=\"http:\/\/www.oportoemconversa.com\/category\/talks-2-0\/\">Talks 2.0<\/a> &#8211; Erros e Sucessos na Cria\u00e7\u00e3o de Empresas Tecnol\u00f3gicas, realizada no fim de Fevereiro na FEUP, em que destacaria as apresenta\u00e7\u00f5es de <a href=\"http:\/\/www.oportoemconversa.com\/2010\/03\/12\/talks-2-0-leo-xavier\/\">Leo Xavier<\/a> da Quodis e <a href=\"http:\/\/www.oportoemconversa.com\/2010\/03\/19\/talks-2-0-luis-baptista-coelho\/\">Luis Baptsta-Coelho<\/a> da NDrive<\/p>\n<p>Estamos a concluir tamb\u00e9m a divulga\u00e7\u00e3o das sess\u00f5es do <a href=\"http:\/\/www.oportoemconversa.com\/category\/innercity\/\">Inner City<\/a> e, como Mar\u00e7o \u00e9 mes de <a href=\"http:\/\/www.oportoemconversa.com\/category\/olhares-cruzados-sobre-o-porto\/\">Olhares Cruzados<\/a> na Universidade Cat\u00f3lica come\u00e7amos a publicar as sess\u00f5es desta 7\u00aa edi\u00e7\u00e3o que come\u00e7ou por debater a cultura com interven\u00e7\u00f5es interessantissimas como a de <a href=\"http:\/\/www.oportoemconversa.com\/2010\/03\/18\/olhares-cruzados-sobre-o-porto-vii-%e2%80%93-cristina-azevedo\/\">Cristina Azevedo<\/a>, Presidente da Funda\u00e7\u00e3o Cidade de Guimar\u00e3es.<\/p>\n<p>Entretanto no facebook mudamo-nos para a fan page <a href=\"http:\/\/www.facebook.com\/pages\/Porto\/O-Porto-em-Conversa\/386422254202?ref=ts\">http:\/\/www.facebook.com\/pages\/Porto\/O-Porto-em-Conversa\/386422254202?ref=ts<\/a><br \/>\nAcompanhem o blog em <a href=\"http:\/\/www.oportoemconversa.com\">www.oportoemconversa.com<\/a> porque as novidades v\u00e3o continuar.<\/p>\n","protected":false},"excerpt":{"rendered":"<p>Nos dois \u00faltimos meses n\u00e3o houve &#8220;produ\u00e7\u00e3o pr\u00f3pria&#8221; do Porto em Conversa, mas isso n\u00e3o quer dizer que n\u00e3o tenha havido novidades no blog. Assim, continuei com a s\u00e9rie de entrevistas a deputados municipais do Porto, tendo entrevistado Jos\u00e9 Castro (BE) sobre habita\u00e7\u00e3o social e Pedro Moutinho (CDS-PP) sobre o papel do CDS-PP na gest\u00e3o [&hellip;]<\/p>\n","protected":false},"author":1,"featured_media":0,"comment_status":"open","ping_status":"open","sticky":false,"template":"","format":"standard","meta":{"footnotes":""},"categories":[7],"tags":[173,197,316,346,362,376,497,516,623],"class_list":["post-1713","post","type-post","status-publish","format-standard","hentry","category-ler-ver-ouvir-passear","tag-cristina-azevedo","tag-dialogos-com-a-ciencia","tag-inner-city","tag-jose-castro","tag-leo-xavier","tag-luis-baptista-coelho","tag-pedro-moutinho","tag-podcast","tag-talks"],"yoast_head":"<!-- This site is optimized with the Yoast SEO plugin v27.5 - https:\/\/yoast.com\/product\/yoast-seo-wordpress\/ -->\n<title>O Porto em Conversa - Mar\u00e7o 2010 - Os Meus Apontamentos<\/title>\n<meta name=\"robots\" content=\"index, follow, max-snippet:-1, max-image-preview:large, max-video-preview:-1\" \/>\n<link rel=\"canonical\" href=\"https:\/\/osmeusapontamentos.com\/index.php\/2010\/03\/21\/o-porto-em-conversa-marco-2010\/\" \/>\n<meta property=\"og:locale\" content=\"pt_PT\" \/>\n<meta property=\"og:type\" content=\"article\" \/>\n<meta property=\"og:title\" content=\"O Porto em Conversa - Mar\u00e7o 2010 - Os Meus Apontamentos\" \/>\n<meta property=\"og:description\" content=\"Nos dois \u00faltimos meses n\u00e3o houve &#8220;produ\u00e7\u00e3o pr\u00f3pria&#8221; do Porto em Conversa, mas isso n\u00e3o quer dizer que n\u00e3o tenha havido novidades no blog. Assim, continuei com a s\u00e9rie de entrevistas a deputados municipais do Porto, tendo entrevistado Jos\u00e9 Castro (BE) sobre habita\u00e7\u00e3o social e Pedro Moutinho (CDS-PP) sobre o papel do CDS-PP na gest\u00e3o [&hellip;]\" \/>\n<meta property=\"og:url\" content=\"https:\/\/osmeusapontamentos.com\/index.php\/2010\/03\/21\/o-porto-em-conversa-marco-2010\/\" \/>\n<meta property=\"og:site_name\" content=\"Os Meus Apontamentos\" \/>\n<meta property=\"article:published_time\" content=\"2010-03-21T22:32:15+00:00\" \/>\n<meta name=\"author\" content=\"Vitor Silva\" \/>\n<meta name=\"twitter:card\" content=\"summary_large_image\" \/>\n<meta name=\"twitter:creator\" content=\"@vitorsilva\" \/>\n<meta name=\"twitter:site\" content=\"@vitorsilva\" \/>\n<meta name=\"twitter:label1\" content=\"Escrito por\" \/>\n\t<meta name=\"twitter:data1\" content=\"Vitor Silva\" \/>\n\t<meta name=\"twitter:label2\" content=\"Tempo estimado de leitura\" \/>\n\t<meta name=\"twitter:data2\" content=\"1 minuto\" \/>\n<script type=\"application\/ld+json\" class=\"yoast-schema-graph\">{\"@context\":\"https:\\\/\\\/schema.org\",\"@graph\":[{\"@type\":\"Article\",\"@id\":\"https:\\\/\\\/osmeusapontamentos.com\\\/index.php\\\/2010\\\/03\\\/21\\\/o-porto-em-conversa-marco-2010\\\/#article\",\"isPartOf\":{\"@id\":\"https:\\\/\\\/osmeusapontamentos.com\\\/index.php\\\/2010\\\/03\\\/21\\\/o-porto-em-conversa-marco-2010\\\/\"},\"author\":{\"name\":\"Vitor Silva\",\"@id\":\"https:\\\/\\\/osmeusapontamentos.com\\\/#\\\/schema\\\/person\\\/d508df9c3ffc8b4e64a18dbf0ba18dd8\"},\"headline\":\"O Porto em Conversa &#8211; Mar\u00e7o 2010\",\"datePublished\":\"2010-03-21T22:32:15+00:00\",\"mainEntityOfPage\":{\"@id\":\"https:\\\/\\\/osmeusapontamentos.com\\\/index.php\\\/2010\\\/03\\\/21\\\/o-porto-em-conversa-marco-2010\\\/\"},\"wordCount\":251,\"commentCount\":0,\"publisher\":{\"@id\":\"https:\\\/\\\/osmeusapontamentos.com\\\/#\\\/schema\\\/person\\\/d508df9c3ffc8b4e64a18dbf0ba18dd8\"},\"keywords\":[\"cristina azevedo\",\"dialogos com a ciencia\",\"inner city\",\"jos\u00e9 castro\",\"leo xavier\",\"luis baptista-coelho\",\"pedro moutinho\",\"podcast\",\"talks\"],\"articleSection\":[\"Ler\\\/ Ver\\\/ Ouvir\\\/ Passear\"],\"inLanguage\":\"pt-PT\",\"potentialAction\":[{\"@type\":\"CommentAction\",\"name\":\"Comment\",\"target\":[\"https:\\\/\\\/osmeusapontamentos.com\\\/index.php\\\/2010\\\/03\\\/21\\\/o-porto-em-conversa-marco-2010\\\/#respond\"]}]},{\"@type\":\"WebPage\",\"@id\":\"https:\\\/\\\/osmeusapontamentos.com\\\/index.php\\\/2010\\\/03\\\/21\\\/o-porto-em-conversa-marco-2010\\\/\",\"url\":\"https:\\\/\\\/osmeusapontamentos.com\\\/index.php\\\/2010\\\/03\\\/21\\\/o-porto-em-conversa-marco-2010\\\/\",\"name\":\"O Porto em Conversa - Mar\u00e7o 2010 - Os Meus Apontamentos\",\"isPartOf\":{\"@id\":\"https:\\\/\\\/osmeusapontamentos.com\\\/#website\"},\"datePublished\":\"2010-03-21T22:32:15+00:00\",\"breadcrumb\":{\"@id\":\"https:\\\/\\\/osmeusapontamentos.com\\\/index.php\\\/2010\\\/03\\\/21\\\/o-porto-em-conversa-marco-2010\\\/#breadcrumb\"},\"inLanguage\":\"pt-PT\",\"potentialAction\":[{\"@type\":\"ReadAction\",\"target\":[\"https:\\\/\\\/osmeusapontamentos.com\\\/index.php\\\/2010\\\/03\\\/21\\\/o-porto-em-conversa-marco-2010\\\/\"]}]},{\"@type\":\"BreadcrumbList\",\"@id\":\"https:\\\/\\\/osmeusapontamentos.com\\\/index.php\\\/2010\\\/03\\\/21\\\/o-porto-em-conversa-marco-2010\\\/#breadcrumb\",\"itemListElement\":[{\"@type\":\"ListItem\",\"position\":1,\"name\":\"In\u00edcio\",\"item\":\"https:\\\/\\\/osmeusapontamentos.com\\\/\"},{\"@type\":\"ListItem\",\"position\":2,\"name\":\"O Porto em Conversa &#8211; Mar\u00e7o 2010\"}]},{\"@type\":\"WebSite\",\"@id\":\"https:\\\/\\\/osmeusapontamentos.com\\\/#website\",\"url\":\"https:\\\/\\\/osmeusapontamentos.com\\\/\",\"name\":\"Os Meus Apontamentos\",\"description\":\"\",\"publisher\":{\"@id\":\"https:\\\/\\\/osmeusapontamentos.com\\\/#\\\/schema\\\/person\\\/d508df9c3ffc8b4e64a18dbf0ba18dd8\"},\"potentialAction\":[{\"@type\":\"SearchAction\",\"target\":{\"@type\":\"EntryPoint\",\"urlTemplate\":\"https:\\\/\\\/osmeusapontamentos.com\\\/?s={search_term_string}\"},\"query-input\":{\"@type\":\"PropertyValueSpecification\",\"valueRequired\":true,\"valueName\":\"search_term_string\"}}],\"inLanguage\":\"pt-PT\"},{\"@type\":[\"Person\",\"Organization\"],\"@id\":\"https:\\\/\\\/osmeusapontamentos.com\\\/#\\\/schema\\\/person\\\/d508df9c3ffc8b4e64a18dbf0ba18dd8\",\"name\":\"Vitor Silva\",\"image\":{\"@type\":\"ImageObject\",\"inLanguage\":\"pt-PT\",\"@id\":\"https:\\\/\\\/secure.gravatar.com\\\/avatar\\\/f81f58ad909e8a213ab0a690f6ed65e5c0e0e2274bf35ac49ff31d7988d483ce?s=96&d=mm&r=g\",\"url\":\"https:\\\/\\\/secure.gravatar.com\\\/avatar\\\/f81f58ad909e8a213ab0a690f6ed65e5c0e0e2274bf35ac49ff31d7988d483ce?s=96&d=mm&r=g\",\"contentUrl\":\"https:\\\/\\\/secure.gravatar.com\\\/avatar\\\/f81f58ad909e8a213ab0a690f6ed65e5c0e0e2274bf35ac49ff31d7988d483ce?s=96&d=mm&r=g\",\"caption\":\"Vitor Silva\"},\"logo\":{\"@id\":\"https:\\\/\\\/secure.gravatar.com\\\/avatar\\\/f81f58ad909e8a213ab0a690f6ed65e5c0e0e2274bf35ac49ff31d7988d483ce?s=96&d=mm&r=g\"},\"sameAs\":[\"https:\\\/\\\/www.linkedin.com\\\/in\\\/vitormrsilva\",\"https:\\\/\\\/x.com\\\/vitorsilva\"]}]}<\/script>\n<!-- \/ Yoast SEO plugin. -->","yoast_head_json":{"title":"O Porto em Conversa - Mar\u00e7o 2010 - Os Meus Apontamentos","robots":{"index":"index","follow":"follow","max-snippet":"max-snippet:-1","max-image-preview":"max-image-preview:large","max-video-preview":"max-video-preview:-1"},"canonical":"https:\/\/osmeusapontamentos.com\/index.php\/2010\/03\/21\/o-porto-em-conversa-marco-2010\/","og_locale":"pt_PT","og_type":"article","og_title":"O Porto em Conversa - Mar\u00e7o 2010 - Os Meus Apontamentos","og_description":"Nos dois \u00faltimos meses n\u00e3o houve &#8220;produ\u00e7\u00e3o pr\u00f3pria&#8221; do Porto em Conversa, mas isso n\u00e3o quer dizer que n\u00e3o tenha havido novidades no blog. Assim, continuei com a s\u00e9rie de entrevistas a deputados municipais do Porto, tendo entrevistado Jos\u00e9 Castro (BE) sobre habita\u00e7\u00e3o social e Pedro Moutinho (CDS-PP) sobre o papel do CDS-PP na gest\u00e3o [&hellip;]","og_url":"https:\/\/osmeusapontamentos.com\/index.php\/2010\/03\/21\/o-porto-em-conversa-marco-2010\/","og_site_name":"Os Meus Apontamentos","article_published_time":"2010-03-21T22:32:15+00:00","author":"Vitor Silva","twitter_card":"summary_large_image","twitter_creator":"@vitorsilva","twitter_site":"@vitorsilva","twitter_misc":{"Escrito por":"Vitor Silva","Tempo estimado de leitura":"1 minuto"},"schema":{"@context":"https:\/\/schema.org","@graph":[{"@type":"Article","@id":"https:\/\/osmeusapontamentos.com\/index.php\/2010\/03\/21\/o-porto-em-conversa-marco-2010\/#article","isPartOf":{"@id":"https:\/\/osmeusapontamentos.com\/index.php\/2010\/03\/21\/o-porto-em-conversa-marco-2010\/"},"author":{"name":"Vitor Silva","@id":"https:\/\/osmeusapontamentos.com\/#\/schema\/person\/d508df9c3ffc8b4e64a18dbf0ba18dd8"},"headline":"O Porto em Conversa &#8211; Mar\u00e7o 2010","datePublished":"2010-03-21T22:32:15+00:00","mainEntityOfPage":{"@id":"https:\/\/osmeusapontamentos.com\/index.php\/2010\/03\/21\/o-porto-em-conversa-marco-2010\/"},"wordCount":251,"commentCount":0,"publisher":{"@id":"https:\/\/osmeusapontamentos.com\/#\/schema\/person\/d508df9c3ffc8b4e64a18dbf0ba18dd8"},"keywords":["cristina azevedo","dialogos com a ciencia","inner city","jos\u00e9 castro","leo xavier","luis baptista-coelho","pedro moutinho","podcast","talks"],"articleSection":["Ler\/ Ver\/ Ouvir\/ Passear"],"inLanguage":"pt-PT","potentialAction":[{"@type":"CommentAction","name":"Comment","target":["https:\/\/osmeusapontamentos.com\/index.php\/2010\/03\/21\/o-porto-em-conversa-marco-2010\/#respond"]}]},{"@type":"WebPage","@id":"https:\/\/osmeusapontamentos.com\/index.php\/2010\/03\/21\/o-porto-em-conversa-marco-2010\/","url":"https:\/\/osmeusapontamentos.com\/index.php\/2010\/03\/21\/o-porto-em-conversa-marco-2010\/","name":"O Porto em Conversa - Mar\u00e7o 2010 - Os Meus Apontamentos","isPartOf":{"@id":"https:\/\/osmeusapontamentos.com\/#website"},"datePublished":"2010-03-21T22:32:15+00:00","breadcrumb":{"@id":"https:\/\/osmeusapontamentos.com\/index.php\/2010\/03\/21\/o-porto-em-conversa-marco-2010\/#breadcrumb"},"inLanguage":"pt-PT","potentialAction":[{"@type":"ReadAction","target":["https:\/\/osmeusapontamentos.com\/index.php\/2010\/03\/21\/o-porto-em-conversa-marco-2010\/"]}]},{"@type":"BreadcrumbList","@id":"https:\/\/osmeusapontamentos.com\/index.php\/2010\/03\/21\/o-porto-em-conversa-marco-2010\/#breadcrumb","itemListElement":[{"@type":"ListItem","position":1,"name":"In\u00edcio","item":"https:\/\/osmeusapontamentos.com\/"},{"@type":"ListItem","position":2,"name":"O Porto em Conversa &#8211; Mar\u00e7o 2010"}]},{"@type":"WebSite","@id":"https:\/\/osmeusapontamentos.com\/#website","url":"https:\/\/osmeusapontamentos.com\/","name":"Os Meus Apontamentos","description":"","publisher":{"@id":"https:\/\/osmeusapontamentos.com\/#\/schema\/person\/d508df9c3ffc8b4e64a18dbf0ba18dd8"},"potentialAction":[{"@type":"SearchAction","target":{"@type":"EntryPoint","urlTemplate":"https:\/\/osmeusapontamentos.com\/?s={search_term_string}"},"query-input":{"@type":"PropertyValueSpecification","valueRequired":true,"valueName":"search_term_string"}}],"inLanguage":"pt-PT"},{"@type":["Person","Organization"],"@id":"https:\/\/osmeusapontamentos.com\/#\/schema\/person\/d508df9c3ffc8b4e64a18dbf0ba18dd8","name":"Vitor Silva","image":{"@type":"ImageObject","inLanguage":"pt-PT","@id":"https:\/\/secure.gravatar.com\/avatar\/f81f58ad909e8a213ab0a690f6ed65e5c0e0e2274bf35ac49ff31d7988d483ce?s=96&d=mm&r=g","url":"https:\/\/secure.gravatar.com\/avatar\/f81f58ad909e8a213ab0a690f6ed65e5c0e0e2274bf35ac49ff31d7988d483ce?s=96&d=mm&r=g","contentUrl":"https:\/\/secure.gravatar.com\/avatar\/f81f58ad909e8a213ab0a690f6ed65e5c0e0e2274bf35ac49ff31d7988d483ce?s=96&d=mm&r=g","caption":"Vitor Silva"},"logo":{"@id":"https:\/\/secure.gravatar.com\/avatar\/f81f58ad909e8a213ab0a690f6ed65e5c0e0e2274bf35ac49ff31d7988d483ce?s=96&d=mm&r=g"},"sameAs":["https:\/\/www.linkedin.com\/in\/vitormrsilva","https:\/\/x.com\/vitorsilva"]}]}},"_links":{"self":[{"href":"https:\/\/osmeusapontamentos.com\/index.php\/wp-json\/wp\/v2\/posts\/1713","targetHints":{"allow":["GET"]}}],"collection":[{"href":"https:\/\/osmeusapontamentos.com\/index.php\/wp-json\/wp\/v2\/posts"}],"about":[{"href":"https:\/\/osmeusapontamentos.com\/index.php\/wp-json\/wp\/v2\/types\/post"}],"author":[{"embeddable":true,"href":"https:\/\/osmeusapontamentos.com\/index.php\/wp-json\/wp\/v2\/users\/1"}],"replies":[{"embeddable":true,"href":"https:\/\/osmeusapontamentos.com\/index.php\/wp-json\/wp\/v2\/comments?post=1713"}],"version-history":[{"count":0,"href":"https:\/\/osmeusapontamentos.com\/index.php\/wp-json\/wp\/v2\/posts\/1713\/revisions"}],"wp:attachment":[{"href":"https:\/\/osmeusapontamentos.com\/index.php\/wp-json\/wp\/v2\/media?parent=1713"}],"wp:term":[{"taxonomy":"category","embeddable":true,"href":"https:\/\/osmeusapontamentos.com\/index.php\/wp-json\/wp\/v2\/categories?post=1713"},{"taxonomy":"post_tag","embeddable":true,"href":"https:\/\/osmeusapontamentos.com\/index.php\/wp-json\/wp\/v2\/tags?post=1713"}],"curies":[{"name":"wp","href":"https:\/\/api.w.org\/{rel}","templated":true}]}}