{"id":1706,"date":"2010-03-18T14:26:55","date_gmt":"2010-03-18T14:26:55","guid":{"rendered":"http:\/\/osmeusapontamentos.com\/?p=1706"},"modified":"2010-03-18T14:26:55","modified_gmt":"2010-03-18T14:26:55","slug":"olhares-cruzados-vii-1","status":"publish","type":"post","link":"https:\/\/osmeusapontamentos.com\/index.php\/2010\/03\/18\/olhares-cruzados-vii-1\/","title":{"rendered":"Olhares Cruzados VII #1"},"content":{"rendered":"<p>Notas sobre a primeira sess\u00e3o da s\u00e9tima edi\u00e7\u00e3o dos Olhares Cruzados na Universidade Cat\u00f3lica (Porto) realizada no dia 11-mar\u00e7o-2009 com o tema \u201cA Regionaliza\u00e7\u00e3o e as Prioridades de Norte\u201d<\/p>\n<p>Tamb\u00e9m disponivel o podcast com as diferentes interven\u00e7\u00f5es: <a href=\"http:\/\/www.oportoemconversa.com\/2010\/03\/18\/olhares-cruzados-sobre-o-porto-vii-alberto-castro\/\">Alberto Castro<\/a>, <a href=\"http:\/\/www.oportoemconversa.com\/2010\/03\/18\/olhares-cruzados-sobre-o-porto-luisa-bessa\/\">Lu\u00edsa Bessa<\/a>, <a href=\"http:\/\/www.oportoemconversa.com\/2010\/03\/18\/olhares-cruzados-sobre-o-porto-vii-%e2%80%93-rui-vilar\/\">Rui Vilar<\/a>, <a href=\"http:\/\/www.oportoemconversa.com\/2010\/03\/18\/olhares-cruzados-sobre-o-porto-vii-%e2%80%93-manuel-correia-fernandes\/\">Manuel Correia Fernandes<\/a>, <a href=\"http:\/\/www.oportoemconversa.com\/2010\/03\/18\/olhares-cruzados-sobre-o-porto-vii-%e2%80%93-cristina-azevedo\/\">Cristina Azevedo<\/a>, <a href=\"http:\/\/www.oportoemconversa.com\/2010\/03\/18\/olhares-cruzados-sobre-o-porto-vii-%e2%80%93-debate\/\">Debate Final<\/a>.<\/p>\n<p>introdu\u00e7\u00e3o de \u00a0lu\u00edsa bessa<\/p>\n<ul>\n<li>legado n\u00e3o foi honrado<\/li>\n<li>provoca\u00e7\u00e3o =&gt; capitais europeias da cultura<\/li>\n<li>melhorar a imagem<\/li>\n<li>impulsionar turismo e vida cultural<\/li>\n<li>melhorias nas infraestruturas culturais<\/li>\n<li>renova\u00e7\u00e3o urbana<\/li>\n<li>2000 eventos<\/li>\n<li>1,3M visitantes<\/li>\n<li>14M\u20ac mecenato<\/li>\n<li>195M\u20ac total<\/li>\n<li>84,5 =&gt; renova\u00e7\u00e3o urbana<\/li>\n<\/ul>\n<p>rui vilar &#8211; presidente da funca\u00e7\u00e3o calouste gulbenkien<\/p>\n<ul>\n<li>contexto historico<\/li>\n<li>euroeuforia  &#8211; acto unico, &#8230; 86 atenas<\/li>\n<li>colocar no radar mas com objectivo de as tornar sustentaveis<\/li>\n<li>relat\u00f3rio palmer de 2004 de avalia\u00e7\u00e3o das capitais europeias da cultura<\/li>\n<li>=&gt; na maior parte dos casos n\u00e3o houve follow-uo adequado e se terem perdido oportunidades e caminhos abertos<\/li>\n<li>capital &#8211; espa\u00e7o fisico e tb imaterial<\/li>\n<li>centro vs periferia<\/li>\n<li>concentra\u00e7\u00e3o e irradia\u00e7\u00e3o<\/li>\n<li>salientar a diversidade das culturas europeias<\/li>\n<li>hoje ser capital \u00e9 permitir que todos possa usufruir e que tenham acesso<\/li>\n<li>valoriza\u00e7\u00e3o da diferen\u00e7a<\/li>\n<li>celebrar \/ festejar<\/li>\n<li>descobrir \/ competir<\/li>\n<li>vantagem guimaraes &#8211; valor simbolico imediato<\/li>\n<li>portugal \u00e9 guimar\u00e3es, o resto s\u00e3o conquistas<\/li>\n<li>trabalho j\u00e1 existente de reabilita\u00e7\u00e3o urbana<\/li>\n<li>qual o hinterland de guimar\u00e3es<\/li>\n<\/ul>\n<p>correia fernandes<\/p>\n<ul>\n<li>avalia\u00e7\u00e3o porto 2001<\/li>\n<li>lx94 tb n\u00e3o houve<\/li>\n<li>n\u00e3o h\u00e1 uma sintese da porto 2001<\/li>\n<li>posicionamento de barcelona =&gt; desafiar madrid mas tamb\u00e9m saber aproveitar as oportunidades<\/li>\n<li>de pecho adelante e n\u00e3o no espirito de ver se d\u00e1<\/li>\n<li>isto n\u00e3o foi feito na 2001<\/li>\n<li>notavel o trabalho de recupera\u00e7\u00e3o do centro da cidade<\/li>\n<li>feito com m\u00e9todo =&gt; envolvendo a popula\u00e7\u00e3o e trabalhando no sitio<\/li>\n<li>vida politica desligada da vida real tem implica\u00e7\u00f5es nos resultados<\/li>\n<li>casa da musica \u00e9 um marco e felizmente com uma isntitui\u00e7\u00e3o l\u00e1 dentro<\/li>\n<li>papel de arquitectos estrangeiros no planeamento e constru\u00e7\u00e3o da cidade do porto<\/li>\n<\/ul>\n<p>cristina azevedo<\/p>\n<ul>\n<li>guimaraes &#8211; total ausencia de anticorpos  com o resto das cidades do pa\u00eds<\/li>\n<li>requalifica\u00e7\u00e3o urbana<\/li>\n<li>apoio \u00e0 politica cultural profissional<\/li>\n<li>institui\u00e7\u00e3o com or\u00e7amento previsivel e estavel &#8211; ccvf<\/li>\n<li>j\u00e1 a pensar na avalia\u00e7\u00e3o =&gt;<\/li>\n<li>actualmente os desafios das capitais europeias da cultura s\u00e3o diferntes =&gt; 160k hab \/ 69 freguesias<\/li>\n<li>euroeuforia<\/li>\n<li>aproxima\u00e7\u00e3o da cultura \u00e0 economia<\/li>\n<li>rede vs capital<\/li>\n<li>ser polo criador<\/li>\n<li>reposicionar guimar\u00e3es<\/li>\n<li>projecto cultural vs projecto urbano<\/li>\n<li>papel do programador artista residente<\/li>\n<li>movimento associativo e cultural no norte e em guimaraes<\/li>\n<\/ul>\n<p>debate<\/p>\n<ul>\n<li> rui vilar -um dos problemas foi um desajustamento entre uma ambi\u00e7\u00e3o muito legitima que a cidade tinha, depois de muitos anos de falta de recursos, de responder a um conjunto muito grande de problemas.<\/li>\n<li>entre as ambi\u00e7\u00f5es, os objectivos, a organiza\u00e7\u00e3o e os meios n\u00e3o havia uma correla\u00e7\u00e3o que pudesse funcionar.<\/li>\n<li>luisa bessa<\/li>\n<li>maio 1998 =&gt; expo 98, porto 2001 encarou como contraponto &#8211; misturou e confundiu os planos<\/li>\n<li>correia fernandes<\/li>\n<li>janeiro 99 tomaram posse<\/li>\n<li>anos 90 vivia-se no porto<\/li>\n<li>historia cruarb &#8211; fdzhp<\/li>\n<li>projectos polis<\/li>\n<li>cimeira ibero americano que mostrou que era possivel fazer alguma coisa (18:00); metro; porto patrimonio mundial; equipamentos renovados &#8211; sjoao, rivoli;<\/li>\n<li>havia muita coisa a mexer naqueles finais dos anos 90<\/li>\n<li>posicionar guimar\u00e3es na rede europeia das industrias criativas<\/li>\n<\/ul>\n","protected":false},"excerpt":{"rendered":"<p>Notas sobre a primeira sess\u00e3o da s\u00e9tima edi\u00e7\u00e3o dos Olhares Cruzados na Universidade Cat\u00f3lica (Porto) realizada no dia 11-mar\u00e7o-2009 com o tema \u201cA Regionaliza\u00e7\u00e3o e as Prioridades de Norte\u201d Tamb\u00e9m disponivel o podcast com as diferentes interven\u00e7\u00f5es: Alberto Castro, Lu\u00edsa Bessa, Rui Vilar, Manuel Correia Fernandes, Cristina Azevedo, Debate Final. introdu\u00e7\u00e3o de \u00a0lu\u00edsa bessa legado [&hellip;]<\/p>\n","protected":false},"author":1,"featured_media":0,"comment_status":"open","ping_status":"open","sticky":false,"template":"","format":"standard","meta":{"footnotes":""},"categories":[7],"tags":[34,173,178,379,386,582,658],"class_list":["post-1706","post","type-post","status-publish","format-standard","hentry","category-ler-ver-ouvir-passear","tag-alberto-castro","tag-cristina-azevedo","tag-cultura","tag-luisa-bessa","tag-manuel-correia-fernanades","tag-rui-vilar","tag-universidade-catolica"],"yoast_head":"<!-- This site is optimized with the Yoast SEO plugin v27.5 - https:\/\/yoast.com\/product\/yoast-seo-wordpress\/ -->\n<title>Olhares Cruzados VII #1 - Os Meus Apontamentos<\/title>\n<meta name=\"robots\" content=\"index, follow, max-snippet:-1, max-image-preview:large, max-video-preview:-1\" \/>\n<link rel=\"canonical\" href=\"https:\/\/osmeusapontamentos.com\/index.php\/2010\/03\/18\/olhares-cruzados-vii-1\/\" \/>\n<meta property=\"og:locale\" content=\"pt_PT\" \/>\n<meta property=\"og:type\" content=\"article\" \/>\n<meta property=\"og:title\" content=\"Olhares Cruzados VII #1 - Os Meus Apontamentos\" \/>\n<meta property=\"og:description\" content=\"Notas sobre a primeira sess\u00e3o da s\u00e9tima edi\u00e7\u00e3o dos Olhares Cruzados na Universidade Cat\u00f3lica (Porto) realizada no dia 11-mar\u00e7o-2009 com o tema \u201cA Regionaliza\u00e7\u00e3o e as Prioridades de Norte\u201d Tamb\u00e9m disponivel o podcast com as diferentes interven\u00e7\u00f5es: Alberto Castro, Lu\u00edsa Bessa, Rui Vilar, Manuel Correia Fernandes, Cristina Azevedo, Debate Final. introdu\u00e7\u00e3o de \u00a0lu\u00edsa bessa legado [&hellip;]\" \/>\n<meta property=\"og:url\" content=\"https:\/\/osmeusapontamentos.com\/index.php\/2010\/03\/18\/olhares-cruzados-vii-1\/\" \/>\n<meta property=\"og:site_name\" content=\"Os Meus Apontamentos\" \/>\n<meta property=\"article:published_time\" content=\"2010-03-18T14:26:55+00:00\" \/>\n<meta name=\"author\" content=\"Vitor Silva\" \/>\n<meta name=\"twitter:card\" content=\"summary_large_image\" \/>\n<meta name=\"twitter:creator\" content=\"@vitorsilva\" \/>\n<meta name=\"twitter:site\" content=\"@vitorsilva\" \/>\n<meta name=\"twitter:label1\" content=\"Escrito por\" \/>\n\t<meta name=\"twitter:data1\" content=\"Vitor Silva\" \/>\n\t<meta name=\"twitter:label2\" content=\"Tempo estimado de leitura\" \/>\n\t<meta name=\"twitter:data2\" content=\"3 minutos\" \/>\n<script type=\"application\/ld+json\" class=\"yoast-schema-graph\">{\"@context\":\"https:\\\/\\\/schema.org\",\"@graph\":[{\"@type\":\"Article\",\"@id\":\"https:\\\/\\\/osmeusapontamentos.com\\\/index.php\\\/2010\\\/03\\\/18\\\/olhares-cruzados-vii-1\\\/#article\",\"isPartOf\":{\"@id\":\"https:\\\/\\\/osmeusapontamentos.com\\\/index.php\\\/2010\\\/03\\\/18\\\/olhares-cruzados-vii-1\\\/\"},\"author\":{\"name\":\"Vitor Silva\",\"@id\":\"https:\\\/\\\/osmeusapontamentos.com\\\/#\\\/schema\\\/person\\\/d508df9c3ffc8b4e64a18dbf0ba18dd8\"},\"headline\":\"Olhares Cruzados VII #1\",\"datePublished\":\"2010-03-18T14:26:55+00:00\",\"mainEntityOfPage\":{\"@id\":\"https:\\\/\\\/osmeusapontamentos.com\\\/index.php\\\/2010\\\/03\\\/18\\\/olhares-cruzados-vii-1\\\/\"},\"wordCount\":555,\"commentCount\":0,\"publisher\":{\"@id\":\"https:\\\/\\\/osmeusapontamentos.com\\\/#\\\/schema\\\/person\\\/d508df9c3ffc8b4e64a18dbf0ba18dd8\"},\"keywords\":[\"alberto castro\",\"cristina azevedo\",\"cultura\",\"luisa bessa\",\"manuel correia fernanades\",\"rui vilar\",\"universidade cat\u00f3lica\"],\"articleSection\":[\"Ler\\\/ Ver\\\/ Ouvir\\\/ Passear\"],\"inLanguage\":\"pt-PT\",\"potentialAction\":[{\"@type\":\"CommentAction\",\"name\":\"Comment\",\"target\":[\"https:\\\/\\\/osmeusapontamentos.com\\\/index.php\\\/2010\\\/03\\\/18\\\/olhares-cruzados-vii-1\\\/#respond\"]}]},{\"@type\":\"WebPage\",\"@id\":\"https:\\\/\\\/osmeusapontamentos.com\\\/index.php\\\/2010\\\/03\\\/18\\\/olhares-cruzados-vii-1\\\/\",\"url\":\"https:\\\/\\\/osmeusapontamentos.com\\\/index.php\\\/2010\\\/03\\\/18\\\/olhares-cruzados-vii-1\\\/\",\"name\":\"Olhares Cruzados VII #1 - Os Meus Apontamentos\",\"isPartOf\":{\"@id\":\"https:\\\/\\\/osmeusapontamentos.com\\\/#website\"},\"datePublished\":\"2010-03-18T14:26:55+00:00\",\"breadcrumb\":{\"@id\":\"https:\\\/\\\/osmeusapontamentos.com\\\/index.php\\\/2010\\\/03\\\/18\\\/olhares-cruzados-vii-1\\\/#breadcrumb\"},\"inLanguage\":\"pt-PT\",\"potentialAction\":[{\"@type\":\"ReadAction\",\"target\":[\"https:\\\/\\\/osmeusapontamentos.com\\\/index.php\\\/2010\\\/03\\\/18\\\/olhares-cruzados-vii-1\\\/\"]}]},{\"@type\":\"BreadcrumbList\",\"@id\":\"https:\\\/\\\/osmeusapontamentos.com\\\/index.php\\\/2010\\\/03\\\/18\\\/olhares-cruzados-vii-1\\\/#breadcrumb\",\"itemListElement\":[{\"@type\":\"ListItem\",\"position\":1,\"name\":\"In\u00edcio\",\"item\":\"https:\\\/\\\/osmeusapontamentos.com\\\/\"},{\"@type\":\"ListItem\",\"position\":2,\"name\":\"Olhares Cruzados VII #1\"}]},{\"@type\":\"WebSite\",\"@id\":\"https:\\\/\\\/osmeusapontamentos.com\\\/#website\",\"url\":\"https:\\\/\\\/osmeusapontamentos.com\\\/\",\"name\":\"Os Meus Apontamentos\",\"description\":\"\",\"publisher\":{\"@id\":\"https:\\\/\\\/osmeusapontamentos.com\\\/#\\\/schema\\\/person\\\/d508df9c3ffc8b4e64a18dbf0ba18dd8\"},\"potentialAction\":[{\"@type\":\"SearchAction\",\"target\":{\"@type\":\"EntryPoint\",\"urlTemplate\":\"https:\\\/\\\/osmeusapontamentos.com\\\/?s={search_term_string}\"},\"query-input\":{\"@type\":\"PropertyValueSpecification\",\"valueRequired\":true,\"valueName\":\"search_term_string\"}}],\"inLanguage\":\"pt-PT\"},{\"@type\":[\"Person\",\"Organization\"],\"@id\":\"https:\\\/\\\/osmeusapontamentos.com\\\/#\\\/schema\\\/person\\\/d508df9c3ffc8b4e64a18dbf0ba18dd8\",\"name\":\"Vitor Silva\",\"image\":{\"@type\":\"ImageObject\",\"inLanguage\":\"pt-PT\",\"@id\":\"https:\\\/\\\/secure.gravatar.com\\\/avatar\\\/f81f58ad909e8a213ab0a690f6ed65e5c0e0e2274bf35ac49ff31d7988d483ce?s=96&d=mm&r=g\",\"url\":\"https:\\\/\\\/secure.gravatar.com\\\/avatar\\\/f81f58ad909e8a213ab0a690f6ed65e5c0e0e2274bf35ac49ff31d7988d483ce?s=96&d=mm&r=g\",\"contentUrl\":\"https:\\\/\\\/secure.gravatar.com\\\/avatar\\\/f81f58ad909e8a213ab0a690f6ed65e5c0e0e2274bf35ac49ff31d7988d483ce?s=96&d=mm&r=g\",\"caption\":\"Vitor Silva\"},\"logo\":{\"@id\":\"https:\\\/\\\/secure.gravatar.com\\\/avatar\\\/f81f58ad909e8a213ab0a690f6ed65e5c0e0e2274bf35ac49ff31d7988d483ce?s=96&d=mm&r=g\"},\"sameAs\":[\"https:\\\/\\\/www.linkedin.com\\\/in\\\/vitormrsilva\",\"https:\\\/\\\/x.com\\\/vitorsilva\"]}]}<\/script>\n<!-- \/ Yoast SEO plugin. -->","yoast_head_json":{"title":"Olhares Cruzados VII #1 - Os Meus Apontamentos","robots":{"index":"index","follow":"follow","max-snippet":"max-snippet:-1","max-image-preview":"max-image-preview:large","max-video-preview":"max-video-preview:-1"},"canonical":"https:\/\/osmeusapontamentos.com\/index.php\/2010\/03\/18\/olhares-cruzados-vii-1\/","og_locale":"pt_PT","og_type":"article","og_title":"Olhares Cruzados VII #1 - Os Meus Apontamentos","og_description":"Notas sobre a primeira sess\u00e3o da s\u00e9tima edi\u00e7\u00e3o dos Olhares Cruzados na Universidade Cat\u00f3lica (Porto) realizada no dia 11-mar\u00e7o-2009 com o tema \u201cA Regionaliza\u00e7\u00e3o e as Prioridades de Norte\u201d Tamb\u00e9m disponivel o podcast com as diferentes interven\u00e7\u00f5es: Alberto Castro, Lu\u00edsa Bessa, Rui Vilar, Manuel Correia Fernandes, Cristina Azevedo, Debate Final. introdu\u00e7\u00e3o de \u00a0lu\u00edsa bessa legado [&hellip;]","og_url":"https:\/\/osmeusapontamentos.com\/index.php\/2010\/03\/18\/olhares-cruzados-vii-1\/","og_site_name":"Os Meus Apontamentos","article_published_time":"2010-03-18T14:26:55+00:00","author":"Vitor Silva","twitter_card":"summary_large_image","twitter_creator":"@vitorsilva","twitter_site":"@vitorsilva","twitter_misc":{"Escrito por":"Vitor Silva","Tempo estimado de leitura":"3 minutos"},"schema":{"@context":"https:\/\/schema.org","@graph":[{"@type":"Article","@id":"https:\/\/osmeusapontamentos.com\/index.php\/2010\/03\/18\/olhares-cruzados-vii-1\/#article","isPartOf":{"@id":"https:\/\/osmeusapontamentos.com\/index.php\/2010\/03\/18\/olhares-cruzados-vii-1\/"},"author":{"name":"Vitor Silva","@id":"https:\/\/osmeusapontamentos.com\/#\/schema\/person\/d508df9c3ffc8b4e64a18dbf0ba18dd8"},"headline":"Olhares Cruzados VII #1","datePublished":"2010-03-18T14:26:55+00:00","mainEntityOfPage":{"@id":"https:\/\/osmeusapontamentos.com\/index.php\/2010\/03\/18\/olhares-cruzados-vii-1\/"},"wordCount":555,"commentCount":0,"publisher":{"@id":"https:\/\/osmeusapontamentos.com\/#\/schema\/person\/d508df9c3ffc8b4e64a18dbf0ba18dd8"},"keywords":["alberto castro","cristina azevedo","cultura","luisa bessa","manuel correia fernanades","rui vilar","universidade cat\u00f3lica"],"articleSection":["Ler\/ Ver\/ Ouvir\/ Passear"],"inLanguage":"pt-PT","potentialAction":[{"@type":"CommentAction","name":"Comment","target":["https:\/\/osmeusapontamentos.com\/index.php\/2010\/03\/18\/olhares-cruzados-vii-1\/#respond"]}]},{"@type":"WebPage","@id":"https:\/\/osmeusapontamentos.com\/index.php\/2010\/03\/18\/olhares-cruzados-vii-1\/","url":"https:\/\/osmeusapontamentos.com\/index.php\/2010\/03\/18\/olhares-cruzados-vii-1\/","name":"Olhares Cruzados VII #1 - Os Meus Apontamentos","isPartOf":{"@id":"https:\/\/osmeusapontamentos.com\/#website"},"datePublished":"2010-03-18T14:26:55+00:00","breadcrumb":{"@id":"https:\/\/osmeusapontamentos.com\/index.php\/2010\/03\/18\/olhares-cruzados-vii-1\/#breadcrumb"},"inLanguage":"pt-PT","potentialAction":[{"@type":"ReadAction","target":["https:\/\/osmeusapontamentos.com\/index.php\/2010\/03\/18\/olhares-cruzados-vii-1\/"]}]},{"@type":"BreadcrumbList","@id":"https:\/\/osmeusapontamentos.com\/index.php\/2010\/03\/18\/olhares-cruzados-vii-1\/#breadcrumb","itemListElement":[{"@type":"ListItem","position":1,"name":"In\u00edcio","item":"https:\/\/osmeusapontamentos.com\/"},{"@type":"ListItem","position":2,"name":"Olhares Cruzados VII #1"}]},{"@type":"WebSite","@id":"https:\/\/osmeusapontamentos.com\/#website","url":"https:\/\/osmeusapontamentos.com\/","name":"Os Meus Apontamentos","description":"","publisher":{"@id":"https:\/\/osmeusapontamentos.com\/#\/schema\/person\/d508df9c3ffc8b4e64a18dbf0ba18dd8"},"potentialAction":[{"@type":"SearchAction","target":{"@type":"EntryPoint","urlTemplate":"https:\/\/osmeusapontamentos.com\/?s={search_term_string}"},"query-input":{"@type":"PropertyValueSpecification","valueRequired":true,"valueName":"search_term_string"}}],"inLanguage":"pt-PT"},{"@type":["Person","Organization"],"@id":"https:\/\/osmeusapontamentos.com\/#\/schema\/person\/d508df9c3ffc8b4e64a18dbf0ba18dd8","name":"Vitor Silva","image":{"@type":"ImageObject","inLanguage":"pt-PT","@id":"https:\/\/secure.gravatar.com\/avatar\/f81f58ad909e8a213ab0a690f6ed65e5c0e0e2274bf35ac49ff31d7988d483ce?s=96&d=mm&r=g","url":"https:\/\/secure.gravatar.com\/avatar\/f81f58ad909e8a213ab0a690f6ed65e5c0e0e2274bf35ac49ff31d7988d483ce?s=96&d=mm&r=g","contentUrl":"https:\/\/secure.gravatar.com\/avatar\/f81f58ad909e8a213ab0a690f6ed65e5c0e0e2274bf35ac49ff31d7988d483ce?s=96&d=mm&r=g","caption":"Vitor Silva"},"logo":{"@id":"https:\/\/secure.gravatar.com\/avatar\/f81f58ad909e8a213ab0a690f6ed65e5c0e0e2274bf35ac49ff31d7988d483ce?s=96&d=mm&r=g"},"sameAs":["https:\/\/www.linkedin.com\/in\/vitormrsilva","https:\/\/x.com\/vitorsilva"]}]}},"_links":{"self":[{"href":"https:\/\/osmeusapontamentos.com\/index.php\/wp-json\/wp\/v2\/posts\/1706","targetHints":{"allow":["GET"]}}],"collection":[{"href":"https:\/\/osmeusapontamentos.com\/index.php\/wp-json\/wp\/v2\/posts"}],"about":[{"href":"https:\/\/osmeusapontamentos.com\/index.php\/wp-json\/wp\/v2\/types\/post"}],"author":[{"embeddable":true,"href":"https:\/\/osmeusapontamentos.com\/index.php\/wp-json\/wp\/v2\/users\/1"}],"replies":[{"embeddable":true,"href":"https:\/\/osmeusapontamentos.com\/index.php\/wp-json\/wp\/v2\/comments?post=1706"}],"version-history":[{"count":0,"href":"https:\/\/osmeusapontamentos.com\/index.php\/wp-json\/wp\/v2\/posts\/1706\/revisions"}],"wp:attachment":[{"href":"https:\/\/osmeusapontamentos.com\/index.php\/wp-json\/wp\/v2\/media?parent=1706"}],"wp:term":[{"taxonomy":"category","embeddable":true,"href":"https:\/\/osmeusapontamentos.com\/index.php\/wp-json\/wp\/v2\/categories?post=1706"},{"taxonomy":"post_tag","embeddable":true,"href":"https:\/\/osmeusapontamentos.com\/index.php\/wp-json\/wp\/v2\/tags?post=1706"}],"curies":[{"name":"wp","href":"https:\/\/api.w.org\/{rel}","templated":true}]}}