{"id":170,"date":"2004-10-14T09:30:17","date_gmt":"2004-10-14T09:30:17","guid":{"rendered":"http:\/\/osmeusapontamentos.com\/?p=170"},"modified":"2004-10-14T09:30:17","modified_gmt":"2004-10-14T09:30:17","slug":"notas-para-um-passeio-transmontano-36","status":"publish","type":"post","link":"https:\/\/osmeusapontamentos.com\/index.php\/2004\/10\/14\/notas-para-um-passeio-transmontano-36\/","title":{"rendered":"Notas para um passeio transmontano 3\/6"},"content":{"rendered":"<p>Miranda do Douro<br \/>\n1813 habitantes. Cidade do distrito de Bragan\u00e7a e da diocesa de Bragan\u00e7a e Miranda, sede de concelho e de comarca.<br \/>\nFica no cimo de uma encosta um tanto abrupta, a 687 m de altitude, na alcantilada margem do rio Douro, olhando para a vastid\u00e3o plan\u00e1ltica da margem esquerda do rio que se estende na direc\u00e7\u00e3o de Zamora e Salamanca.<\/p>\n<p>A origem do povoado onde viria a edificar-se Miranda do Douro continua desconhecida, mas os poucos ind\u00edcios arqueol?gicos at\u00e9 hoje encontrados parecem faz\u00ea-lo remontar a um castro da Idade do Bronze. Nos princ\u00edpios do s\u00e9culo VIII, os mouros escorra?aram os visigodos e ocuparam a povoa\u00e7\u00e3o, dando-lhe o nome de Mir-H\u00e2ndul. Mas tanto Leite de Vasconcelos como o Abade de Ba\u00e7al defendem que Miranda deriva do verbo latino ?miror? (olhar de frente) geralmente associado a pra\u00e7as fronteiri\u00e7as.<br \/>\nPara tentar povoar o local, D. Afonso Henriques, que a herdou de seus pais, vendo nela um ponto estrat\u00e9gico para a resist\u00eancia ao poderia leon\u00eas, transformou a povoa\u00e7\u00e3o em &#8220;couto de homiziados&#8221;, dando-lhes carta de foro em 1136. Mas foi D. Dinis, em 1286, quem elevou Miranda \u00e0 categoria de vila, concedendo-lhe foral e mandando construir o castelo e a cercadura das muralhas, que ainda persiste. J\u00e1 no s\u00e9culo XVI, D. Manuel I mandou renovar o castelo e construir a Casa da Alf\u00e2ndega que serviu de quartel \u00e0 Guarda Fiscal at\u00e9 \u00e0 extin\u00e7\u00e3o da corpora\u00e7\u00e3o, j\u00e1 nos nossos dias.<\/p>\n<p>O per\u00edodo ?ureo de Miranda do Douro come\u00e7aria em 1545, quando o Papa Paulo III fundou a diocese de Miranda e, logo de seguida, o rei D. Jo\u00e3o III a elevou \u00e0 categoria de cidade. Em pleno Renascimento, esta promo\u00e7\u00e3o haveria de constituir incentivo para o desenvolvimento econ\u00f3mico e cultural. E tamb\u00e9m religioso: logo em 1552 se lan\u00e7a a primeira pedra para a obra da catedral cuja constru\u00e7\u00e3o iria levar 50 anos -, assistindo-se \u00e0 renova\u00e7\u00e3o do tecido urbano da cidade, uma boa parte do qual ainda hoje se pode apreciar, passados mais de quatrocentos anos.<\/p>\n<p>Do castelo restam actualmente apenas as poucas ru\u00ednas que subsistiram \u00e0 explos\u00e3o dos pai\u00f3is de p\u00f3lvora em 1762, quando a cidade se encontrava cercada (admite-se que tenha havido trai\u00e7\u00e3o), em redor da antiga pra\u00e7a de armas e da torre de menagem medievel, que, apesar de ter sido desmantelada, mostra ter sido uma fortaleza possante.<br \/>\nPor bula de 27 de Setembro de 1780 a sua diocese ficou unida \u00e0 de Bragan\u00e7a com o bispo a residir nesta cidade, mas mantendo a igreja matriz de Miranda a categoria de S\u00e9, ficando a diocese a denominar-se &#8220;de Bragan\u00e7a e Miranda&#8221;.<\/p>\n<p>A recente constru\u00e7\u00e3o da sua grande barragem hidroel\u00e9ctrica, que permitiu o acesso a Espanha, fez com que nela se desenvolvesse notavelmente o com\u00e9rcio.<br \/>\nAli\u00e1s, na \u00e1rea do concelho encontram-se dois dos maiores empreendimentos hidroel\u00e9ctricos portugueses ambos situados no tro\u00e7o do Douro internacional. A barragem de Miranda, constru\u00edda junto a um brusco cotovelo do rio, dista apenas 1 km da S\u00e9; iniciadas as obras em 1956, o primeiro grupo de geradores entrou em funcionamento no m\u00eas de Agosto de 1960; a barragem mede de coroamento 263 m, sendo de 80 m a sua altura acima das funda\u00e7\u00f5es; a pot\u00eancia total dos tr\u00eas geradores \u00e9 de 174 MWh.<\/p>\n","protected":false},"excerpt":{"rendered":"<p>Miranda do Douro 1813 habitantes. Cidade do distrito de Bragan\u00e7a e da diocesa de Bragan\u00e7a e Miranda, sede de concelho e de comarca. Fica no cimo de uma encosta um tanto abrupta, a 687 m de altitude, na alcantilada margem do rio Douro, olhando para a vastid\u00e3o plan\u00e1ltica da margem esquerda do rio que se [&hellip;]<\/p>\n","protected":false},"author":1,"featured_media":0,"comment_status":"closed","ping_status":"closed","sticky":false,"template":"","format":"standard","meta":{"footnotes":""},"categories":[7],"tags":[485,646],"class_list":["post-170","post","type-post","status-publish","format-standard","hentry","category-ler-ver-ouvir-passear","tag-passear","tag-tras-os-montes"],"yoast_head":"<!-- This site is optimized with the Yoast SEO plugin v27.5 - https:\/\/yoast.com\/product\/yoast-seo-wordpress\/ -->\n<title>Notas para um passeio transmontano 3\/6 - Os Meus Apontamentos<\/title>\n<meta name=\"robots\" content=\"index, follow, max-snippet:-1, max-image-preview:large, max-video-preview:-1\" \/>\n<link rel=\"canonical\" href=\"https:\/\/osmeusapontamentos.com\/index.php\/2004\/10\/14\/notas-para-um-passeio-transmontano-36\/\" \/>\n<meta property=\"og:locale\" content=\"pt_PT\" \/>\n<meta property=\"og:type\" content=\"article\" \/>\n<meta property=\"og:title\" content=\"Notas para um passeio transmontano 3\/6 - Os Meus Apontamentos\" \/>\n<meta property=\"og:description\" content=\"Miranda do Douro 1813 habitantes. Cidade do distrito de Bragan\u00e7a e da diocesa de Bragan\u00e7a e Miranda, sede de concelho e de comarca. Fica no cimo de uma encosta um tanto abrupta, a 687 m de altitude, na alcantilada margem do rio Douro, olhando para a vastid\u00e3o plan\u00e1ltica da margem esquerda do rio que se [&hellip;]\" \/>\n<meta property=\"og:url\" content=\"https:\/\/osmeusapontamentos.com\/index.php\/2004\/10\/14\/notas-para-um-passeio-transmontano-36\/\" \/>\n<meta property=\"og:site_name\" content=\"Os Meus Apontamentos\" \/>\n<meta property=\"article:published_time\" content=\"2004-10-14T09:30:17+00:00\" \/>\n<meta name=\"author\" content=\"Vitor Silva\" \/>\n<meta name=\"twitter:card\" content=\"summary_large_image\" \/>\n<meta name=\"twitter:creator\" content=\"@vitorsilva\" \/>\n<meta name=\"twitter:site\" content=\"@vitorsilva\" \/>\n<meta name=\"twitter:label1\" content=\"Escrito por\" \/>\n\t<meta name=\"twitter:data1\" content=\"Vitor Silva\" \/>\n\t<meta name=\"twitter:label2\" content=\"Tempo estimado de leitura\" \/>\n\t<meta name=\"twitter:data2\" content=\"3 minutos\" \/>\n<script type=\"application\/ld+json\" class=\"yoast-schema-graph\">{\"@context\":\"https:\\\/\\\/schema.org\",\"@graph\":[{\"@type\":\"Article\",\"@id\":\"https:\\\/\\\/osmeusapontamentos.com\\\/index.php\\\/2004\\\/10\\\/14\\\/notas-para-um-passeio-transmontano-36\\\/#article\",\"isPartOf\":{\"@id\":\"https:\\\/\\\/osmeusapontamentos.com\\\/index.php\\\/2004\\\/10\\\/14\\\/notas-para-um-passeio-transmontano-36\\\/\"},\"author\":{\"name\":\"Vitor Silva\",\"@id\":\"https:\\\/\\\/osmeusapontamentos.com\\\/#\\\/schema\\\/person\\\/d508df9c3ffc8b4e64a18dbf0ba18dd8\"},\"headline\":\"Notas para um passeio transmontano 3\\\/6\",\"datePublished\":\"2004-10-14T09:30:17+00:00\",\"mainEntityOfPage\":{\"@id\":\"https:\\\/\\\/osmeusapontamentos.com\\\/index.php\\\/2004\\\/10\\\/14\\\/notas-para-um-passeio-transmontano-36\\\/\"},\"wordCount\":569,\"publisher\":{\"@id\":\"https:\\\/\\\/osmeusapontamentos.com\\\/#\\\/schema\\\/person\\\/d508df9c3ffc8b4e64a18dbf0ba18dd8\"},\"keywords\":[\"passear\",\"tras-os-montes\"],\"articleSection\":[\"Ler\\\/ Ver\\\/ Ouvir\\\/ Passear\"],\"inLanguage\":\"pt-PT\"},{\"@type\":\"WebPage\",\"@id\":\"https:\\\/\\\/osmeusapontamentos.com\\\/index.php\\\/2004\\\/10\\\/14\\\/notas-para-um-passeio-transmontano-36\\\/\",\"url\":\"https:\\\/\\\/osmeusapontamentos.com\\\/index.php\\\/2004\\\/10\\\/14\\\/notas-para-um-passeio-transmontano-36\\\/\",\"name\":\"Notas para um passeio transmontano 3\\\/6 - Os Meus Apontamentos\",\"isPartOf\":{\"@id\":\"https:\\\/\\\/osmeusapontamentos.com\\\/#website\"},\"datePublished\":\"2004-10-14T09:30:17+00:00\",\"breadcrumb\":{\"@id\":\"https:\\\/\\\/osmeusapontamentos.com\\\/index.php\\\/2004\\\/10\\\/14\\\/notas-para-um-passeio-transmontano-36\\\/#breadcrumb\"},\"inLanguage\":\"pt-PT\",\"potentialAction\":[{\"@type\":\"ReadAction\",\"target\":[\"https:\\\/\\\/osmeusapontamentos.com\\\/index.php\\\/2004\\\/10\\\/14\\\/notas-para-um-passeio-transmontano-36\\\/\"]}]},{\"@type\":\"BreadcrumbList\",\"@id\":\"https:\\\/\\\/osmeusapontamentos.com\\\/index.php\\\/2004\\\/10\\\/14\\\/notas-para-um-passeio-transmontano-36\\\/#breadcrumb\",\"itemListElement\":[{\"@type\":\"ListItem\",\"position\":1,\"name\":\"In\u00edcio\",\"item\":\"https:\\\/\\\/osmeusapontamentos.com\\\/\"},{\"@type\":\"ListItem\",\"position\":2,\"name\":\"Notas para um passeio transmontano 3\\\/6\"}]},{\"@type\":\"WebSite\",\"@id\":\"https:\\\/\\\/osmeusapontamentos.com\\\/#website\",\"url\":\"https:\\\/\\\/osmeusapontamentos.com\\\/\",\"name\":\"Os Meus Apontamentos\",\"description\":\"\",\"publisher\":{\"@id\":\"https:\\\/\\\/osmeusapontamentos.com\\\/#\\\/schema\\\/person\\\/d508df9c3ffc8b4e64a18dbf0ba18dd8\"},\"potentialAction\":[{\"@type\":\"SearchAction\",\"target\":{\"@type\":\"EntryPoint\",\"urlTemplate\":\"https:\\\/\\\/osmeusapontamentos.com\\\/?s={search_term_string}\"},\"query-input\":{\"@type\":\"PropertyValueSpecification\",\"valueRequired\":true,\"valueName\":\"search_term_string\"}}],\"inLanguage\":\"pt-PT\"},{\"@type\":[\"Person\",\"Organization\"],\"@id\":\"https:\\\/\\\/osmeusapontamentos.com\\\/#\\\/schema\\\/person\\\/d508df9c3ffc8b4e64a18dbf0ba18dd8\",\"name\":\"Vitor Silva\",\"image\":{\"@type\":\"ImageObject\",\"inLanguage\":\"pt-PT\",\"@id\":\"https:\\\/\\\/secure.gravatar.com\\\/avatar\\\/f81f58ad909e8a213ab0a690f6ed65e5c0e0e2274bf35ac49ff31d7988d483ce?s=96&d=mm&r=g\",\"url\":\"https:\\\/\\\/secure.gravatar.com\\\/avatar\\\/f81f58ad909e8a213ab0a690f6ed65e5c0e0e2274bf35ac49ff31d7988d483ce?s=96&d=mm&r=g\",\"contentUrl\":\"https:\\\/\\\/secure.gravatar.com\\\/avatar\\\/f81f58ad909e8a213ab0a690f6ed65e5c0e0e2274bf35ac49ff31d7988d483ce?s=96&d=mm&r=g\",\"caption\":\"Vitor Silva\"},\"logo\":{\"@id\":\"https:\\\/\\\/secure.gravatar.com\\\/avatar\\\/f81f58ad909e8a213ab0a690f6ed65e5c0e0e2274bf35ac49ff31d7988d483ce?s=96&d=mm&r=g\"},\"sameAs\":[\"https:\\\/\\\/www.linkedin.com\\\/in\\\/vitormrsilva\",\"https:\\\/\\\/x.com\\\/vitorsilva\"]}]}<\/script>\n<!-- \/ Yoast SEO plugin. -->","yoast_head_json":{"title":"Notas para um passeio transmontano 3\/6 - Os Meus Apontamentos","robots":{"index":"index","follow":"follow","max-snippet":"max-snippet:-1","max-image-preview":"max-image-preview:large","max-video-preview":"max-video-preview:-1"},"canonical":"https:\/\/osmeusapontamentos.com\/index.php\/2004\/10\/14\/notas-para-um-passeio-transmontano-36\/","og_locale":"pt_PT","og_type":"article","og_title":"Notas para um passeio transmontano 3\/6 - Os Meus Apontamentos","og_description":"Miranda do Douro 1813 habitantes. Cidade do distrito de Bragan\u00e7a e da diocesa de Bragan\u00e7a e Miranda, sede de concelho e de comarca. Fica no cimo de uma encosta um tanto abrupta, a 687 m de altitude, na alcantilada margem do rio Douro, olhando para a vastid\u00e3o plan\u00e1ltica da margem esquerda do rio que se [&hellip;]","og_url":"https:\/\/osmeusapontamentos.com\/index.php\/2004\/10\/14\/notas-para-um-passeio-transmontano-36\/","og_site_name":"Os Meus Apontamentos","article_published_time":"2004-10-14T09:30:17+00:00","author":"Vitor Silva","twitter_card":"summary_large_image","twitter_creator":"@vitorsilva","twitter_site":"@vitorsilva","twitter_misc":{"Escrito por":"Vitor Silva","Tempo estimado de leitura":"3 minutos"},"schema":{"@context":"https:\/\/schema.org","@graph":[{"@type":"Article","@id":"https:\/\/osmeusapontamentos.com\/index.php\/2004\/10\/14\/notas-para-um-passeio-transmontano-36\/#article","isPartOf":{"@id":"https:\/\/osmeusapontamentos.com\/index.php\/2004\/10\/14\/notas-para-um-passeio-transmontano-36\/"},"author":{"name":"Vitor Silva","@id":"https:\/\/osmeusapontamentos.com\/#\/schema\/person\/d508df9c3ffc8b4e64a18dbf0ba18dd8"},"headline":"Notas para um passeio transmontano 3\/6","datePublished":"2004-10-14T09:30:17+00:00","mainEntityOfPage":{"@id":"https:\/\/osmeusapontamentos.com\/index.php\/2004\/10\/14\/notas-para-um-passeio-transmontano-36\/"},"wordCount":569,"publisher":{"@id":"https:\/\/osmeusapontamentos.com\/#\/schema\/person\/d508df9c3ffc8b4e64a18dbf0ba18dd8"},"keywords":["passear","tras-os-montes"],"articleSection":["Ler\/ Ver\/ Ouvir\/ Passear"],"inLanguage":"pt-PT"},{"@type":"WebPage","@id":"https:\/\/osmeusapontamentos.com\/index.php\/2004\/10\/14\/notas-para-um-passeio-transmontano-36\/","url":"https:\/\/osmeusapontamentos.com\/index.php\/2004\/10\/14\/notas-para-um-passeio-transmontano-36\/","name":"Notas para um passeio transmontano 3\/6 - Os Meus Apontamentos","isPartOf":{"@id":"https:\/\/osmeusapontamentos.com\/#website"},"datePublished":"2004-10-14T09:30:17+00:00","breadcrumb":{"@id":"https:\/\/osmeusapontamentos.com\/index.php\/2004\/10\/14\/notas-para-um-passeio-transmontano-36\/#breadcrumb"},"inLanguage":"pt-PT","potentialAction":[{"@type":"ReadAction","target":["https:\/\/osmeusapontamentos.com\/index.php\/2004\/10\/14\/notas-para-um-passeio-transmontano-36\/"]}]},{"@type":"BreadcrumbList","@id":"https:\/\/osmeusapontamentos.com\/index.php\/2004\/10\/14\/notas-para-um-passeio-transmontano-36\/#breadcrumb","itemListElement":[{"@type":"ListItem","position":1,"name":"In\u00edcio","item":"https:\/\/osmeusapontamentos.com\/"},{"@type":"ListItem","position":2,"name":"Notas para um passeio transmontano 3\/6"}]},{"@type":"WebSite","@id":"https:\/\/osmeusapontamentos.com\/#website","url":"https:\/\/osmeusapontamentos.com\/","name":"Os Meus Apontamentos","description":"","publisher":{"@id":"https:\/\/osmeusapontamentos.com\/#\/schema\/person\/d508df9c3ffc8b4e64a18dbf0ba18dd8"},"potentialAction":[{"@type":"SearchAction","target":{"@type":"EntryPoint","urlTemplate":"https:\/\/osmeusapontamentos.com\/?s={search_term_string}"},"query-input":{"@type":"PropertyValueSpecification","valueRequired":true,"valueName":"search_term_string"}}],"inLanguage":"pt-PT"},{"@type":["Person","Organization"],"@id":"https:\/\/osmeusapontamentos.com\/#\/schema\/person\/d508df9c3ffc8b4e64a18dbf0ba18dd8","name":"Vitor Silva","image":{"@type":"ImageObject","inLanguage":"pt-PT","@id":"https:\/\/secure.gravatar.com\/avatar\/f81f58ad909e8a213ab0a690f6ed65e5c0e0e2274bf35ac49ff31d7988d483ce?s=96&d=mm&r=g","url":"https:\/\/secure.gravatar.com\/avatar\/f81f58ad909e8a213ab0a690f6ed65e5c0e0e2274bf35ac49ff31d7988d483ce?s=96&d=mm&r=g","contentUrl":"https:\/\/secure.gravatar.com\/avatar\/f81f58ad909e8a213ab0a690f6ed65e5c0e0e2274bf35ac49ff31d7988d483ce?s=96&d=mm&r=g","caption":"Vitor Silva"},"logo":{"@id":"https:\/\/secure.gravatar.com\/avatar\/f81f58ad909e8a213ab0a690f6ed65e5c0e0e2274bf35ac49ff31d7988d483ce?s=96&d=mm&r=g"},"sameAs":["https:\/\/www.linkedin.com\/in\/vitormrsilva","https:\/\/x.com\/vitorsilva"]}]}},"_links":{"self":[{"href":"https:\/\/osmeusapontamentos.com\/index.php\/wp-json\/wp\/v2\/posts\/170","targetHints":{"allow":["GET"]}}],"collection":[{"href":"https:\/\/osmeusapontamentos.com\/index.php\/wp-json\/wp\/v2\/posts"}],"about":[{"href":"https:\/\/osmeusapontamentos.com\/index.php\/wp-json\/wp\/v2\/types\/post"}],"author":[{"embeddable":true,"href":"https:\/\/osmeusapontamentos.com\/index.php\/wp-json\/wp\/v2\/users\/1"}],"replies":[{"embeddable":true,"href":"https:\/\/osmeusapontamentos.com\/index.php\/wp-json\/wp\/v2\/comments?post=170"}],"version-history":[{"count":0,"href":"https:\/\/osmeusapontamentos.com\/index.php\/wp-json\/wp\/v2\/posts\/170\/revisions"}],"wp:attachment":[{"href":"https:\/\/osmeusapontamentos.com\/index.php\/wp-json\/wp\/v2\/media?parent=170"}],"wp:term":[{"taxonomy":"category","embeddable":true,"href":"https:\/\/osmeusapontamentos.com\/index.php\/wp-json\/wp\/v2\/categories?post=170"},{"taxonomy":"post_tag","embeddable":true,"href":"https:\/\/osmeusapontamentos.com\/index.php\/wp-json\/wp\/v2\/tags?post=170"}],"curies":[{"name":"wp","href":"https:\/\/api.w.org\/{rel}","templated":true}]}}