{"id":1697,"date":"2010-02-24T16:43:57","date_gmt":"2010-02-24T16:43:57","guid":{"rendered":"http:\/\/osmeusapontamentos.com\/?p=1697"},"modified":"2010-02-24T16:43:57","modified_gmt":"2010-02-24T16:43:57","slug":"mercados-municipais-no-porto","status":"publish","type":"post","link":"https:\/\/osmeusapontamentos.com\/index.php\/2010\/02\/24\/mercados-municipais-no-porto\/","title":{"rendered":"Mercados Municipais no Porto"},"content":{"rendered":"<p>Gostava de deixar aqui algumas d\u00favidas relativamente aos mercados de frescos da cidade (Bolh\u00e3o, Bom Sucesso, Foz, outros?).<br \/>\nEstas d\u00favidas surgem do acompanhamento dos projectos de recupera\u00e7\u00e3o \/ altera\u00e7\u00e3o \/ re-habilita\u00e7\u00e3o dos mesmos.<br \/>\nN\u00e3o sei se sou representativo dos habitantes da cidade mas acho que s\u00f3 entrei uma ou duas vezes no Mercado do Bom Sucesso, e n\u00e3o comprei nada, foi mesmo s\u00f3 para ficar a conhecer, e j\u00e1 h\u00e1 bastante tempo que n\u00e3o vou ao Bolh\u00e3o.<br \/>\nPor isso n\u00e3o consigo dizer rapidamente que o que est\u00e1 a ser proposto para esses mercados (quando conseguimos saber o que \u00e9 proposto) n\u00e3o faz sentido, e da mesma forma n\u00e3o consigo dizer que o que as diferentes plataformas c\u00edvicas de apoio a esses mercados (<a href=\"http:\/\/mercadobomsucesso.wordpress.com\/\">Mercado do Bom Sucesso Vivo!<\/a> e <a href=\"http:\/\/manifestobolhao.blogspot.com\/\">Movimento C\u00edvico e Estudantil Contra a Demoli\u00e7\u00e3o do Bolh\u00e3o<\/a>) defendem s\u00e3o as melhores propostas.<\/p>\n<ul>\n<li>Estar\u00e3o essas infraestruturas adaptadas \u00e0s necessidades modernas, n\u00e3o s\u00f3 a n\u00edvel de infraestruturas mas tamb\u00e9m hor\u00e1rios de funcionamento?<br \/>\nE aqui sou principalmente cr\u00edtico na quest\u00e3o dos hor\u00e1rios porque parto do principio (talvez errado) de que os vendedores ainda podem fazer mais do que fazem actualmente para estarem ao meu dispor no hor\u00e1rio que me interessa;<\/li>\n<li>Poder\u00e3o os mercados municipais existentes (como infraestrutura) no Porto estar sobredimensionados?<br \/>\nPergunto isto porque o que vejo como concorrentes a esses mercados, nomeadamente os supermercados de cadeias como o Pingo Doce ou Minipre\u00e7o, tem \u00e1reas bastante menores;<\/li>\n<li>Ser\u00e3o os produtos a\u00ed vendidos suficientemente diferenciados em rela\u00e7\u00e3o \u00e0 oferta existente nos seus concorrentes?<br \/>\nComo disse em cima n\u00e3o frequento regularmente os mercados tradicionais pelo que provavelmente n\u00e3o tenho a vis\u00e3o correcta daquilo que \u00e9 disponibilizado nesses mercados, mas a ideia que tenho \u00e9 que grande parte do que \u00e9 a\u00ed vendido pode tamb\u00e9m ser encontrado em outros pontos de venda;<\/li>\n<li>Que exemplos, em Portugal e em ambiente urbano, temos de mercados municipais que continuam din\u00e2micos?<br \/>\nEu sei que normalmente nestas discuss\u00f5es surgem sempre os exemplos de Barcelona ou Londres mas gostava de ter exemplos mais pr\u00f3ximos da nossa realidade, que tenham tido de se adaptar \u00e0 forma de ser dos portugueses enquanto consumidores.<\/li>\n<\/ul>\n<p>Algumas destas d\u00favidas tamb\u00e9m se aplicam em parte ao chamado com\u00e9rcio tradicional.<\/p>\n","protected":false},"excerpt":{"rendered":"<p>Gostava de deixar aqui algumas d\u00favidas relativamente aos mercados de frescos da cidade (Bolh\u00e3o, Bom Sucesso, Foz, outros?). Estas d\u00favidas surgem do acompanhamento dos projectos de recupera\u00e7\u00e3o \/ altera\u00e7\u00e3o \/ re-habilita\u00e7\u00e3o dos mesmos. N\u00e3o sei se sou representativo dos habitantes da cidade mas acho que s\u00f3 entrei uma ou duas vezes no Mercado do Bom [&hellip;]<\/p>\n","protected":false},"author":1,"featured_media":0,"comment_status":"open","ping_status":"open","sticky":false,"template":"","format":"standard","meta":{"footnotes":""},"categories":[7],"tags":[103,105,409,524],"class_list":["post-1697","post","type-post","status-publish","format-standard","hentry","category-ler-ver-ouvir-passear","tag-bolhao","tag-bom-sucesso","tag-mercado-municipal","tag-porto"],"yoast_head":"<!-- This site is optimized with the Yoast SEO plugin v27.5 - https:\/\/yoast.com\/product\/yoast-seo-wordpress\/ -->\n<title>Mercados Municipais no Porto - Os Meus Apontamentos<\/title>\n<meta name=\"robots\" content=\"index, follow, max-snippet:-1, max-image-preview:large, max-video-preview:-1\" \/>\n<link rel=\"canonical\" href=\"https:\/\/osmeusapontamentos.com\/index.php\/2010\/02\/24\/mercados-municipais-no-porto\/\" \/>\n<meta property=\"og:locale\" content=\"pt_PT\" \/>\n<meta property=\"og:type\" content=\"article\" \/>\n<meta property=\"og:title\" content=\"Mercados Municipais no Porto - Os Meus Apontamentos\" \/>\n<meta property=\"og:description\" content=\"Gostava de deixar aqui algumas d\u00favidas relativamente aos mercados de frescos da cidade (Bolh\u00e3o, Bom Sucesso, Foz, outros?). Estas d\u00favidas surgem do acompanhamento dos projectos de recupera\u00e7\u00e3o \/ altera\u00e7\u00e3o \/ re-habilita\u00e7\u00e3o dos mesmos. N\u00e3o sei se sou representativo dos habitantes da cidade mas acho que s\u00f3 entrei uma ou duas vezes no Mercado do Bom [&hellip;]\" \/>\n<meta property=\"og:url\" content=\"https:\/\/osmeusapontamentos.com\/index.php\/2010\/02\/24\/mercados-municipais-no-porto\/\" \/>\n<meta property=\"og:site_name\" content=\"Os Meus Apontamentos\" \/>\n<meta property=\"article:published_time\" content=\"2010-02-24T16:43:57+00:00\" \/>\n<meta name=\"author\" content=\"Vitor Silva\" \/>\n<meta name=\"twitter:card\" content=\"summary_large_image\" \/>\n<meta name=\"twitter:creator\" content=\"@vitorsilva\" \/>\n<meta name=\"twitter:site\" content=\"@vitorsilva\" \/>\n<meta name=\"twitter:label1\" content=\"Escrito por\" \/>\n\t<meta name=\"twitter:data1\" content=\"Vitor Silva\" \/>\n\t<meta name=\"twitter:label2\" content=\"Tempo estimado de leitura\" \/>\n\t<meta name=\"twitter:data2\" content=\"2 minutos\" \/>\n<script type=\"application\/ld+json\" class=\"yoast-schema-graph\">{\"@context\":\"https:\\\/\\\/schema.org\",\"@graph\":[{\"@type\":\"Article\",\"@id\":\"https:\\\/\\\/osmeusapontamentos.com\\\/index.php\\\/2010\\\/02\\\/24\\\/mercados-municipais-no-porto\\\/#article\",\"isPartOf\":{\"@id\":\"https:\\\/\\\/osmeusapontamentos.com\\\/index.php\\\/2010\\\/02\\\/24\\\/mercados-municipais-no-porto\\\/\"},\"author\":{\"name\":\"Vitor Silva\",\"@id\":\"https:\\\/\\\/osmeusapontamentos.com\\\/#\\\/schema\\\/person\\\/d508df9c3ffc8b4e64a18dbf0ba18dd8\"},\"headline\":\"Mercados Municipais no Porto\",\"datePublished\":\"2010-02-24T16:43:57+00:00\",\"mainEntityOfPage\":{\"@id\":\"https:\\\/\\\/osmeusapontamentos.com\\\/index.php\\\/2010\\\/02\\\/24\\\/mercados-municipais-no-porto\\\/\"},\"wordCount\":398,\"commentCount\":0,\"publisher\":{\"@id\":\"https:\\\/\\\/osmeusapontamentos.com\\\/#\\\/schema\\\/person\\\/d508df9c3ffc8b4e64a18dbf0ba18dd8\"},\"keywords\":[\"bolh\u00e3o\",\"bom sucesso\",\"mercado municipal\",\"porto\"],\"articleSection\":[\"Ler\\\/ Ver\\\/ Ouvir\\\/ Passear\"],\"inLanguage\":\"pt-PT\",\"potentialAction\":[{\"@type\":\"CommentAction\",\"name\":\"Comment\",\"target\":[\"https:\\\/\\\/osmeusapontamentos.com\\\/index.php\\\/2010\\\/02\\\/24\\\/mercados-municipais-no-porto\\\/#respond\"]}]},{\"@type\":\"WebPage\",\"@id\":\"https:\\\/\\\/osmeusapontamentos.com\\\/index.php\\\/2010\\\/02\\\/24\\\/mercados-municipais-no-porto\\\/\",\"url\":\"https:\\\/\\\/osmeusapontamentos.com\\\/index.php\\\/2010\\\/02\\\/24\\\/mercados-municipais-no-porto\\\/\",\"name\":\"Mercados Municipais no Porto - Os Meus Apontamentos\",\"isPartOf\":{\"@id\":\"https:\\\/\\\/osmeusapontamentos.com\\\/#website\"},\"datePublished\":\"2010-02-24T16:43:57+00:00\",\"breadcrumb\":{\"@id\":\"https:\\\/\\\/osmeusapontamentos.com\\\/index.php\\\/2010\\\/02\\\/24\\\/mercados-municipais-no-porto\\\/#breadcrumb\"},\"inLanguage\":\"pt-PT\",\"potentialAction\":[{\"@type\":\"ReadAction\",\"target\":[\"https:\\\/\\\/osmeusapontamentos.com\\\/index.php\\\/2010\\\/02\\\/24\\\/mercados-municipais-no-porto\\\/\"]}]},{\"@type\":\"BreadcrumbList\",\"@id\":\"https:\\\/\\\/osmeusapontamentos.com\\\/index.php\\\/2010\\\/02\\\/24\\\/mercados-municipais-no-porto\\\/#breadcrumb\",\"itemListElement\":[{\"@type\":\"ListItem\",\"position\":1,\"name\":\"In\u00edcio\",\"item\":\"https:\\\/\\\/osmeusapontamentos.com\\\/\"},{\"@type\":\"ListItem\",\"position\":2,\"name\":\"Mercados Municipais no Porto\"}]},{\"@type\":\"WebSite\",\"@id\":\"https:\\\/\\\/osmeusapontamentos.com\\\/#website\",\"url\":\"https:\\\/\\\/osmeusapontamentos.com\\\/\",\"name\":\"Os Meus Apontamentos\",\"description\":\"\",\"publisher\":{\"@id\":\"https:\\\/\\\/osmeusapontamentos.com\\\/#\\\/schema\\\/person\\\/d508df9c3ffc8b4e64a18dbf0ba18dd8\"},\"potentialAction\":[{\"@type\":\"SearchAction\",\"target\":{\"@type\":\"EntryPoint\",\"urlTemplate\":\"https:\\\/\\\/osmeusapontamentos.com\\\/?s={search_term_string}\"},\"query-input\":{\"@type\":\"PropertyValueSpecification\",\"valueRequired\":true,\"valueName\":\"search_term_string\"}}],\"inLanguage\":\"pt-PT\"},{\"@type\":[\"Person\",\"Organization\"],\"@id\":\"https:\\\/\\\/osmeusapontamentos.com\\\/#\\\/schema\\\/person\\\/d508df9c3ffc8b4e64a18dbf0ba18dd8\",\"name\":\"Vitor Silva\",\"image\":{\"@type\":\"ImageObject\",\"inLanguage\":\"pt-PT\",\"@id\":\"https:\\\/\\\/secure.gravatar.com\\\/avatar\\\/f81f58ad909e8a213ab0a690f6ed65e5c0e0e2274bf35ac49ff31d7988d483ce?s=96&d=mm&r=g\",\"url\":\"https:\\\/\\\/secure.gravatar.com\\\/avatar\\\/f81f58ad909e8a213ab0a690f6ed65e5c0e0e2274bf35ac49ff31d7988d483ce?s=96&d=mm&r=g\",\"contentUrl\":\"https:\\\/\\\/secure.gravatar.com\\\/avatar\\\/f81f58ad909e8a213ab0a690f6ed65e5c0e0e2274bf35ac49ff31d7988d483ce?s=96&d=mm&r=g\",\"caption\":\"Vitor Silva\"},\"logo\":{\"@id\":\"https:\\\/\\\/secure.gravatar.com\\\/avatar\\\/f81f58ad909e8a213ab0a690f6ed65e5c0e0e2274bf35ac49ff31d7988d483ce?s=96&d=mm&r=g\"},\"sameAs\":[\"https:\\\/\\\/www.linkedin.com\\\/in\\\/vitormrsilva\",\"https:\\\/\\\/x.com\\\/vitorsilva\"]}]}<\/script>\n<!-- \/ Yoast SEO plugin. -->","yoast_head_json":{"title":"Mercados Municipais no Porto - Os Meus Apontamentos","robots":{"index":"index","follow":"follow","max-snippet":"max-snippet:-1","max-image-preview":"max-image-preview:large","max-video-preview":"max-video-preview:-1"},"canonical":"https:\/\/osmeusapontamentos.com\/index.php\/2010\/02\/24\/mercados-municipais-no-porto\/","og_locale":"pt_PT","og_type":"article","og_title":"Mercados Municipais no Porto - Os Meus Apontamentos","og_description":"Gostava de deixar aqui algumas d\u00favidas relativamente aos mercados de frescos da cidade (Bolh\u00e3o, Bom Sucesso, Foz, outros?). Estas d\u00favidas surgem do acompanhamento dos projectos de recupera\u00e7\u00e3o \/ altera\u00e7\u00e3o \/ re-habilita\u00e7\u00e3o dos mesmos. N\u00e3o sei se sou representativo dos habitantes da cidade mas acho que s\u00f3 entrei uma ou duas vezes no Mercado do Bom [&hellip;]","og_url":"https:\/\/osmeusapontamentos.com\/index.php\/2010\/02\/24\/mercados-municipais-no-porto\/","og_site_name":"Os Meus Apontamentos","article_published_time":"2010-02-24T16:43:57+00:00","author":"Vitor Silva","twitter_card":"summary_large_image","twitter_creator":"@vitorsilva","twitter_site":"@vitorsilva","twitter_misc":{"Escrito por":"Vitor Silva","Tempo estimado de leitura":"2 minutos"},"schema":{"@context":"https:\/\/schema.org","@graph":[{"@type":"Article","@id":"https:\/\/osmeusapontamentos.com\/index.php\/2010\/02\/24\/mercados-municipais-no-porto\/#article","isPartOf":{"@id":"https:\/\/osmeusapontamentos.com\/index.php\/2010\/02\/24\/mercados-municipais-no-porto\/"},"author":{"name":"Vitor Silva","@id":"https:\/\/osmeusapontamentos.com\/#\/schema\/person\/d508df9c3ffc8b4e64a18dbf0ba18dd8"},"headline":"Mercados Municipais no Porto","datePublished":"2010-02-24T16:43:57+00:00","mainEntityOfPage":{"@id":"https:\/\/osmeusapontamentos.com\/index.php\/2010\/02\/24\/mercados-municipais-no-porto\/"},"wordCount":398,"commentCount":0,"publisher":{"@id":"https:\/\/osmeusapontamentos.com\/#\/schema\/person\/d508df9c3ffc8b4e64a18dbf0ba18dd8"},"keywords":["bolh\u00e3o","bom sucesso","mercado municipal","porto"],"articleSection":["Ler\/ Ver\/ Ouvir\/ Passear"],"inLanguage":"pt-PT","potentialAction":[{"@type":"CommentAction","name":"Comment","target":["https:\/\/osmeusapontamentos.com\/index.php\/2010\/02\/24\/mercados-municipais-no-porto\/#respond"]}]},{"@type":"WebPage","@id":"https:\/\/osmeusapontamentos.com\/index.php\/2010\/02\/24\/mercados-municipais-no-porto\/","url":"https:\/\/osmeusapontamentos.com\/index.php\/2010\/02\/24\/mercados-municipais-no-porto\/","name":"Mercados Municipais no Porto - Os Meus Apontamentos","isPartOf":{"@id":"https:\/\/osmeusapontamentos.com\/#website"},"datePublished":"2010-02-24T16:43:57+00:00","breadcrumb":{"@id":"https:\/\/osmeusapontamentos.com\/index.php\/2010\/02\/24\/mercados-municipais-no-porto\/#breadcrumb"},"inLanguage":"pt-PT","potentialAction":[{"@type":"ReadAction","target":["https:\/\/osmeusapontamentos.com\/index.php\/2010\/02\/24\/mercados-municipais-no-porto\/"]}]},{"@type":"BreadcrumbList","@id":"https:\/\/osmeusapontamentos.com\/index.php\/2010\/02\/24\/mercados-municipais-no-porto\/#breadcrumb","itemListElement":[{"@type":"ListItem","position":1,"name":"In\u00edcio","item":"https:\/\/osmeusapontamentos.com\/"},{"@type":"ListItem","position":2,"name":"Mercados Municipais no Porto"}]},{"@type":"WebSite","@id":"https:\/\/osmeusapontamentos.com\/#website","url":"https:\/\/osmeusapontamentos.com\/","name":"Os Meus Apontamentos","description":"","publisher":{"@id":"https:\/\/osmeusapontamentos.com\/#\/schema\/person\/d508df9c3ffc8b4e64a18dbf0ba18dd8"},"potentialAction":[{"@type":"SearchAction","target":{"@type":"EntryPoint","urlTemplate":"https:\/\/osmeusapontamentos.com\/?s={search_term_string}"},"query-input":{"@type":"PropertyValueSpecification","valueRequired":true,"valueName":"search_term_string"}}],"inLanguage":"pt-PT"},{"@type":["Person","Organization"],"@id":"https:\/\/osmeusapontamentos.com\/#\/schema\/person\/d508df9c3ffc8b4e64a18dbf0ba18dd8","name":"Vitor Silva","image":{"@type":"ImageObject","inLanguage":"pt-PT","@id":"https:\/\/secure.gravatar.com\/avatar\/f81f58ad909e8a213ab0a690f6ed65e5c0e0e2274bf35ac49ff31d7988d483ce?s=96&d=mm&r=g","url":"https:\/\/secure.gravatar.com\/avatar\/f81f58ad909e8a213ab0a690f6ed65e5c0e0e2274bf35ac49ff31d7988d483ce?s=96&d=mm&r=g","contentUrl":"https:\/\/secure.gravatar.com\/avatar\/f81f58ad909e8a213ab0a690f6ed65e5c0e0e2274bf35ac49ff31d7988d483ce?s=96&d=mm&r=g","caption":"Vitor Silva"},"logo":{"@id":"https:\/\/secure.gravatar.com\/avatar\/f81f58ad909e8a213ab0a690f6ed65e5c0e0e2274bf35ac49ff31d7988d483ce?s=96&d=mm&r=g"},"sameAs":["https:\/\/www.linkedin.com\/in\/vitormrsilva","https:\/\/x.com\/vitorsilva"]}]}},"_links":{"self":[{"href":"https:\/\/osmeusapontamentos.com\/index.php\/wp-json\/wp\/v2\/posts\/1697","targetHints":{"allow":["GET"]}}],"collection":[{"href":"https:\/\/osmeusapontamentos.com\/index.php\/wp-json\/wp\/v2\/posts"}],"about":[{"href":"https:\/\/osmeusapontamentos.com\/index.php\/wp-json\/wp\/v2\/types\/post"}],"author":[{"embeddable":true,"href":"https:\/\/osmeusapontamentos.com\/index.php\/wp-json\/wp\/v2\/users\/1"}],"replies":[{"embeddable":true,"href":"https:\/\/osmeusapontamentos.com\/index.php\/wp-json\/wp\/v2\/comments?post=1697"}],"version-history":[{"count":0,"href":"https:\/\/osmeusapontamentos.com\/index.php\/wp-json\/wp\/v2\/posts\/1697\/revisions"}],"wp:attachment":[{"href":"https:\/\/osmeusapontamentos.com\/index.php\/wp-json\/wp\/v2\/media?parent=1697"}],"wp:term":[{"taxonomy":"category","embeddable":true,"href":"https:\/\/osmeusapontamentos.com\/index.php\/wp-json\/wp\/v2\/categories?post=1697"},{"taxonomy":"post_tag","embeddable":true,"href":"https:\/\/osmeusapontamentos.com\/index.php\/wp-json\/wp\/v2\/tags?post=1697"}],"curies":[{"name":"wp","href":"https:\/\/api.w.org\/{rel}","templated":true}]}}