{"id":1693,"date":"2010-02-21T15:28:37","date_gmt":"2010-02-21T15:28:37","guid":{"rendered":"http:\/\/osmeusapontamentos.com\/?p=1693"},"modified":"2010-02-21T15:28:37","modified_gmt":"2010-02-21T15:28:37","slug":"apontamentos-da-assembleia-municipal-do-porto-8-fev-2010","status":"publish","type":"post","link":"https:\/\/osmeusapontamentos.com\/index.php\/2010\/02\/21\/apontamentos-da-assembleia-municipal-do-porto-8-fev-2010\/","title":{"rendered":"Apontamentos da Assembleia Municipal do Porto, 8-fev-2010"},"content":{"rendered":"<p>apresenta\u00e7\u00e3o da proposta da cdu &#8211;\u00a0<a href=\"http:\/\/www.cidadedoporto.pcp.pt\/?p=488\">ASSEMBLEIA MUNICIPAL EXTRAORDIN\u00c1RIA SOBRE A ZONA ORIENTAL DO PORTO<\/a><\/p>\n<p><a href=\"http:\/\/oportoemconversa.wordpress.com\/2009\/04\/12\/conversa-com-rodrigo-oliveira-podcast\/\">rodrigo oliveira<\/a> (ps)<\/p>\n<ul>\n<li>s\u00e3o muito poucas as n\u00f3doas negras que persistem<\/li>\n<li>com fernando gomes zona oriental teve grande desenvolvimento<\/li>\n<li>atraso estrutural muito grande<\/li>\n<li>focar zona para l\u00e1 da circunvala\u00e7\u00e3o<\/li>\n<li>classifica\u00e7\u00e3o em 1961 da zona como espa\u00e7o verde(??) impediu qualquer tipo de constru\u00e7\u00e3o<\/li>\n<li>2001 deixaram projectos preparados para arrancar<\/li>\n<li>nota ainda para a interven\u00e7\u00e3o de fernando gomes no desenho da vci a acrescentar os n\u00f3s do mercado abastecedor e de bonjoia<\/li>\n<li>pdm do porto foi castrador para o desenvolvimento de campanh\u00e3<\/li>\n<li>a lentid\u00e3o da implementa\u00e7\u00e3o das UOPG<\/li>\n<li>projecto de m\u00e1rio navega<\/li>\n<li>belmiro de azevedo ter\u00e1 plano para a f\u00e1brica do cobre para criar condominio privado a\u00ed<\/li>\n<li>projectos que poderiam ter levado para a zona centenas de familias<\/li>\n<li>projecto de gimnodesportivo que ficou or fazer<\/li>\n<li>tem em projecto a cria\u00e7\u00e3o de um livro que espera lan\u00e7ar durante este ano sobre os ultimos 50 anos da freguesia de campanh\u00e3 (que representa 1\/5 da \u00e1rea do concelho)<\/li>\n<li>pra\u00e7a da corujeira, em 1992 foi remodelada, em 2001 estava em bom estado inclusive com um parque infantil e agora est\u00e1 degradada e o parque infantil desapareceu<\/li>\n<li>nos \u00faltimos dez anos quase n\u00e3o se fez nada na freguesia<\/li>\n<\/ul>\n<p>pedido de esclarecimento de <a href=\"http:\/\/jn.sapo.pt\/paginainicial\/pais\/concelho.aspx?Distrito=Porto&amp;Concelho=Porto&amp;Option=Interior&amp;content_id=1413478\">paulo rios<\/a> (psd)<br \/>\n1. o que foi feito com os dinheiros do urban 1 e urban 2<br \/>\n2. programa bairros criticos<br \/>\n3. investimento no parque escolar de responsabilidade da camara<br \/>\nresposta<br \/>\n1. acabou-se com o bairro da mitra, comprou-se a quinta e casa de bonjoia, comprada e recuperada a casa das glicinias<br \/>\n2. n\u00e3o conhece =&gt; falou posteriormente ernesto santos (ps)<br \/>\n3. n\u00e3o respondeu<\/p>\n<p><a href=\"http:\/\/www.parlamento.pt\/DeputadoGP\/Paginas\/Biografia.aspx?BID=2063\">alda macedo<\/a> (be)<\/p>\n<ul>\n<li>n\u00e3o h\u00e1 fatalidades em pol\u00edtica<\/li>\n<li>necessidade de transformar o que est\u00e1 planeado nas UOPG em ac\u00e7\u00e3o<\/li>\n<li>importante melhorar a rede transportes nessa zona da cidade<\/li>\n<li>diminui\u00e7\u00e3o constante das tranferencias da autarquia para as freguesias<\/li>\n<li>fecho da funda\u00e7\u00e3o para o desenvolvimento do vale de campanh\u00e3 que trabalhava especificamente esta zona da cidade<\/li>\n<li>bairro s. jo\u00e3o de deus em que se limitou a deitar abaixo o que l\u00e1 havia<\/li>\n<\/ul>\n<p><a href=\"http:\/\/www.campanha.net\/executivo2.htm\">ernesto santos<\/a> (ps)<\/p>\n<ul>\n<li>necess\u00e1rio diminuir as assimetrias<\/li>\n<li>subsistem 232 ilhas em campanh\u00e3<\/li>\n<li>quando s\u00e3o atribuidas casas as anteriores habita\u00e7\u00f5es deveriam ser seladas para impedir a sua reocupa\u00e7\u00e3o por outras pessoas<\/li>\n<li>sobre os bairros criticos, espera em breve ter obras no terreno<\/li>\n<\/ul>\n<p>pedido de esclarecimento de paulo rios (ps)<br \/>\n1. quando \u00e9 que apareceram as ilhas<br \/>\n2. que novidades tem sobre os bairros criticos j\u00e1 que s\u00e3o necess\u00e1rios 2 cheques, da camara e do governo (ihru) e a camara s\u00f3 avan\u00e7a depois de ter garantido o dinheiro do governo<\/p>\n<p>resposta 1. &#8211; problema s\u00e3o as ilhas privadas. as entidades p\u00fablicas n\u00e3o conseguem fazer nada em rela\u00e7\u00e3o a isso<br \/>\nresposta 2. &#8211; \u00e9 uma esperan\u00e7a<\/p>\n<p>andr\u00e9 noronha (<a href=\"http:\/\/www.cdsppporto.com\/\">cds<\/a>)<\/p>\n<ul>\n<li>atraso estrutural de campanh\u00e3<\/li>\n<li>atraso de bem mais de 100 anos<\/li>\n<li>dos ultimos 20 anos, estes 8 ultimos foram aqueles em que mais se fez em campanh\u00e3<\/li>\n<li>65M\u20ac acessibilidades<\/li>\n<li>34M\u20ac espa\u00e7o p\u00fablico<\/li>\n<li>parque oriental (construidos os primeiros 10ha)<\/li>\n<li>17M\u20ac reabilita\u00e7\u00e3o<\/li>\n<li>552 fogos intervencionados<\/li>\n<li>10 UOPG para implementar<\/li>\n<li>bairro s. vicente de paulo<\/li>\n<li>portuenses juntos por campanh\u00e3<\/li>\n<\/ul>\n<p>jorge martins (ps)<\/p>\n<ul>\n<li>estranha que a mo\u00e7\u00e3o da cdu ponha a t\u00f3nica na falta de investimentos materiais e n\u00e3o por exemplo na educa\u00e7\u00e3o<\/li>\n<\/ul>\n<p><a href=\"http:\/\/cidadedoporto.pcp.pt\/wp-content\/uploads\/2010\/02\/bairros.pdf\">sara santos<\/a> (cdu)<\/p>\n<ul>\n<li>demora na implementa\u00e7\u00e3o do projecto bairros criticos<\/li>\n<li>2005 &#8211; defini\u00e7\u00e3o<\/li>\n<li>2006 &#8211; aprova\u00e7\u00e3o (p.m.)<\/li>\n<li>2007\/2011 &#8211; deveriam ser as datas de implementa\u00e7\u00e3o<\/li>\n<li>j\u00e1 foi prolongado at\u00e9 2012<\/li>\n<li>n\u00e3o h\u00e1 interven\u00e7\u00f5es nos interiores das casas<\/li>\n<\/ul>\n<p><a href=\"http:\/\/www.cidadedoporto.pcp.pt\/?page_id=454\">marta pereira<\/a> (cdu)<br \/>\n<a href=\"http:\/\/cidadedoporto.pcp.pt\/wp-content\/uploads\/2010\/02\/parque.pdf\"> parque oriental<\/a><br \/>\n2002 &#8211; criado gabiente parque oriental<\/p>\n<p><a href=\"http:\/\/docs.google.com\/viewer?url=http:\/\/cidadedoporto.pcp.pt\/wp-content\/uploads\/2010\/02\/mocao.pdf\" target=\"_blank\" rel=\"noopener noreferrer\">Mo\u00e7\u00e3o sobre diversas car\u00eancias da Zona Oriental<\/a>, interven\u00e7\u00e3o do deputado municipal Miguel Silva<\/p>\n<p><a href=\"http:\/\/www.oportoemconversa.com\/2010\/02\/14\/representantes-do-porto-jose-castro-be\/\">jos\u00e9 castro<\/a> (be)<\/p>\n<ul>\n<li>coes\u00e3o social<\/li>\n<li>sentido de perten\u00e7a a uma comunidade<\/li>\n<li>maior fractura social dos ultimos dez anos<\/li>\n<li>privatiza\u00e7\u00e3o do pal\u00e1cio do freixo<\/li>\n<li>habita\u00e7\u00e3o como principal instrumentos para a coes\u00e3o social<\/li>\n<li>nenhuma constru\u00e7\u00e3o social na cidade<\/li>\n<li>portugal &lt;5% habita\u00e7\u00e3o social, resto da europa &gt;20%<\/li>\n<li>redu\u00e7\u00e3o das transferencias para as freguesias, por exemplo -50% de 2002-2008 para a j.f. s. nicolau<\/li>\n<\/ul>\n<p>paulo rios (psd)<\/p>\n<ul>\n<li>chocado e indignado com possivel aproveitamento politico das situa\u00e7\u00f5es expostas<\/li>\n<li>que cidade no mundo n\u00e3o tem estas imagens? [de pessoas a viver em habita\u00e7\u00f5es sem condi\u00e7\u00f5es]<\/li>\n<li>investimentos feitos na area da educa\u00e7\u00e3o (da responsabilidade da cmp) que se limite ao ensino basico<\/li>\n<\/ul>\n<p>artur ribeiro (cdu)<\/p>\n<ul>\n<li>necessidade de descrimina\u00e7\u00e3o positiva para a zona oriental<\/li>\n<\/ul>\n<p>paulo rios (psd)<\/p>\n<ul>\n<li>dificil discutir e votar mo\u00e7\u00f5es que s\u00e3o entregues \u00e0s seis da tarde<\/li>\n<li>muitas das criticas apresentadas deveriam ser reencaminhadas para o mai, moptc, msaude,&#8230;<\/li>\n<\/ul>\n","protected":false},"excerpt":{"rendered":"<p>apresenta\u00e7\u00e3o da proposta da cdu &#8211;\u00a0ASSEMBLEIA MUNICIPAL EXTRAORDIN\u00c1RIA SOBRE A ZONA ORIENTAL DO PORTO rodrigo oliveira (ps) s\u00e3o muito poucas as n\u00f3doas negras que persistem com fernando gomes zona oriental teve grande desenvolvimento atraso estrutural muito grande focar zona para l\u00e1 da circunvala\u00e7\u00e3o classifica\u00e7\u00e3o em 1961 da zona como espa\u00e7o verde(??) impediu qualquer tipo de [&hellip;]<\/p>\n","protected":false},"author":1,"featured_media":0,"comment_status":"open","ping_status":"open","sticky":false,"template":"","format":"standard","meta":{"footnotes":""},"categories":[7],"tags":[36,46,67,229,340,346,398,490,574,590],"class_list":["post-1693","post","type-post","status-publish","format-standard","hentry","category-ler-ver-ouvir-passear","tag-alda-macedo","tag-andre-noronha","tag-artur-ribeiro","tag-ernesto-santos","tag-jorge-martins","tag-jose-castro","tag-marta-pereira","tag-paulo-rios","tag-rodrigo-oliveira","tag-sara-santos"],"yoast_head":"<!-- This site is optimized with the Yoast SEO plugin v27.5 - https:\/\/yoast.com\/product\/yoast-seo-wordpress\/ -->\n<title>Apontamentos da Assembleia Municipal do Porto, 8-fev-2010 - Os Meus Apontamentos<\/title>\n<meta name=\"robots\" content=\"index, follow, max-snippet:-1, max-image-preview:large, max-video-preview:-1\" \/>\n<link rel=\"canonical\" href=\"https:\/\/osmeusapontamentos.com\/index.php\/2010\/02\/21\/apontamentos-da-assembleia-municipal-do-porto-8-fev-2010\/\" \/>\n<meta property=\"og:locale\" content=\"pt_PT\" \/>\n<meta property=\"og:type\" content=\"article\" \/>\n<meta property=\"og:title\" content=\"Apontamentos da Assembleia Municipal do Porto, 8-fev-2010 - Os Meus Apontamentos\" \/>\n<meta property=\"og:description\" content=\"apresenta\u00e7\u00e3o da proposta da cdu &#8211;\u00a0ASSEMBLEIA MUNICIPAL EXTRAORDIN\u00c1RIA SOBRE A ZONA ORIENTAL DO PORTO rodrigo oliveira (ps) s\u00e3o muito poucas as n\u00f3doas negras que persistem com fernando gomes zona oriental teve grande desenvolvimento atraso estrutural muito grande focar zona para l\u00e1 da circunvala\u00e7\u00e3o classifica\u00e7\u00e3o em 1961 da zona como espa\u00e7o verde(??) impediu qualquer tipo de [&hellip;]\" \/>\n<meta property=\"og:url\" content=\"https:\/\/osmeusapontamentos.com\/index.php\/2010\/02\/21\/apontamentos-da-assembleia-municipal-do-porto-8-fev-2010\/\" \/>\n<meta property=\"og:site_name\" content=\"Os Meus Apontamentos\" \/>\n<meta property=\"article:published_time\" content=\"2010-02-21T15:28:37+00:00\" \/>\n<meta name=\"author\" content=\"Vitor Silva\" \/>\n<meta name=\"twitter:card\" content=\"summary_large_image\" \/>\n<meta name=\"twitter:creator\" content=\"@vitorsilva\" \/>\n<meta name=\"twitter:site\" content=\"@vitorsilva\" \/>\n<meta name=\"twitter:label1\" content=\"Escrito por\" \/>\n\t<meta name=\"twitter:data1\" content=\"Vitor Silva\" \/>\n\t<meta name=\"twitter:label2\" content=\"Tempo estimado de leitura\" \/>\n\t<meta name=\"twitter:data2\" content=\"4 minutos\" \/>\n<script type=\"application\/ld+json\" class=\"yoast-schema-graph\">{\"@context\":\"https:\\\/\\\/schema.org\",\"@graph\":[{\"@type\":\"Article\",\"@id\":\"https:\\\/\\\/osmeusapontamentos.com\\\/index.php\\\/2010\\\/02\\\/21\\\/apontamentos-da-assembleia-municipal-do-porto-8-fev-2010\\\/#article\",\"isPartOf\":{\"@id\":\"https:\\\/\\\/osmeusapontamentos.com\\\/index.php\\\/2010\\\/02\\\/21\\\/apontamentos-da-assembleia-municipal-do-porto-8-fev-2010\\\/\"},\"author\":{\"name\":\"Vitor Silva\",\"@id\":\"https:\\\/\\\/osmeusapontamentos.com\\\/#\\\/schema\\\/person\\\/d508df9c3ffc8b4e64a18dbf0ba18dd8\"},\"headline\":\"Apontamentos da Assembleia Municipal do Porto, 8-fev-2010\",\"datePublished\":\"2010-02-21T15:28:37+00:00\",\"mainEntityOfPage\":{\"@id\":\"https:\\\/\\\/osmeusapontamentos.com\\\/index.php\\\/2010\\\/02\\\/21\\\/apontamentos-da-assembleia-municipal-do-porto-8-fev-2010\\\/\"},\"wordCount\":791,\"commentCount\":1,\"publisher\":{\"@id\":\"https:\\\/\\\/osmeusapontamentos.com\\\/#\\\/schema\\\/person\\\/d508df9c3ffc8b4e64a18dbf0ba18dd8\"},\"keywords\":[\"alda macedo\",\"andr\u00e9 noronha\",\"artur ribeiro\",\"ernesto santos\",\"jorge martins\",\"jos\u00e9 castro\",\"marta pereira\",\"paulo rios\",\"rodrigo oliveira\",\"sara santos\"],\"articleSection\":[\"Ler\\\/ Ver\\\/ Ouvir\\\/ Passear\"],\"inLanguage\":\"pt-PT\",\"potentialAction\":[{\"@type\":\"CommentAction\",\"name\":\"Comment\",\"target\":[\"https:\\\/\\\/osmeusapontamentos.com\\\/index.php\\\/2010\\\/02\\\/21\\\/apontamentos-da-assembleia-municipal-do-porto-8-fev-2010\\\/#respond\"]}]},{\"@type\":\"WebPage\",\"@id\":\"https:\\\/\\\/osmeusapontamentos.com\\\/index.php\\\/2010\\\/02\\\/21\\\/apontamentos-da-assembleia-municipal-do-porto-8-fev-2010\\\/\",\"url\":\"https:\\\/\\\/osmeusapontamentos.com\\\/index.php\\\/2010\\\/02\\\/21\\\/apontamentos-da-assembleia-municipal-do-porto-8-fev-2010\\\/\",\"name\":\"Apontamentos da Assembleia Municipal do Porto, 8-fev-2010 - Os Meus Apontamentos\",\"isPartOf\":{\"@id\":\"https:\\\/\\\/osmeusapontamentos.com\\\/#website\"},\"datePublished\":\"2010-02-21T15:28:37+00:00\",\"breadcrumb\":{\"@id\":\"https:\\\/\\\/osmeusapontamentos.com\\\/index.php\\\/2010\\\/02\\\/21\\\/apontamentos-da-assembleia-municipal-do-porto-8-fev-2010\\\/#breadcrumb\"},\"inLanguage\":\"pt-PT\",\"potentialAction\":[{\"@type\":\"ReadAction\",\"target\":[\"https:\\\/\\\/osmeusapontamentos.com\\\/index.php\\\/2010\\\/02\\\/21\\\/apontamentos-da-assembleia-municipal-do-porto-8-fev-2010\\\/\"]}]},{\"@type\":\"BreadcrumbList\",\"@id\":\"https:\\\/\\\/osmeusapontamentos.com\\\/index.php\\\/2010\\\/02\\\/21\\\/apontamentos-da-assembleia-municipal-do-porto-8-fev-2010\\\/#breadcrumb\",\"itemListElement\":[{\"@type\":\"ListItem\",\"position\":1,\"name\":\"In\u00edcio\",\"item\":\"https:\\\/\\\/osmeusapontamentos.com\\\/\"},{\"@type\":\"ListItem\",\"position\":2,\"name\":\"Apontamentos da Assembleia Municipal do Porto, 8-fev-2010\"}]},{\"@type\":\"WebSite\",\"@id\":\"https:\\\/\\\/osmeusapontamentos.com\\\/#website\",\"url\":\"https:\\\/\\\/osmeusapontamentos.com\\\/\",\"name\":\"Os Meus Apontamentos\",\"description\":\"\",\"publisher\":{\"@id\":\"https:\\\/\\\/osmeusapontamentos.com\\\/#\\\/schema\\\/person\\\/d508df9c3ffc8b4e64a18dbf0ba18dd8\"},\"potentialAction\":[{\"@type\":\"SearchAction\",\"target\":{\"@type\":\"EntryPoint\",\"urlTemplate\":\"https:\\\/\\\/osmeusapontamentos.com\\\/?s={search_term_string}\"},\"query-input\":{\"@type\":\"PropertyValueSpecification\",\"valueRequired\":true,\"valueName\":\"search_term_string\"}}],\"inLanguage\":\"pt-PT\"},{\"@type\":[\"Person\",\"Organization\"],\"@id\":\"https:\\\/\\\/osmeusapontamentos.com\\\/#\\\/schema\\\/person\\\/d508df9c3ffc8b4e64a18dbf0ba18dd8\",\"name\":\"Vitor Silva\",\"image\":{\"@type\":\"ImageObject\",\"inLanguage\":\"pt-PT\",\"@id\":\"https:\\\/\\\/secure.gravatar.com\\\/avatar\\\/f81f58ad909e8a213ab0a690f6ed65e5c0e0e2274bf35ac49ff31d7988d483ce?s=96&d=mm&r=g\",\"url\":\"https:\\\/\\\/secure.gravatar.com\\\/avatar\\\/f81f58ad909e8a213ab0a690f6ed65e5c0e0e2274bf35ac49ff31d7988d483ce?s=96&d=mm&r=g\",\"contentUrl\":\"https:\\\/\\\/secure.gravatar.com\\\/avatar\\\/f81f58ad909e8a213ab0a690f6ed65e5c0e0e2274bf35ac49ff31d7988d483ce?s=96&d=mm&r=g\",\"caption\":\"Vitor Silva\"},\"logo\":{\"@id\":\"https:\\\/\\\/secure.gravatar.com\\\/avatar\\\/f81f58ad909e8a213ab0a690f6ed65e5c0e0e2274bf35ac49ff31d7988d483ce?s=96&d=mm&r=g\"},\"sameAs\":[\"https:\\\/\\\/www.linkedin.com\\\/in\\\/vitormrsilva\",\"https:\\\/\\\/x.com\\\/vitorsilva\"]}]}<\/script>\n<!-- \/ Yoast SEO plugin. -->","yoast_head_json":{"title":"Apontamentos da Assembleia Municipal do Porto, 8-fev-2010 - Os Meus Apontamentos","robots":{"index":"index","follow":"follow","max-snippet":"max-snippet:-1","max-image-preview":"max-image-preview:large","max-video-preview":"max-video-preview:-1"},"canonical":"https:\/\/osmeusapontamentos.com\/index.php\/2010\/02\/21\/apontamentos-da-assembleia-municipal-do-porto-8-fev-2010\/","og_locale":"pt_PT","og_type":"article","og_title":"Apontamentos da Assembleia Municipal do Porto, 8-fev-2010 - Os Meus Apontamentos","og_description":"apresenta\u00e7\u00e3o da proposta da cdu &#8211;\u00a0ASSEMBLEIA MUNICIPAL EXTRAORDIN\u00c1RIA SOBRE A ZONA ORIENTAL DO PORTO rodrigo oliveira (ps) s\u00e3o muito poucas as n\u00f3doas negras que persistem com fernando gomes zona oriental teve grande desenvolvimento atraso estrutural muito grande focar zona para l\u00e1 da circunvala\u00e7\u00e3o classifica\u00e7\u00e3o em 1961 da zona como espa\u00e7o verde(??) impediu qualquer tipo de [&hellip;]","og_url":"https:\/\/osmeusapontamentos.com\/index.php\/2010\/02\/21\/apontamentos-da-assembleia-municipal-do-porto-8-fev-2010\/","og_site_name":"Os Meus Apontamentos","article_published_time":"2010-02-21T15:28:37+00:00","author":"Vitor Silva","twitter_card":"summary_large_image","twitter_creator":"@vitorsilva","twitter_site":"@vitorsilva","twitter_misc":{"Escrito por":"Vitor Silva","Tempo estimado de leitura":"4 minutos"},"schema":{"@context":"https:\/\/schema.org","@graph":[{"@type":"Article","@id":"https:\/\/osmeusapontamentos.com\/index.php\/2010\/02\/21\/apontamentos-da-assembleia-municipal-do-porto-8-fev-2010\/#article","isPartOf":{"@id":"https:\/\/osmeusapontamentos.com\/index.php\/2010\/02\/21\/apontamentos-da-assembleia-municipal-do-porto-8-fev-2010\/"},"author":{"name":"Vitor Silva","@id":"https:\/\/osmeusapontamentos.com\/#\/schema\/person\/d508df9c3ffc8b4e64a18dbf0ba18dd8"},"headline":"Apontamentos da Assembleia Municipal do Porto, 8-fev-2010","datePublished":"2010-02-21T15:28:37+00:00","mainEntityOfPage":{"@id":"https:\/\/osmeusapontamentos.com\/index.php\/2010\/02\/21\/apontamentos-da-assembleia-municipal-do-porto-8-fev-2010\/"},"wordCount":791,"commentCount":1,"publisher":{"@id":"https:\/\/osmeusapontamentos.com\/#\/schema\/person\/d508df9c3ffc8b4e64a18dbf0ba18dd8"},"keywords":["alda macedo","andr\u00e9 noronha","artur ribeiro","ernesto santos","jorge martins","jos\u00e9 castro","marta pereira","paulo rios","rodrigo oliveira","sara santos"],"articleSection":["Ler\/ Ver\/ Ouvir\/ Passear"],"inLanguage":"pt-PT","potentialAction":[{"@type":"CommentAction","name":"Comment","target":["https:\/\/osmeusapontamentos.com\/index.php\/2010\/02\/21\/apontamentos-da-assembleia-municipal-do-porto-8-fev-2010\/#respond"]}]},{"@type":"WebPage","@id":"https:\/\/osmeusapontamentos.com\/index.php\/2010\/02\/21\/apontamentos-da-assembleia-municipal-do-porto-8-fev-2010\/","url":"https:\/\/osmeusapontamentos.com\/index.php\/2010\/02\/21\/apontamentos-da-assembleia-municipal-do-porto-8-fev-2010\/","name":"Apontamentos da Assembleia Municipal do Porto, 8-fev-2010 - Os Meus Apontamentos","isPartOf":{"@id":"https:\/\/osmeusapontamentos.com\/#website"},"datePublished":"2010-02-21T15:28:37+00:00","breadcrumb":{"@id":"https:\/\/osmeusapontamentos.com\/index.php\/2010\/02\/21\/apontamentos-da-assembleia-municipal-do-porto-8-fev-2010\/#breadcrumb"},"inLanguage":"pt-PT","potentialAction":[{"@type":"ReadAction","target":["https:\/\/osmeusapontamentos.com\/index.php\/2010\/02\/21\/apontamentos-da-assembleia-municipal-do-porto-8-fev-2010\/"]}]},{"@type":"BreadcrumbList","@id":"https:\/\/osmeusapontamentos.com\/index.php\/2010\/02\/21\/apontamentos-da-assembleia-municipal-do-porto-8-fev-2010\/#breadcrumb","itemListElement":[{"@type":"ListItem","position":1,"name":"In\u00edcio","item":"https:\/\/osmeusapontamentos.com\/"},{"@type":"ListItem","position":2,"name":"Apontamentos da Assembleia Municipal do Porto, 8-fev-2010"}]},{"@type":"WebSite","@id":"https:\/\/osmeusapontamentos.com\/#website","url":"https:\/\/osmeusapontamentos.com\/","name":"Os Meus Apontamentos","description":"","publisher":{"@id":"https:\/\/osmeusapontamentos.com\/#\/schema\/person\/d508df9c3ffc8b4e64a18dbf0ba18dd8"},"potentialAction":[{"@type":"SearchAction","target":{"@type":"EntryPoint","urlTemplate":"https:\/\/osmeusapontamentos.com\/?s={search_term_string}"},"query-input":{"@type":"PropertyValueSpecification","valueRequired":true,"valueName":"search_term_string"}}],"inLanguage":"pt-PT"},{"@type":["Person","Organization"],"@id":"https:\/\/osmeusapontamentos.com\/#\/schema\/person\/d508df9c3ffc8b4e64a18dbf0ba18dd8","name":"Vitor Silva","image":{"@type":"ImageObject","inLanguage":"pt-PT","@id":"https:\/\/secure.gravatar.com\/avatar\/f81f58ad909e8a213ab0a690f6ed65e5c0e0e2274bf35ac49ff31d7988d483ce?s=96&d=mm&r=g","url":"https:\/\/secure.gravatar.com\/avatar\/f81f58ad909e8a213ab0a690f6ed65e5c0e0e2274bf35ac49ff31d7988d483ce?s=96&d=mm&r=g","contentUrl":"https:\/\/secure.gravatar.com\/avatar\/f81f58ad909e8a213ab0a690f6ed65e5c0e0e2274bf35ac49ff31d7988d483ce?s=96&d=mm&r=g","caption":"Vitor Silva"},"logo":{"@id":"https:\/\/secure.gravatar.com\/avatar\/f81f58ad909e8a213ab0a690f6ed65e5c0e0e2274bf35ac49ff31d7988d483ce?s=96&d=mm&r=g"},"sameAs":["https:\/\/www.linkedin.com\/in\/vitormrsilva","https:\/\/x.com\/vitorsilva"]}]}},"_links":{"self":[{"href":"https:\/\/osmeusapontamentos.com\/index.php\/wp-json\/wp\/v2\/posts\/1693","targetHints":{"allow":["GET"]}}],"collection":[{"href":"https:\/\/osmeusapontamentos.com\/index.php\/wp-json\/wp\/v2\/posts"}],"about":[{"href":"https:\/\/osmeusapontamentos.com\/index.php\/wp-json\/wp\/v2\/types\/post"}],"author":[{"embeddable":true,"href":"https:\/\/osmeusapontamentos.com\/index.php\/wp-json\/wp\/v2\/users\/1"}],"replies":[{"embeddable":true,"href":"https:\/\/osmeusapontamentos.com\/index.php\/wp-json\/wp\/v2\/comments?post=1693"}],"version-history":[{"count":0,"href":"https:\/\/osmeusapontamentos.com\/index.php\/wp-json\/wp\/v2\/posts\/1693\/revisions"}],"wp:attachment":[{"href":"https:\/\/osmeusapontamentos.com\/index.php\/wp-json\/wp\/v2\/media?parent=1693"}],"wp:term":[{"taxonomy":"category","embeddable":true,"href":"https:\/\/osmeusapontamentos.com\/index.php\/wp-json\/wp\/v2\/categories?post=1693"},{"taxonomy":"post_tag","embeddable":true,"href":"https:\/\/osmeusapontamentos.com\/index.php\/wp-json\/wp\/v2\/tags?post=1693"}],"curies":[{"name":"wp","href":"https:\/\/api.w.org\/{rel}","templated":true}]}}