{"id":1691,"date":"2009-12-08T14:32:15","date_gmt":"2009-12-08T14:32:15","guid":{"rendered":"http:\/\/osmeusapontamentos.com\/?p=1691"},"modified":"2009-12-08T14:32:15","modified_gmt":"2009-12-08T14:32:15","slug":"o-porto-em-conversa-dezembro-2009-2","status":"publish","type":"post","link":"https:\/\/osmeusapontamentos.com\/index.php\/2009\/12\/08\/o-porto-em-conversa-dezembro-2009-2\/","title":{"rendered":"O Porto em Conversa &#8211; Dezembro 2009"},"content":{"rendered":"<p>J\u00e1 est\u00e1 online a\u00a0<a href=\"http:\/\/www.oportoemconversa.com\/2009\/12\/04\/conversa-com-joaquim-jorge-podcast\/\" target=\"_blank\" rel=\"noopener noreferrer\">edi\u00e7\u00e3<span class=\"il\">o<\/span> de dezembro do\u00a0<strong><span class=\"il\">Porto<\/span> <span class=\"il\">em<\/span> <span class=\"il\">Conversa<\/span><\/strong><\/a>.<br \/>\n<span class=\"il\">O<\/span> meu convidado foi Joaquim Jorge,\u00a0<span class=\"il\">o<\/span> mentor do\u00a0<strong><a href=\"http:\/\/clubedospensadores.blogspot.com\/\" target=\"_blank\" rel=\"noopener noreferrer\">Clube dos Pensadores<\/a><\/strong>.<br \/>\nNuma\u00a0<span class=\"il\">conversa<\/span> animada falamos da motiva\u00e7\u00e3<span class=\"il\">o<\/span> para a realiza\u00e7\u00e3<span class=\"il\">o<\/span> das diferentes actividades de que\u00a0<span class=\"il\">o<\/span> Clube dos Pensadores \u00e9 composto, nomeadamente os<a href=\"http:\/\/www.livestream.com\/clubedospensadores\" target=\"_blank\" rel=\"noopener noreferrer\"> debates<\/a>,\u00a0<span class=\"il\">o<\/span> programa de r\u00e1dio na RCM,\u00a0<span class=\"il\">o<\/span> <a href=\"http:\/\/clubedospensadores.blogspot.com\/\" target=\"_blank\" rel=\"noopener noreferrer\">blog<\/a> e\u00a0<span class=\"il\">o<\/span> <a href=\"http:\/\/clubedospensadores.blogspot.com\/2009\/11\/debate-apresentacao-do-livro-clube-dos.html\" target=\"_blank\" rel=\"noopener noreferrer\">livro<\/a>.<\/p>\n<p>Para al\u00e9m disso durante\u00a0<span class=\"il\">o<\/span> m\u00eas de novembro iniciei outro projecto chamado &#8220;<strong>Representantes do\u00a0<span class=\"il\">Porto<\/span><\/strong>&#8220;.<br \/>\nNo \u00e2mbito deste projecto irei entrevistar os diferentes intervenientes da Assembleia Municipal do\u00a0<span class=\"il\">Porto<\/span>.<br \/>\nJ\u00e1 podem ouvir online as primeiras duas entrevistas, a primeira a\u00a0<a href=\"http:\/\/www.oportoemconversa.com\/2009\/11\/25\/representantes-do-porto-jose-machado-castro-be\/\" target=\"_blank\" rel=\"noopener noreferrer\">Jos\u00e9 Castro do BE<\/a> e a segunda a\u00a0<a href=\"http:\/\/www.oportoemconversa.com\/2009\/12\/01\/representantes-do-porto-%e2%80%93-artur-ribeiro-pcp\/\" target=\"_blank\" rel=\"noopener noreferrer\">Artur Ribeiro do PCP<\/a>.<\/p>\n<p>Tamb\u00e9m j\u00e1 podem ouvir algumas das diferentes interven\u00e7\u00f5es do evento\u00a0<strong><a href=\"http:\/\/www.oportoemconversa.com\/category\/ignite-portugal\/\" target=\"_blank\" rel=\"noopener noreferrer\">Ignite Portugal<\/a> <\/strong>que se realizou no\u00a0<span class=\"il\">Porto<\/span> a 27-nov.<br \/>\nTal como Miguel Duarte explicou, este \u00e9 um evento que tem como objectivo inspirar.<br \/>\nA ideia \u00e9 falar de paix\u00e3<span class=\"il\">o<\/span> e contar uma hist\u00f3ria, isto tudo\u00a0<span class=\"il\">em<\/span> 15 slides x 20 segundos 20 slides x 15 segundos.<br \/>\nV\u00e3<span class=\"il\">o<\/span> passando pelo blog porque todos os dias at\u00e9 ao dia 17-dez v\u00e3<span class=\"il\">o<\/span> ser publicadas as diferentes apresenta\u00e7\u00f5es.<br \/>\nDas que j\u00e1 est\u00e3<span class=\"il\">o<\/span> online destaco por exemplo\u00a0<a href=\"http:\/\/www.oportoemconversa.com\/2009\/12\/06\/a-senhora-da-limpeza-que-ganhava-comissoes-luis-cochofel\/\" target=\"_blank\" rel=\"noopener noreferrer\">&#8220;A senhora da limpeza que ganhava comiss\u00f5es&#8221;<\/a> de Luis Cochofel ou\u00a0<a href=\"http:\/\/www.oportoemconversa.com\/2009\/12\/08\/pode-a-iberia-ser-um-mercado-unico-para-uma-start-up-iago-soto-mata\/\" target=\"_blank\" rel=\"noopener noreferrer\">&#8220;Pode a Ib\u00e9ria ser um mercado \u00fanico para uma startup?&#8221;<\/a> de Iago Soto Mata.<\/p>\n","protected":false},"excerpt":{"rendered":"<p>J\u00e1 est\u00e1 online a\u00a0edi\u00e7\u00e3o de dezembro do\u00a0Porto em Conversa. O meu convidado foi Joaquim Jorge,\u00a0o mentor do\u00a0Clube dos Pensadores. Numa\u00a0conversa animada falamos da motiva\u00e7\u00e3o para a realiza\u00e7\u00e3o das diferentes actividades de que\u00a0o Clube dos Pensadores \u00e9 composto, nomeadamente os debates,\u00a0o programa de r\u00e1dio na RCM,\u00a0o blog e\u00a0o livro. Para al\u00e9m disso durante\u00a0o m\u00eas de novembro [&hellip;]<\/p>\n","protected":false},"author":1,"featured_media":0,"comment_status":"open","ping_status":"open","sticky":false,"template":"","format":"standard","meta":{"footnotes":""},"categories":[7],"tags":[67,142,301,305,334,346,378,420,516],"class_list":["post-1691","post","type-post","status-publish","format-standard","hentry","category-ler-ver-ouvir-passear","tag-artur-ribeiro","tag-clube-dos-pensadores","tag-iago-soto-mata","tag-ignite-portugal","tag-joaquim-jorge","tag-jose-castro","tag-luis-cochofel","tag-miguel-duarte","tag-podcast"],"yoast_head":"<!-- This site is optimized with the Yoast SEO plugin v27.5 - https:\/\/yoast.com\/product\/yoast-seo-wordpress\/ -->\n<title>O Porto em Conversa - Dezembro 2009 - Os Meus Apontamentos<\/title>\n<meta name=\"robots\" content=\"index, follow, max-snippet:-1, max-image-preview:large, max-video-preview:-1\" \/>\n<link rel=\"canonical\" href=\"https:\/\/osmeusapontamentos.com\/index.php\/2009\/12\/08\/o-porto-em-conversa-dezembro-2009-2\/\" \/>\n<meta property=\"og:locale\" content=\"pt_PT\" \/>\n<meta property=\"og:type\" content=\"article\" \/>\n<meta property=\"og:title\" content=\"O Porto em Conversa - Dezembro 2009 - Os Meus Apontamentos\" \/>\n<meta property=\"og:description\" content=\"J\u00e1 est\u00e1 online a\u00a0edi\u00e7\u00e3o de dezembro do\u00a0Porto em Conversa. O meu convidado foi Joaquim Jorge,\u00a0o mentor do\u00a0Clube dos Pensadores. Numa\u00a0conversa animada falamos da motiva\u00e7\u00e3o para a realiza\u00e7\u00e3o das diferentes actividades de que\u00a0o Clube dos Pensadores \u00e9 composto, nomeadamente os debates,\u00a0o programa de r\u00e1dio na RCM,\u00a0o blog e\u00a0o livro. Para al\u00e9m disso durante\u00a0o m\u00eas de novembro [&hellip;]\" \/>\n<meta property=\"og:url\" content=\"https:\/\/osmeusapontamentos.com\/index.php\/2009\/12\/08\/o-porto-em-conversa-dezembro-2009-2\/\" \/>\n<meta property=\"og:site_name\" content=\"Os Meus Apontamentos\" \/>\n<meta property=\"article:published_time\" content=\"2009-12-08T14:32:15+00:00\" \/>\n<meta name=\"author\" content=\"Vitor Silva\" \/>\n<meta name=\"twitter:card\" content=\"summary_large_image\" \/>\n<meta name=\"twitter:creator\" content=\"@vitorsilva\" \/>\n<meta name=\"twitter:site\" content=\"@vitorsilva\" \/>\n<meta name=\"twitter:label1\" content=\"Escrito por\" \/>\n\t<meta name=\"twitter:data1\" content=\"Vitor Silva\" \/>\n\t<meta name=\"twitter:label2\" content=\"Tempo estimado de leitura\" \/>\n\t<meta name=\"twitter:data2\" content=\"1 minuto\" \/>\n<script type=\"application\/ld+json\" class=\"yoast-schema-graph\">{\"@context\":\"https:\\\/\\\/schema.org\",\"@graph\":[{\"@type\":\"Article\",\"@id\":\"https:\\\/\\\/osmeusapontamentos.com\\\/index.php\\\/2009\\\/12\\\/08\\\/o-porto-em-conversa-dezembro-2009-2\\\/#article\",\"isPartOf\":{\"@id\":\"https:\\\/\\\/osmeusapontamentos.com\\\/index.php\\\/2009\\\/12\\\/08\\\/o-porto-em-conversa-dezembro-2009-2\\\/\"},\"author\":{\"name\":\"Vitor Silva\",\"@id\":\"https:\\\/\\\/osmeusapontamentos.com\\\/#\\\/schema\\\/person\\\/d508df9c3ffc8b4e64a18dbf0ba18dd8\"},\"headline\":\"O Porto em Conversa &#8211; Dezembro 2009\",\"datePublished\":\"2009-12-08T14:32:15+00:00\",\"mainEntityOfPage\":{\"@id\":\"https:\\\/\\\/osmeusapontamentos.com\\\/index.php\\\/2009\\\/12\\\/08\\\/o-porto-em-conversa-dezembro-2009-2\\\/\"},\"wordCount\":231,\"commentCount\":0,\"publisher\":{\"@id\":\"https:\\\/\\\/osmeusapontamentos.com\\\/#\\\/schema\\\/person\\\/d508df9c3ffc8b4e64a18dbf0ba18dd8\"},\"keywords\":[\"artur ribeiro\",\"clube dos pensadores\",\"iago soto mata\",\"ignite portugal\",\"joaquim jorge\",\"jos\u00e9 castro\",\"luis cochofel\",\"miguel duarte\",\"podcast\"],\"articleSection\":[\"Ler\\\/ Ver\\\/ Ouvir\\\/ Passear\"],\"inLanguage\":\"pt-PT\",\"potentialAction\":[{\"@type\":\"CommentAction\",\"name\":\"Comment\",\"target\":[\"https:\\\/\\\/osmeusapontamentos.com\\\/index.php\\\/2009\\\/12\\\/08\\\/o-porto-em-conversa-dezembro-2009-2\\\/#respond\"]}]},{\"@type\":\"WebPage\",\"@id\":\"https:\\\/\\\/osmeusapontamentos.com\\\/index.php\\\/2009\\\/12\\\/08\\\/o-porto-em-conversa-dezembro-2009-2\\\/\",\"url\":\"https:\\\/\\\/osmeusapontamentos.com\\\/index.php\\\/2009\\\/12\\\/08\\\/o-porto-em-conversa-dezembro-2009-2\\\/\",\"name\":\"O Porto em Conversa - Dezembro 2009 - Os Meus Apontamentos\",\"isPartOf\":{\"@id\":\"https:\\\/\\\/osmeusapontamentos.com\\\/#website\"},\"datePublished\":\"2009-12-08T14:32:15+00:00\",\"breadcrumb\":{\"@id\":\"https:\\\/\\\/osmeusapontamentos.com\\\/index.php\\\/2009\\\/12\\\/08\\\/o-porto-em-conversa-dezembro-2009-2\\\/#breadcrumb\"},\"inLanguage\":\"pt-PT\",\"potentialAction\":[{\"@type\":\"ReadAction\",\"target\":[\"https:\\\/\\\/osmeusapontamentos.com\\\/index.php\\\/2009\\\/12\\\/08\\\/o-porto-em-conversa-dezembro-2009-2\\\/\"]}]},{\"@type\":\"BreadcrumbList\",\"@id\":\"https:\\\/\\\/osmeusapontamentos.com\\\/index.php\\\/2009\\\/12\\\/08\\\/o-porto-em-conversa-dezembro-2009-2\\\/#breadcrumb\",\"itemListElement\":[{\"@type\":\"ListItem\",\"position\":1,\"name\":\"In\u00edcio\",\"item\":\"https:\\\/\\\/osmeusapontamentos.com\\\/\"},{\"@type\":\"ListItem\",\"position\":2,\"name\":\"O Porto em Conversa &#8211; Dezembro 2009\"}]},{\"@type\":\"WebSite\",\"@id\":\"https:\\\/\\\/osmeusapontamentos.com\\\/#website\",\"url\":\"https:\\\/\\\/osmeusapontamentos.com\\\/\",\"name\":\"Os Meus Apontamentos\",\"description\":\"\",\"publisher\":{\"@id\":\"https:\\\/\\\/osmeusapontamentos.com\\\/#\\\/schema\\\/person\\\/d508df9c3ffc8b4e64a18dbf0ba18dd8\"},\"potentialAction\":[{\"@type\":\"SearchAction\",\"target\":{\"@type\":\"EntryPoint\",\"urlTemplate\":\"https:\\\/\\\/osmeusapontamentos.com\\\/?s={search_term_string}\"},\"query-input\":{\"@type\":\"PropertyValueSpecification\",\"valueRequired\":true,\"valueName\":\"search_term_string\"}}],\"inLanguage\":\"pt-PT\"},{\"@type\":[\"Person\",\"Organization\"],\"@id\":\"https:\\\/\\\/osmeusapontamentos.com\\\/#\\\/schema\\\/person\\\/d508df9c3ffc8b4e64a18dbf0ba18dd8\",\"name\":\"Vitor Silva\",\"image\":{\"@type\":\"ImageObject\",\"inLanguage\":\"pt-PT\",\"@id\":\"https:\\\/\\\/secure.gravatar.com\\\/avatar\\\/f81f58ad909e8a213ab0a690f6ed65e5c0e0e2274bf35ac49ff31d7988d483ce?s=96&d=mm&r=g\",\"url\":\"https:\\\/\\\/secure.gravatar.com\\\/avatar\\\/f81f58ad909e8a213ab0a690f6ed65e5c0e0e2274bf35ac49ff31d7988d483ce?s=96&d=mm&r=g\",\"contentUrl\":\"https:\\\/\\\/secure.gravatar.com\\\/avatar\\\/f81f58ad909e8a213ab0a690f6ed65e5c0e0e2274bf35ac49ff31d7988d483ce?s=96&d=mm&r=g\",\"caption\":\"Vitor Silva\"},\"logo\":{\"@id\":\"https:\\\/\\\/secure.gravatar.com\\\/avatar\\\/f81f58ad909e8a213ab0a690f6ed65e5c0e0e2274bf35ac49ff31d7988d483ce?s=96&d=mm&r=g\"},\"sameAs\":[\"https:\\\/\\\/www.linkedin.com\\\/in\\\/vitormrsilva\",\"https:\\\/\\\/x.com\\\/vitorsilva\"]}]}<\/script>\n<!-- \/ Yoast SEO plugin. -->","yoast_head_json":{"title":"O Porto em Conversa - Dezembro 2009 - Os Meus Apontamentos","robots":{"index":"index","follow":"follow","max-snippet":"max-snippet:-1","max-image-preview":"max-image-preview:large","max-video-preview":"max-video-preview:-1"},"canonical":"https:\/\/osmeusapontamentos.com\/index.php\/2009\/12\/08\/o-porto-em-conversa-dezembro-2009-2\/","og_locale":"pt_PT","og_type":"article","og_title":"O Porto em Conversa - Dezembro 2009 - Os Meus Apontamentos","og_description":"J\u00e1 est\u00e1 online a\u00a0edi\u00e7\u00e3o de dezembro do\u00a0Porto em Conversa. O meu convidado foi Joaquim Jorge,\u00a0o mentor do\u00a0Clube dos Pensadores. Numa\u00a0conversa animada falamos da motiva\u00e7\u00e3o para a realiza\u00e7\u00e3o das diferentes actividades de que\u00a0o Clube dos Pensadores \u00e9 composto, nomeadamente os debates,\u00a0o programa de r\u00e1dio na RCM,\u00a0o blog e\u00a0o livro. Para al\u00e9m disso durante\u00a0o m\u00eas de novembro [&hellip;]","og_url":"https:\/\/osmeusapontamentos.com\/index.php\/2009\/12\/08\/o-porto-em-conversa-dezembro-2009-2\/","og_site_name":"Os Meus Apontamentos","article_published_time":"2009-12-08T14:32:15+00:00","author":"Vitor Silva","twitter_card":"summary_large_image","twitter_creator":"@vitorsilva","twitter_site":"@vitorsilva","twitter_misc":{"Escrito por":"Vitor Silva","Tempo estimado de leitura":"1 minuto"},"schema":{"@context":"https:\/\/schema.org","@graph":[{"@type":"Article","@id":"https:\/\/osmeusapontamentos.com\/index.php\/2009\/12\/08\/o-porto-em-conversa-dezembro-2009-2\/#article","isPartOf":{"@id":"https:\/\/osmeusapontamentos.com\/index.php\/2009\/12\/08\/o-porto-em-conversa-dezembro-2009-2\/"},"author":{"name":"Vitor Silva","@id":"https:\/\/osmeusapontamentos.com\/#\/schema\/person\/d508df9c3ffc8b4e64a18dbf0ba18dd8"},"headline":"O Porto em Conversa &#8211; Dezembro 2009","datePublished":"2009-12-08T14:32:15+00:00","mainEntityOfPage":{"@id":"https:\/\/osmeusapontamentos.com\/index.php\/2009\/12\/08\/o-porto-em-conversa-dezembro-2009-2\/"},"wordCount":231,"commentCount":0,"publisher":{"@id":"https:\/\/osmeusapontamentos.com\/#\/schema\/person\/d508df9c3ffc8b4e64a18dbf0ba18dd8"},"keywords":["artur ribeiro","clube dos pensadores","iago soto mata","ignite portugal","joaquim jorge","jos\u00e9 castro","luis cochofel","miguel duarte","podcast"],"articleSection":["Ler\/ Ver\/ Ouvir\/ Passear"],"inLanguage":"pt-PT","potentialAction":[{"@type":"CommentAction","name":"Comment","target":["https:\/\/osmeusapontamentos.com\/index.php\/2009\/12\/08\/o-porto-em-conversa-dezembro-2009-2\/#respond"]}]},{"@type":"WebPage","@id":"https:\/\/osmeusapontamentos.com\/index.php\/2009\/12\/08\/o-porto-em-conversa-dezembro-2009-2\/","url":"https:\/\/osmeusapontamentos.com\/index.php\/2009\/12\/08\/o-porto-em-conversa-dezembro-2009-2\/","name":"O Porto em Conversa - Dezembro 2009 - Os Meus Apontamentos","isPartOf":{"@id":"https:\/\/osmeusapontamentos.com\/#website"},"datePublished":"2009-12-08T14:32:15+00:00","breadcrumb":{"@id":"https:\/\/osmeusapontamentos.com\/index.php\/2009\/12\/08\/o-porto-em-conversa-dezembro-2009-2\/#breadcrumb"},"inLanguage":"pt-PT","potentialAction":[{"@type":"ReadAction","target":["https:\/\/osmeusapontamentos.com\/index.php\/2009\/12\/08\/o-porto-em-conversa-dezembro-2009-2\/"]}]},{"@type":"BreadcrumbList","@id":"https:\/\/osmeusapontamentos.com\/index.php\/2009\/12\/08\/o-porto-em-conversa-dezembro-2009-2\/#breadcrumb","itemListElement":[{"@type":"ListItem","position":1,"name":"In\u00edcio","item":"https:\/\/osmeusapontamentos.com\/"},{"@type":"ListItem","position":2,"name":"O Porto em Conversa &#8211; Dezembro 2009"}]},{"@type":"WebSite","@id":"https:\/\/osmeusapontamentos.com\/#website","url":"https:\/\/osmeusapontamentos.com\/","name":"Os Meus Apontamentos","description":"","publisher":{"@id":"https:\/\/osmeusapontamentos.com\/#\/schema\/person\/d508df9c3ffc8b4e64a18dbf0ba18dd8"},"potentialAction":[{"@type":"SearchAction","target":{"@type":"EntryPoint","urlTemplate":"https:\/\/osmeusapontamentos.com\/?s={search_term_string}"},"query-input":{"@type":"PropertyValueSpecification","valueRequired":true,"valueName":"search_term_string"}}],"inLanguage":"pt-PT"},{"@type":["Person","Organization"],"@id":"https:\/\/osmeusapontamentos.com\/#\/schema\/person\/d508df9c3ffc8b4e64a18dbf0ba18dd8","name":"Vitor Silva","image":{"@type":"ImageObject","inLanguage":"pt-PT","@id":"https:\/\/secure.gravatar.com\/avatar\/f81f58ad909e8a213ab0a690f6ed65e5c0e0e2274bf35ac49ff31d7988d483ce?s=96&d=mm&r=g","url":"https:\/\/secure.gravatar.com\/avatar\/f81f58ad909e8a213ab0a690f6ed65e5c0e0e2274bf35ac49ff31d7988d483ce?s=96&d=mm&r=g","contentUrl":"https:\/\/secure.gravatar.com\/avatar\/f81f58ad909e8a213ab0a690f6ed65e5c0e0e2274bf35ac49ff31d7988d483ce?s=96&d=mm&r=g","caption":"Vitor Silva"},"logo":{"@id":"https:\/\/secure.gravatar.com\/avatar\/f81f58ad909e8a213ab0a690f6ed65e5c0e0e2274bf35ac49ff31d7988d483ce?s=96&d=mm&r=g"},"sameAs":["https:\/\/www.linkedin.com\/in\/vitormrsilva","https:\/\/x.com\/vitorsilva"]}]}},"_links":{"self":[{"href":"https:\/\/osmeusapontamentos.com\/index.php\/wp-json\/wp\/v2\/posts\/1691","targetHints":{"allow":["GET"]}}],"collection":[{"href":"https:\/\/osmeusapontamentos.com\/index.php\/wp-json\/wp\/v2\/posts"}],"about":[{"href":"https:\/\/osmeusapontamentos.com\/index.php\/wp-json\/wp\/v2\/types\/post"}],"author":[{"embeddable":true,"href":"https:\/\/osmeusapontamentos.com\/index.php\/wp-json\/wp\/v2\/users\/1"}],"replies":[{"embeddable":true,"href":"https:\/\/osmeusapontamentos.com\/index.php\/wp-json\/wp\/v2\/comments?post=1691"}],"version-history":[{"count":0,"href":"https:\/\/osmeusapontamentos.com\/index.php\/wp-json\/wp\/v2\/posts\/1691\/revisions"}],"wp:attachment":[{"href":"https:\/\/osmeusapontamentos.com\/index.php\/wp-json\/wp\/v2\/media?parent=1691"}],"wp:term":[{"taxonomy":"category","embeddable":true,"href":"https:\/\/osmeusapontamentos.com\/index.php\/wp-json\/wp\/v2\/categories?post=1691"},{"taxonomy":"post_tag","embeddable":true,"href":"https:\/\/osmeusapontamentos.com\/index.php\/wp-json\/wp\/v2\/tags?post=1691"}],"curies":[{"name":"wp","href":"https:\/\/api.w.org\/{rel}","templated":true}]}}