{"id":1682,"date":"2010-02-05T18:00:56","date_gmt":"2010-02-05T18:00:56","guid":{"rendered":"http:\/\/osmeusapontamentos.com\/?p=1682"},"modified":"2010-02-05T18:00:56","modified_gmt":"2010-02-05T18:00:56","slug":"o-centralismo-e-mau-mas-nos-nao-nos-queixamos","status":"publish","type":"post","link":"https:\/\/osmeusapontamentos.com\/index.php\/2010\/02\/05\/o-centralismo-e-mau-mas-nos-nao-nos-queixamos\/","title":{"rendered":"O centralismo \u00e9 mau mas n\u00f3s n\u00e3o nos queixamos"},"content":{"rendered":"<p>Costuma-se dizer que \u00e0 primeira caem todos e \u00e0 segunda s\u00f3 cai quem quer e c\u00e1 pelo Norte nem precisamos que nos empurrem para cair vezes sem conta nos mesmos erros.<br \/>\nVem isto a prop\u00f3sito da linha da Trofa.<br \/>\nA Trofa fica a 25km do Porto (S.Bento) \u00a0(a povoa fica a 30 da esta\u00e7\u00e3o da Trindade) e tem actualmente a passar na linha de comboio que liga porto-braga cerca de 50 (urbanos e regionais) comboios por dia e este ano ainda ficar\u00e1 melhor servida quando o t\u00fanel e a nova esta\u00e7\u00e3o entrarem em funcionamento.<\/p>\n<p>A Trofa j\u00e1 teve tamb\u00e9m outra liga\u00e7\u00e3o ao Porto, atrav\u00e9s da antiga linha do Porto (Trindade) a Guimar\u00e3es e Fafe (derivava a partir da Linha da P\u00f3voa na Senhora da Hora), essa linha foi parcialmente fechada (Guimar\u00e3es-Fafe) em 1990 . Em 2002 (em conjunto com a da P\u00f3voa) foi encerrada totalmente para ser reconvertida em parte para o Metro do Porto com a <a href=\"http:\/\/www.jornaldatrofa.pt\/index.php?option=com_content&amp;task=view&amp;id=341&amp;Itemid=140\">promessa que seria posteriormente reactivada at\u00e9 \u00e0 Trofa<\/a> (actualmente fica no ISMAI-Maia).<\/p>\n<p>Estamos em 2010, conhecemos as criticas que a linha da p\u00f3voa tem recebido, no entanto <a href=\"http:\/\/jn.sapo.pt\/paginainicial\/pais\/concelho.aspx?Distrito=Porto&amp;Concelho=Porto&amp;Option=Interior&amp;content_id=1353298\">seguimos em frente<\/a>.<br \/>\nClaro que poderiamos pegar no dinheiro que se vai torrar nessa linha e criar um sistema urbano de transportes que alimentasse ainda mais a infraestrutura j\u00e1 existente, por exemplo com a introdu\u00e7\u00e3o de autocarros com percursos urbanos na zona da trofa e arredores que ligassem directamente \u00e0s diferentes esta\u00e7\u00f5es da linha porto-braga.<br \/>\nMas n\u00e3o, temos que cumprir as nossas promessas, porque como sabemos todos os politicos cumprem sempre literal e estritamente todas as suas promessas.<\/p>\n","protected":false},"excerpt":{"rendered":"<p>Costuma-se dizer que \u00e0 primeira caem todos e \u00e0 segunda s\u00f3 cai quem quer e c\u00e1 pelo Norte nem precisamos que nos empurrem para cair vezes sem conta nos mesmos erros. Vem isto a prop\u00f3sito da linha da Trofa. A Trofa fica a 25km do Porto (S.Bento) \u00a0(a povoa fica a 30 da esta\u00e7\u00e3o da [&hellip;]<\/p>\n","protected":false},"author":1,"featured_media":0,"comment_status":"open","ping_status":"open","sticky":false,"template":"","format":"standard","meta":{"footnotes":""},"categories":[7],"tags":[147,411,427,650],"class_list":["post-1682","post","type-post","status-publish","format-standard","hentry","category-ler-ver-ouvir-passear","tag-comboios","tag-metro","tag-mobilidade","tag-trofa"],"yoast_head":"<!-- This site is optimized with the Yoast SEO plugin v27.5 - https:\/\/yoast.com\/product\/yoast-seo-wordpress\/ -->\n<title>O centralismo \u00e9 mau mas n\u00f3s n\u00e3o nos queixamos - Os Meus Apontamentos<\/title>\n<meta name=\"robots\" content=\"index, follow, max-snippet:-1, max-image-preview:large, max-video-preview:-1\" \/>\n<link rel=\"canonical\" href=\"https:\/\/osmeusapontamentos.com\/index.php\/2010\/02\/05\/o-centralismo-e-mau-mas-nos-nao-nos-queixamos\/\" \/>\n<meta property=\"og:locale\" content=\"pt_PT\" \/>\n<meta property=\"og:type\" content=\"article\" \/>\n<meta property=\"og:title\" content=\"O centralismo \u00e9 mau mas n\u00f3s n\u00e3o nos queixamos - Os Meus Apontamentos\" \/>\n<meta property=\"og:description\" content=\"Costuma-se dizer que \u00e0 primeira caem todos e \u00e0 segunda s\u00f3 cai quem quer e c\u00e1 pelo Norte nem precisamos que nos empurrem para cair vezes sem conta nos mesmos erros. Vem isto a prop\u00f3sito da linha da Trofa. A Trofa fica a 25km do Porto (S.Bento) \u00a0(a povoa fica a 30 da esta\u00e7\u00e3o da [&hellip;]\" \/>\n<meta property=\"og:url\" content=\"https:\/\/osmeusapontamentos.com\/index.php\/2010\/02\/05\/o-centralismo-e-mau-mas-nos-nao-nos-queixamos\/\" \/>\n<meta property=\"og:site_name\" content=\"Os Meus Apontamentos\" \/>\n<meta property=\"article:published_time\" content=\"2010-02-05T18:00:56+00:00\" \/>\n<meta name=\"author\" content=\"Vitor Silva\" \/>\n<meta name=\"twitter:card\" content=\"summary_large_image\" \/>\n<meta name=\"twitter:creator\" content=\"@vitorsilva\" \/>\n<meta name=\"twitter:site\" content=\"@vitorsilva\" \/>\n<meta name=\"twitter:label1\" content=\"Escrito por\" \/>\n\t<meta name=\"twitter:data1\" content=\"Vitor Silva\" \/>\n\t<meta name=\"twitter:label2\" content=\"Tempo estimado de leitura\" \/>\n\t<meta name=\"twitter:data2\" content=\"1 minuto\" \/>\n<script type=\"application\/ld+json\" class=\"yoast-schema-graph\">{\"@context\":\"https:\\\/\\\/schema.org\",\"@graph\":[{\"@type\":\"Article\",\"@id\":\"https:\\\/\\\/osmeusapontamentos.com\\\/index.php\\\/2010\\\/02\\\/05\\\/o-centralismo-e-mau-mas-nos-nao-nos-queixamos\\\/#article\",\"isPartOf\":{\"@id\":\"https:\\\/\\\/osmeusapontamentos.com\\\/index.php\\\/2010\\\/02\\\/05\\\/o-centralismo-e-mau-mas-nos-nao-nos-queixamos\\\/\"},\"author\":{\"name\":\"Vitor Silva\",\"@id\":\"https:\\\/\\\/osmeusapontamentos.com\\\/#\\\/schema\\\/person\\\/d508df9c3ffc8b4e64a18dbf0ba18dd8\"},\"headline\":\"O centralismo \u00e9 mau mas n\u00f3s n\u00e3o nos queixamos\",\"datePublished\":\"2010-02-05T18:00:56+00:00\",\"mainEntityOfPage\":{\"@id\":\"https:\\\/\\\/osmeusapontamentos.com\\\/index.php\\\/2010\\\/02\\\/05\\\/o-centralismo-e-mau-mas-nos-nao-nos-queixamos\\\/\"},\"wordCount\":279,\"commentCount\":1,\"publisher\":{\"@id\":\"https:\\\/\\\/osmeusapontamentos.com\\\/#\\\/schema\\\/person\\\/d508df9c3ffc8b4e64a18dbf0ba18dd8\"},\"keywords\":[\"comboios\",\"metro\",\"mobilidade\",\"trofa\"],\"articleSection\":[\"Ler\\\/ Ver\\\/ Ouvir\\\/ Passear\"],\"inLanguage\":\"pt-PT\",\"potentialAction\":[{\"@type\":\"CommentAction\",\"name\":\"Comment\",\"target\":[\"https:\\\/\\\/osmeusapontamentos.com\\\/index.php\\\/2010\\\/02\\\/05\\\/o-centralismo-e-mau-mas-nos-nao-nos-queixamos\\\/#respond\"]}]},{\"@type\":\"WebPage\",\"@id\":\"https:\\\/\\\/osmeusapontamentos.com\\\/index.php\\\/2010\\\/02\\\/05\\\/o-centralismo-e-mau-mas-nos-nao-nos-queixamos\\\/\",\"url\":\"https:\\\/\\\/osmeusapontamentos.com\\\/index.php\\\/2010\\\/02\\\/05\\\/o-centralismo-e-mau-mas-nos-nao-nos-queixamos\\\/\",\"name\":\"O centralismo \u00e9 mau mas n\u00f3s n\u00e3o nos queixamos - Os Meus Apontamentos\",\"isPartOf\":{\"@id\":\"https:\\\/\\\/osmeusapontamentos.com\\\/#website\"},\"datePublished\":\"2010-02-05T18:00:56+00:00\",\"breadcrumb\":{\"@id\":\"https:\\\/\\\/osmeusapontamentos.com\\\/index.php\\\/2010\\\/02\\\/05\\\/o-centralismo-e-mau-mas-nos-nao-nos-queixamos\\\/#breadcrumb\"},\"inLanguage\":\"pt-PT\",\"potentialAction\":[{\"@type\":\"ReadAction\",\"target\":[\"https:\\\/\\\/osmeusapontamentos.com\\\/index.php\\\/2010\\\/02\\\/05\\\/o-centralismo-e-mau-mas-nos-nao-nos-queixamos\\\/\"]}]},{\"@type\":\"BreadcrumbList\",\"@id\":\"https:\\\/\\\/osmeusapontamentos.com\\\/index.php\\\/2010\\\/02\\\/05\\\/o-centralismo-e-mau-mas-nos-nao-nos-queixamos\\\/#breadcrumb\",\"itemListElement\":[{\"@type\":\"ListItem\",\"position\":1,\"name\":\"In\u00edcio\",\"item\":\"https:\\\/\\\/osmeusapontamentos.com\\\/\"},{\"@type\":\"ListItem\",\"position\":2,\"name\":\"O centralismo \u00e9 mau mas n\u00f3s n\u00e3o nos queixamos\"}]},{\"@type\":\"WebSite\",\"@id\":\"https:\\\/\\\/osmeusapontamentos.com\\\/#website\",\"url\":\"https:\\\/\\\/osmeusapontamentos.com\\\/\",\"name\":\"Os Meus Apontamentos\",\"description\":\"\",\"publisher\":{\"@id\":\"https:\\\/\\\/osmeusapontamentos.com\\\/#\\\/schema\\\/person\\\/d508df9c3ffc8b4e64a18dbf0ba18dd8\"},\"potentialAction\":[{\"@type\":\"SearchAction\",\"target\":{\"@type\":\"EntryPoint\",\"urlTemplate\":\"https:\\\/\\\/osmeusapontamentos.com\\\/?s={search_term_string}\"},\"query-input\":{\"@type\":\"PropertyValueSpecification\",\"valueRequired\":true,\"valueName\":\"search_term_string\"}}],\"inLanguage\":\"pt-PT\"},{\"@type\":[\"Person\",\"Organization\"],\"@id\":\"https:\\\/\\\/osmeusapontamentos.com\\\/#\\\/schema\\\/person\\\/d508df9c3ffc8b4e64a18dbf0ba18dd8\",\"name\":\"Vitor Silva\",\"image\":{\"@type\":\"ImageObject\",\"inLanguage\":\"pt-PT\",\"@id\":\"https:\\\/\\\/secure.gravatar.com\\\/avatar\\\/f81f58ad909e8a213ab0a690f6ed65e5c0e0e2274bf35ac49ff31d7988d483ce?s=96&d=mm&r=g\",\"url\":\"https:\\\/\\\/secure.gravatar.com\\\/avatar\\\/f81f58ad909e8a213ab0a690f6ed65e5c0e0e2274bf35ac49ff31d7988d483ce?s=96&d=mm&r=g\",\"contentUrl\":\"https:\\\/\\\/secure.gravatar.com\\\/avatar\\\/f81f58ad909e8a213ab0a690f6ed65e5c0e0e2274bf35ac49ff31d7988d483ce?s=96&d=mm&r=g\",\"caption\":\"Vitor Silva\"},\"logo\":{\"@id\":\"https:\\\/\\\/secure.gravatar.com\\\/avatar\\\/f81f58ad909e8a213ab0a690f6ed65e5c0e0e2274bf35ac49ff31d7988d483ce?s=96&d=mm&r=g\"},\"sameAs\":[\"https:\\\/\\\/www.linkedin.com\\\/in\\\/vitormrsilva\",\"https:\\\/\\\/x.com\\\/vitorsilva\"]}]}<\/script>\n<!-- \/ Yoast SEO plugin. -->","yoast_head_json":{"title":"O centralismo \u00e9 mau mas n\u00f3s n\u00e3o nos queixamos - Os Meus Apontamentos","robots":{"index":"index","follow":"follow","max-snippet":"max-snippet:-1","max-image-preview":"max-image-preview:large","max-video-preview":"max-video-preview:-1"},"canonical":"https:\/\/osmeusapontamentos.com\/index.php\/2010\/02\/05\/o-centralismo-e-mau-mas-nos-nao-nos-queixamos\/","og_locale":"pt_PT","og_type":"article","og_title":"O centralismo \u00e9 mau mas n\u00f3s n\u00e3o nos queixamos - Os Meus Apontamentos","og_description":"Costuma-se dizer que \u00e0 primeira caem todos e \u00e0 segunda s\u00f3 cai quem quer e c\u00e1 pelo Norte nem precisamos que nos empurrem para cair vezes sem conta nos mesmos erros. Vem isto a prop\u00f3sito da linha da Trofa. A Trofa fica a 25km do Porto (S.Bento) \u00a0(a povoa fica a 30 da esta\u00e7\u00e3o da [&hellip;]","og_url":"https:\/\/osmeusapontamentos.com\/index.php\/2010\/02\/05\/o-centralismo-e-mau-mas-nos-nao-nos-queixamos\/","og_site_name":"Os Meus Apontamentos","article_published_time":"2010-02-05T18:00:56+00:00","author":"Vitor Silva","twitter_card":"summary_large_image","twitter_creator":"@vitorsilva","twitter_site":"@vitorsilva","twitter_misc":{"Escrito por":"Vitor Silva","Tempo estimado de leitura":"1 minuto"},"schema":{"@context":"https:\/\/schema.org","@graph":[{"@type":"Article","@id":"https:\/\/osmeusapontamentos.com\/index.php\/2010\/02\/05\/o-centralismo-e-mau-mas-nos-nao-nos-queixamos\/#article","isPartOf":{"@id":"https:\/\/osmeusapontamentos.com\/index.php\/2010\/02\/05\/o-centralismo-e-mau-mas-nos-nao-nos-queixamos\/"},"author":{"name":"Vitor Silva","@id":"https:\/\/osmeusapontamentos.com\/#\/schema\/person\/d508df9c3ffc8b4e64a18dbf0ba18dd8"},"headline":"O centralismo \u00e9 mau mas n\u00f3s n\u00e3o nos queixamos","datePublished":"2010-02-05T18:00:56+00:00","mainEntityOfPage":{"@id":"https:\/\/osmeusapontamentos.com\/index.php\/2010\/02\/05\/o-centralismo-e-mau-mas-nos-nao-nos-queixamos\/"},"wordCount":279,"commentCount":1,"publisher":{"@id":"https:\/\/osmeusapontamentos.com\/#\/schema\/person\/d508df9c3ffc8b4e64a18dbf0ba18dd8"},"keywords":["comboios","metro","mobilidade","trofa"],"articleSection":["Ler\/ Ver\/ Ouvir\/ Passear"],"inLanguage":"pt-PT","potentialAction":[{"@type":"CommentAction","name":"Comment","target":["https:\/\/osmeusapontamentos.com\/index.php\/2010\/02\/05\/o-centralismo-e-mau-mas-nos-nao-nos-queixamos\/#respond"]}]},{"@type":"WebPage","@id":"https:\/\/osmeusapontamentos.com\/index.php\/2010\/02\/05\/o-centralismo-e-mau-mas-nos-nao-nos-queixamos\/","url":"https:\/\/osmeusapontamentos.com\/index.php\/2010\/02\/05\/o-centralismo-e-mau-mas-nos-nao-nos-queixamos\/","name":"O centralismo \u00e9 mau mas n\u00f3s n\u00e3o nos queixamos - Os Meus Apontamentos","isPartOf":{"@id":"https:\/\/osmeusapontamentos.com\/#website"},"datePublished":"2010-02-05T18:00:56+00:00","breadcrumb":{"@id":"https:\/\/osmeusapontamentos.com\/index.php\/2010\/02\/05\/o-centralismo-e-mau-mas-nos-nao-nos-queixamos\/#breadcrumb"},"inLanguage":"pt-PT","potentialAction":[{"@type":"ReadAction","target":["https:\/\/osmeusapontamentos.com\/index.php\/2010\/02\/05\/o-centralismo-e-mau-mas-nos-nao-nos-queixamos\/"]}]},{"@type":"BreadcrumbList","@id":"https:\/\/osmeusapontamentos.com\/index.php\/2010\/02\/05\/o-centralismo-e-mau-mas-nos-nao-nos-queixamos\/#breadcrumb","itemListElement":[{"@type":"ListItem","position":1,"name":"In\u00edcio","item":"https:\/\/osmeusapontamentos.com\/"},{"@type":"ListItem","position":2,"name":"O centralismo \u00e9 mau mas n\u00f3s n\u00e3o nos queixamos"}]},{"@type":"WebSite","@id":"https:\/\/osmeusapontamentos.com\/#website","url":"https:\/\/osmeusapontamentos.com\/","name":"Os Meus Apontamentos","description":"","publisher":{"@id":"https:\/\/osmeusapontamentos.com\/#\/schema\/person\/d508df9c3ffc8b4e64a18dbf0ba18dd8"},"potentialAction":[{"@type":"SearchAction","target":{"@type":"EntryPoint","urlTemplate":"https:\/\/osmeusapontamentos.com\/?s={search_term_string}"},"query-input":{"@type":"PropertyValueSpecification","valueRequired":true,"valueName":"search_term_string"}}],"inLanguage":"pt-PT"},{"@type":["Person","Organization"],"@id":"https:\/\/osmeusapontamentos.com\/#\/schema\/person\/d508df9c3ffc8b4e64a18dbf0ba18dd8","name":"Vitor Silva","image":{"@type":"ImageObject","inLanguage":"pt-PT","@id":"https:\/\/secure.gravatar.com\/avatar\/f81f58ad909e8a213ab0a690f6ed65e5c0e0e2274bf35ac49ff31d7988d483ce?s=96&d=mm&r=g","url":"https:\/\/secure.gravatar.com\/avatar\/f81f58ad909e8a213ab0a690f6ed65e5c0e0e2274bf35ac49ff31d7988d483ce?s=96&d=mm&r=g","contentUrl":"https:\/\/secure.gravatar.com\/avatar\/f81f58ad909e8a213ab0a690f6ed65e5c0e0e2274bf35ac49ff31d7988d483ce?s=96&d=mm&r=g","caption":"Vitor Silva"},"logo":{"@id":"https:\/\/secure.gravatar.com\/avatar\/f81f58ad909e8a213ab0a690f6ed65e5c0e0e2274bf35ac49ff31d7988d483ce?s=96&d=mm&r=g"},"sameAs":["https:\/\/www.linkedin.com\/in\/vitormrsilva","https:\/\/x.com\/vitorsilva"]}]}},"_links":{"self":[{"href":"https:\/\/osmeusapontamentos.com\/index.php\/wp-json\/wp\/v2\/posts\/1682","targetHints":{"allow":["GET"]}}],"collection":[{"href":"https:\/\/osmeusapontamentos.com\/index.php\/wp-json\/wp\/v2\/posts"}],"about":[{"href":"https:\/\/osmeusapontamentos.com\/index.php\/wp-json\/wp\/v2\/types\/post"}],"author":[{"embeddable":true,"href":"https:\/\/osmeusapontamentos.com\/index.php\/wp-json\/wp\/v2\/users\/1"}],"replies":[{"embeddable":true,"href":"https:\/\/osmeusapontamentos.com\/index.php\/wp-json\/wp\/v2\/comments?post=1682"}],"version-history":[{"count":0,"href":"https:\/\/osmeusapontamentos.com\/index.php\/wp-json\/wp\/v2\/posts\/1682\/revisions"}],"wp:attachment":[{"href":"https:\/\/osmeusapontamentos.com\/index.php\/wp-json\/wp\/v2\/media?parent=1682"}],"wp:term":[{"taxonomy":"category","embeddable":true,"href":"https:\/\/osmeusapontamentos.com\/index.php\/wp-json\/wp\/v2\/categories?post=1682"},{"taxonomy":"post_tag","embeddable":true,"href":"https:\/\/osmeusapontamentos.com\/index.php\/wp-json\/wp\/v2\/tags?post=1682"}],"curies":[{"name":"wp","href":"https:\/\/api.w.org\/{rel}","templated":true}]}}