{"id":1673,"date":"2010-01-24T22:43:21","date_gmt":"2010-01-24T22:43:21","guid":{"rendered":"http:\/\/osmeusapontamentos.com\/?p=1673"},"modified":"2010-01-24T22:43:21","modified_gmt":"2010-01-24T22:43:21","slug":"o-porto-em-conversa-janeiro-2010","status":"publish","type":"post","link":"https:\/\/osmeusapontamentos.com\/index.php\/2010\/01\/24\/o-porto-em-conversa-janeiro-2010\/","title":{"rendered":"O Porto em Conversa &#8211; Janeiro 2010"},"content":{"rendered":"<p>Este m\u00eas o podcast habitual saiu um pouco mais tarde j\u00e1 que estive a mudar o blog para um dom\u00ednio e alojamento diferente. Agora est\u00e1 em <a href=\"http:\/\/www.oportoemconversa.com\">www.oportoemconversa.com<\/a>, tem outro aspecto e uma maior aposta na imagem onde conto com o apoio de Carlos Rom\u00e3o da <a href=\"http:\/\/cidadesurpreendente.blogspot.com\/\">Cidade Surpreendente<\/a> a quem agrade\u00e7o a resposta r\u00e1pida e positiva ao meu pedido.<\/p>\n<p>O podcast deste m\u00eas \u00e9 um podcast em 2 partes com Fernando Martins da empresa <a href=\"http:\/\/www.muchbeta.com\/\">muchBeta<\/a>, uma empresa de desenvolvimento de software que v\u00ea como seu p\u00fablico-alvo o mundo completo.<br \/>\nNa <a href=\"http:\/\/www.oportoemconversa.com\/2010\/01\/24\/conversa-com-fernando-martins-muchbeta-o-negocio\/\">primeira parte<\/a> falamos da empresa, como surgiu e foi criada, nomeadamente a elabora\u00e7\u00e3o do business plan e procura de investidores.<br \/>\nNa <a href=\"http:\/\/www.oportoemconversa.com\/2010\/01\/24\/conversa-com-fernando-martins-muchbeta-a-tecnologia\/\">segunda parte<\/a> exploramos mais a vertente tecnol\u00f3gica: como \u00e9 o processo de desenvolvimento, que op\u00e7\u00f5es tecnol\u00f3gicas tomaram e como v\u00eam a integra\u00e7\u00e3o entre diferentes aplica\u00e7\u00f5es.<\/p>\n<p>Para al\u00e9m deste podcast, e porque n\u00e3o envio novidades desde o inicio de Dezembro quero relembrar que desde essa altura entrevistei ainda <a href=\"http:\/\/www.oportoemconversa.com\/2009\/12\/29\/representantes-do-porto-gustavo-pimenta-ps\/\">Gustavo Pimenta (PS)<\/a> e <a href=\"http:\/\/www.oportoemconversa.com\/2009\/12\/20\/representantes-do-porto-alberto-machado-psd\/\">Alberto Machado (PSD)<\/a> na s\u00e9rie <a href=\"http:\/\/www.oportoemconversa.com\/category\/representantes-do-porto\/\">Representantes do Porto<\/a> que vai acompanhar regularmente as actividades da Assembleia Municipal do Porto.<\/p>\n<p>Para al\u00e9m disso conclu\u00ed a publica\u00e7\u00e3o das interven\u00e7\u00f5es da sess\u00e3o do Porto do <a href=\"http:\/\/www.oportoemconversa.com\/category\/ignite-portugal\/\">Ignite Portugal<\/a> que ocorreu em 27 de Dezembro no <a href=\"http:\/\/porto.the-hub.net\/\">Hub Porto<\/a> e tamb\u00e9m as interven\u00e7\u00f5es realizadas no evento do <a href=\"http:\/\/www.oportoemconversa.com\/category\/movimento-civico-pela-linha-do-tua\/\">Movimento C\u00edvico da Linha do Tua<\/a> em Janeiro de 2009. Na medida em que ainda n\u00e3o \u00e9 um facto consumado a constru\u00e7\u00e3o da barragem de Foz Tua vale a pena ouvir os diferentes argumentos contra a sua constru\u00e7\u00e3o.<\/p>\n<p>Finalmente, iniciei a publica\u00e7\u00e3o dos <a href=\"http:\/\/www.oportoemconversa.com\/category\/dialogos-com-a-ciencia\/\">Di\u00e1logos com a Ci\u00eancia<\/a>, uma iniciativa da Reitoria da Universidade do Porto que podem desde j\u00e1 acompanhar atrav\u00e9s da <a href=\"http:\/\/tv.up.pt\/\">TV.UP<\/a> ou se preferirem a vers\u00e3o \u00e1udio podem ir escutando a partir do meu podcast.<br \/>\nA primeira sess\u00e3o institulou-se &#8220;A simbologia da palavra na Ci\u00eancia Militar&#8221; e contou com a participa\u00e7\u00e3o do <a href=\"http:\/\/www.oportoemconversa.com\/2010\/01\/17\/dialogos-com-a-ciencia-a-simbologia-da-palavra-na-ciencia-militar-general-loureiro-dos-santos-2\/\">General Loureiro dos Santos<\/a>, <a href=\"http:\/\/www.oportoemconversa.com\/2010\/01\/18\/dialogos-com-a-ciencia-a-simbologia-da-palavra-na-ciencia-militar-rodrigues-do-carmo\/\">Rodrigues do Carmo<\/a> sendo seguida de um <a href=\"http:\/\/www.oportoemconversa.com\/2010\/01\/19\/dialogos-com-a-ciencia-a-simbologia-da-palavra-na-ciencia-militar-debate\/\">debate<\/a>.<\/p>\n<p>Boas audi\u00e7\u00f5es.<\/p>\n","protected":false},"excerpt":{"rendered":"<p>Este m\u00eas o podcast habitual saiu um pouco mais tarde j\u00e1 que estive a mudar o blog para um dom\u00ednio e alojamento diferente. Agora est\u00e1 em www.oportoemconversa.com, tem outro aspecto e uma maior aposta na imagem onde conto com o apoio de Carlos Rom\u00e3o da Cidade Surpreendente a quem agrade\u00e7o a resposta r\u00e1pida e positiva [&hellip;]<\/p>\n","protected":false},"author":1,"featured_media":0,"comment_status":"open","ping_status":"open","sticky":false,"template":"","format":"standard","meta":{"footnotes":""},"categories":[7],"tags":[35,135,197,250,275,287,304,358,433,435,558,575,632,660],"class_list":["post-1673","post","type-post","status-publish","format-standard","hentry","category-ler-ver-ouvir-passear","tag-alberto-machado","tag-cidade-surpreendente","tag-dialogos-com-a-ciencia","tag-fernando-martins","tag-general-loureiro-dos-santos","tag-gustavo-pimenta","tag-ignite","tag-lawrd","tag-movimento-civico-da-linha-do-tua","tag-muchbeta","tag-reitoria","tag-rodrigues-do-carmo","tag-teepin","tag-universidade-do-porto"],"yoast_head":"<!-- This site is optimized with the Yoast SEO plugin v27.5 - https:\/\/yoast.com\/product\/yoast-seo-wordpress\/ -->\n<title>O Porto em Conversa - Janeiro 2010 - Os Meus Apontamentos<\/title>\n<meta name=\"robots\" content=\"index, follow, max-snippet:-1, max-image-preview:large, max-video-preview:-1\" \/>\n<link rel=\"canonical\" href=\"https:\/\/osmeusapontamentos.com\/index.php\/2010\/01\/24\/o-porto-em-conversa-janeiro-2010\/\" \/>\n<meta property=\"og:locale\" content=\"pt_PT\" \/>\n<meta property=\"og:type\" content=\"article\" \/>\n<meta property=\"og:title\" content=\"O Porto em Conversa - Janeiro 2010 - Os Meus Apontamentos\" \/>\n<meta property=\"og:description\" content=\"Este m\u00eas o podcast habitual saiu um pouco mais tarde j\u00e1 que estive a mudar o blog para um dom\u00ednio e alojamento diferente. Agora est\u00e1 em www.oportoemconversa.com, tem outro aspecto e uma maior aposta na imagem onde conto com o apoio de Carlos Rom\u00e3o da Cidade Surpreendente a quem agrade\u00e7o a resposta r\u00e1pida e positiva [&hellip;]\" \/>\n<meta property=\"og:url\" content=\"https:\/\/osmeusapontamentos.com\/index.php\/2010\/01\/24\/o-porto-em-conversa-janeiro-2010\/\" \/>\n<meta property=\"og:site_name\" content=\"Os Meus Apontamentos\" \/>\n<meta property=\"article:published_time\" content=\"2010-01-24T22:43:21+00:00\" \/>\n<meta name=\"author\" content=\"Vitor Silva\" \/>\n<meta name=\"twitter:card\" content=\"summary_large_image\" \/>\n<meta name=\"twitter:creator\" content=\"@vitorsilva\" \/>\n<meta name=\"twitter:site\" content=\"@vitorsilva\" \/>\n<meta name=\"twitter:label1\" content=\"Escrito por\" \/>\n\t<meta name=\"twitter:data1\" content=\"Vitor Silva\" \/>\n\t<meta name=\"twitter:label2\" content=\"Tempo estimado de leitura\" \/>\n\t<meta name=\"twitter:data2\" content=\"2 minutos\" \/>\n<script type=\"application\/ld+json\" class=\"yoast-schema-graph\">{\"@context\":\"https:\\\/\\\/schema.org\",\"@graph\":[{\"@type\":\"Article\",\"@id\":\"https:\\\/\\\/osmeusapontamentos.com\\\/index.php\\\/2010\\\/01\\\/24\\\/o-porto-em-conversa-janeiro-2010\\\/#article\",\"isPartOf\":{\"@id\":\"https:\\\/\\\/osmeusapontamentos.com\\\/index.php\\\/2010\\\/01\\\/24\\\/o-porto-em-conversa-janeiro-2010\\\/\"},\"author\":{\"name\":\"Vitor Silva\",\"@id\":\"https:\\\/\\\/osmeusapontamentos.com\\\/#\\\/schema\\\/person\\\/d508df9c3ffc8b4e64a18dbf0ba18dd8\"},\"headline\":\"O Porto em Conversa &#8211; Janeiro 2010\",\"datePublished\":\"2010-01-24T22:43:21+00:00\",\"mainEntityOfPage\":{\"@id\":\"https:\\\/\\\/osmeusapontamentos.com\\\/index.php\\\/2010\\\/01\\\/24\\\/o-porto-em-conversa-janeiro-2010\\\/\"},\"wordCount\":359,\"commentCount\":0,\"publisher\":{\"@id\":\"https:\\\/\\\/osmeusapontamentos.com\\\/#\\\/schema\\\/person\\\/d508df9c3ffc8b4e64a18dbf0ba18dd8\"},\"keywords\":[\"alberto machado\",\"cidade surpreendente\",\"dialogos com a ciencia\",\"fernando martins\",\"general loureiro dos santos\",\"gustavo pimenta\",\"ignite\",\"lawrd\",\"movimento civico da linha do tua\",\"muchbeta\",\"reitoria\",\"rodrigues do carmo\",\"teepin\",\"universidade do porto\"],\"articleSection\":[\"Ler\\\/ Ver\\\/ Ouvir\\\/ Passear\"],\"inLanguage\":\"pt-PT\",\"potentialAction\":[{\"@type\":\"CommentAction\",\"name\":\"Comment\",\"target\":[\"https:\\\/\\\/osmeusapontamentos.com\\\/index.php\\\/2010\\\/01\\\/24\\\/o-porto-em-conversa-janeiro-2010\\\/#respond\"]}]},{\"@type\":\"WebPage\",\"@id\":\"https:\\\/\\\/osmeusapontamentos.com\\\/index.php\\\/2010\\\/01\\\/24\\\/o-porto-em-conversa-janeiro-2010\\\/\",\"url\":\"https:\\\/\\\/osmeusapontamentos.com\\\/index.php\\\/2010\\\/01\\\/24\\\/o-porto-em-conversa-janeiro-2010\\\/\",\"name\":\"O Porto em Conversa - Janeiro 2010 - Os Meus Apontamentos\",\"isPartOf\":{\"@id\":\"https:\\\/\\\/osmeusapontamentos.com\\\/#website\"},\"datePublished\":\"2010-01-24T22:43:21+00:00\",\"breadcrumb\":{\"@id\":\"https:\\\/\\\/osmeusapontamentos.com\\\/index.php\\\/2010\\\/01\\\/24\\\/o-porto-em-conversa-janeiro-2010\\\/#breadcrumb\"},\"inLanguage\":\"pt-PT\",\"potentialAction\":[{\"@type\":\"ReadAction\",\"target\":[\"https:\\\/\\\/osmeusapontamentos.com\\\/index.php\\\/2010\\\/01\\\/24\\\/o-porto-em-conversa-janeiro-2010\\\/\"]}]},{\"@type\":\"BreadcrumbList\",\"@id\":\"https:\\\/\\\/osmeusapontamentos.com\\\/index.php\\\/2010\\\/01\\\/24\\\/o-porto-em-conversa-janeiro-2010\\\/#breadcrumb\",\"itemListElement\":[{\"@type\":\"ListItem\",\"position\":1,\"name\":\"In\u00edcio\",\"item\":\"https:\\\/\\\/osmeusapontamentos.com\\\/\"},{\"@type\":\"ListItem\",\"position\":2,\"name\":\"O Porto em Conversa &#8211; Janeiro 2010\"}]},{\"@type\":\"WebSite\",\"@id\":\"https:\\\/\\\/osmeusapontamentos.com\\\/#website\",\"url\":\"https:\\\/\\\/osmeusapontamentos.com\\\/\",\"name\":\"Os Meus Apontamentos\",\"description\":\"\",\"publisher\":{\"@id\":\"https:\\\/\\\/osmeusapontamentos.com\\\/#\\\/schema\\\/person\\\/d508df9c3ffc8b4e64a18dbf0ba18dd8\"},\"potentialAction\":[{\"@type\":\"SearchAction\",\"target\":{\"@type\":\"EntryPoint\",\"urlTemplate\":\"https:\\\/\\\/osmeusapontamentos.com\\\/?s={search_term_string}\"},\"query-input\":{\"@type\":\"PropertyValueSpecification\",\"valueRequired\":true,\"valueName\":\"search_term_string\"}}],\"inLanguage\":\"pt-PT\"},{\"@type\":[\"Person\",\"Organization\"],\"@id\":\"https:\\\/\\\/osmeusapontamentos.com\\\/#\\\/schema\\\/person\\\/d508df9c3ffc8b4e64a18dbf0ba18dd8\",\"name\":\"Vitor Silva\",\"image\":{\"@type\":\"ImageObject\",\"inLanguage\":\"pt-PT\",\"@id\":\"https:\\\/\\\/secure.gravatar.com\\\/avatar\\\/f81f58ad909e8a213ab0a690f6ed65e5c0e0e2274bf35ac49ff31d7988d483ce?s=96&d=mm&r=g\",\"url\":\"https:\\\/\\\/secure.gravatar.com\\\/avatar\\\/f81f58ad909e8a213ab0a690f6ed65e5c0e0e2274bf35ac49ff31d7988d483ce?s=96&d=mm&r=g\",\"contentUrl\":\"https:\\\/\\\/secure.gravatar.com\\\/avatar\\\/f81f58ad909e8a213ab0a690f6ed65e5c0e0e2274bf35ac49ff31d7988d483ce?s=96&d=mm&r=g\",\"caption\":\"Vitor Silva\"},\"logo\":{\"@id\":\"https:\\\/\\\/secure.gravatar.com\\\/avatar\\\/f81f58ad909e8a213ab0a690f6ed65e5c0e0e2274bf35ac49ff31d7988d483ce?s=96&d=mm&r=g\"},\"sameAs\":[\"https:\\\/\\\/www.linkedin.com\\\/in\\\/vitormrsilva\",\"https:\\\/\\\/x.com\\\/vitorsilva\"]}]}<\/script>\n<!-- \/ Yoast SEO plugin. -->","yoast_head_json":{"title":"O Porto em Conversa - Janeiro 2010 - Os Meus Apontamentos","robots":{"index":"index","follow":"follow","max-snippet":"max-snippet:-1","max-image-preview":"max-image-preview:large","max-video-preview":"max-video-preview:-1"},"canonical":"https:\/\/osmeusapontamentos.com\/index.php\/2010\/01\/24\/o-porto-em-conversa-janeiro-2010\/","og_locale":"pt_PT","og_type":"article","og_title":"O Porto em Conversa - Janeiro 2010 - Os Meus Apontamentos","og_description":"Este m\u00eas o podcast habitual saiu um pouco mais tarde j\u00e1 que estive a mudar o blog para um dom\u00ednio e alojamento diferente. Agora est\u00e1 em www.oportoemconversa.com, tem outro aspecto e uma maior aposta na imagem onde conto com o apoio de Carlos Rom\u00e3o da Cidade Surpreendente a quem agrade\u00e7o a resposta r\u00e1pida e positiva [&hellip;]","og_url":"https:\/\/osmeusapontamentos.com\/index.php\/2010\/01\/24\/o-porto-em-conversa-janeiro-2010\/","og_site_name":"Os Meus Apontamentos","article_published_time":"2010-01-24T22:43:21+00:00","author":"Vitor Silva","twitter_card":"summary_large_image","twitter_creator":"@vitorsilva","twitter_site":"@vitorsilva","twitter_misc":{"Escrito por":"Vitor Silva","Tempo estimado de leitura":"2 minutos"},"schema":{"@context":"https:\/\/schema.org","@graph":[{"@type":"Article","@id":"https:\/\/osmeusapontamentos.com\/index.php\/2010\/01\/24\/o-porto-em-conversa-janeiro-2010\/#article","isPartOf":{"@id":"https:\/\/osmeusapontamentos.com\/index.php\/2010\/01\/24\/o-porto-em-conversa-janeiro-2010\/"},"author":{"name":"Vitor Silva","@id":"https:\/\/osmeusapontamentos.com\/#\/schema\/person\/d508df9c3ffc8b4e64a18dbf0ba18dd8"},"headline":"O Porto em Conversa &#8211; Janeiro 2010","datePublished":"2010-01-24T22:43:21+00:00","mainEntityOfPage":{"@id":"https:\/\/osmeusapontamentos.com\/index.php\/2010\/01\/24\/o-porto-em-conversa-janeiro-2010\/"},"wordCount":359,"commentCount":0,"publisher":{"@id":"https:\/\/osmeusapontamentos.com\/#\/schema\/person\/d508df9c3ffc8b4e64a18dbf0ba18dd8"},"keywords":["alberto machado","cidade surpreendente","dialogos com a ciencia","fernando martins","general loureiro dos santos","gustavo pimenta","ignite","lawrd","movimento civico da linha do tua","muchbeta","reitoria","rodrigues do carmo","teepin","universidade do porto"],"articleSection":["Ler\/ Ver\/ Ouvir\/ Passear"],"inLanguage":"pt-PT","potentialAction":[{"@type":"CommentAction","name":"Comment","target":["https:\/\/osmeusapontamentos.com\/index.php\/2010\/01\/24\/o-porto-em-conversa-janeiro-2010\/#respond"]}]},{"@type":"WebPage","@id":"https:\/\/osmeusapontamentos.com\/index.php\/2010\/01\/24\/o-porto-em-conversa-janeiro-2010\/","url":"https:\/\/osmeusapontamentos.com\/index.php\/2010\/01\/24\/o-porto-em-conversa-janeiro-2010\/","name":"O Porto em Conversa - Janeiro 2010 - Os Meus Apontamentos","isPartOf":{"@id":"https:\/\/osmeusapontamentos.com\/#website"},"datePublished":"2010-01-24T22:43:21+00:00","breadcrumb":{"@id":"https:\/\/osmeusapontamentos.com\/index.php\/2010\/01\/24\/o-porto-em-conversa-janeiro-2010\/#breadcrumb"},"inLanguage":"pt-PT","potentialAction":[{"@type":"ReadAction","target":["https:\/\/osmeusapontamentos.com\/index.php\/2010\/01\/24\/o-porto-em-conversa-janeiro-2010\/"]}]},{"@type":"BreadcrumbList","@id":"https:\/\/osmeusapontamentos.com\/index.php\/2010\/01\/24\/o-porto-em-conversa-janeiro-2010\/#breadcrumb","itemListElement":[{"@type":"ListItem","position":1,"name":"In\u00edcio","item":"https:\/\/osmeusapontamentos.com\/"},{"@type":"ListItem","position":2,"name":"O Porto em Conversa &#8211; Janeiro 2010"}]},{"@type":"WebSite","@id":"https:\/\/osmeusapontamentos.com\/#website","url":"https:\/\/osmeusapontamentos.com\/","name":"Os Meus Apontamentos","description":"","publisher":{"@id":"https:\/\/osmeusapontamentos.com\/#\/schema\/person\/d508df9c3ffc8b4e64a18dbf0ba18dd8"},"potentialAction":[{"@type":"SearchAction","target":{"@type":"EntryPoint","urlTemplate":"https:\/\/osmeusapontamentos.com\/?s={search_term_string}"},"query-input":{"@type":"PropertyValueSpecification","valueRequired":true,"valueName":"search_term_string"}}],"inLanguage":"pt-PT"},{"@type":["Person","Organization"],"@id":"https:\/\/osmeusapontamentos.com\/#\/schema\/person\/d508df9c3ffc8b4e64a18dbf0ba18dd8","name":"Vitor Silva","image":{"@type":"ImageObject","inLanguage":"pt-PT","@id":"https:\/\/secure.gravatar.com\/avatar\/f81f58ad909e8a213ab0a690f6ed65e5c0e0e2274bf35ac49ff31d7988d483ce?s=96&d=mm&r=g","url":"https:\/\/secure.gravatar.com\/avatar\/f81f58ad909e8a213ab0a690f6ed65e5c0e0e2274bf35ac49ff31d7988d483ce?s=96&d=mm&r=g","contentUrl":"https:\/\/secure.gravatar.com\/avatar\/f81f58ad909e8a213ab0a690f6ed65e5c0e0e2274bf35ac49ff31d7988d483ce?s=96&d=mm&r=g","caption":"Vitor Silva"},"logo":{"@id":"https:\/\/secure.gravatar.com\/avatar\/f81f58ad909e8a213ab0a690f6ed65e5c0e0e2274bf35ac49ff31d7988d483ce?s=96&d=mm&r=g"},"sameAs":["https:\/\/www.linkedin.com\/in\/vitormrsilva","https:\/\/x.com\/vitorsilva"]}]}},"_links":{"self":[{"href":"https:\/\/osmeusapontamentos.com\/index.php\/wp-json\/wp\/v2\/posts\/1673","targetHints":{"allow":["GET"]}}],"collection":[{"href":"https:\/\/osmeusapontamentos.com\/index.php\/wp-json\/wp\/v2\/posts"}],"about":[{"href":"https:\/\/osmeusapontamentos.com\/index.php\/wp-json\/wp\/v2\/types\/post"}],"author":[{"embeddable":true,"href":"https:\/\/osmeusapontamentos.com\/index.php\/wp-json\/wp\/v2\/users\/1"}],"replies":[{"embeddable":true,"href":"https:\/\/osmeusapontamentos.com\/index.php\/wp-json\/wp\/v2\/comments?post=1673"}],"version-history":[{"count":0,"href":"https:\/\/osmeusapontamentos.com\/index.php\/wp-json\/wp\/v2\/posts\/1673\/revisions"}],"wp:attachment":[{"href":"https:\/\/osmeusapontamentos.com\/index.php\/wp-json\/wp\/v2\/media?parent=1673"}],"wp:term":[{"taxonomy":"category","embeddable":true,"href":"https:\/\/osmeusapontamentos.com\/index.php\/wp-json\/wp\/v2\/categories?post=1673"},{"taxonomy":"post_tag","embeddable":true,"href":"https:\/\/osmeusapontamentos.com\/index.php\/wp-json\/wp\/v2\/tags?post=1673"}],"curies":[{"name":"wp","href":"https:\/\/api.w.org\/{rel}","templated":true}]}}