{"id":1665,"date":"2010-01-18T22:29:28","date_gmt":"2010-01-18T22:29:28","guid":{"rendered":"http:\/\/osmeusapontamentos.com\/?p=1665"},"modified":"2010-01-18T22:29:28","modified_gmt":"2010-01-18T22:29:28","slug":"apontamentos-da-assembleia-municipal-do-porto-11-de-janeiro","status":"publish","type":"post","link":"https:\/\/osmeusapontamentos.com\/index.php\/2010\/01\/18\/apontamentos-da-assembleia-municipal-do-porto-11-de-janeiro\/","title":{"rendered":"apontamentos da assembleia municipal do porto, 11 de janeiro"},"content":{"rendered":"<p>apresenta\u00e7\u00e3o da proposta para pagamento de honorarios relativo ao projecto da uopg da via nun&#8217;alvares<br \/>\njos\u00e9 castro (be): questionou a falta de discuss\u00e3o da uopg<br \/>\ngustavo pimenta (ps):\u00a0 esta \u00e9 uma via de articula\u00e7\u00e3o intermunicipal mas a liga\u00e7\u00e3o a matosinhos \u00e9 omissa (1); tamb\u00e9m a liga\u00e7\u00e3o a outras uopgs nomeadamente o parque da cidade n\u00e3o s\u00e3o referidos (2) . direitos de constru\u00e7\u00e3o? loteamento vs plano de pormenor (3); crit\u00e9rios de seria\u00e7\u00e3o das propostas que forem apresentadas; como articula com a constru\u00e7\u00e3o da cidade; proprietarios aparecerem como consultores (4)<br \/>\nmarta pereira (cdu): n\u00e3o ser\u00e3o as altera\u00e7\u00f5es apresentadas demasiado profundas para serem legais (5); tendo o pdm sido aprovado em 2005 e ratificado pelo governo em 2006 \u00e9 estranho que s\u00f3 em 2010 se lance o primeiro concurso de ideias para uma upog; decis\u00e3o do juri ser\u00e1 acatada pela cmp?<br \/>\nandre noronha (cds): convida o be a apresentar uma proposta s\u00e9ria para a comiss\u00e3o de acompanhamento da uopg; uma comissao com fun\u00e7\u00f5es concretas; be deve ter capacidade de consensualiza\u00e7\u00e3o<br \/>\ngon\u00e7alo gon\u00e7alves (1) liga\u00e7\u00e3o a matosinhos n\u00e3o \u00e9 considerada estrategica na defini\u00e7\u00e3o da uopg; (2) n\u00e3o se pode planear para fora, podem aparecer ideias indicativas mas n\u00e3o vinculativas; (3) maior celeridade; (4) figura juridica encontrada, inicialmente haveria 1 representante dos proprietarios no juri mas como previsivelmente se revelaria dificil de definir optou-se por esta solu\u00e7\u00e3o; (5) n\u00e3o houve altera\u00e7\u00e3o juridica do que foi escrito;<br \/>\nproposta foi aprovada &#8211; 27 a favor, 4 absten\u00e7\u00f5es (penso que a cdu), 22 contra<\/p>\n<p>estatuto remunerat\u00f3rio dos presidentes dos conselhos administrativos das empresas municipais<span style=\"text-decoration: underline;\"><br \/>\nPresidente do CA c\/fun\u00e7\u00f5es executivas<\/span>: vencimento base de vereador a tempo inteiro + 20% desse valor, &#8220;incluindo os subs\u00eddios de Natal e de f\u00e9rias, no montante igual \u00e0 remunera\u00e7\u00e3o mensal e ainda o subs\u00eddio de refei\u00e7\u00e3o por dia \u00fatil at\u00e9 ao montante isento em sede de IRS&#8221;<\/p>\n<div><span style=\"text-decoration: underline;\">Vogais do CA com fun\u00e7\u00f5es executivas<\/span>: vencimento base de verador a tempo inteiro + 5% desse valor, &#8220;incluindo &#8230;&#8230;&#8230;&#8230;&#8230;.\u00a0 IRS&#8221;<\/div>\n<div><span style=\"text-decoration: underline;\">Membros do CA sem fun\u00e7\u00f5es executivas<\/span>: remunera\u00e7\u00e3o equivalente a 20% do vencimento base do cargo de vereador a tempo inteiro, incluindo subs\u00eddios de natal e f\u00e9rias, no montante igual \u00e0 remunera\u00e7\u00e3o mensal<\/div>\n<div>E ainda o direito \u00e0 utiliza\u00e7\u00e3o de viatura de servi\u00e7o para os membros do CA com fun\u00e7\u00f5es executivas.<br \/>\naprovado (27 votos a favor -PSD e CDS\/PP, 3 votos contra &#8211;\u00a0BE e 23 absten\u00e7\u00f5es -PS e CDU)<\/div>\n<p>fait-divers =&gt; paulo rios: &#8220;&#8230; fui ver quanto ganahva um vereador e percebi que nunca serei&#8230; n\u00e3o d\u00e1 [referindo-se ao sal\u00e1rio]<br \/>\nalda macedo &#8211; empresas municipais escapam ao controlo democr\u00e1tico; transferencia de competencias; capacidade fiscalizativa dos vereadores sob os presidentes dos C.A. das E.M.; escalada injustificada de org\u00e3os sociais<br \/>\nalvaro castello branco &#8211; h\u00e1 s\u00f3 um caso de um presidente de CA que n\u00e3o \u00e9 vereador<\/p>\n","protected":false},"excerpt":{"rendered":"<p>apresenta\u00e7\u00e3o da proposta para pagamento de honorarios relativo ao projecto da uopg da via nun&#8217;alvares jos\u00e9 castro (be): questionou a falta de discuss\u00e3o da uopg gustavo pimenta (ps):\u00a0 esta \u00e9 uma via de articula\u00e7\u00e3o intermunicipal mas a liga\u00e7\u00e3o a matosinhos \u00e9 omissa (1); tamb\u00e9m a liga\u00e7\u00e3o a outras uopgs nomeadamente o parque da cidade n\u00e3o [&hellip;]<\/p>\n","protected":false},"author":1,"featured_media":0,"comment_status":"open","ping_status":"open","sticky":false,"template":"","format":"standard","meta":{"footnotes":""},"categories":[7],"tags":[36,71,287,346,398,490,524],"class_list":["post-1665","post","type-post","status-publish","format-standard","hentry","category-ler-ver-ouvir-passear","tag-alda-macedo","tag-assembleia-municipal","tag-gustavo-pimenta","tag-jose-castro","tag-marta-pereira","tag-paulo-rios","tag-porto"],"yoast_head":"<!-- This site is optimized with the Yoast SEO plugin v27.5 - https:\/\/yoast.com\/product\/yoast-seo-wordpress\/ -->\n<title>apontamentos da assembleia municipal do porto, 11 de janeiro - Os Meus Apontamentos<\/title>\n<meta name=\"robots\" content=\"index, follow, max-snippet:-1, max-image-preview:large, max-video-preview:-1\" \/>\n<link rel=\"canonical\" href=\"https:\/\/osmeusapontamentos.com\/index.php\/2010\/01\/18\/apontamentos-da-assembleia-municipal-do-porto-11-de-janeiro\/\" \/>\n<meta property=\"og:locale\" content=\"pt_PT\" \/>\n<meta property=\"og:type\" content=\"article\" \/>\n<meta property=\"og:title\" content=\"apontamentos da assembleia municipal do porto, 11 de janeiro - Os Meus Apontamentos\" \/>\n<meta property=\"og:description\" content=\"apresenta\u00e7\u00e3o da proposta para pagamento de honorarios relativo ao projecto da uopg da via nun&#8217;alvares jos\u00e9 castro (be): questionou a falta de discuss\u00e3o da uopg gustavo pimenta (ps):\u00a0 esta \u00e9 uma via de articula\u00e7\u00e3o intermunicipal mas a liga\u00e7\u00e3o a matosinhos \u00e9 omissa (1); tamb\u00e9m a liga\u00e7\u00e3o a outras uopgs nomeadamente o parque da cidade n\u00e3o [&hellip;]\" \/>\n<meta property=\"og:url\" content=\"https:\/\/osmeusapontamentos.com\/index.php\/2010\/01\/18\/apontamentos-da-assembleia-municipal-do-porto-11-de-janeiro\/\" \/>\n<meta property=\"og:site_name\" content=\"Os Meus Apontamentos\" \/>\n<meta property=\"article:published_time\" content=\"2010-01-18T22:29:28+00:00\" \/>\n<meta name=\"author\" content=\"Vitor Silva\" \/>\n<meta name=\"twitter:card\" content=\"summary_large_image\" \/>\n<meta name=\"twitter:creator\" content=\"@vitorsilva\" \/>\n<meta name=\"twitter:site\" content=\"@vitorsilva\" \/>\n<meta name=\"twitter:label1\" content=\"Escrito por\" \/>\n\t<meta name=\"twitter:data1\" content=\"Vitor Silva\" \/>\n\t<meta name=\"twitter:label2\" content=\"Tempo estimado de leitura\" \/>\n\t<meta name=\"twitter:data2\" content=\"2 minutos\" \/>\n<script type=\"application\/ld+json\" class=\"yoast-schema-graph\">{\"@context\":\"https:\\\/\\\/schema.org\",\"@graph\":[{\"@type\":\"Article\",\"@id\":\"https:\\\/\\\/osmeusapontamentos.com\\\/index.php\\\/2010\\\/01\\\/18\\\/apontamentos-da-assembleia-municipal-do-porto-11-de-janeiro\\\/#article\",\"isPartOf\":{\"@id\":\"https:\\\/\\\/osmeusapontamentos.com\\\/index.php\\\/2010\\\/01\\\/18\\\/apontamentos-da-assembleia-municipal-do-porto-11-de-janeiro\\\/\"},\"author\":{\"name\":\"Vitor Silva\",\"@id\":\"https:\\\/\\\/osmeusapontamentos.com\\\/#\\\/schema\\\/person\\\/d508df9c3ffc8b4e64a18dbf0ba18dd8\"},\"headline\":\"apontamentos da assembleia municipal do porto, 11 de janeiro\",\"datePublished\":\"2010-01-18T22:29:28+00:00\",\"mainEntityOfPage\":{\"@id\":\"https:\\\/\\\/osmeusapontamentos.com\\\/index.php\\\/2010\\\/01\\\/18\\\/apontamentos-da-assembleia-municipal-do-porto-11-de-janeiro\\\/\"},\"wordCount\":487,\"commentCount\":0,\"publisher\":{\"@id\":\"https:\\\/\\\/osmeusapontamentos.com\\\/#\\\/schema\\\/person\\\/d508df9c3ffc8b4e64a18dbf0ba18dd8\"},\"keywords\":[\"alda macedo\",\"assembleia municipal\",\"gustavo pimenta\",\"jos\u00e9 castro\",\"marta pereira\",\"paulo rios\",\"porto\"],\"articleSection\":[\"Ler\\\/ Ver\\\/ Ouvir\\\/ Passear\"],\"inLanguage\":\"pt-PT\",\"potentialAction\":[{\"@type\":\"CommentAction\",\"name\":\"Comment\",\"target\":[\"https:\\\/\\\/osmeusapontamentos.com\\\/index.php\\\/2010\\\/01\\\/18\\\/apontamentos-da-assembleia-municipal-do-porto-11-de-janeiro\\\/#respond\"]}]},{\"@type\":\"WebPage\",\"@id\":\"https:\\\/\\\/osmeusapontamentos.com\\\/index.php\\\/2010\\\/01\\\/18\\\/apontamentos-da-assembleia-municipal-do-porto-11-de-janeiro\\\/\",\"url\":\"https:\\\/\\\/osmeusapontamentos.com\\\/index.php\\\/2010\\\/01\\\/18\\\/apontamentos-da-assembleia-municipal-do-porto-11-de-janeiro\\\/\",\"name\":\"apontamentos da assembleia municipal do porto, 11 de janeiro - Os Meus Apontamentos\",\"isPartOf\":{\"@id\":\"https:\\\/\\\/osmeusapontamentos.com\\\/#website\"},\"datePublished\":\"2010-01-18T22:29:28+00:00\",\"breadcrumb\":{\"@id\":\"https:\\\/\\\/osmeusapontamentos.com\\\/index.php\\\/2010\\\/01\\\/18\\\/apontamentos-da-assembleia-municipal-do-porto-11-de-janeiro\\\/#breadcrumb\"},\"inLanguage\":\"pt-PT\",\"potentialAction\":[{\"@type\":\"ReadAction\",\"target\":[\"https:\\\/\\\/osmeusapontamentos.com\\\/index.php\\\/2010\\\/01\\\/18\\\/apontamentos-da-assembleia-municipal-do-porto-11-de-janeiro\\\/\"]}]},{\"@type\":\"BreadcrumbList\",\"@id\":\"https:\\\/\\\/osmeusapontamentos.com\\\/index.php\\\/2010\\\/01\\\/18\\\/apontamentos-da-assembleia-municipal-do-porto-11-de-janeiro\\\/#breadcrumb\",\"itemListElement\":[{\"@type\":\"ListItem\",\"position\":1,\"name\":\"In\u00edcio\",\"item\":\"https:\\\/\\\/osmeusapontamentos.com\\\/\"},{\"@type\":\"ListItem\",\"position\":2,\"name\":\"apontamentos da assembleia municipal do porto, 11 de janeiro\"}]},{\"@type\":\"WebSite\",\"@id\":\"https:\\\/\\\/osmeusapontamentos.com\\\/#website\",\"url\":\"https:\\\/\\\/osmeusapontamentos.com\\\/\",\"name\":\"Os Meus Apontamentos\",\"description\":\"\",\"publisher\":{\"@id\":\"https:\\\/\\\/osmeusapontamentos.com\\\/#\\\/schema\\\/person\\\/d508df9c3ffc8b4e64a18dbf0ba18dd8\"},\"potentialAction\":[{\"@type\":\"SearchAction\",\"target\":{\"@type\":\"EntryPoint\",\"urlTemplate\":\"https:\\\/\\\/osmeusapontamentos.com\\\/?s={search_term_string}\"},\"query-input\":{\"@type\":\"PropertyValueSpecification\",\"valueRequired\":true,\"valueName\":\"search_term_string\"}}],\"inLanguage\":\"pt-PT\"},{\"@type\":[\"Person\",\"Organization\"],\"@id\":\"https:\\\/\\\/osmeusapontamentos.com\\\/#\\\/schema\\\/person\\\/d508df9c3ffc8b4e64a18dbf0ba18dd8\",\"name\":\"Vitor Silva\",\"image\":{\"@type\":\"ImageObject\",\"inLanguage\":\"pt-PT\",\"@id\":\"https:\\\/\\\/secure.gravatar.com\\\/avatar\\\/f81f58ad909e8a213ab0a690f6ed65e5c0e0e2274bf35ac49ff31d7988d483ce?s=96&d=mm&r=g\",\"url\":\"https:\\\/\\\/secure.gravatar.com\\\/avatar\\\/f81f58ad909e8a213ab0a690f6ed65e5c0e0e2274bf35ac49ff31d7988d483ce?s=96&d=mm&r=g\",\"contentUrl\":\"https:\\\/\\\/secure.gravatar.com\\\/avatar\\\/f81f58ad909e8a213ab0a690f6ed65e5c0e0e2274bf35ac49ff31d7988d483ce?s=96&d=mm&r=g\",\"caption\":\"Vitor Silva\"},\"logo\":{\"@id\":\"https:\\\/\\\/secure.gravatar.com\\\/avatar\\\/f81f58ad909e8a213ab0a690f6ed65e5c0e0e2274bf35ac49ff31d7988d483ce?s=96&d=mm&r=g\"},\"sameAs\":[\"https:\\\/\\\/www.linkedin.com\\\/in\\\/vitormrsilva\",\"https:\\\/\\\/x.com\\\/vitorsilva\"]}]}<\/script>\n<!-- \/ Yoast SEO plugin. -->","yoast_head_json":{"title":"apontamentos da assembleia municipal do porto, 11 de janeiro - Os Meus Apontamentos","robots":{"index":"index","follow":"follow","max-snippet":"max-snippet:-1","max-image-preview":"max-image-preview:large","max-video-preview":"max-video-preview:-1"},"canonical":"https:\/\/osmeusapontamentos.com\/index.php\/2010\/01\/18\/apontamentos-da-assembleia-municipal-do-porto-11-de-janeiro\/","og_locale":"pt_PT","og_type":"article","og_title":"apontamentos da assembleia municipal do porto, 11 de janeiro - Os Meus Apontamentos","og_description":"apresenta\u00e7\u00e3o da proposta para pagamento de honorarios relativo ao projecto da uopg da via nun&#8217;alvares jos\u00e9 castro (be): questionou a falta de discuss\u00e3o da uopg gustavo pimenta (ps):\u00a0 esta \u00e9 uma via de articula\u00e7\u00e3o intermunicipal mas a liga\u00e7\u00e3o a matosinhos \u00e9 omissa (1); tamb\u00e9m a liga\u00e7\u00e3o a outras uopgs nomeadamente o parque da cidade n\u00e3o [&hellip;]","og_url":"https:\/\/osmeusapontamentos.com\/index.php\/2010\/01\/18\/apontamentos-da-assembleia-municipal-do-porto-11-de-janeiro\/","og_site_name":"Os Meus Apontamentos","article_published_time":"2010-01-18T22:29:28+00:00","author":"Vitor Silva","twitter_card":"summary_large_image","twitter_creator":"@vitorsilva","twitter_site":"@vitorsilva","twitter_misc":{"Escrito por":"Vitor Silva","Tempo estimado de leitura":"2 minutos"},"schema":{"@context":"https:\/\/schema.org","@graph":[{"@type":"Article","@id":"https:\/\/osmeusapontamentos.com\/index.php\/2010\/01\/18\/apontamentos-da-assembleia-municipal-do-porto-11-de-janeiro\/#article","isPartOf":{"@id":"https:\/\/osmeusapontamentos.com\/index.php\/2010\/01\/18\/apontamentos-da-assembleia-municipal-do-porto-11-de-janeiro\/"},"author":{"name":"Vitor Silva","@id":"https:\/\/osmeusapontamentos.com\/#\/schema\/person\/d508df9c3ffc8b4e64a18dbf0ba18dd8"},"headline":"apontamentos da assembleia municipal do porto, 11 de janeiro","datePublished":"2010-01-18T22:29:28+00:00","mainEntityOfPage":{"@id":"https:\/\/osmeusapontamentos.com\/index.php\/2010\/01\/18\/apontamentos-da-assembleia-municipal-do-porto-11-de-janeiro\/"},"wordCount":487,"commentCount":0,"publisher":{"@id":"https:\/\/osmeusapontamentos.com\/#\/schema\/person\/d508df9c3ffc8b4e64a18dbf0ba18dd8"},"keywords":["alda macedo","assembleia municipal","gustavo pimenta","jos\u00e9 castro","marta pereira","paulo rios","porto"],"articleSection":["Ler\/ Ver\/ Ouvir\/ Passear"],"inLanguage":"pt-PT","potentialAction":[{"@type":"CommentAction","name":"Comment","target":["https:\/\/osmeusapontamentos.com\/index.php\/2010\/01\/18\/apontamentos-da-assembleia-municipal-do-porto-11-de-janeiro\/#respond"]}]},{"@type":"WebPage","@id":"https:\/\/osmeusapontamentos.com\/index.php\/2010\/01\/18\/apontamentos-da-assembleia-municipal-do-porto-11-de-janeiro\/","url":"https:\/\/osmeusapontamentos.com\/index.php\/2010\/01\/18\/apontamentos-da-assembleia-municipal-do-porto-11-de-janeiro\/","name":"apontamentos da assembleia municipal do porto, 11 de janeiro - Os Meus Apontamentos","isPartOf":{"@id":"https:\/\/osmeusapontamentos.com\/#website"},"datePublished":"2010-01-18T22:29:28+00:00","breadcrumb":{"@id":"https:\/\/osmeusapontamentos.com\/index.php\/2010\/01\/18\/apontamentos-da-assembleia-municipal-do-porto-11-de-janeiro\/#breadcrumb"},"inLanguage":"pt-PT","potentialAction":[{"@type":"ReadAction","target":["https:\/\/osmeusapontamentos.com\/index.php\/2010\/01\/18\/apontamentos-da-assembleia-municipal-do-porto-11-de-janeiro\/"]}]},{"@type":"BreadcrumbList","@id":"https:\/\/osmeusapontamentos.com\/index.php\/2010\/01\/18\/apontamentos-da-assembleia-municipal-do-porto-11-de-janeiro\/#breadcrumb","itemListElement":[{"@type":"ListItem","position":1,"name":"In\u00edcio","item":"https:\/\/osmeusapontamentos.com\/"},{"@type":"ListItem","position":2,"name":"apontamentos da assembleia municipal do porto, 11 de janeiro"}]},{"@type":"WebSite","@id":"https:\/\/osmeusapontamentos.com\/#website","url":"https:\/\/osmeusapontamentos.com\/","name":"Os Meus Apontamentos","description":"","publisher":{"@id":"https:\/\/osmeusapontamentos.com\/#\/schema\/person\/d508df9c3ffc8b4e64a18dbf0ba18dd8"},"potentialAction":[{"@type":"SearchAction","target":{"@type":"EntryPoint","urlTemplate":"https:\/\/osmeusapontamentos.com\/?s={search_term_string}"},"query-input":{"@type":"PropertyValueSpecification","valueRequired":true,"valueName":"search_term_string"}}],"inLanguage":"pt-PT"},{"@type":["Person","Organization"],"@id":"https:\/\/osmeusapontamentos.com\/#\/schema\/person\/d508df9c3ffc8b4e64a18dbf0ba18dd8","name":"Vitor Silva","image":{"@type":"ImageObject","inLanguage":"pt-PT","@id":"https:\/\/secure.gravatar.com\/avatar\/f81f58ad909e8a213ab0a690f6ed65e5c0e0e2274bf35ac49ff31d7988d483ce?s=96&d=mm&r=g","url":"https:\/\/secure.gravatar.com\/avatar\/f81f58ad909e8a213ab0a690f6ed65e5c0e0e2274bf35ac49ff31d7988d483ce?s=96&d=mm&r=g","contentUrl":"https:\/\/secure.gravatar.com\/avatar\/f81f58ad909e8a213ab0a690f6ed65e5c0e0e2274bf35ac49ff31d7988d483ce?s=96&d=mm&r=g","caption":"Vitor Silva"},"logo":{"@id":"https:\/\/secure.gravatar.com\/avatar\/f81f58ad909e8a213ab0a690f6ed65e5c0e0e2274bf35ac49ff31d7988d483ce?s=96&d=mm&r=g"},"sameAs":["https:\/\/www.linkedin.com\/in\/vitormrsilva","https:\/\/x.com\/vitorsilva"]}]}},"_links":{"self":[{"href":"https:\/\/osmeusapontamentos.com\/index.php\/wp-json\/wp\/v2\/posts\/1665","targetHints":{"allow":["GET"]}}],"collection":[{"href":"https:\/\/osmeusapontamentos.com\/index.php\/wp-json\/wp\/v2\/posts"}],"about":[{"href":"https:\/\/osmeusapontamentos.com\/index.php\/wp-json\/wp\/v2\/types\/post"}],"author":[{"embeddable":true,"href":"https:\/\/osmeusapontamentos.com\/index.php\/wp-json\/wp\/v2\/users\/1"}],"replies":[{"embeddable":true,"href":"https:\/\/osmeusapontamentos.com\/index.php\/wp-json\/wp\/v2\/comments?post=1665"}],"version-history":[{"count":0,"href":"https:\/\/osmeusapontamentos.com\/index.php\/wp-json\/wp\/v2\/posts\/1665\/revisions"}],"wp:attachment":[{"href":"https:\/\/osmeusapontamentos.com\/index.php\/wp-json\/wp\/v2\/media?parent=1665"}],"wp:term":[{"taxonomy":"category","embeddable":true,"href":"https:\/\/osmeusapontamentos.com\/index.php\/wp-json\/wp\/v2\/categories?post=1665"},{"taxonomy":"post_tag","embeddable":true,"href":"https:\/\/osmeusapontamentos.com\/index.php\/wp-json\/wp\/v2\/tags?post=1665"}],"curies":[{"name":"wp","href":"https:\/\/api.w.org\/{rel}","templated":true}]}}