{"id":1635,"date":"2010-01-05T13:00:44","date_gmt":"2010-01-05T13:00:44","guid":{"rendered":"http:\/\/osmeusapontamentos.com\/?p=1635"},"modified":"2010-01-05T13:00:44","modified_gmt":"2010-01-05T13:00:44","slug":"o-ano-da-res-publica","status":"publish","type":"post","link":"https:\/\/osmeusapontamentos.com\/index.php\/2010\/01\/05\/o-ano-da-res-publica\/","title":{"rendered":"O Ano da Res Publica"},"content":{"rendered":"<p>No in\u00edcio do ano que comemora os 100 anos da implanta\u00e7\u00e3o da rep\u00fablica acho que vem a prop\u00f3sito referir-me ao livro Cidad\u00e3os pelo Ambiente editado pela <a href=\"http:\/\/www.esferadocaos.pt\/catalogo_detalhe_novos_rumos82.html\">Esfera do Caos<\/a>.<\/p>\n<p>Uma das motiva\u00e7\u00f5es para comprar este livro foi ter come\u00e7ado a fazer parte da <a href=\"http:\/\/www.campoaberto.pt\">Campo Aberto<\/a>, isso levou-me a querer conhecer um pouco mais do que j\u00e1 foi feito na \u00e1rea do ambiente nos \u00faltimos anos, principalmente no dom\u00ednio da participa\u00e7\u00e3o p\u00fablica e atrav\u00e9s de associa\u00e7\u00f5es.<\/p>\n<p>Este \u00e9 um livro com relatos variados desse tipo de actividades, desde campanhas para tentar evitar que fossem cometidos alguns atentados ambientais at\u00e9 projectos concretos de implementa\u00e7\u00e3o no terreno de projectos, por exemplo, de conserva\u00e7\u00e3o ou recupera\u00e7\u00e3o de esp\u00e9cies animais \/ vegetais.<\/p>\n<p>Ficam-me alguma notas gerais a prop\u00f3sito deste livro, uma delas \u00e9 o apoio que algumas empresas normalmente conotadas com aspectos mais negativos na sua rela\u00e7\u00e3o com o ambiente deram \u00e0 execu\u00e7\u00e3o de projectos ambientais. Nos dias que passam parece-me inevit\u00e1vel ficar de p\u00e9 atr\u00e1s em rela\u00e7\u00e3o aos reais objectivos destes apoios&#8230; eu tento n\u00e3o ter uma abordagem muito c\u00ednica no que diz respeito a este tipo de ac\u00e7\u00f5es&#8230; acima de tudo questiono-me se h\u00e1 coisas que t\u00eam valor absoluto e n\u00e3o podem ser objecto de simples medidas compensat\u00f3rias.<\/p>\n<p>Outro dos pontos \u00e9 a rela\u00e7\u00e3o com o estado, a pol\u00edtica e as leis. Uma rela\u00e7\u00e3o normalmente complicada porque muitas vezes fica a ideia que as leis n\u00e3o s\u00e3o para cumprir, que qualquer formalismo serve para impedir que as eventuais boas inten\u00e7\u00f5es com que essas leis foram feitas sejam depois efectivamente implementadas.<\/p>\n<p>E no entanto este n\u00e3o \u00e9 um livro negativo, apesar de me ter focado em dois pontos que se calhar podem ser vistos dessa forma. Acima de tudo este \u00e9 um livro inspirador porque demonstra o que outros j\u00e1 fizeram&#8230; n\u00f3s s\u00f3 temos que conseguir fazer melhor!<\/p>\n<p><img loading=\"lazy\" decoding=\"async\" class=\"aligncenter\" src=\"http:\/\/www.esferadocaos.pt\/imagens\/ambiente_big.jpg\" alt=\"\" width=\"143\" height=\"200\" \/><\/p>\n","protected":false},"excerpt":{"rendered":"<p>No in\u00edcio do ano que comemora os 100 anos da implanta\u00e7\u00e3o da rep\u00fablica acho que vem a prop\u00f3sito referir-me ao livro Cidad\u00e3os pelo Ambiente editado pela Esfera do Caos. Uma das motiva\u00e7\u00f5es para comprar este livro foi ter come\u00e7ado a fazer parte da Campo Aberto, isso levou-me a querer conhecer um pouco mais do que [&hellip;]<\/p>\n","protected":false},"author":1,"featured_media":0,"comment_status":"open","ping_status":"open","sticky":false,"template":"","format":"standard","meta":{"footnotes":""},"categories":[7],"tags":[44,363,529],"class_list":["post-1635","post","type-post","status-publish","format-standard","hentry","category-ler-ver-ouvir-passear","tag-ambiente","tag-ler","tag-portugal"],"yoast_head":"<!-- This site is optimized with the Yoast SEO plugin v27.5 - https:\/\/yoast.com\/product\/yoast-seo-wordpress\/ -->\n<title>O Ano da Res Publica - Os Meus Apontamentos<\/title>\n<meta name=\"robots\" content=\"index, follow, max-snippet:-1, max-image-preview:large, max-video-preview:-1\" \/>\n<link rel=\"canonical\" href=\"https:\/\/osmeusapontamentos.com\/index.php\/2010\/01\/05\/o-ano-da-res-publica\/\" \/>\n<meta property=\"og:locale\" content=\"pt_PT\" \/>\n<meta property=\"og:type\" content=\"article\" \/>\n<meta property=\"og:title\" content=\"O Ano da Res Publica - Os Meus Apontamentos\" \/>\n<meta property=\"og:description\" content=\"No in\u00edcio do ano que comemora os 100 anos da implanta\u00e7\u00e3o da rep\u00fablica acho que vem a prop\u00f3sito referir-me ao livro Cidad\u00e3os pelo Ambiente editado pela Esfera do Caos. Uma das motiva\u00e7\u00f5es para comprar este livro foi ter come\u00e7ado a fazer parte da Campo Aberto, isso levou-me a querer conhecer um pouco mais do que [&hellip;]\" \/>\n<meta property=\"og:url\" content=\"https:\/\/osmeusapontamentos.com\/index.php\/2010\/01\/05\/o-ano-da-res-publica\/\" \/>\n<meta property=\"og:site_name\" content=\"Os Meus Apontamentos\" \/>\n<meta property=\"article:published_time\" content=\"2010-01-05T13:00:44+00:00\" \/>\n<meta property=\"og:image\" content=\"http:\/\/www.esferadocaos.pt\/imagens\/ambiente_big.jpg\" \/>\n<meta name=\"author\" content=\"Vitor Silva\" \/>\n<meta name=\"twitter:card\" content=\"summary_large_image\" \/>\n<meta name=\"twitter:creator\" content=\"@vitorsilva\" \/>\n<meta name=\"twitter:site\" content=\"@vitorsilva\" \/>\n<meta name=\"twitter:label1\" content=\"Escrito por\" \/>\n\t<meta name=\"twitter:data1\" content=\"Vitor Silva\" \/>\n\t<meta name=\"twitter:label2\" content=\"Tempo estimado de leitura\" \/>\n\t<meta name=\"twitter:data2\" content=\"2 minutos\" \/>\n<script type=\"application\/ld+json\" class=\"yoast-schema-graph\">{\"@context\":\"https:\\\/\\\/schema.org\",\"@graph\":[{\"@type\":\"Article\",\"@id\":\"https:\\\/\\\/osmeusapontamentos.com\\\/index.php\\\/2010\\\/01\\\/05\\\/o-ano-da-res-publica\\\/#article\",\"isPartOf\":{\"@id\":\"https:\\\/\\\/osmeusapontamentos.com\\\/index.php\\\/2010\\\/01\\\/05\\\/o-ano-da-res-publica\\\/\"},\"author\":{\"name\":\"Vitor Silva\",\"@id\":\"https:\\\/\\\/osmeusapontamentos.com\\\/#\\\/schema\\\/person\\\/d508df9c3ffc8b4e64a18dbf0ba18dd8\"},\"headline\":\"O Ano da Res Publica\",\"datePublished\":\"2010-01-05T13:00:44+00:00\",\"mainEntityOfPage\":{\"@id\":\"https:\\\/\\\/osmeusapontamentos.com\\\/index.php\\\/2010\\\/01\\\/05\\\/o-ano-da-res-publica\\\/\"},\"wordCount\":337,\"commentCount\":0,\"publisher\":{\"@id\":\"https:\\\/\\\/osmeusapontamentos.com\\\/#\\\/schema\\\/person\\\/d508df9c3ffc8b4e64a18dbf0ba18dd8\"},\"image\":{\"@id\":\"https:\\\/\\\/osmeusapontamentos.com\\\/index.php\\\/2010\\\/01\\\/05\\\/o-ano-da-res-publica\\\/#primaryimage\"},\"thumbnailUrl\":\"http:\\\/\\\/www.esferadocaos.pt\\\/imagens\\\/ambiente_big.jpg\",\"keywords\":[\"ambiente\",\"ler\",\"portugal\"],\"articleSection\":[\"Ler\\\/ Ver\\\/ Ouvir\\\/ Passear\"],\"inLanguage\":\"pt-PT\",\"potentialAction\":[{\"@type\":\"CommentAction\",\"name\":\"Comment\",\"target\":[\"https:\\\/\\\/osmeusapontamentos.com\\\/index.php\\\/2010\\\/01\\\/05\\\/o-ano-da-res-publica\\\/#respond\"]}]},{\"@type\":\"WebPage\",\"@id\":\"https:\\\/\\\/osmeusapontamentos.com\\\/index.php\\\/2010\\\/01\\\/05\\\/o-ano-da-res-publica\\\/\",\"url\":\"https:\\\/\\\/osmeusapontamentos.com\\\/index.php\\\/2010\\\/01\\\/05\\\/o-ano-da-res-publica\\\/\",\"name\":\"O Ano da Res Publica - Os Meus Apontamentos\",\"isPartOf\":{\"@id\":\"https:\\\/\\\/osmeusapontamentos.com\\\/#website\"},\"primaryImageOfPage\":{\"@id\":\"https:\\\/\\\/osmeusapontamentos.com\\\/index.php\\\/2010\\\/01\\\/05\\\/o-ano-da-res-publica\\\/#primaryimage\"},\"image\":{\"@id\":\"https:\\\/\\\/osmeusapontamentos.com\\\/index.php\\\/2010\\\/01\\\/05\\\/o-ano-da-res-publica\\\/#primaryimage\"},\"thumbnailUrl\":\"http:\\\/\\\/www.esferadocaos.pt\\\/imagens\\\/ambiente_big.jpg\",\"datePublished\":\"2010-01-05T13:00:44+00:00\",\"breadcrumb\":{\"@id\":\"https:\\\/\\\/osmeusapontamentos.com\\\/index.php\\\/2010\\\/01\\\/05\\\/o-ano-da-res-publica\\\/#breadcrumb\"},\"inLanguage\":\"pt-PT\",\"potentialAction\":[{\"@type\":\"ReadAction\",\"target\":[\"https:\\\/\\\/osmeusapontamentos.com\\\/index.php\\\/2010\\\/01\\\/05\\\/o-ano-da-res-publica\\\/\"]}]},{\"@type\":\"ImageObject\",\"inLanguage\":\"pt-PT\",\"@id\":\"https:\\\/\\\/osmeusapontamentos.com\\\/index.php\\\/2010\\\/01\\\/05\\\/o-ano-da-res-publica\\\/#primaryimage\",\"url\":\"http:\\\/\\\/www.esferadocaos.pt\\\/imagens\\\/ambiente_big.jpg\",\"contentUrl\":\"http:\\\/\\\/www.esferadocaos.pt\\\/imagens\\\/ambiente_big.jpg\"},{\"@type\":\"BreadcrumbList\",\"@id\":\"https:\\\/\\\/osmeusapontamentos.com\\\/index.php\\\/2010\\\/01\\\/05\\\/o-ano-da-res-publica\\\/#breadcrumb\",\"itemListElement\":[{\"@type\":\"ListItem\",\"position\":1,\"name\":\"In\u00edcio\",\"item\":\"https:\\\/\\\/osmeusapontamentos.com\\\/\"},{\"@type\":\"ListItem\",\"position\":2,\"name\":\"O Ano da Res Publica\"}]},{\"@type\":\"WebSite\",\"@id\":\"https:\\\/\\\/osmeusapontamentos.com\\\/#website\",\"url\":\"https:\\\/\\\/osmeusapontamentos.com\\\/\",\"name\":\"Os Meus Apontamentos\",\"description\":\"\",\"publisher\":{\"@id\":\"https:\\\/\\\/osmeusapontamentos.com\\\/#\\\/schema\\\/person\\\/d508df9c3ffc8b4e64a18dbf0ba18dd8\"},\"potentialAction\":[{\"@type\":\"SearchAction\",\"target\":{\"@type\":\"EntryPoint\",\"urlTemplate\":\"https:\\\/\\\/osmeusapontamentos.com\\\/?s={search_term_string}\"},\"query-input\":{\"@type\":\"PropertyValueSpecification\",\"valueRequired\":true,\"valueName\":\"search_term_string\"}}],\"inLanguage\":\"pt-PT\"},{\"@type\":[\"Person\",\"Organization\"],\"@id\":\"https:\\\/\\\/osmeusapontamentos.com\\\/#\\\/schema\\\/person\\\/d508df9c3ffc8b4e64a18dbf0ba18dd8\",\"name\":\"Vitor Silva\",\"image\":{\"@type\":\"ImageObject\",\"inLanguage\":\"pt-PT\",\"@id\":\"https:\\\/\\\/secure.gravatar.com\\\/avatar\\\/f81f58ad909e8a213ab0a690f6ed65e5c0e0e2274bf35ac49ff31d7988d483ce?s=96&d=mm&r=g\",\"url\":\"https:\\\/\\\/secure.gravatar.com\\\/avatar\\\/f81f58ad909e8a213ab0a690f6ed65e5c0e0e2274bf35ac49ff31d7988d483ce?s=96&d=mm&r=g\",\"contentUrl\":\"https:\\\/\\\/secure.gravatar.com\\\/avatar\\\/f81f58ad909e8a213ab0a690f6ed65e5c0e0e2274bf35ac49ff31d7988d483ce?s=96&d=mm&r=g\",\"caption\":\"Vitor Silva\"},\"logo\":{\"@id\":\"https:\\\/\\\/secure.gravatar.com\\\/avatar\\\/f81f58ad909e8a213ab0a690f6ed65e5c0e0e2274bf35ac49ff31d7988d483ce?s=96&d=mm&r=g\"},\"sameAs\":[\"https:\\\/\\\/www.linkedin.com\\\/in\\\/vitormrsilva\",\"https:\\\/\\\/x.com\\\/vitorsilva\"]}]}<\/script>\n<!-- \/ Yoast SEO plugin. -->","yoast_head_json":{"title":"O Ano da Res Publica - Os Meus Apontamentos","robots":{"index":"index","follow":"follow","max-snippet":"max-snippet:-1","max-image-preview":"max-image-preview:large","max-video-preview":"max-video-preview:-1"},"canonical":"https:\/\/osmeusapontamentos.com\/index.php\/2010\/01\/05\/o-ano-da-res-publica\/","og_locale":"pt_PT","og_type":"article","og_title":"O Ano da Res Publica - Os Meus Apontamentos","og_description":"No in\u00edcio do ano que comemora os 100 anos da implanta\u00e7\u00e3o da rep\u00fablica acho que vem a prop\u00f3sito referir-me ao livro Cidad\u00e3os pelo Ambiente editado pela Esfera do Caos. Uma das motiva\u00e7\u00f5es para comprar este livro foi ter come\u00e7ado a fazer parte da Campo Aberto, isso levou-me a querer conhecer um pouco mais do que [&hellip;]","og_url":"https:\/\/osmeusapontamentos.com\/index.php\/2010\/01\/05\/o-ano-da-res-publica\/","og_site_name":"Os Meus Apontamentos","article_published_time":"2010-01-05T13:00:44+00:00","og_image":[{"url":"http:\/\/www.esferadocaos.pt\/imagens\/ambiente_big.jpg","type":"","width":"","height":""}],"author":"Vitor Silva","twitter_card":"summary_large_image","twitter_creator":"@vitorsilva","twitter_site":"@vitorsilva","twitter_misc":{"Escrito por":"Vitor Silva","Tempo estimado de leitura":"2 minutos"},"schema":{"@context":"https:\/\/schema.org","@graph":[{"@type":"Article","@id":"https:\/\/osmeusapontamentos.com\/index.php\/2010\/01\/05\/o-ano-da-res-publica\/#article","isPartOf":{"@id":"https:\/\/osmeusapontamentos.com\/index.php\/2010\/01\/05\/o-ano-da-res-publica\/"},"author":{"name":"Vitor Silva","@id":"https:\/\/osmeusapontamentos.com\/#\/schema\/person\/d508df9c3ffc8b4e64a18dbf0ba18dd8"},"headline":"O Ano da Res Publica","datePublished":"2010-01-05T13:00:44+00:00","mainEntityOfPage":{"@id":"https:\/\/osmeusapontamentos.com\/index.php\/2010\/01\/05\/o-ano-da-res-publica\/"},"wordCount":337,"commentCount":0,"publisher":{"@id":"https:\/\/osmeusapontamentos.com\/#\/schema\/person\/d508df9c3ffc8b4e64a18dbf0ba18dd8"},"image":{"@id":"https:\/\/osmeusapontamentos.com\/index.php\/2010\/01\/05\/o-ano-da-res-publica\/#primaryimage"},"thumbnailUrl":"http:\/\/www.esferadocaos.pt\/imagens\/ambiente_big.jpg","keywords":["ambiente","ler","portugal"],"articleSection":["Ler\/ Ver\/ Ouvir\/ Passear"],"inLanguage":"pt-PT","potentialAction":[{"@type":"CommentAction","name":"Comment","target":["https:\/\/osmeusapontamentos.com\/index.php\/2010\/01\/05\/o-ano-da-res-publica\/#respond"]}]},{"@type":"WebPage","@id":"https:\/\/osmeusapontamentos.com\/index.php\/2010\/01\/05\/o-ano-da-res-publica\/","url":"https:\/\/osmeusapontamentos.com\/index.php\/2010\/01\/05\/o-ano-da-res-publica\/","name":"O Ano da Res Publica - Os Meus Apontamentos","isPartOf":{"@id":"https:\/\/osmeusapontamentos.com\/#website"},"primaryImageOfPage":{"@id":"https:\/\/osmeusapontamentos.com\/index.php\/2010\/01\/05\/o-ano-da-res-publica\/#primaryimage"},"image":{"@id":"https:\/\/osmeusapontamentos.com\/index.php\/2010\/01\/05\/o-ano-da-res-publica\/#primaryimage"},"thumbnailUrl":"http:\/\/www.esferadocaos.pt\/imagens\/ambiente_big.jpg","datePublished":"2010-01-05T13:00:44+00:00","breadcrumb":{"@id":"https:\/\/osmeusapontamentos.com\/index.php\/2010\/01\/05\/o-ano-da-res-publica\/#breadcrumb"},"inLanguage":"pt-PT","potentialAction":[{"@type":"ReadAction","target":["https:\/\/osmeusapontamentos.com\/index.php\/2010\/01\/05\/o-ano-da-res-publica\/"]}]},{"@type":"ImageObject","inLanguage":"pt-PT","@id":"https:\/\/osmeusapontamentos.com\/index.php\/2010\/01\/05\/o-ano-da-res-publica\/#primaryimage","url":"http:\/\/www.esferadocaos.pt\/imagens\/ambiente_big.jpg","contentUrl":"http:\/\/www.esferadocaos.pt\/imagens\/ambiente_big.jpg"},{"@type":"BreadcrumbList","@id":"https:\/\/osmeusapontamentos.com\/index.php\/2010\/01\/05\/o-ano-da-res-publica\/#breadcrumb","itemListElement":[{"@type":"ListItem","position":1,"name":"In\u00edcio","item":"https:\/\/osmeusapontamentos.com\/"},{"@type":"ListItem","position":2,"name":"O Ano da Res Publica"}]},{"@type":"WebSite","@id":"https:\/\/osmeusapontamentos.com\/#website","url":"https:\/\/osmeusapontamentos.com\/","name":"Os Meus Apontamentos","description":"","publisher":{"@id":"https:\/\/osmeusapontamentos.com\/#\/schema\/person\/d508df9c3ffc8b4e64a18dbf0ba18dd8"},"potentialAction":[{"@type":"SearchAction","target":{"@type":"EntryPoint","urlTemplate":"https:\/\/osmeusapontamentos.com\/?s={search_term_string}"},"query-input":{"@type":"PropertyValueSpecification","valueRequired":true,"valueName":"search_term_string"}}],"inLanguage":"pt-PT"},{"@type":["Person","Organization"],"@id":"https:\/\/osmeusapontamentos.com\/#\/schema\/person\/d508df9c3ffc8b4e64a18dbf0ba18dd8","name":"Vitor Silva","image":{"@type":"ImageObject","inLanguage":"pt-PT","@id":"https:\/\/secure.gravatar.com\/avatar\/f81f58ad909e8a213ab0a690f6ed65e5c0e0e2274bf35ac49ff31d7988d483ce?s=96&d=mm&r=g","url":"https:\/\/secure.gravatar.com\/avatar\/f81f58ad909e8a213ab0a690f6ed65e5c0e0e2274bf35ac49ff31d7988d483ce?s=96&d=mm&r=g","contentUrl":"https:\/\/secure.gravatar.com\/avatar\/f81f58ad909e8a213ab0a690f6ed65e5c0e0e2274bf35ac49ff31d7988d483ce?s=96&d=mm&r=g","caption":"Vitor Silva"},"logo":{"@id":"https:\/\/secure.gravatar.com\/avatar\/f81f58ad909e8a213ab0a690f6ed65e5c0e0e2274bf35ac49ff31d7988d483ce?s=96&d=mm&r=g"},"sameAs":["https:\/\/www.linkedin.com\/in\/vitormrsilva","https:\/\/x.com\/vitorsilva"]}]}},"_links":{"self":[{"href":"https:\/\/osmeusapontamentos.com\/index.php\/wp-json\/wp\/v2\/posts\/1635","targetHints":{"allow":["GET"]}}],"collection":[{"href":"https:\/\/osmeusapontamentos.com\/index.php\/wp-json\/wp\/v2\/posts"}],"about":[{"href":"https:\/\/osmeusapontamentos.com\/index.php\/wp-json\/wp\/v2\/types\/post"}],"author":[{"embeddable":true,"href":"https:\/\/osmeusapontamentos.com\/index.php\/wp-json\/wp\/v2\/users\/1"}],"replies":[{"embeddable":true,"href":"https:\/\/osmeusapontamentos.com\/index.php\/wp-json\/wp\/v2\/comments?post=1635"}],"version-history":[{"count":0,"href":"https:\/\/osmeusapontamentos.com\/index.php\/wp-json\/wp\/v2\/posts\/1635\/revisions"}],"wp:attachment":[{"href":"https:\/\/osmeusapontamentos.com\/index.php\/wp-json\/wp\/v2\/media?parent=1635"}],"wp:term":[{"taxonomy":"category","embeddable":true,"href":"https:\/\/osmeusapontamentos.com\/index.php\/wp-json\/wp\/v2\/categories?post=1635"},{"taxonomy":"post_tag","embeddable":true,"href":"https:\/\/osmeusapontamentos.com\/index.php\/wp-json\/wp\/v2\/tags?post=1635"}],"curies":[{"name":"wp","href":"https:\/\/api.w.org\/{rel}","templated":true}]}}