{"id":1629,"date":"2009-12-20T15:11:26","date_gmt":"2009-12-20T15:11:26","guid":{"rendered":"http:\/\/osmeusapontamentos.com\/?p=1629"},"modified":"2009-12-20T15:11:26","modified_gmt":"2009-12-20T15:11:26","slug":"junta-de-freguesia-santo-ildefonso-apresentacao-orcamento-e-plano-actividades","status":"publish","type":"post","link":"https:\/\/osmeusapontamentos.com\/index.php\/2009\/12\/20\/junta-de-freguesia-santo-ildefonso-apresentacao-orcamento-e-plano-actividades\/","title":{"rendered":"Junta de Freguesia Santo Ildefonso &#8211; Apresenta\u00e7\u00e3o Or\u00e7amento e Plano Actividades"},"content":{"rendered":"<p>A quarta reuni\u00e3o (entre reuni\u00f5es ordin\u00e1rias e extraordin\u00e1rias) da assembleia de <a href=\"http:\/\/www.jf-stildefonso.pt\/\">freguesia de S. Ildefonso<\/a> teve como objectivo principal discutir e votar as op\u00e7\u00f5es do plano e o or\u00e7amento para 2010.<br \/>\nUm or\u00e7amento que nas palavras de Ab\u00edlio Santos do PS tem muitas vezes a palavra &#8220;continuaremos&#8221; e poucas a palavra &#8220;vamos fazer&#8221;.<br \/>\nDurante o debate, o presidente Wilson Faria teve oportunidade de rebater algumas dessas quest\u00f5es tentando, na minha opini\u00e3o, demonstrar que o que n\u00e3o \u00e9 apresentado n\u00e3o \u00e9 tanto por imobilismo mas porque a experi\u00eancia anterior demonstrou que n\u00e3o funciona.<\/p>\n<p>Antes de come\u00e7ar o debate, o presidente Wilson Faria teve oportunidade de responder a algumas das sugest\u00f5es que tinham sido dadas pela <a href=\"http:\/\/www.cidadedoporto.pcp.pt\/\">CDU<\/a> e <a href=\"http:\/\/porto.bloco.org\/\">BE<\/a> no seguimento da reuni\u00e3o pr\u00e9via que tiveram com executivo de forma a conhecer a proposta das op\u00e7\u00f5es do plano e or\u00e7amento e considerar que grande parte das propostas estavam englobadas no seu pr\u00f3prio projecto:<\/p>\n<ul>\n<li>foi sugerido que a jf desenvolvesse o trabalho de identifica\u00e7\u00e3o de casas devolutas da freguesia &#8211; a resposta foi que a junta n\u00e3o tem capacidade para fazer isso e que est\u00e1 \u00e0 espera que a c\u00e2mara promova essa iniciativa;<\/li>\n<li>foi solicitada aten\u00e7\u00e3o especial \u00e0 limpeza urbana &#8211; Wilson Faria referiu que j\u00e1 houve uma melhoria dos servi\u00e7os desde que foram concessionados \u00e0 SUMA;<\/li>\n<li>foi tamb\u00e9m pedido que se criassem novos jardins &#8211; a resposta foi que n\u00e3o se conseguem criar jardins novos, eventualmente, digo eu, por dificuldade em encontrar espa\u00e7o para tal e\/ou manter;<\/li>\n<li>apresentada a necessidade de melhorar a falta de ilumina\u00e7\u00e3o de algumas zonas da freguesia &#8211; foi referido que a junta tem pressionado a EDP nesse sentido mas n\u00e3o tem tido grandes respostas at\u00e9 porque tudo o que \u00e9 pedido tem que ser reencaminhado para Lisboa.<\/li>\n<\/ul>\n<p>Durante a discuss\u00e3o das op\u00e7\u00f5es do plano surgiram as seguintes quest\u00f5es:<br \/>\n<strong> PS &#8211; Ab\u00edlio Santos<\/strong><\/p>\n<ul>\n<li>como caracteriza a rela\u00e7\u00e3o entre a junta e o agrupamento escolar augusto gil? =&gt; as rela\u00e7\u00f5es s\u00e3o bastante boas, o principal problema \u00e9 a pr\u00f3pria lei que atribui compet\u00eancias muito limitadas \u00e0 junta limitando o seu papel ao simples pagamento de alguns dos funcion\u00e1rios.<\/li>\n<li>que dados novos h\u00e1 em rela\u00e7\u00e3o ao bairro do leal e das musas? =&gt; o presidente n\u00e3o teve possibilidade de estar presente na \u00faltima assembleia municipal mas referiu que os desenvolvimentos deste tema estariam relacionado com a proposta apresentada para o Aleixo.<\/li>\n<li>quais s\u00e3o os crit\u00e9rios da junta para a distribui\u00e7\u00e3o do apoio recebido do banco alimentar? =&gt; n\u00e3o foram especificados os crit\u00e9rios mas indicado que a assistente de ac\u00e7\u00e3o social conhece a realidade. em rela\u00e7\u00e3o \u00e0 questao da ac\u00e7\u00e3o social o presidente da jf convidou todos os membros da af para comunicar outros casos que conhe\u00e7am e que ainda n\u00e3o estejam referenciados.<\/li>\n<li>ps referiu ainda que n\u00e3o percebe como \u00e9 indicado nas op\u00e7\u00f5es do plano a &#8220;melhoria das condi\u00e7\u00f5es fisicas do centro de dia&#8221; quando depois essa inten\u00e7\u00e3o n\u00e3o aparece refletida no or\u00e7amento.<\/li>\n<\/ul>\n<p><strong>CDU &#8211; El\u00edsio Branco<\/strong><\/p>\n<ul>\n<li>n\u00e3o h\u00e1 uma \u00fanica actividade cultural da iniciativa pr\u00f3pria da jf =&gt; apoiam algumas colectividades.<\/li>\n<li>tamb\u00e9m n\u00e3o v\u00ea nenhuma ac\u00e7\u00e3o relativa \u00e0 quest\u00e3o da habita\u00e7\u00e3o =&gt; \u00e9 algo que a junta n\u00e3o tem capacidade e que ter\u00e1 que ser desenvolvido pela pr\u00f3pria c\u00e2mara.<\/li>\n<li>quais os crit\u00e9rios usados para determinar as pessoas que t\u00eam apoios =&gt; assistente social tem conhecimento das pessoas carenciadas<\/li>\n<li>como descreve o servi\u00e7o de apoio domicili\u00e1rio? =&gt; dirigido essencialmente a pessoas acamadas e consiste em limpeza, higiene, levar almo\u00e7o<\/li>\n<li>quantos sao os idosos que beneficiam dos servi\u00e7os do centro de dia? =&gt; o centro de dia tem capacidade para 80 pessoas e costuma ter uma ocupa\u00e7\u00e3o na ordem das 50\/60 pessoas<\/li>\n<li>que tipo de trabalho \u00e9 que a animadora do centro de dia faz? &#8211; pintura, pres\u00e9pios, &#8230;<\/li>\n<\/ul>\n<p><strong>BE &#8211; Paulo Ricardo<\/strong><\/p>\n<ul>\n<li>sugeriu a cria\u00e7\u00e3o de um parque infantil j\u00e1 que n\u00e3o existe nenhum na freguesia &#8211; presidente referiu experiencia anterior, h\u00e1 cerca de 7 anos, quando foi construido um parque na fontinha que foi rapidamente destruido<\/li>\n<li>tendo sido inaugurado recentemente o centro da <a href=\"http:\/\/www.umarfeminismos.org\/\">UMAR<\/a> no Porto, porque n\u00e3o esteve presente nenhum representante da junta de freguesia &#8211; Paulo Ricardo disse que teve indica\u00e7\u00e3o de que foi feito um convite telef\u00f3nico mas Wilson Faria disse que n\u00e3o recebeu convite nenhum caso contr\u00e1rio estaria presente, at\u00e9 porque em oportunidades anteriores a junta j\u00e1 teve oportunidade de colaborar com essa associa\u00e7\u00e3o atrav\u00e9s da ced\u00eancia do seu audit\u00f3rio.<\/li>\n<li>que tipo de apoio \u00e9 dado aos desempregados para al\u00e9m do carimbar dos seus documentos? &#8211; n\u00e3o foi referido nenhum apoio em particular, foi sim referido que este servi\u00e7o que a junta presta permite-lhe arrecadar o equivalente a 2 sal\u00e1rios m\u00ednimos pelo que \u00e9 uma fun\u00e7\u00e3o importante para a junta. O mesmo se passaria com a possibilidade de se poder tirar o Cart\u00e3o do Cidad\u00e3o na junta. Em rela\u00e7\u00e3o a isto a junta quando soube que poderia prestar esse servi\u00e7o aderiu imediatamente e j\u00e1 tem tudo preparado para o fazer, mas continua \u00e0 espera que os servi\u00e7os centrais lhes passem efectivamente essa competencia.<\/li>\n<li>A prop\u00f3sito do bairro do leal e das musas, Paulo Ricardo quis deixar um pedido para que fosse dada dar prioridade \u00e0s pessoas que tiveram que sair desses bairros.<\/li>\n<\/ul>\n<p>Na discuss\u00e3o sobre o or\u00e7amento, o PS referiu que n\u00e3o h\u00e1 correspond\u00eancia entre os eixos de ac\u00e7\u00e3o que s\u00e3o identificados e o or\u00e7amento, ali\u00e1s n\u00e3o se consegue perceber no or\u00e7amento onde se enquadram algumas das propostas do plano.<br \/>\nPara al\u00e9m disso h\u00e1 uma grande depend\u00eancia das transfer\u00eancias da c\u00e2mara e outros organismos, n\u00e3o demonstrando a junta grande capacidade para captar receitas adicionais.<br \/>\nA este nivel consideram que a junta revela pouco dinamismo por exemplo quando comparado com algumas IPSS que sentem dificuldades semelhantes.<br \/>\nFoi referido que era necess\u00e1rio um maior espirito inovador fazendo parcerias por exemplo com associa\u00e7\u00f5es localizadas na freguesia ou com empresas estabelecidas na frgeuesia no \u00e2mbito das suas politicas de responsabilidade social. Sen\u00e3o fica a ideia de que a junta poderia funcionar um pouco em autogest\u00e3o.<br \/>\nAs d\u00favidas da CDU e BE em rela\u00e7\u00e3o ao or\u00e7amento j\u00e1 tinham sido respondidas no periodo inicial.<\/p>\n<p>O or\u00e7amento passou com o voto contra do BE, absten\u00e7\u00e3o da CDU e PS e favor\u00e1vel do PSD<br \/>\nPaulo Ricardo do BE respondendo \u00e0 observa\u00e7\u00e3o de que o BE vota sempre contra referiu que certamente n\u00e3o poderia votar a favor de um or\u00e7amento que esquece franjas importantes da popula\u00e7\u00e3o como os jovens. Mas que espera poder votar a favor outras propostas do executivo.<\/p>\n<p>O BE apresentou ainda 2 mo\u00e7\u00f5es, a primeira uma mo\u00e7\u00e3o de solidariedade com Aminetu Haidar e a segunda com uma proposta de cria\u00e7\u00e3o de uma comiss\u00e3o com o objectivo de definir um programa e\/ou actividade para celebrar o centen\u00e1rio do 5 de Outubro.<\/p>\n","protected":false},"excerpt":{"rendered":"<p>A quarta reuni\u00e3o (entre reuni\u00f5es ordin\u00e1rias e extraordin\u00e1rias) da assembleia de freguesia de S. Ildefonso teve como objectivo principal discutir e votar as op\u00e7\u00f5es do plano e o or\u00e7amento para 2010. Um or\u00e7amento que nas palavras de Ab\u00edlio Santos do PS tem muitas vezes a palavra &#8220;continuaremos&#8221; e poucas a palavra &#8220;vamos fazer&#8221;. Durante o [&hellip;]<\/p>\n","protected":false},"author":1,"featured_media":0,"comment_status":"open","ping_status":"open","sticky":false,"template":"","format":"standard","meta":{"footnotes":""},"categories":[7],"tags":[21,90,126,218,267,308,474,489,491,511,543,567,685],"class_list":["post-1629","post","type-post","status-publish","format-standard","hentry","category-ler-ver-ouvir-passear","tag-abilio-santos","tag-be","tag-cdu","tag-elisio-branco","tag-freguesia","tag-ildefonso","tag-orcamento","tag-paulo-ricardo","tag-pcp","tag-plano-de-actividades","tag-psd","tag-reuniao","tag-wilson-faria"],"yoast_head":"<!-- This site is optimized with the Yoast SEO plugin v27.5 - https:\/\/yoast.com\/product\/yoast-seo-wordpress\/ -->\n<title>Junta de Freguesia Santo Ildefonso - Apresenta\u00e7\u00e3o Or\u00e7amento e Plano Actividades - Os Meus Apontamentos<\/title>\n<meta name=\"robots\" content=\"index, follow, max-snippet:-1, max-image-preview:large, max-video-preview:-1\" \/>\n<link rel=\"canonical\" href=\"https:\/\/osmeusapontamentos.com\/index.php\/2009\/12\/20\/junta-de-freguesia-santo-ildefonso-apresentacao-orcamento-e-plano-actividades\/\" \/>\n<meta property=\"og:locale\" content=\"pt_PT\" \/>\n<meta property=\"og:type\" content=\"article\" \/>\n<meta property=\"og:title\" content=\"Junta de Freguesia Santo Ildefonso - Apresenta\u00e7\u00e3o Or\u00e7amento e Plano Actividades - Os Meus Apontamentos\" \/>\n<meta property=\"og:description\" content=\"A quarta reuni\u00e3o (entre reuni\u00f5es ordin\u00e1rias e extraordin\u00e1rias) da assembleia de freguesia de S. Ildefonso teve como objectivo principal discutir e votar as op\u00e7\u00f5es do plano e o or\u00e7amento para 2010. Um or\u00e7amento que nas palavras de Ab\u00edlio Santos do PS tem muitas vezes a palavra &#8220;continuaremos&#8221; e poucas a palavra &#8220;vamos fazer&#8221;. Durante o [&hellip;]\" \/>\n<meta property=\"og:url\" content=\"https:\/\/osmeusapontamentos.com\/index.php\/2009\/12\/20\/junta-de-freguesia-santo-ildefonso-apresentacao-orcamento-e-plano-actividades\/\" \/>\n<meta property=\"og:site_name\" content=\"Os Meus Apontamentos\" \/>\n<meta property=\"article:published_time\" content=\"2009-12-20T15:11:26+00:00\" \/>\n<meta name=\"author\" content=\"Vitor Silva\" \/>\n<meta name=\"twitter:card\" content=\"summary_large_image\" \/>\n<meta name=\"twitter:creator\" content=\"@vitorsilva\" \/>\n<meta name=\"twitter:site\" content=\"@vitorsilva\" \/>\n<meta name=\"twitter:label1\" content=\"Escrito por\" \/>\n\t<meta name=\"twitter:data1\" content=\"Vitor Silva\" \/>\n\t<meta name=\"twitter:label2\" content=\"Tempo estimado de leitura\" \/>\n\t<meta name=\"twitter:data2\" content=\"6 minutos\" \/>\n<script type=\"application\/ld+json\" class=\"yoast-schema-graph\">{\"@context\":\"https:\\\/\\\/schema.org\",\"@graph\":[{\"@type\":\"Article\",\"@id\":\"https:\\\/\\\/osmeusapontamentos.com\\\/index.php\\\/2009\\\/12\\\/20\\\/junta-de-freguesia-santo-ildefonso-apresentacao-orcamento-e-plano-actividades\\\/#article\",\"isPartOf\":{\"@id\":\"https:\\\/\\\/osmeusapontamentos.com\\\/index.php\\\/2009\\\/12\\\/20\\\/junta-de-freguesia-santo-ildefonso-apresentacao-orcamento-e-plano-actividades\\\/\"},\"author\":{\"name\":\"Vitor Silva\",\"@id\":\"https:\\\/\\\/osmeusapontamentos.com\\\/#\\\/schema\\\/person\\\/d508df9c3ffc8b4e64a18dbf0ba18dd8\"},\"headline\":\"Junta de Freguesia Santo Ildefonso &#8211; Apresenta\u00e7\u00e3o Or\u00e7amento e Plano Actividades\",\"datePublished\":\"2009-12-20T15:11:26+00:00\",\"mainEntityOfPage\":{\"@id\":\"https:\\\/\\\/osmeusapontamentos.com\\\/index.php\\\/2009\\\/12\\\/20\\\/junta-de-freguesia-santo-ildefonso-apresentacao-orcamento-e-plano-actividades\\\/\"},\"wordCount\":1234,\"commentCount\":1,\"publisher\":{\"@id\":\"https:\\\/\\\/osmeusapontamentos.com\\\/#\\\/schema\\\/person\\\/d508df9c3ffc8b4e64a18dbf0ba18dd8\"},\"keywords\":[\"abilio santos\",\"be\",\"cdu\",\"elisio branco\",\"freguesia\",\"ildefonso\",\"or\u00e7amento\",\"paulo ricardo\",\"pcp\",\"plano de actividades\",\"psd\",\"reuniao\",\"wilson faria\"],\"articleSection\":[\"Ler\\\/ Ver\\\/ Ouvir\\\/ Passear\"],\"inLanguage\":\"pt-PT\",\"potentialAction\":[{\"@type\":\"CommentAction\",\"name\":\"Comment\",\"target\":[\"https:\\\/\\\/osmeusapontamentos.com\\\/index.php\\\/2009\\\/12\\\/20\\\/junta-de-freguesia-santo-ildefonso-apresentacao-orcamento-e-plano-actividades\\\/#respond\"]}]},{\"@type\":\"WebPage\",\"@id\":\"https:\\\/\\\/osmeusapontamentos.com\\\/index.php\\\/2009\\\/12\\\/20\\\/junta-de-freguesia-santo-ildefonso-apresentacao-orcamento-e-plano-actividades\\\/\",\"url\":\"https:\\\/\\\/osmeusapontamentos.com\\\/index.php\\\/2009\\\/12\\\/20\\\/junta-de-freguesia-santo-ildefonso-apresentacao-orcamento-e-plano-actividades\\\/\",\"name\":\"Junta de Freguesia Santo Ildefonso - Apresenta\u00e7\u00e3o Or\u00e7amento e Plano Actividades - Os Meus Apontamentos\",\"isPartOf\":{\"@id\":\"https:\\\/\\\/osmeusapontamentos.com\\\/#website\"},\"datePublished\":\"2009-12-20T15:11:26+00:00\",\"breadcrumb\":{\"@id\":\"https:\\\/\\\/osmeusapontamentos.com\\\/index.php\\\/2009\\\/12\\\/20\\\/junta-de-freguesia-santo-ildefonso-apresentacao-orcamento-e-plano-actividades\\\/#breadcrumb\"},\"inLanguage\":\"pt-PT\",\"potentialAction\":[{\"@type\":\"ReadAction\",\"target\":[\"https:\\\/\\\/osmeusapontamentos.com\\\/index.php\\\/2009\\\/12\\\/20\\\/junta-de-freguesia-santo-ildefonso-apresentacao-orcamento-e-plano-actividades\\\/\"]}]},{\"@type\":\"BreadcrumbList\",\"@id\":\"https:\\\/\\\/osmeusapontamentos.com\\\/index.php\\\/2009\\\/12\\\/20\\\/junta-de-freguesia-santo-ildefonso-apresentacao-orcamento-e-plano-actividades\\\/#breadcrumb\",\"itemListElement\":[{\"@type\":\"ListItem\",\"position\":1,\"name\":\"In\u00edcio\",\"item\":\"https:\\\/\\\/osmeusapontamentos.com\\\/\"},{\"@type\":\"ListItem\",\"position\":2,\"name\":\"Junta de Freguesia Santo Ildefonso &#8211; Apresenta\u00e7\u00e3o Or\u00e7amento e Plano Actividades\"}]},{\"@type\":\"WebSite\",\"@id\":\"https:\\\/\\\/osmeusapontamentos.com\\\/#website\",\"url\":\"https:\\\/\\\/osmeusapontamentos.com\\\/\",\"name\":\"Os Meus Apontamentos\",\"description\":\"\",\"publisher\":{\"@id\":\"https:\\\/\\\/osmeusapontamentos.com\\\/#\\\/schema\\\/person\\\/d508df9c3ffc8b4e64a18dbf0ba18dd8\"},\"potentialAction\":[{\"@type\":\"SearchAction\",\"target\":{\"@type\":\"EntryPoint\",\"urlTemplate\":\"https:\\\/\\\/osmeusapontamentos.com\\\/?s={search_term_string}\"},\"query-input\":{\"@type\":\"PropertyValueSpecification\",\"valueRequired\":true,\"valueName\":\"search_term_string\"}}],\"inLanguage\":\"pt-PT\"},{\"@type\":[\"Person\",\"Organization\"],\"@id\":\"https:\\\/\\\/osmeusapontamentos.com\\\/#\\\/schema\\\/person\\\/d508df9c3ffc8b4e64a18dbf0ba18dd8\",\"name\":\"Vitor Silva\",\"image\":{\"@type\":\"ImageObject\",\"inLanguage\":\"pt-PT\",\"@id\":\"https:\\\/\\\/secure.gravatar.com\\\/avatar\\\/f81f58ad909e8a213ab0a690f6ed65e5c0e0e2274bf35ac49ff31d7988d483ce?s=96&d=mm&r=g\",\"url\":\"https:\\\/\\\/secure.gravatar.com\\\/avatar\\\/f81f58ad909e8a213ab0a690f6ed65e5c0e0e2274bf35ac49ff31d7988d483ce?s=96&d=mm&r=g\",\"contentUrl\":\"https:\\\/\\\/secure.gravatar.com\\\/avatar\\\/f81f58ad909e8a213ab0a690f6ed65e5c0e0e2274bf35ac49ff31d7988d483ce?s=96&d=mm&r=g\",\"caption\":\"Vitor Silva\"},\"logo\":{\"@id\":\"https:\\\/\\\/secure.gravatar.com\\\/avatar\\\/f81f58ad909e8a213ab0a690f6ed65e5c0e0e2274bf35ac49ff31d7988d483ce?s=96&d=mm&r=g\"},\"sameAs\":[\"https:\\\/\\\/www.linkedin.com\\\/in\\\/vitormrsilva\",\"https:\\\/\\\/x.com\\\/vitorsilva\"]}]}<\/script>\n<!-- \/ Yoast SEO plugin. -->","yoast_head_json":{"title":"Junta de Freguesia Santo Ildefonso - Apresenta\u00e7\u00e3o Or\u00e7amento e Plano Actividades - Os Meus Apontamentos","robots":{"index":"index","follow":"follow","max-snippet":"max-snippet:-1","max-image-preview":"max-image-preview:large","max-video-preview":"max-video-preview:-1"},"canonical":"https:\/\/osmeusapontamentos.com\/index.php\/2009\/12\/20\/junta-de-freguesia-santo-ildefonso-apresentacao-orcamento-e-plano-actividades\/","og_locale":"pt_PT","og_type":"article","og_title":"Junta de Freguesia Santo Ildefonso - Apresenta\u00e7\u00e3o Or\u00e7amento e Plano Actividades - Os Meus Apontamentos","og_description":"A quarta reuni\u00e3o (entre reuni\u00f5es ordin\u00e1rias e extraordin\u00e1rias) da assembleia de freguesia de S. Ildefonso teve como objectivo principal discutir e votar as op\u00e7\u00f5es do plano e o or\u00e7amento para 2010. Um or\u00e7amento que nas palavras de Ab\u00edlio Santos do PS tem muitas vezes a palavra &#8220;continuaremos&#8221; e poucas a palavra &#8220;vamos fazer&#8221;. Durante o [&hellip;]","og_url":"https:\/\/osmeusapontamentos.com\/index.php\/2009\/12\/20\/junta-de-freguesia-santo-ildefonso-apresentacao-orcamento-e-plano-actividades\/","og_site_name":"Os Meus Apontamentos","article_published_time":"2009-12-20T15:11:26+00:00","author":"Vitor Silva","twitter_card":"summary_large_image","twitter_creator":"@vitorsilva","twitter_site":"@vitorsilva","twitter_misc":{"Escrito por":"Vitor Silva","Tempo estimado de leitura":"6 minutos"},"schema":{"@context":"https:\/\/schema.org","@graph":[{"@type":"Article","@id":"https:\/\/osmeusapontamentos.com\/index.php\/2009\/12\/20\/junta-de-freguesia-santo-ildefonso-apresentacao-orcamento-e-plano-actividades\/#article","isPartOf":{"@id":"https:\/\/osmeusapontamentos.com\/index.php\/2009\/12\/20\/junta-de-freguesia-santo-ildefonso-apresentacao-orcamento-e-plano-actividades\/"},"author":{"name":"Vitor Silva","@id":"https:\/\/osmeusapontamentos.com\/#\/schema\/person\/d508df9c3ffc8b4e64a18dbf0ba18dd8"},"headline":"Junta de Freguesia Santo Ildefonso &#8211; Apresenta\u00e7\u00e3o Or\u00e7amento e Plano Actividades","datePublished":"2009-12-20T15:11:26+00:00","mainEntityOfPage":{"@id":"https:\/\/osmeusapontamentos.com\/index.php\/2009\/12\/20\/junta-de-freguesia-santo-ildefonso-apresentacao-orcamento-e-plano-actividades\/"},"wordCount":1234,"commentCount":1,"publisher":{"@id":"https:\/\/osmeusapontamentos.com\/#\/schema\/person\/d508df9c3ffc8b4e64a18dbf0ba18dd8"},"keywords":["abilio santos","be","cdu","elisio branco","freguesia","ildefonso","or\u00e7amento","paulo ricardo","pcp","plano de actividades","psd","reuniao","wilson faria"],"articleSection":["Ler\/ Ver\/ Ouvir\/ Passear"],"inLanguage":"pt-PT","potentialAction":[{"@type":"CommentAction","name":"Comment","target":["https:\/\/osmeusapontamentos.com\/index.php\/2009\/12\/20\/junta-de-freguesia-santo-ildefonso-apresentacao-orcamento-e-plano-actividades\/#respond"]}]},{"@type":"WebPage","@id":"https:\/\/osmeusapontamentos.com\/index.php\/2009\/12\/20\/junta-de-freguesia-santo-ildefonso-apresentacao-orcamento-e-plano-actividades\/","url":"https:\/\/osmeusapontamentos.com\/index.php\/2009\/12\/20\/junta-de-freguesia-santo-ildefonso-apresentacao-orcamento-e-plano-actividades\/","name":"Junta de Freguesia Santo Ildefonso - Apresenta\u00e7\u00e3o Or\u00e7amento e Plano Actividades - Os Meus Apontamentos","isPartOf":{"@id":"https:\/\/osmeusapontamentos.com\/#website"},"datePublished":"2009-12-20T15:11:26+00:00","breadcrumb":{"@id":"https:\/\/osmeusapontamentos.com\/index.php\/2009\/12\/20\/junta-de-freguesia-santo-ildefonso-apresentacao-orcamento-e-plano-actividades\/#breadcrumb"},"inLanguage":"pt-PT","potentialAction":[{"@type":"ReadAction","target":["https:\/\/osmeusapontamentos.com\/index.php\/2009\/12\/20\/junta-de-freguesia-santo-ildefonso-apresentacao-orcamento-e-plano-actividades\/"]}]},{"@type":"BreadcrumbList","@id":"https:\/\/osmeusapontamentos.com\/index.php\/2009\/12\/20\/junta-de-freguesia-santo-ildefonso-apresentacao-orcamento-e-plano-actividades\/#breadcrumb","itemListElement":[{"@type":"ListItem","position":1,"name":"In\u00edcio","item":"https:\/\/osmeusapontamentos.com\/"},{"@type":"ListItem","position":2,"name":"Junta de Freguesia Santo Ildefonso &#8211; Apresenta\u00e7\u00e3o Or\u00e7amento e Plano Actividades"}]},{"@type":"WebSite","@id":"https:\/\/osmeusapontamentos.com\/#website","url":"https:\/\/osmeusapontamentos.com\/","name":"Os Meus Apontamentos","description":"","publisher":{"@id":"https:\/\/osmeusapontamentos.com\/#\/schema\/person\/d508df9c3ffc8b4e64a18dbf0ba18dd8"},"potentialAction":[{"@type":"SearchAction","target":{"@type":"EntryPoint","urlTemplate":"https:\/\/osmeusapontamentos.com\/?s={search_term_string}"},"query-input":{"@type":"PropertyValueSpecification","valueRequired":true,"valueName":"search_term_string"}}],"inLanguage":"pt-PT"},{"@type":["Person","Organization"],"@id":"https:\/\/osmeusapontamentos.com\/#\/schema\/person\/d508df9c3ffc8b4e64a18dbf0ba18dd8","name":"Vitor Silva","image":{"@type":"ImageObject","inLanguage":"pt-PT","@id":"https:\/\/secure.gravatar.com\/avatar\/f81f58ad909e8a213ab0a690f6ed65e5c0e0e2274bf35ac49ff31d7988d483ce?s=96&d=mm&r=g","url":"https:\/\/secure.gravatar.com\/avatar\/f81f58ad909e8a213ab0a690f6ed65e5c0e0e2274bf35ac49ff31d7988d483ce?s=96&d=mm&r=g","contentUrl":"https:\/\/secure.gravatar.com\/avatar\/f81f58ad909e8a213ab0a690f6ed65e5c0e0e2274bf35ac49ff31d7988d483ce?s=96&d=mm&r=g","caption":"Vitor Silva"},"logo":{"@id":"https:\/\/secure.gravatar.com\/avatar\/f81f58ad909e8a213ab0a690f6ed65e5c0e0e2274bf35ac49ff31d7988d483ce?s=96&d=mm&r=g"},"sameAs":["https:\/\/www.linkedin.com\/in\/vitormrsilva","https:\/\/x.com\/vitorsilva"]}]}},"_links":{"self":[{"href":"https:\/\/osmeusapontamentos.com\/index.php\/wp-json\/wp\/v2\/posts\/1629","targetHints":{"allow":["GET"]}}],"collection":[{"href":"https:\/\/osmeusapontamentos.com\/index.php\/wp-json\/wp\/v2\/posts"}],"about":[{"href":"https:\/\/osmeusapontamentos.com\/index.php\/wp-json\/wp\/v2\/types\/post"}],"author":[{"embeddable":true,"href":"https:\/\/osmeusapontamentos.com\/index.php\/wp-json\/wp\/v2\/users\/1"}],"replies":[{"embeddable":true,"href":"https:\/\/osmeusapontamentos.com\/index.php\/wp-json\/wp\/v2\/comments?post=1629"}],"version-history":[{"count":0,"href":"https:\/\/osmeusapontamentos.com\/index.php\/wp-json\/wp\/v2\/posts\/1629\/revisions"}],"wp:attachment":[{"href":"https:\/\/osmeusapontamentos.com\/index.php\/wp-json\/wp\/v2\/media?parent=1629"}],"wp:term":[{"taxonomy":"category","embeddable":true,"href":"https:\/\/osmeusapontamentos.com\/index.php\/wp-json\/wp\/v2\/categories?post=1629"},{"taxonomy":"post_tag","embeddable":true,"href":"https:\/\/osmeusapontamentos.com\/index.php\/wp-json\/wp\/v2\/tags?post=1629"}],"curies":[{"name":"wp","href":"https:\/\/api.w.org\/{rel}","templated":true}]}}