{"id":1627,"date":"2009-10-06T15:02:10","date_gmt":"2009-10-06T15:02:10","guid":{"rendered":"http:\/\/osmeusapontamentos.com\/?p=1627"},"modified":"2009-10-06T15:02:10","modified_gmt":"2009-10-06T15:02:10","slug":"junta-de-freguesia-de-santo-ildefonso-reuniao","status":"publish","type":"post","link":"https:\/\/osmeusapontamentos.com\/index.php\/2009\/10\/06\/junta-de-freguesia-de-santo-ildefonso-reuniao\/","title":{"rendered":"Junta de Freguesia de Santo Ildefonso &#8211; reuni\u00e3o"},"content":{"rendered":"<p>Comecei hoje a acompanhar mais de perto a realidade pol\u00edtica da J.F. de Santo Ildefonso atrav\u00e9s da presen\u00e7a na reuni\u00e3o para elei\u00e7\u00e3o dos \u00f3rg\u00e3os da junta. Esta foi uma reuni\u00e3o extraordin\u00e1ria na medida em que este processo deveria ter ficado resolvido na reuni\u00e3o de dia 28 de Outubro.<\/p>\n<p>O problema que ocorreu no dia 28 de Outubro, tal como vem <a href=\"http:\/\/jornal.publico.clix.pt\/noticia\/03-11-2009\/eleicao-do-executivo-da-junta-de-santo-ildefonso-sera-repetida-lista-familiar-18144069.htm\">retratado no P\u00fablico de 3 de Novembro<\/a>, foi que <span class=\"azulitalico\">&#8220;Um dos filhos de Wilson Faria [presidente re-eleito], Carlos Faria, que se encontrava no 19\u00ba lugar na lista da coliga\u00e7\u00e3o [de uma lista de 20 pessoas], tomou posse como um dos cinco membros do executivo, sem que tivesse havido a ren\u00fancia de todos os candidatos que estavam \u00e0 sua frente&#8221;.<\/span><\/p>\n<p>A quest\u00e3o da <a href=\"http:\/\/stildefonsocomfuturo.blogspot.com\/2009\/10\/wilson-faria-lda.html\">inclus\u00e3o de diversos familiares<\/a> de Wilson Faria (5 no total) na lista da coliga\u00e7\u00e3o PSD\/CDS-PP foi uma das que levantou alguma celeuma durante a campanha embora na minha opini\u00e3o tamb\u00e9m se pudesse argumentar que n\u00e3o haveria nada mais democr\u00e1tico do que propor a vota\u00e7\u00e3o uma lista com estas quest\u00f5es. Embora Wilson Faria tenha apelidado esta irregularidade na elei\u00e7\u00e3o do executivo de &#8220;pequena ilegalidade&#8221; resultante de um &#8220;engano geral&#8221;, todos os partidos da oposi\u00e7\u00e3o fizeram quest\u00e3o de se demarcar da <em>&#8220;forma demasiado ligeira como o presidente resolveu a quest\u00e3o&#8221;<\/em> (Lu\u00eds Filipe Azevedo PS). El\u00edsio Branco (CDU) referiu ainda que a <em>&#8220;responsabilidade do ocorrido foi da coliga\u00e7\u00e3o vencedora&#8221;<\/em> e Paulo Ricardo (BE) recuperando palavras do pr\u00f3prio presidente em situa\u00e7\u00e3o anterior concluiu com um <em>&#8220;at\u00e9 ver somos todos s\u00e9rios&#8221;<\/em> que na minha opini\u00e3o pode representar que este problema foi ultrapassado mas que a oposi\u00e7\u00e3o ir\u00e1 acompanhar de perto as diferentes actividades do executivo.<\/p>\n<p>&#8212;<br \/>\n<a href=\"..\/\">osmeusapontamentos.com<\/a><\/p>\n","protected":false},"excerpt":{"rendered":"<p>Comecei hoje a acompanhar mais de perto a realidade pol\u00edtica da J.F. de Santo Ildefonso atrav\u00e9s da presen\u00e7a na reuni\u00e3o para elei\u00e7\u00e3o dos \u00f3rg\u00e3os da junta. Esta foi uma reuni\u00e3o extraordin\u00e1ria na medida em que este processo deveria ter ficado resolvido na reuni\u00e3o de dia 28 de Outubro. O problema que ocorreu no dia 28 [&hellip;]<\/p>\n","protected":false},"author":1,"featured_media":0,"comment_status":"open","ping_status":"open","sticky":false,"template":"","format":"standard","meta":{"footnotes":""},"categories":[7],"tags":[267,308,567],"class_list":["post-1627","post","type-post","status-publish","format-standard","hentry","category-ler-ver-ouvir-passear","tag-freguesia","tag-ildefonso","tag-reuniao"],"yoast_head":"<!-- This site is optimized with the Yoast SEO plugin v27.5 - https:\/\/yoast.com\/product\/yoast-seo-wordpress\/ -->\n<title>Junta de Freguesia de Santo Ildefonso - reuni\u00e3o - Os Meus Apontamentos<\/title>\n<meta name=\"robots\" content=\"index, follow, max-snippet:-1, max-image-preview:large, max-video-preview:-1\" \/>\n<link rel=\"canonical\" href=\"https:\/\/osmeusapontamentos.com\/index.php\/2009\/10\/06\/junta-de-freguesia-de-santo-ildefonso-reuniao\/\" \/>\n<meta property=\"og:locale\" content=\"pt_PT\" \/>\n<meta property=\"og:type\" content=\"article\" \/>\n<meta property=\"og:title\" content=\"Junta de Freguesia de Santo Ildefonso - reuni\u00e3o - Os Meus Apontamentos\" \/>\n<meta property=\"og:description\" content=\"Comecei hoje a acompanhar mais de perto a realidade pol\u00edtica da J.F. de Santo Ildefonso atrav\u00e9s da presen\u00e7a na reuni\u00e3o para elei\u00e7\u00e3o dos \u00f3rg\u00e3os da junta. Esta foi uma reuni\u00e3o extraordin\u00e1ria na medida em que este processo deveria ter ficado resolvido na reuni\u00e3o de dia 28 de Outubro. O problema que ocorreu no dia 28 [&hellip;]\" \/>\n<meta property=\"og:url\" content=\"https:\/\/osmeusapontamentos.com\/index.php\/2009\/10\/06\/junta-de-freguesia-de-santo-ildefonso-reuniao\/\" \/>\n<meta property=\"og:site_name\" content=\"Os Meus Apontamentos\" \/>\n<meta property=\"article:published_time\" content=\"2009-10-06T15:02:10+00:00\" \/>\n<meta name=\"author\" content=\"Vitor Silva\" \/>\n<meta name=\"twitter:card\" content=\"summary_large_image\" \/>\n<meta name=\"twitter:creator\" content=\"@vitorsilva\" \/>\n<meta name=\"twitter:site\" content=\"@vitorsilva\" \/>\n<meta name=\"twitter:label1\" content=\"Escrito por\" \/>\n\t<meta name=\"twitter:data1\" content=\"Vitor Silva\" \/>\n\t<meta name=\"twitter:label2\" content=\"Tempo estimado de leitura\" \/>\n\t<meta name=\"twitter:data2\" content=\"2 minutos\" \/>\n<script type=\"application\/ld+json\" class=\"yoast-schema-graph\">{\"@context\":\"https:\\\/\\\/schema.org\",\"@graph\":[{\"@type\":\"Article\",\"@id\":\"https:\\\/\\\/osmeusapontamentos.com\\\/index.php\\\/2009\\\/10\\\/06\\\/junta-de-freguesia-de-santo-ildefonso-reuniao\\\/#article\",\"isPartOf\":{\"@id\":\"https:\\\/\\\/osmeusapontamentos.com\\\/index.php\\\/2009\\\/10\\\/06\\\/junta-de-freguesia-de-santo-ildefonso-reuniao\\\/\"},\"author\":{\"name\":\"Vitor Silva\",\"@id\":\"https:\\\/\\\/osmeusapontamentos.com\\\/#\\\/schema\\\/person\\\/d508df9c3ffc8b4e64a18dbf0ba18dd8\"},\"headline\":\"Junta de Freguesia de Santo Ildefonso &#8211; reuni\u00e3o\",\"datePublished\":\"2009-10-06T15:02:10+00:00\",\"mainEntityOfPage\":{\"@id\":\"https:\\\/\\\/osmeusapontamentos.com\\\/index.php\\\/2009\\\/10\\\/06\\\/junta-de-freguesia-de-santo-ildefonso-reuniao\\\/\"},\"wordCount\":312,\"commentCount\":0,\"publisher\":{\"@id\":\"https:\\\/\\\/osmeusapontamentos.com\\\/#\\\/schema\\\/person\\\/d508df9c3ffc8b4e64a18dbf0ba18dd8\"},\"keywords\":[\"freguesia\",\"ildefonso\",\"reuniao\"],\"articleSection\":[\"Ler\\\/ Ver\\\/ Ouvir\\\/ Passear\"],\"inLanguage\":\"pt-PT\",\"potentialAction\":[{\"@type\":\"CommentAction\",\"name\":\"Comment\",\"target\":[\"https:\\\/\\\/osmeusapontamentos.com\\\/index.php\\\/2009\\\/10\\\/06\\\/junta-de-freguesia-de-santo-ildefonso-reuniao\\\/#respond\"]}]},{\"@type\":\"WebPage\",\"@id\":\"https:\\\/\\\/osmeusapontamentos.com\\\/index.php\\\/2009\\\/10\\\/06\\\/junta-de-freguesia-de-santo-ildefonso-reuniao\\\/\",\"url\":\"https:\\\/\\\/osmeusapontamentos.com\\\/index.php\\\/2009\\\/10\\\/06\\\/junta-de-freguesia-de-santo-ildefonso-reuniao\\\/\",\"name\":\"Junta de Freguesia de Santo Ildefonso - reuni\u00e3o - Os Meus Apontamentos\",\"isPartOf\":{\"@id\":\"https:\\\/\\\/osmeusapontamentos.com\\\/#website\"},\"datePublished\":\"2009-10-06T15:02:10+00:00\",\"breadcrumb\":{\"@id\":\"https:\\\/\\\/osmeusapontamentos.com\\\/index.php\\\/2009\\\/10\\\/06\\\/junta-de-freguesia-de-santo-ildefonso-reuniao\\\/#breadcrumb\"},\"inLanguage\":\"pt-PT\",\"potentialAction\":[{\"@type\":\"ReadAction\",\"target\":[\"https:\\\/\\\/osmeusapontamentos.com\\\/index.php\\\/2009\\\/10\\\/06\\\/junta-de-freguesia-de-santo-ildefonso-reuniao\\\/\"]}]},{\"@type\":\"BreadcrumbList\",\"@id\":\"https:\\\/\\\/osmeusapontamentos.com\\\/index.php\\\/2009\\\/10\\\/06\\\/junta-de-freguesia-de-santo-ildefonso-reuniao\\\/#breadcrumb\",\"itemListElement\":[{\"@type\":\"ListItem\",\"position\":1,\"name\":\"In\u00edcio\",\"item\":\"https:\\\/\\\/osmeusapontamentos.com\\\/\"},{\"@type\":\"ListItem\",\"position\":2,\"name\":\"Junta de Freguesia de Santo Ildefonso &#8211; reuni\u00e3o\"}]},{\"@type\":\"WebSite\",\"@id\":\"https:\\\/\\\/osmeusapontamentos.com\\\/#website\",\"url\":\"https:\\\/\\\/osmeusapontamentos.com\\\/\",\"name\":\"Os Meus Apontamentos\",\"description\":\"\",\"publisher\":{\"@id\":\"https:\\\/\\\/osmeusapontamentos.com\\\/#\\\/schema\\\/person\\\/d508df9c3ffc8b4e64a18dbf0ba18dd8\"},\"potentialAction\":[{\"@type\":\"SearchAction\",\"target\":{\"@type\":\"EntryPoint\",\"urlTemplate\":\"https:\\\/\\\/osmeusapontamentos.com\\\/?s={search_term_string}\"},\"query-input\":{\"@type\":\"PropertyValueSpecification\",\"valueRequired\":true,\"valueName\":\"search_term_string\"}}],\"inLanguage\":\"pt-PT\"},{\"@type\":[\"Person\",\"Organization\"],\"@id\":\"https:\\\/\\\/osmeusapontamentos.com\\\/#\\\/schema\\\/person\\\/d508df9c3ffc8b4e64a18dbf0ba18dd8\",\"name\":\"Vitor Silva\",\"image\":{\"@type\":\"ImageObject\",\"inLanguage\":\"pt-PT\",\"@id\":\"https:\\\/\\\/secure.gravatar.com\\\/avatar\\\/f81f58ad909e8a213ab0a690f6ed65e5c0e0e2274bf35ac49ff31d7988d483ce?s=96&d=mm&r=g\",\"url\":\"https:\\\/\\\/secure.gravatar.com\\\/avatar\\\/f81f58ad909e8a213ab0a690f6ed65e5c0e0e2274bf35ac49ff31d7988d483ce?s=96&d=mm&r=g\",\"contentUrl\":\"https:\\\/\\\/secure.gravatar.com\\\/avatar\\\/f81f58ad909e8a213ab0a690f6ed65e5c0e0e2274bf35ac49ff31d7988d483ce?s=96&d=mm&r=g\",\"caption\":\"Vitor Silva\"},\"logo\":{\"@id\":\"https:\\\/\\\/secure.gravatar.com\\\/avatar\\\/f81f58ad909e8a213ab0a690f6ed65e5c0e0e2274bf35ac49ff31d7988d483ce?s=96&d=mm&r=g\"},\"sameAs\":[\"https:\\\/\\\/www.linkedin.com\\\/in\\\/vitormrsilva\",\"https:\\\/\\\/x.com\\\/vitorsilva\"]}]}<\/script>\n<!-- \/ Yoast SEO plugin. -->","yoast_head_json":{"title":"Junta de Freguesia de Santo Ildefonso - reuni\u00e3o - Os Meus Apontamentos","robots":{"index":"index","follow":"follow","max-snippet":"max-snippet:-1","max-image-preview":"max-image-preview:large","max-video-preview":"max-video-preview:-1"},"canonical":"https:\/\/osmeusapontamentos.com\/index.php\/2009\/10\/06\/junta-de-freguesia-de-santo-ildefonso-reuniao\/","og_locale":"pt_PT","og_type":"article","og_title":"Junta de Freguesia de Santo Ildefonso - reuni\u00e3o - Os Meus Apontamentos","og_description":"Comecei hoje a acompanhar mais de perto a realidade pol\u00edtica da J.F. de Santo Ildefonso atrav\u00e9s da presen\u00e7a na reuni\u00e3o para elei\u00e7\u00e3o dos \u00f3rg\u00e3os da junta. Esta foi uma reuni\u00e3o extraordin\u00e1ria na medida em que este processo deveria ter ficado resolvido na reuni\u00e3o de dia 28 de Outubro. O problema que ocorreu no dia 28 [&hellip;]","og_url":"https:\/\/osmeusapontamentos.com\/index.php\/2009\/10\/06\/junta-de-freguesia-de-santo-ildefonso-reuniao\/","og_site_name":"Os Meus Apontamentos","article_published_time":"2009-10-06T15:02:10+00:00","author":"Vitor Silva","twitter_card":"summary_large_image","twitter_creator":"@vitorsilva","twitter_site":"@vitorsilva","twitter_misc":{"Escrito por":"Vitor Silva","Tempo estimado de leitura":"2 minutos"},"schema":{"@context":"https:\/\/schema.org","@graph":[{"@type":"Article","@id":"https:\/\/osmeusapontamentos.com\/index.php\/2009\/10\/06\/junta-de-freguesia-de-santo-ildefonso-reuniao\/#article","isPartOf":{"@id":"https:\/\/osmeusapontamentos.com\/index.php\/2009\/10\/06\/junta-de-freguesia-de-santo-ildefonso-reuniao\/"},"author":{"name":"Vitor Silva","@id":"https:\/\/osmeusapontamentos.com\/#\/schema\/person\/d508df9c3ffc8b4e64a18dbf0ba18dd8"},"headline":"Junta de Freguesia de Santo Ildefonso &#8211; reuni\u00e3o","datePublished":"2009-10-06T15:02:10+00:00","mainEntityOfPage":{"@id":"https:\/\/osmeusapontamentos.com\/index.php\/2009\/10\/06\/junta-de-freguesia-de-santo-ildefonso-reuniao\/"},"wordCount":312,"commentCount":0,"publisher":{"@id":"https:\/\/osmeusapontamentos.com\/#\/schema\/person\/d508df9c3ffc8b4e64a18dbf0ba18dd8"},"keywords":["freguesia","ildefonso","reuniao"],"articleSection":["Ler\/ Ver\/ Ouvir\/ Passear"],"inLanguage":"pt-PT","potentialAction":[{"@type":"CommentAction","name":"Comment","target":["https:\/\/osmeusapontamentos.com\/index.php\/2009\/10\/06\/junta-de-freguesia-de-santo-ildefonso-reuniao\/#respond"]}]},{"@type":"WebPage","@id":"https:\/\/osmeusapontamentos.com\/index.php\/2009\/10\/06\/junta-de-freguesia-de-santo-ildefonso-reuniao\/","url":"https:\/\/osmeusapontamentos.com\/index.php\/2009\/10\/06\/junta-de-freguesia-de-santo-ildefonso-reuniao\/","name":"Junta de Freguesia de Santo Ildefonso - reuni\u00e3o - Os Meus Apontamentos","isPartOf":{"@id":"https:\/\/osmeusapontamentos.com\/#website"},"datePublished":"2009-10-06T15:02:10+00:00","breadcrumb":{"@id":"https:\/\/osmeusapontamentos.com\/index.php\/2009\/10\/06\/junta-de-freguesia-de-santo-ildefonso-reuniao\/#breadcrumb"},"inLanguage":"pt-PT","potentialAction":[{"@type":"ReadAction","target":["https:\/\/osmeusapontamentos.com\/index.php\/2009\/10\/06\/junta-de-freguesia-de-santo-ildefonso-reuniao\/"]}]},{"@type":"BreadcrumbList","@id":"https:\/\/osmeusapontamentos.com\/index.php\/2009\/10\/06\/junta-de-freguesia-de-santo-ildefonso-reuniao\/#breadcrumb","itemListElement":[{"@type":"ListItem","position":1,"name":"In\u00edcio","item":"https:\/\/osmeusapontamentos.com\/"},{"@type":"ListItem","position":2,"name":"Junta de Freguesia de Santo Ildefonso &#8211; reuni\u00e3o"}]},{"@type":"WebSite","@id":"https:\/\/osmeusapontamentos.com\/#website","url":"https:\/\/osmeusapontamentos.com\/","name":"Os Meus Apontamentos","description":"","publisher":{"@id":"https:\/\/osmeusapontamentos.com\/#\/schema\/person\/d508df9c3ffc8b4e64a18dbf0ba18dd8"},"potentialAction":[{"@type":"SearchAction","target":{"@type":"EntryPoint","urlTemplate":"https:\/\/osmeusapontamentos.com\/?s={search_term_string}"},"query-input":{"@type":"PropertyValueSpecification","valueRequired":true,"valueName":"search_term_string"}}],"inLanguage":"pt-PT"},{"@type":["Person","Organization"],"@id":"https:\/\/osmeusapontamentos.com\/#\/schema\/person\/d508df9c3ffc8b4e64a18dbf0ba18dd8","name":"Vitor Silva","image":{"@type":"ImageObject","inLanguage":"pt-PT","@id":"https:\/\/secure.gravatar.com\/avatar\/f81f58ad909e8a213ab0a690f6ed65e5c0e0e2274bf35ac49ff31d7988d483ce?s=96&d=mm&r=g","url":"https:\/\/secure.gravatar.com\/avatar\/f81f58ad909e8a213ab0a690f6ed65e5c0e0e2274bf35ac49ff31d7988d483ce?s=96&d=mm&r=g","contentUrl":"https:\/\/secure.gravatar.com\/avatar\/f81f58ad909e8a213ab0a690f6ed65e5c0e0e2274bf35ac49ff31d7988d483ce?s=96&d=mm&r=g","caption":"Vitor Silva"},"logo":{"@id":"https:\/\/secure.gravatar.com\/avatar\/f81f58ad909e8a213ab0a690f6ed65e5c0e0e2274bf35ac49ff31d7988d483ce?s=96&d=mm&r=g"},"sameAs":["https:\/\/www.linkedin.com\/in\/vitormrsilva","https:\/\/x.com\/vitorsilva"]}]}},"_links":{"self":[{"href":"https:\/\/osmeusapontamentos.com\/index.php\/wp-json\/wp\/v2\/posts\/1627","targetHints":{"allow":["GET"]}}],"collection":[{"href":"https:\/\/osmeusapontamentos.com\/index.php\/wp-json\/wp\/v2\/posts"}],"about":[{"href":"https:\/\/osmeusapontamentos.com\/index.php\/wp-json\/wp\/v2\/types\/post"}],"author":[{"embeddable":true,"href":"https:\/\/osmeusapontamentos.com\/index.php\/wp-json\/wp\/v2\/users\/1"}],"replies":[{"embeddable":true,"href":"https:\/\/osmeusapontamentos.com\/index.php\/wp-json\/wp\/v2\/comments?post=1627"}],"version-history":[{"count":0,"href":"https:\/\/osmeusapontamentos.com\/index.php\/wp-json\/wp\/v2\/posts\/1627\/revisions"}],"wp:attachment":[{"href":"https:\/\/osmeusapontamentos.com\/index.php\/wp-json\/wp\/v2\/media?parent=1627"}],"wp:term":[{"taxonomy":"category","embeddable":true,"href":"https:\/\/osmeusapontamentos.com\/index.php\/wp-json\/wp\/v2\/categories?post=1627"},{"taxonomy":"post_tag","embeddable":true,"href":"https:\/\/osmeusapontamentos.com\/index.php\/wp-json\/wp\/v2\/tags?post=1627"}],"curies":[{"name":"wp","href":"https:\/\/api.w.org\/{rel}","templated":true}]}}