{"id":1622,"date":"2009-12-04T12:00:14","date_gmt":"2009-12-04T12:00:14","guid":{"rendered":"http:\/\/osmeusapontamentos.com\/?p=1622"},"modified":"2009-12-04T12:00:14","modified_gmt":"2009-12-04T12:00:14","slug":"i-tertulia-do-aventar-salgueiro-maia-e-a-memoria-da-revolucao","status":"publish","type":"post","link":"https:\/\/osmeusapontamentos.com\/index.php\/2009\/12\/04\/i-tertulia-do-aventar-salgueiro-maia-e-a-memoria-da-revolucao\/","title":{"rendered":"I Tert\u00falia do Aventar &#8211; Salgueiro Maia e a Mem\u00f3ria da Revolu\u00e7\u00e3o"},"content":{"rendered":"<p><img decoding=\"async\" src=\"http:\/\/fotos.sapo.pt\/j5cYbOZ5mcsrvBhCNFGI\/500x500\" alt=\"Aventar\" \/><\/p>\n","protected":false},"excerpt":{"rendered":"","protected":false},"author":1,"featured_media":0,"comment_status":"open","ping_status":"open","sticky":false,"template":"","format":"standard","meta":{"footnotes":""},"categories":[8],"tags":[80,586],"class_list":["post-1622","post","type-post","status-publish","format-standard","hentry","category-opiniao-2","tag-aventar","tag-salgueiro-maia"],"yoast_head":"<!-- This site is optimized with the Yoast SEO plugin v27.5 - https:\/\/yoast.com\/product\/yoast-seo-wordpress\/ -->\n<title>I Tert\u00falia do Aventar - Salgueiro Maia e a Mem\u00f3ria da Revolu\u00e7\u00e3o - Os Meus Apontamentos<\/title>\n<meta name=\"robots\" content=\"index, follow, max-snippet:-1, max-image-preview:large, max-video-preview:-1\" \/>\n<link rel=\"canonical\" href=\"https:\/\/osmeusapontamentos.com\/index.php\/2009\/12\/04\/i-tertulia-do-aventar-salgueiro-maia-e-a-memoria-da-revolucao\/\" \/>\n<meta property=\"og:locale\" content=\"pt_PT\" \/>\n<meta property=\"og:type\" content=\"article\" \/>\n<meta property=\"og:title\" content=\"I Tert\u00falia do Aventar - Salgueiro Maia e a Mem\u00f3ria da Revolu\u00e7\u00e3o - Os Meus Apontamentos\" \/>\n<meta property=\"og:url\" content=\"https:\/\/osmeusapontamentos.com\/index.php\/2009\/12\/04\/i-tertulia-do-aventar-salgueiro-maia-e-a-memoria-da-revolucao\/\" \/>\n<meta property=\"og:site_name\" content=\"Os Meus Apontamentos\" \/>\n<meta property=\"article:published_time\" content=\"2009-12-04T12:00:14+00:00\" \/>\n<meta property=\"og:image\" content=\"http:\/\/fotos.sapo.pt\/j5cYbOZ5mcsrvBhCNFGI\/500x500\" \/>\n<meta name=\"author\" content=\"Vitor Silva\" \/>\n<meta name=\"twitter:card\" content=\"summary_large_image\" \/>\n<meta name=\"twitter:creator\" content=\"@vitorsilva\" \/>\n<meta name=\"twitter:site\" content=\"@vitorsilva\" \/>\n<meta name=\"twitter:label1\" content=\"Escrito por\" \/>\n\t<meta name=\"twitter:data1\" content=\"Vitor Silva\" \/>\n<script type=\"application\/ld+json\" class=\"yoast-schema-graph\">{\"@context\":\"https:\\\/\\\/schema.org\",\"@graph\":[{\"@type\":\"Article\",\"@id\":\"https:\\\/\\\/osmeusapontamentos.com\\\/index.php\\\/2009\\\/12\\\/04\\\/i-tertulia-do-aventar-salgueiro-maia-e-a-memoria-da-revolucao\\\/#article\",\"isPartOf\":{\"@id\":\"https:\\\/\\\/osmeusapontamentos.com\\\/index.php\\\/2009\\\/12\\\/04\\\/i-tertulia-do-aventar-salgueiro-maia-e-a-memoria-da-revolucao\\\/\"},\"author\":{\"name\":\"Vitor Silva\",\"@id\":\"https:\\\/\\\/osmeusapontamentos.com\\\/#\\\/schema\\\/person\\\/d508df9c3ffc8b4e64a18dbf0ba18dd8\"},\"headline\":\"I Tert\u00falia do Aventar &#8211; Salgueiro Maia e a Mem\u00f3ria da Revolu\u00e7\u00e3o\",\"datePublished\":\"2009-12-04T12:00:14+00:00\",\"mainEntityOfPage\":{\"@id\":\"https:\\\/\\\/osmeusapontamentos.com\\\/index.php\\\/2009\\\/12\\\/04\\\/i-tertulia-do-aventar-salgueiro-maia-e-a-memoria-da-revolucao\\\/\"},\"wordCount\":15,\"commentCount\":0,\"publisher\":{\"@id\":\"https:\\\/\\\/osmeusapontamentos.com\\\/#\\\/schema\\\/person\\\/d508df9c3ffc8b4e64a18dbf0ba18dd8\"},\"image\":{\"@id\":\"https:\\\/\\\/osmeusapontamentos.com\\\/index.php\\\/2009\\\/12\\\/04\\\/i-tertulia-do-aventar-salgueiro-maia-e-a-memoria-da-revolucao\\\/#primaryimage\"},\"thumbnailUrl\":\"http:\\\/\\\/fotos.sapo.pt\\\/j5cYbOZ5mcsrvBhCNFGI\\\/500x500\",\"keywords\":[\"aventar\",\"salgueiro maia\"],\"articleSection\":[\"Opini\u00e3o\"],\"inLanguage\":\"pt-PT\",\"potentialAction\":[{\"@type\":\"CommentAction\",\"name\":\"Comment\",\"target\":[\"https:\\\/\\\/osmeusapontamentos.com\\\/index.php\\\/2009\\\/12\\\/04\\\/i-tertulia-do-aventar-salgueiro-maia-e-a-memoria-da-revolucao\\\/#respond\"]}]},{\"@type\":\"WebPage\",\"@id\":\"https:\\\/\\\/osmeusapontamentos.com\\\/index.php\\\/2009\\\/12\\\/04\\\/i-tertulia-do-aventar-salgueiro-maia-e-a-memoria-da-revolucao\\\/\",\"url\":\"https:\\\/\\\/osmeusapontamentos.com\\\/index.php\\\/2009\\\/12\\\/04\\\/i-tertulia-do-aventar-salgueiro-maia-e-a-memoria-da-revolucao\\\/\",\"name\":\"I Tert\u00falia do Aventar - Salgueiro Maia e a Mem\u00f3ria da Revolu\u00e7\u00e3o - Os Meus Apontamentos\",\"isPartOf\":{\"@id\":\"https:\\\/\\\/osmeusapontamentos.com\\\/#website\"},\"primaryImageOfPage\":{\"@id\":\"https:\\\/\\\/osmeusapontamentos.com\\\/index.php\\\/2009\\\/12\\\/04\\\/i-tertulia-do-aventar-salgueiro-maia-e-a-memoria-da-revolucao\\\/#primaryimage\"},\"image\":{\"@id\":\"https:\\\/\\\/osmeusapontamentos.com\\\/index.php\\\/2009\\\/12\\\/04\\\/i-tertulia-do-aventar-salgueiro-maia-e-a-memoria-da-revolucao\\\/#primaryimage\"},\"thumbnailUrl\":\"http:\\\/\\\/fotos.sapo.pt\\\/j5cYbOZ5mcsrvBhCNFGI\\\/500x500\",\"datePublished\":\"2009-12-04T12:00:14+00:00\",\"breadcrumb\":{\"@id\":\"https:\\\/\\\/osmeusapontamentos.com\\\/index.php\\\/2009\\\/12\\\/04\\\/i-tertulia-do-aventar-salgueiro-maia-e-a-memoria-da-revolucao\\\/#breadcrumb\"},\"inLanguage\":\"pt-PT\",\"potentialAction\":[{\"@type\":\"ReadAction\",\"target\":[\"https:\\\/\\\/osmeusapontamentos.com\\\/index.php\\\/2009\\\/12\\\/04\\\/i-tertulia-do-aventar-salgueiro-maia-e-a-memoria-da-revolucao\\\/\"]}]},{\"@type\":\"ImageObject\",\"inLanguage\":\"pt-PT\",\"@id\":\"https:\\\/\\\/osmeusapontamentos.com\\\/index.php\\\/2009\\\/12\\\/04\\\/i-tertulia-do-aventar-salgueiro-maia-e-a-memoria-da-revolucao\\\/#primaryimage\",\"url\":\"http:\\\/\\\/fotos.sapo.pt\\\/j5cYbOZ5mcsrvBhCNFGI\\\/500x500\",\"contentUrl\":\"http:\\\/\\\/fotos.sapo.pt\\\/j5cYbOZ5mcsrvBhCNFGI\\\/500x500\"},{\"@type\":\"BreadcrumbList\",\"@id\":\"https:\\\/\\\/osmeusapontamentos.com\\\/index.php\\\/2009\\\/12\\\/04\\\/i-tertulia-do-aventar-salgueiro-maia-e-a-memoria-da-revolucao\\\/#breadcrumb\",\"itemListElement\":[{\"@type\":\"ListItem\",\"position\":1,\"name\":\"In\u00edcio\",\"item\":\"https:\\\/\\\/osmeusapontamentos.com\\\/\"},{\"@type\":\"ListItem\",\"position\":2,\"name\":\"I Tert\u00falia do Aventar &#8211; Salgueiro Maia e a Mem\u00f3ria da Revolu\u00e7\u00e3o\"}]},{\"@type\":\"WebSite\",\"@id\":\"https:\\\/\\\/osmeusapontamentos.com\\\/#website\",\"url\":\"https:\\\/\\\/osmeusapontamentos.com\\\/\",\"name\":\"Os Meus Apontamentos\",\"description\":\"\",\"publisher\":{\"@id\":\"https:\\\/\\\/osmeusapontamentos.com\\\/#\\\/schema\\\/person\\\/d508df9c3ffc8b4e64a18dbf0ba18dd8\"},\"potentialAction\":[{\"@type\":\"SearchAction\",\"target\":{\"@type\":\"EntryPoint\",\"urlTemplate\":\"https:\\\/\\\/osmeusapontamentos.com\\\/?s={search_term_string}\"},\"query-input\":{\"@type\":\"PropertyValueSpecification\",\"valueRequired\":true,\"valueName\":\"search_term_string\"}}],\"inLanguage\":\"pt-PT\"},{\"@type\":[\"Person\",\"Organization\"],\"@id\":\"https:\\\/\\\/osmeusapontamentos.com\\\/#\\\/schema\\\/person\\\/d508df9c3ffc8b4e64a18dbf0ba18dd8\",\"name\":\"Vitor Silva\",\"image\":{\"@type\":\"ImageObject\",\"inLanguage\":\"pt-PT\",\"@id\":\"https:\\\/\\\/secure.gravatar.com\\\/avatar\\\/f81f58ad909e8a213ab0a690f6ed65e5c0e0e2274bf35ac49ff31d7988d483ce?s=96&d=mm&r=g\",\"url\":\"https:\\\/\\\/secure.gravatar.com\\\/avatar\\\/f81f58ad909e8a213ab0a690f6ed65e5c0e0e2274bf35ac49ff31d7988d483ce?s=96&d=mm&r=g\",\"contentUrl\":\"https:\\\/\\\/secure.gravatar.com\\\/avatar\\\/f81f58ad909e8a213ab0a690f6ed65e5c0e0e2274bf35ac49ff31d7988d483ce?s=96&d=mm&r=g\",\"caption\":\"Vitor Silva\"},\"logo\":{\"@id\":\"https:\\\/\\\/secure.gravatar.com\\\/avatar\\\/f81f58ad909e8a213ab0a690f6ed65e5c0e0e2274bf35ac49ff31d7988d483ce?s=96&d=mm&r=g\"},\"sameAs\":[\"https:\\\/\\\/www.linkedin.com\\\/in\\\/vitormrsilva\",\"https:\\\/\\\/x.com\\\/vitorsilva\"]}]}<\/script>\n<!-- \/ Yoast SEO plugin. -->","yoast_head_json":{"title":"I Tert\u00falia do Aventar - Salgueiro Maia e a Mem\u00f3ria da Revolu\u00e7\u00e3o - Os Meus Apontamentos","robots":{"index":"index","follow":"follow","max-snippet":"max-snippet:-1","max-image-preview":"max-image-preview:large","max-video-preview":"max-video-preview:-1"},"canonical":"https:\/\/osmeusapontamentos.com\/index.php\/2009\/12\/04\/i-tertulia-do-aventar-salgueiro-maia-e-a-memoria-da-revolucao\/","og_locale":"pt_PT","og_type":"article","og_title":"I Tert\u00falia do Aventar - Salgueiro Maia e a Mem\u00f3ria da Revolu\u00e7\u00e3o - Os Meus Apontamentos","og_url":"https:\/\/osmeusapontamentos.com\/index.php\/2009\/12\/04\/i-tertulia-do-aventar-salgueiro-maia-e-a-memoria-da-revolucao\/","og_site_name":"Os Meus Apontamentos","article_published_time":"2009-12-04T12:00:14+00:00","og_image":[{"url":"http:\/\/fotos.sapo.pt\/j5cYbOZ5mcsrvBhCNFGI\/500x500","type":"","width":"","height":""}],"author":"Vitor Silva","twitter_card":"summary_large_image","twitter_creator":"@vitorsilva","twitter_site":"@vitorsilva","twitter_misc":{"Escrito por":"Vitor Silva"},"schema":{"@context":"https:\/\/schema.org","@graph":[{"@type":"Article","@id":"https:\/\/osmeusapontamentos.com\/index.php\/2009\/12\/04\/i-tertulia-do-aventar-salgueiro-maia-e-a-memoria-da-revolucao\/#article","isPartOf":{"@id":"https:\/\/osmeusapontamentos.com\/index.php\/2009\/12\/04\/i-tertulia-do-aventar-salgueiro-maia-e-a-memoria-da-revolucao\/"},"author":{"name":"Vitor Silva","@id":"https:\/\/osmeusapontamentos.com\/#\/schema\/person\/d508df9c3ffc8b4e64a18dbf0ba18dd8"},"headline":"I Tert\u00falia do Aventar &#8211; Salgueiro Maia e a Mem\u00f3ria da Revolu\u00e7\u00e3o","datePublished":"2009-12-04T12:00:14+00:00","mainEntityOfPage":{"@id":"https:\/\/osmeusapontamentos.com\/index.php\/2009\/12\/04\/i-tertulia-do-aventar-salgueiro-maia-e-a-memoria-da-revolucao\/"},"wordCount":15,"commentCount":0,"publisher":{"@id":"https:\/\/osmeusapontamentos.com\/#\/schema\/person\/d508df9c3ffc8b4e64a18dbf0ba18dd8"},"image":{"@id":"https:\/\/osmeusapontamentos.com\/index.php\/2009\/12\/04\/i-tertulia-do-aventar-salgueiro-maia-e-a-memoria-da-revolucao\/#primaryimage"},"thumbnailUrl":"http:\/\/fotos.sapo.pt\/j5cYbOZ5mcsrvBhCNFGI\/500x500","keywords":["aventar","salgueiro maia"],"articleSection":["Opini\u00e3o"],"inLanguage":"pt-PT","potentialAction":[{"@type":"CommentAction","name":"Comment","target":["https:\/\/osmeusapontamentos.com\/index.php\/2009\/12\/04\/i-tertulia-do-aventar-salgueiro-maia-e-a-memoria-da-revolucao\/#respond"]}]},{"@type":"WebPage","@id":"https:\/\/osmeusapontamentos.com\/index.php\/2009\/12\/04\/i-tertulia-do-aventar-salgueiro-maia-e-a-memoria-da-revolucao\/","url":"https:\/\/osmeusapontamentos.com\/index.php\/2009\/12\/04\/i-tertulia-do-aventar-salgueiro-maia-e-a-memoria-da-revolucao\/","name":"I Tert\u00falia do Aventar - Salgueiro Maia e a Mem\u00f3ria da Revolu\u00e7\u00e3o - Os Meus Apontamentos","isPartOf":{"@id":"https:\/\/osmeusapontamentos.com\/#website"},"primaryImageOfPage":{"@id":"https:\/\/osmeusapontamentos.com\/index.php\/2009\/12\/04\/i-tertulia-do-aventar-salgueiro-maia-e-a-memoria-da-revolucao\/#primaryimage"},"image":{"@id":"https:\/\/osmeusapontamentos.com\/index.php\/2009\/12\/04\/i-tertulia-do-aventar-salgueiro-maia-e-a-memoria-da-revolucao\/#primaryimage"},"thumbnailUrl":"http:\/\/fotos.sapo.pt\/j5cYbOZ5mcsrvBhCNFGI\/500x500","datePublished":"2009-12-04T12:00:14+00:00","breadcrumb":{"@id":"https:\/\/osmeusapontamentos.com\/index.php\/2009\/12\/04\/i-tertulia-do-aventar-salgueiro-maia-e-a-memoria-da-revolucao\/#breadcrumb"},"inLanguage":"pt-PT","potentialAction":[{"@type":"ReadAction","target":["https:\/\/osmeusapontamentos.com\/index.php\/2009\/12\/04\/i-tertulia-do-aventar-salgueiro-maia-e-a-memoria-da-revolucao\/"]}]},{"@type":"ImageObject","inLanguage":"pt-PT","@id":"https:\/\/osmeusapontamentos.com\/index.php\/2009\/12\/04\/i-tertulia-do-aventar-salgueiro-maia-e-a-memoria-da-revolucao\/#primaryimage","url":"http:\/\/fotos.sapo.pt\/j5cYbOZ5mcsrvBhCNFGI\/500x500","contentUrl":"http:\/\/fotos.sapo.pt\/j5cYbOZ5mcsrvBhCNFGI\/500x500"},{"@type":"BreadcrumbList","@id":"https:\/\/osmeusapontamentos.com\/index.php\/2009\/12\/04\/i-tertulia-do-aventar-salgueiro-maia-e-a-memoria-da-revolucao\/#breadcrumb","itemListElement":[{"@type":"ListItem","position":1,"name":"In\u00edcio","item":"https:\/\/osmeusapontamentos.com\/"},{"@type":"ListItem","position":2,"name":"I Tert\u00falia do Aventar &#8211; Salgueiro Maia e a Mem\u00f3ria da Revolu\u00e7\u00e3o"}]},{"@type":"WebSite","@id":"https:\/\/osmeusapontamentos.com\/#website","url":"https:\/\/osmeusapontamentos.com\/","name":"Os Meus Apontamentos","description":"","publisher":{"@id":"https:\/\/osmeusapontamentos.com\/#\/schema\/person\/d508df9c3ffc8b4e64a18dbf0ba18dd8"},"potentialAction":[{"@type":"SearchAction","target":{"@type":"EntryPoint","urlTemplate":"https:\/\/osmeusapontamentos.com\/?s={search_term_string}"},"query-input":{"@type":"PropertyValueSpecification","valueRequired":true,"valueName":"search_term_string"}}],"inLanguage":"pt-PT"},{"@type":["Person","Organization"],"@id":"https:\/\/osmeusapontamentos.com\/#\/schema\/person\/d508df9c3ffc8b4e64a18dbf0ba18dd8","name":"Vitor Silva","image":{"@type":"ImageObject","inLanguage":"pt-PT","@id":"https:\/\/secure.gravatar.com\/avatar\/f81f58ad909e8a213ab0a690f6ed65e5c0e0e2274bf35ac49ff31d7988d483ce?s=96&d=mm&r=g","url":"https:\/\/secure.gravatar.com\/avatar\/f81f58ad909e8a213ab0a690f6ed65e5c0e0e2274bf35ac49ff31d7988d483ce?s=96&d=mm&r=g","contentUrl":"https:\/\/secure.gravatar.com\/avatar\/f81f58ad909e8a213ab0a690f6ed65e5c0e0e2274bf35ac49ff31d7988d483ce?s=96&d=mm&r=g","caption":"Vitor Silva"},"logo":{"@id":"https:\/\/secure.gravatar.com\/avatar\/f81f58ad909e8a213ab0a690f6ed65e5c0e0e2274bf35ac49ff31d7988d483ce?s=96&d=mm&r=g"},"sameAs":["https:\/\/www.linkedin.com\/in\/vitormrsilva","https:\/\/x.com\/vitorsilva"]}]}},"_links":{"self":[{"href":"https:\/\/osmeusapontamentos.com\/index.php\/wp-json\/wp\/v2\/posts\/1622","targetHints":{"allow":["GET"]}}],"collection":[{"href":"https:\/\/osmeusapontamentos.com\/index.php\/wp-json\/wp\/v2\/posts"}],"about":[{"href":"https:\/\/osmeusapontamentos.com\/index.php\/wp-json\/wp\/v2\/types\/post"}],"author":[{"embeddable":true,"href":"https:\/\/osmeusapontamentos.com\/index.php\/wp-json\/wp\/v2\/users\/1"}],"replies":[{"embeddable":true,"href":"https:\/\/osmeusapontamentos.com\/index.php\/wp-json\/wp\/v2\/comments?post=1622"}],"version-history":[{"count":0,"href":"https:\/\/osmeusapontamentos.com\/index.php\/wp-json\/wp\/v2\/posts\/1622\/revisions"}],"wp:attachment":[{"href":"https:\/\/osmeusapontamentos.com\/index.php\/wp-json\/wp\/v2\/media?parent=1622"}],"wp:term":[{"taxonomy":"category","embeddable":true,"href":"https:\/\/osmeusapontamentos.com\/index.php\/wp-json\/wp\/v2\/categories?post=1622"},{"taxonomy":"post_tag","embeddable":true,"href":"https:\/\/osmeusapontamentos.com\/index.php\/wp-json\/wp\/v2\/tags?post=1622"}],"curies":[{"name":"wp","href":"https:\/\/api.w.org\/{rel}","templated":true}]}}