{"id":1612,"date":"2009-11-03T12:44:09","date_gmt":"2009-11-03T12:44:09","guid":{"rendered":"http:\/\/osmeusapontamentos.com\/?p=1612"},"modified":"2009-11-03T12:44:09","modified_gmt":"2009-11-03T12:44:09","slug":"nao-sou-um-defensor-da-zona-norte","status":"publish","type":"post","link":"https:\/\/osmeusapontamentos.com\/index.php\/2009\/11\/03\/nao-sou-um-defensor-da-zona-norte\/","title":{"rendered":"N\u00e3o sou um defensor da zona Norte"},"content":{"rendered":"<div>Publicado no <a href=\"http:\/\/www.mdb.pt\/noticia\/2172\">Mensageiro<\/a> a 2-outubro<\/div>\n<p><a href=\"http:\/\/www.mdb.pt\/noticia\/2172\" target=\"_blank\" rel=\"noopener noreferrer\"><\/a><strong>&#8221; A regionaliza\u00e7\u00e3o da zona Norte preocupa-me porque vamos criar uma centralidade no Porto que, admito, seja pior que a do Terreiro do Pa\u00e7o&#8221;<\/strong><\/p>\n<p style=\"border-width: 0px; margin: 0px 0px 1.5em; padding: 0px; font-weight: inherit; font-style: inherit; font-size: 12px; font-family: Helvetica,Arial,sans-serif; vertical-align: baseline;\">**MN: Defende algum modelo de regionaliza\u00e7\u00e3o? **<\/p>\n<p style=\"border-width: 0px; margin: 0px 0px 1.5em; padding: 0px; font-weight: inherit; font-style: inherit; font-size: 12px; font-family: Helvetica,Arial,sans-serif; vertical-align: baseline;\"><strong style=\"font-weight: bold;\">JG:<\/strong> Quando houve o referendo eu e mais um grupo de amigos cri\u00e1mos um movimento pela regi\u00e3o de Tr\u00e1s-os-Montes e Alto Douro. Entend\u00edamos que naquela altura a regionaliza\u00e7\u00e3o devia ser feita e que Tr\u00e1s-os-Montes e Alto Douro deveria ser uma regi\u00e3o. Eu considero que esse modelo ainda \u00e9 aceit\u00e1vel e que ter\u00e1 que ser bem discutido. N\u00e3o sou um defensor da zona Norte, isso n\u00e3o sou. A regionaliza\u00e7\u00e3o da zona Norte preocupa-me porque vamos criar uma centralidade no Porto que, admito, seja pior que a do Terreiro do Pa\u00e7o. Tenho mais receio de uma grande regi\u00e3o Norte com o Porto a dominar os des\u00edgnios de toda esta regi\u00e3o, do que de Lisboa a dominar. Em tempo oportuno teremos posi\u00e7\u00f5es mais definidas, mas eu continuo um defensor da regi\u00e3o de Tr\u00e1s-os-Montes e Alto Douro.<\/p>\n<p style=\"border-width: 0px; margin: 0px 0px 1.5em; padding: 0px; font-weight: inherit; font-style: inherit; font-size: 12px; font-family: Helvetica,Arial,sans-serif; vertical-align: baseline;\"><strong style=\"font-weight: bold;\">MN: Que papel teria esta cidade nessa regi\u00e3o?<\/strong><\/p>\n<p style=\"border-width: 0px; margin: 0px 0px 1.5em; padding: 0px; font-weight: inherit; font-style: inherit; font-size: 12px; font-family: Helvetica,Arial,sans-serif; vertical-align: baseline;\"><strong style=\"font-weight: bold;\">JG:<\/strong> Teria uma papel important\u00edssimo. Bragan\u00e7a \u00e9 uma cidade que apesar de quase ter sido despromovida como cidade de equil\u00edbrio regional no PROT (Programa Regional de Ordenamento do Territ\u00f3rio da Regi\u00e3o Norte), j\u00e1 recuperou. Mas esteve perdido porque os indicadores n\u00e3o davam para nos compararmos nem a Chaves, nem a Vila Real. Vila Real era uma cidade que se equiparava a Bragan\u00e7a h\u00e1 20 anos. Hoje estamos a anos luz, at\u00e9 em habitantes, o que quer dizer que alguma coisa falhou. N\u00e3o s\u00f3 do poder local, mas muito do poder local. O poder local, na minha opini\u00e3o, n\u00e3o tem sabido aproveitar as oportunidades que surgem, quer do poder central, quer da comunidade. Foi uma cidade que n\u00e3o se desenvolveu, n\u00e3o aumentou significativamente o n\u00famero de habitantes e n\u00e3o soube aproveitar as oportunidades. Nesse processo, Bragan\u00e7a tinha um papel muito importante, mais que n\u00e3o fosse porque s\u00f3 iria competir com duas cidades, Vila Real e Chaves.<\/p>\n<p>Eu nem sei como contrapor estes argumentos&#8230; deixo como contributos para resposta um email que um colega me enviou.<\/p>\n<p>Se houvesse regi\u00e3o Norte, o Porto podia fazer pior a Tr\u00e1s-os-Montes do que Lisboa.<\/p>\n<p>Se houvesse regi\u00e3o norte com poder executivo no Porto:<br \/>\n&#8211; Bragan\u00e7a poderia ser a \u00faltima capital de distrito a ter uma autoestrada<br \/>\n&#8211; A linha do Tua poderia ter sido encerrada na d\u00e9cada de 90, eliminando as liga\u00e7\u00f5es f\u00e9rreas a Bragan\u00e7a<br \/>\n&#8211; Mais tarde poderiam querer destruir a linha do Tua de vez fazendo l\u00e1 uma barragem irrelevante para produ\u00e7\u00e3o el\u00e9ctrica, destruindo assim um patrim\u00f3nio natural e paisag\u00edstico de qualidade.<br \/>\n&#8211; Haveria um encerramento massivo de urg\u00eancias e escolas em geral.<br \/>\n&#8211; N\u00e3o haveria qualquer investimento de relevo na regi\u00e3o<br \/>\n&#8211; Tr\u00e1s-os-Montes teriam a taxa de abastecimento e saneamento de \u00e1gua mais baixa do pa\u00eds (nalguns casos, digna dos anos 50 de um outro pa\u00eds europeu)<br \/>\n&#8211; A regi\u00e3o perdesse toda e qualquer relevancia pol\u00edtica, ao apenas eleger menos de 1,5% dos deputados do pa\u00eds.<br \/>\n&#8211; N\u00e3o haveria qualquer estrat\u00e9gia para desenvolvimento do distrito, impulsionar o crescimento econ\u00f3mico e inverter a desertifica\u00e7\u00e3o e envelhecimento populacional.<br \/>\n&#8211; No fundo, Tr\u00e1s os Montes poderia ser a regi\u00e3o mais pobre das regi\u00f5es mais pobres de Portugal.<\/p>\n<p>Sim, ainda bem para Bragan\u00e7a que n\u00e3o existe regionaliza\u00e7\u00e3o. De facto, se &#8220;o Porto mandasse&#8221;, Bragan\u00e7a poderia estar muito pior&#8230;<\/p>\n<p>Podia, claro. S\u00f3 n\u00e3o sei \u00e9 como&#8230;<\/p>\n","protected":false},"excerpt":{"rendered":"<p>Publicado no Mensageiro a 2-outubro &#8221; A regionaliza\u00e7\u00e3o da zona Norte preocupa-me porque vamos criar uma centralidade no Porto que, admito, seja pior que a do Terreiro do Pa\u00e7o&#8221; **MN: Defende algum modelo de regionaliza\u00e7\u00e3o? ** JG: Quando houve o referendo eu e mais um grupo de amigos cri\u00e1mos um movimento pela regi\u00e3o de Tr\u00e1s-os-Montes [&hellip;]<\/p>\n","protected":false},"author":1,"featured_media":0,"comment_status":"open","ping_status":"open","sticky":false,"template":"","format":"standard","meta":{"footnotes":""},"categories":[7],"tags":[109,524,557],"class_list":["post-1612","post","type-post","status-publish","format-standard","hentry","category-ler-ver-ouvir-passear","tag-braganca","tag-porto","tag-regionalizacao"],"yoast_head":"<!-- This site is optimized with the Yoast SEO plugin v27.5 - https:\/\/yoast.com\/product\/yoast-seo-wordpress\/ -->\n<title>N\u00e3o sou um defensor da zona Norte - Os Meus Apontamentos<\/title>\n<meta name=\"robots\" content=\"index, follow, max-snippet:-1, max-image-preview:large, max-video-preview:-1\" \/>\n<link rel=\"canonical\" href=\"https:\/\/osmeusapontamentos.com\/index.php\/2009\/11\/03\/nao-sou-um-defensor-da-zona-norte\/\" \/>\n<meta property=\"og:locale\" content=\"pt_PT\" \/>\n<meta property=\"og:type\" content=\"article\" \/>\n<meta property=\"og:title\" content=\"N\u00e3o sou um defensor da zona Norte - Os Meus Apontamentos\" \/>\n<meta property=\"og:description\" content=\"Publicado no Mensageiro a 2-outubro &#8221; A regionaliza\u00e7\u00e3o da zona Norte preocupa-me porque vamos criar uma centralidade no Porto que, admito, seja pior que a do Terreiro do Pa\u00e7o&#8221; **MN: Defende algum modelo de regionaliza\u00e7\u00e3o? ** JG: Quando houve o referendo eu e mais um grupo de amigos cri\u00e1mos um movimento pela regi\u00e3o de Tr\u00e1s-os-Montes [&hellip;]\" \/>\n<meta property=\"og:url\" content=\"https:\/\/osmeusapontamentos.com\/index.php\/2009\/11\/03\/nao-sou-um-defensor-da-zona-norte\/\" \/>\n<meta property=\"og:site_name\" content=\"Os Meus Apontamentos\" \/>\n<meta property=\"article:published_time\" content=\"2009-11-03T12:44:09+00:00\" \/>\n<meta name=\"author\" content=\"Vitor Silva\" \/>\n<meta name=\"twitter:card\" content=\"summary_large_image\" \/>\n<meta name=\"twitter:creator\" content=\"@vitorsilva\" \/>\n<meta name=\"twitter:site\" content=\"@vitorsilva\" \/>\n<meta name=\"twitter:label1\" content=\"Escrito por\" \/>\n\t<meta name=\"twitter:data1\" content=\"Vitor Silva\" \/>\n\t<meta name=\"twitter:label2\" content=\"Tempo estimado de leitura\" \/>\n\t<meta name=\"twitter:data2\" content=\"3 minutos\" \/>\n<script type=\"application\/ld+json\" class=\"yoast-schema-graph\">{\"@context\":\"https:\\\/\\\/schema.org\",\"@graph\":[{\"@type\":\"Article\",\"@id\":\"https:\\\/\\\/osmeusapontamentos.com\\\/index.php\\\/2009\\\/11\\\/03\\\/nao-sou-um-defensor-da-zona-norte\\\/#article\",\"isPartOf\":{\"@id\":\"https:\\\/\\\/osmeusapontamentos.com\\\/index.php\\\/2009\\\/11\\\/03\\\/nao-sou-um-defensor-da-zona-norte\\\/\"},\"author\":{\"name\":\"Vitor Silva\",\"@id\":\"https:\\\/\\\/osmeusapontamentos.com\\\/#\\\/schema\\\/person\\\/d508df9c3ffc8b4e64a18dbf0ba18dd8\"},\"headline\":\"N\u00e3o sou um defensor da zona Norte\",\"datePublished\":\"2009-11-03T12:44:09+00:00\",\"mainEntityOfPage\":{\"@id\":\"https:\\\/\\\/osmeusapontamentos.com\\\/index.php\\\/2009\\\/11\\\/03\\\/nao-sou-um-defensor-da-zona-norte\\\/\"},\"wordCount\":635,\"commentCount\":0,\"publisher\":{\"@id\":\"https:\\\/\\\/osmeusapontamentos.com\\\/#\\\/schema\\\/person\\\/d508df9c3ffc8b4e64a18dbf0ba18dd8\"},\"keywords\":[\"bragan\u00e7a\",\"porto\",\"regionaliza\u00e7\u00e3o\"],\"articleSection\":[\"Ler\\\/ Ver\\\/ Ouvir\\\/ Passear\"],\"inLanguage\":\"pt-PT\",\"potentialAction\":[{\"@type\":\"CommentAction\",\"name\":\"Comment\",\"target\":[\"https:\\\/\\\/osmeusapontamentos.com\\\/index.php\\\/2009\\\/11\\\/03\\\/nao-sou-um-defensor-da-zona-norte\\\/#respond\"]}]},{\"@type\":\"WebPage\",\"@id\":\"https:\\\/\\\/osmeusapontamentos.com\\\/index.php\\\/2009\\\/11\\\/03\\\/nao-sou-um-defensor-da-zona-norte\\\/\",\"url\":\"https:\\\/\\\/osmeusapontamentos.com\\\/index.php\\\/2009\\\/11\\\/03\\\/nao-sou-um-defensor-da-zona-norte\\\/\",\"name\":\"N\u00e3o sou um defensor da zona Norte - Os Meus Apontamentos\",\"isPartOf\":{\"@id\":\"https:\\\/\\\/osmeusapontamentos.com\\\/#website\"},\"datePublished\":\"2009-11-03T12:44:09+00:00\",\"breadcrumb\":{\"@id\":\"https:\\\/\\\/osmeusapontamentos.com\\\/index.php\\\/2009\\\/11\\\/03\\\/nao-sou-um-defensor-da-zona-norte\\\/#breadcrumb\"},\"inLanguage\":\"pt-PT\",\"potentialAction\":[{\"@type\":\"ReadAction\",\"target\":[\"https:\\\/\\\/osmeusapontamentos.com\\\/index.php\\\/2009\\\/11\\\/03\\\/nao-sou-um-defensor-da-zona-norte\\\/\"]}]},{\"@type\":\"BreadcrumbList\",\"@id\":\"https:\\\/\\\/osmeusapontamentos.com\\\/index.php\\\/2009\\\/11\\\/03\\\/nao-sou-um-defensor-da-zona-norte\\\/#breadcrumb\",\"itemListElement\":[{\"@type\":\"ListItem\",\"position\":1,\"name\":\"In\u00edcio\",\"item\":\"https:\\\/\\\/osmeusapontamentos.com\\\/\"},{\"@type\":\"ListItem\",\"position\":2,\"name\":\"N\u00e3o sou um defensor da zona Norte\"}]},{\"@type\":\"WebSite\",\"@id\":\"https:\\\/\\\/osmeusapontamentos.com\\\/#website\",\"url\":\"https:\\\/\\\/osmeusapontamentos.com\\\/\",\"name\":\"Os Meus Apontamentos\",\"description\":\"\",\"publisher\":{\"@id\":\"https:\\\/\\\/osmeusapontamentos.com\\\/#\\\/schema\\\/person\\\/d508df9c3ffc8b4e64a18dbf0ba18dd8\"},\"potentialAction\":[{\"@type\":\"SearchAction\",\"target\":{\"@type\":\"EntryPoint\",\"urlTemplate\":\"https:\\\/\\\/osmeusapontamentos.com\\\/?s={search_term_string}\"},\"query-input\":{\"@type\":\"PropertyValueSpecification\",\"valueRequired\":true,\"valueName\":\"search_term_string\"}}],\"inLanguage\":\"pt-PT\"},{\"@type\":[\"Person\",\"Organization\"],\"@id\":\"https:\\\/\\\/osmeusapontamentos.com\\\/#\\\/schema\\\/person\\\/d508df9c3ffc8b4e64a18dbf0ba18dd8\",\"name\":\"Vitor Silva\",\"image\":{\"@type\":\"ImageObject\",\"inLanguage\":\"pt-PT\",\"@id\":\"https:\\\/\\\/secure.gravatar.com\\\/avatar\\\/f81f58ad909e8a213ab0a690f6ed65e5c0e0e2274bf35ac49ff31d7988d483ce?s=96&d=mm&r=g\",\"url\":\"https:\\\/\\\/secure.gravatar.com\\\/avatar\\\/f81f58ad909e8a213ab0a690f6ed65e5c0e0e2274bf35ac49ff31d7988d483ce?s=96&d=mm&r=g\",\"contentUrl\":\"https:\\\/\\\/secure.gravatar.com\\\/avatar\\\/f81f58ad909e8a213ab0a690f6ed65e5c0e0e2274bf35ac49ff31d7988d483ce?s=96&d=mm&r=g\",\"caption\":\"Vitor Silva\"},\"logo\":{\"@id\":\"https:\\\/\\\/secure.gravatar.com\\\/avatar\\\/f81f58ad909e8a213ab0a690f6ed65e5c0e0e2274bf35ac49ff31d7988d483ce?s=96&d=mm&r=g\"},\"sameAs\":[\"https:\\\/\\\/www.linkedin.com\\\/in\\\/vitormrsilva\",\"https:\\\/\\\/x.com\\\/vitorsilva\"]}]}<\/script>\n<!-- \/ Yoast SEO plugin. -->","yoast_head_json":{"title":"N\u00e3o sou um defensor da zona Norte - Os Meus Apontamentos","robots":{"index":"index","follow":"follow","max-snippet":"max-snippet:-1","max-image-preview":"max-image-preview:large","max-video-preview":"max-video-preview:-1"},"canonical":"https:\/\/osmeusapontamentos.com\/index.php\/2009\/11\/03\/nao-sou-um-defensor-da-zona-norte\/","og_locale":"pt_PT","og_type":"article","og_title":"N\u00e3o sou um defensor da zona Norte - Os Meus Apontamentos","og_description":"Publicado no Mensageiro a 2-outubro &#8221; A regionaliza\u00e7\u00e3o da zona Norte preocupa-me porque vamos criar uma centralidade no Porto que, admito, seja pior que a do Terreiro do Pa\u00e7o&#8221; **MN: Defende algum modelo de regionaliza\u00e7\u00e3o? ** JG: Quando houve o referendo eu e mais um grupo de amigos cri\u00e1mos um movimento pela regi\u00e3o de Tr\u00e1s-os-Montes [&hellip;]","og_url":"https:\/\/osmeusapontamentos.com\/index.php\/2009\/11\/03\/nao-sou-um-defensor-da-zona-norte\/","og_site_name":"Os Meus Apontamentos","article_published_time":"2009-11-03T12:44:09+00:00","author":"Vitor Silva","twitter_card":"summary_large_image","twitter_creator":"@vitorsilva","twitter_site":"@vitorsilva","twitter_misc":{"Escrito por":"Vitor Silva","Tempo estimado de leitura":"3 minutos"},"schema":{"@context":"https:\/\/schema.org","@graph":[{"@type":"Article","@id":"https:\/\/osmeusapontamentos.com\/index.php\/2009\/11\/03\/nao-sou-um-defensor-da-zona-norte\/#article","isPartOf":{"@id":"https:\/\/osmeusapontamentos.com\/index.php\/2009\/11\/03\/nao-sou-um-defensor-da-zona-norte\/"},"author":{"name":"Vitor Silva","@id":"https:\/\/osmeusapontamentos.com\/#\/schema\/person\/d508df9c3ffc8b4e64a18dbf0ba18dd8"},"headline":"N\u00e3o sou um defensor da zona Norte","datePublished":"2009-11-03T12:44:09+00:00","mainEntityOfPage":{"@id":"https:\/\/osmeusapontamentos.com\/index.php\/2009\/11\/03\/nao-sou-um-defensor-da-zona-norte\/"},"wordCount":635,"commentCount":0,"publisher":{"@id":"https:\/\/osmeusapontamentos.com\/#\/schema\/person\/d508df9c3ffc8b4e64a18dbf0ba18dd8"},"keywords":["bragan\u00e7a","porto","regionaliza\u00e7\u00e3o"],"articleSection":["Ler\/ Ver\/ Ouvir\/ Passear"],"inLanguage":"pt-PT","potentialAction":[{"@type":"CommentAction","name":"Comment","target":["https:\/\/osmeusapontamentos.com\/index.php\/2009\/11\/03\/nao-sou-um-defensor-da-zona-norte\/#respond"]}]},{"@type":"WebPage","@id":"https:\/\/osmeusapontamentos.com\/index.php\/2009\/11\/03\/nao-sou-um-defensor-da-zona-norte\/","url":"https:\/\/osmeusapontamentos.com\/index.php\/2009\/11\/03\/nao-sou-um-defensor-da-zona-norte\/","name":"N\u00e3o sou um defensor da zona Norte - Os Meus Apontamentos","isPartOf":{"@id":"https:\/\/osmeusapontamentos.com\/#website"},"datePublished":"2009-11-03T12:44:09+00:00","breadcrumb":{"@id":"https:\/\/osmeusapontamentos.com\/index.php\/2009\/11\/03\/nao-sou-um-defensor-da-zona-norte\/#breadcrumb"},"inLanguage":"pt-PT","potentialAction":[{"@type":"ReadAction","target":["https:\/\/osmeusapontamentos.com\/index.php\/2009\/11\/03\/nao-sou-um-defensor-da-zona-norte\/"]}]},{"@type":"BreadcrumbList","@id":"https:\/\/osmeusapontamentos.com\/index.php\/2009\/11\/03\/nao-sou-um-defensor-da-zona-norte\/#breadcrumb","itemListElement":[{"@type":"ListItem","position":1,"name":"In\u00edcio","item":"https:\/\/osmeusapontamentos.com\/"},{"@type":"ListItem","position":2,"name":"N\u00e3o sou um defensor da zona Norte"}]},{"@type":"WebSite","@id":"https:\/\/osmeusapontamentos.com\/#website","url":"https:\/\/osmeusapontamentos.com\/","name":"Os Meus Apontamentos","description":"","publisher":{"@id":"https:\/\/osmeusapontamentos.com\/#\/schema\/person\/d508df9c3ffc8b4e64a18dbf0ba18dd8"},"potentialAction":[{"@type":"SearchAction","target":{"@type":"EntryPoint","urlTemplate":"https:\/\/osmeusapontamentos.com\/?s={search_term_string}"},"query-input":{"@type":"PropertyValueSpecification","valueRequired":true,"valueName":"search_term_string"}}],"inLanguage":"pt-PT"},{"@type":["Person","Organization"],"@id":"https:\/\/osmeusapontamentos.com\/#\/schema\/person\/d508df9c3ffc8b4e64a18dbf0ba18dd8","name":"Vitor Silva","image":{"@type":"ImageObject","inLanguage":"pt-PT","@id":"https:\/\/secure.gravatar.com\/avatar\/f81f58ad909e8a213ab0a690f6ed65e5c0e0e2274bf35ac49ff31d7988d483ce?s=96&d=mm&r=g","url":"https:\/\/secure.gravatar.com\/avatar\/f81f58ad909e8a213ab0a690f6ed65e5c0e0e2274bf35ac49ff31d7988d483ce?s=96&d=mm&r=g","contentUrl":"https:\/\/secure.gravatar.com\/avatar\/f81f58ad909e8a213ab0a690f6ed65e5c0e0e2274bf35ac49ff31d7988d483ce?s=96&d=mm&r=g","caption":"Vitor Silva"},"logo":{"@id":"https:\/\/secure.gravatar.com\/avatar\/f81f58ad909e8a213ab0a690f6ed65e5c0e0e2274bf35ac49ff31d7988d483ce?s=96&d=mm&r=g"},"sameAs":["https:\/\/www.linkedin.com\/in\/vitormrsilva","https:\/\/x.com\/vitorsilva"]}]}},"_links":{"self":[{"href":"https:\/\/osmeusapontamentos.com\/index.php\/wp-json\/wp\/v2\/posts\/1612","targetHints":{"allow":["GET"]}}],"collection":[{"href":"https:\/\/osmeusapontamentos.com\/index.php\/wp-json\/wp\/v2\/posts"}],"about":[{"href":"https:\/\/osmeusapontamentos.com\/index.php\/wp-json\/wp\/v2\/types\/post"}],"author":[{"embeddable":true,"href":"https:\/\/osmeusapontamentos.com\/index.php\/wp-json\/wp\/v2\/users\/1"}],"replies":[{"embeddable":true,"href":"https:\/\/osmeusapontamentos.com\/index.php\/wp-json\/wp\/v2\/comments?post=1612"}],"version-history":[{"count":0,"href":"https:\/\/osmeusapontamentos.com\/index.php\/wp-json\/wp\/v2\/posts\/1612\/revisions"}],"wp:attachment":[{"href":"https:\/\/osmeusapontamentos.com\/index.php\/wp-json\/wp\/v2\/media?parent=1612"}],"wp:term":[{"taxonomy":"category","embeddable":true,"href":"https:\/\/osmeusapontamentos.com\/index.php\/wp-json\/wp\/v2\/categories?post=1612"},{"taxonomy":"post_tag","embeddable":true,"href":"https:\/\/osmeusapontamentos.com\/index.php\/wp-json\/wp\/v2\/tags?post=1612"}],"curies":[{"name":"wp","href":"https:\/\/api.w.org\/{rel}","templated":true}]}}