{"id":1606,"date":"2009-10-13T15:49:27","date_gmt":"2009-10-13T15:49:27","guid":{"rendered":"http:\/\/osmeusapontamentos.com\/?p=1606"},"modified":"2009-10-13T15:49:27","modified_gmt":"2009-10-13T15:49:27","slug":"cinemateca-no-porto","status":"publish","type":"post","link":"https:\/\/osmeusapontamentos.com\/index.php\/2009\/10\/13\/cinemateca-no-porto\/","title":{"rendered":"Cinemateca no Porto"},"content":{"rendered":"<p>Faz falta no Porto uma infraestrutura dedicada \u00e0 difus\u00e3o e preserva\u00e7\u00e3o (sistem\u00e1tica) da arte cinematogr\u00e1fica (ver entrada na wikipedia da <a href=\"http:\/\/pt.wikipedia.org\/wiki\/Cinemateca_Portuguesa\">cinemateca portuguesa<\/a>) e\/ou respons\u00e1vel pela preserva\u00e7\u00e3o da produ\u00e7\u00e3o audiovisual (ver entrada na wikipedia da <a href=\"http:\/\/pt.wikipedia.org\/wiki\/Cinemateca_Brasileira\">cinemateca brasileira<\/a>)<\/p>\n<p>N\u00e3o vou tentar explicar porque me parece importante uma infraestrutura desse g\u00e9nero que outros j\u00e1 justificaram e j\u00e1 anunciaram v\u00e1rias vezes (ver por exemplo noticia de 19-nov-2008 no jn, <a href=\"http:\/\/jn.sapo.pt\/PaginaInicial\/Interior.aspx?content_id=1046727\">OE 2009: P\u00f3lo da Cinemateca do Porto vai juntar Casa das Artes, Casa Manoel de Oliveira e Serralves<\/a>), mas a prop\u00f3sito disto relembro que h\u00e1 uma <a href=\"http:\/\/www.petitiononline.com\/Circuito\/petition.html\">peti\u00e7\u00e3o<\/a> (mais uma) online a pedir isto.<\/p>\n<p>O que queria mesmo com este post era n\u00e3o tanto queixar-me por n\u00e3o ter uma infraestrutura e\/ou n\u00e3o conseguir lutar contra pol\u00edticos\/administradores que anunciam coisas que depois demoram eternidades a ser implementadas mas sim aproveitar para divulgar outras iniciativas de divulga\u00e7\u00e3o cinematogr\u00e1fica no Porto.<\/p>\n<p>Porque apesar de tudo h\u00e1 cinema na cidade do Porto, mesmo se n\u00e3o de forma t\u00e3o sistem\u00e1tica como na <a href=\"http:\/\/www.cinemateca.pt\/\">Cinemateca<\/a> em Lisboa ou com a amplitude do IndieLisboa (que o <a href=\"http:\/\/jpn.icicom.up.pt\/2009\/05\/18\/cinema_obras_seleccionadas_do_indie_lisboa_em_exibicao_no_porto.html\">plano b tentou dinamizar na vers\u00e3o portuense<\/a>) ou doclisboa, se bem que continuamos a ter, entre outros, o <a href=\"http:\/\/www.fantasporto.com\/\">Fantas<\/a> que, n\u00e3o o esque\u00e7amos, \u00e9 &#8220;uma 10 marcas mais prestigiadas em Portugal&#8221;.<\/p>\n<p>E, t\u00e3o ou mais importante, h\u00e1 iniciativas na cidade que demonstram haver pessoas e vontade para que uma certa forma de ver cinema tenha futuro por c\u00e1 como se pode ver pelo seguinte conjunto de cineclubes e iniciativas: <a href=\"http:\/\/cinemacomunitario.blogspot.com\/2008\/04\/cinema-comunitrio-primeira-tera-feira.html\"> Cinema Comunit\u00e1rio<\/a>,  <a href=\"http:\/\/cineclubefdup.blogspot.com\/\">Cineclube FDUP<\/a>, <a href=\"http:\/\/cineclubeeconomia.blogspot.com\/\">Cineclube de Economia<\/a>,\u00a0 <a href=\"http:\/\/cineclubeartes.blogspot.com\/\">Cineclube Escola das Artes<\/a>, <a href=\"http:\/\/www.agenciaodm.org\/?p=716\">Document\u00e1rios &amp; Debates no Porto<\/a>, &#8230;<\/p>\n","protected":false},"excerpt":{"rendered":"<p>Faz falta no Porto uma infraestrutura dedicada \u00e0 difus\u00e3o e preserva\u00e7\u00e3o (sistem\u00e1tica) da arte cinematogr\u00e1fica (ver entrada na wikipedia da cinemateca portuguesa) e\/ou respons\u00e1vel pela preserva\u00e7\u00e3o da produ\u00e7\u00e3o audiovisual (ver entrada na wikipedia da cinemateca brasileira) N\u00e3o vou tentar explicar porque me parece importante uma infraestrutura desse g\u00e9nero que outros j\u00e1 justificaram e j\u00e1 anunciaram [&hellip;]<\/p>\n","protected":false},"author":1,"featured_media":0,"comment_status":"open","ping_status":"open","sticky":false,"template":"","format":"standard","meta":{"footnotes":""},"categories":[7],"tags":[137,524],"class_list":["post-1606","post","type-post","status-publish","format-standard","hentry","category-ler-ver-ouvir-passear","tag-cinema","tag-porto"],"yoast_head":"<!-- This site is optimized with the Yoast SEO plugin v27.5 - https:\/\/yoast.com\/product\/yoast-seo-wordpress\/ -->\n<title>Cinemateca no Porto - Os Meus Apontamentos<\/title>\n<meta name=\"robots\" content=\"index, follow, max-snippet:-1, max-image-preview:large, max-video-preview:-1\" \/>\n<link rel=\"canonical\" href=\"https:\/\/osmeusapontamentos.com\/index.php\/2009\/10\/13\/cinemateca-no-porto\/\" \/>\n<meta property=\"og:locale\" content=\"pt_PT\" \/>\n<meta property=\"og:type\" content=\"article\" \/>\n<meta property=\"og:title\" content=\"Cinemateca no Porto - Os Meus Apontamentos\" \/>\n<meta property=\"og:description\" content=\"Faz falta no Porto uma infraestrutura dedicada \u00e0 difus\u00e3o e preserva\u00e7\u00e3o (sistem\u00e1tica) da arte cinematogr\u00e1fica (ver entrada na wikipedia da cinemateca portuguesa) e\/ou respons\u00e1vel pela preserva\u00e7\u00e3o da produ\u00e7\u00e3o audiovisual (ver entrada na wikipedia da cinemateca brasileira) N\u00e3o vou tentar explicar porque me parece importante uma infraestrutura desse g\u00e9nero que outros j\u00e1 justificaram e j\u00e1 anunciaram [&hellip;]\" \/>\n<meta property=\"og:url\" content=\"https:\/\/osmeusapontamentos.com\/index.php\/2009\/10\/13\/cinemateca-no-porto\/\" \/>\n<meta property=\"og:site_name\" content=\"Os Meus Apontamentos\" \/>\n<meta property=\"article:published_time\" content=\"2009-10-13T15:49:27+00:00\" \/>\n<meta name=\"author\" content=\"Vitor Silva\" \/>\n<meta name=\"twitter:card\" content=\"summary_large_image\" \/>\n<meta name=\"twitter:creator\" content=\"@vitorsilva\" \/>\n<meta name=\"twitter:site\" content=\"@vitorsilva\" \/>\n<meta name=\"twitter:label1\" content=\"Escrito por\" \/>\n\t<meta name=\"twitter:data1\" content=\"Vitor Silva\" \/>\n\t<meta name=\"twitter:label2\" content=\"Tempo estimado de leitura\" \/>\n\t<meta name=\"twitter:data2\" content=\"1 minuto\" \/>\n<script type=\"application\/ld+json\" class=\"yoast-schema-graph\">{\"@context\":\"https:\\\/\\\/schema.org\",\"@graph\":[{\"@type\":\"Article\",\"@id\":\"https:\\\/\\\/osmeusapontamentos.com\\\/index.php\\\/2009\\\/10\\\/13\\\/cinemateca-no-porto\\\/#article\",\"isPartOf\":{\"@id\":\"https:\\\/\\\/osmeusapontamentos.com\\\/index.php\\\/2009\\\/10\\\/13\\\/cinemateca-no-porto\\\/\"},\"author\":{\"name\":\"Vitor Silva\",\"@id\":\"https:\\\/\\\/osmeusapontamentos.com\\\/#\\\/schema\\\/person\\\/d508df9c3ffc8b4e64a18dbf0ba18dd8\"},\"headline\":\"Cinemateca no Porto\",\"datePublished\":\"2009-10-13T15:49:27+00:00\",\"mainEntityOfPage\":{\"@id\":\"https:\\\/\\\/osmeusapontamentos.com\\\/index.php\\\/2009\\\/10\\\/13\\\/cinemateca-no-porto\\\/\"},\"wordCount\":287,\"commentCount\":1,\"publisher\":{\"@id\":\"https:\\\/\\\/osmeusapontamentos.com\\\/#\\\/schema\\\/person\\\/d508df9c3ffc8b4e64a18dbf0ba18dd8\"},\"keywords\":[\"cinema\",\"porto\"],\"articleSection\":[\"Ler\\\/ Ver\\\/ Ouvir\\\/ Passear\"],\"inLanguage\":\"pt-PT\",\"potentialAction\":[{\"@type\":\"CommentAction\",\"name\":\"Comment\",\"target\":[\"https:\\\/\\\/osmeusapontamentos.com\\\/index.php\\\/2009\\\/10\\\/13\\\/cinemateca-no-porto\\\/#respond\"]}]},{\"@type\":\"WebPage\",\"@id\":\"https:\\\/\\\/osmeusapontamentos.com\\\/index.php\\\/2009\\\/10\\\/13\\\/cinemateca-no-porto\\\/\",\"url\":\"https:\\\/\\\/osmeusapontamentos.com\\\/index.php\\\/2009\\\/10\\\/13\\\/cinemateca-no-porto\\\/\",\"name\":\"Cinemateca no Porto - Os Meus Apontamentos\",\"isPartOf\":{\"@id\":\"https:\\\/\\\/osmeusapontamentos.com\\\/#website\"},\"datePublished\":\"2009-10-13T15:49:27+00:00\",\"breadcrumb\":{\"@id\":\"https:\\\/\\\/osmeusapontamentos.com\\\/index.php\\\/2009\\\/10\\\/13\\\/cinemateca-no-porto\\\/#breadcrumb\"},\"inLanguage\":\"pt-PT\",\"potentialAction\":[{\"@type\":\"ReadAction\",\"target\":[\"https:\\\/\\\/osmeusapontamentos.com\\\/index.php\\\/2009\\\/10\\\/13\\\/cinemateca-no-porto\\\/\"]}]},{\"@type\":\"BreadcrumbList\",\"@id\":\"https:\\\/\\\/osmeusapontamentos.com\\\/index.php\\\/2009\\\/10\\\/13\\\/cinemateca-no-porto\\\/#breadcrumb\",\"itemListElement\":[{\"@type\":\"ListItem\",\"position\":1,\"name\":\"In\u00edcio\",\"item\":\"https:\\\/\\\/osmeusapontamentos.com\\\/\"},{\"@type\":\"ListItem\",\"position\":2,\"name\":\"Cinemateca no Porto\"}]},{\"@type\":\"WebSite\",\"@id\":\"https:\\\/\\\/osmeusapontamentos.com\\\/#website\",\"url\":\"https:\\\/\\\/osmeusapontamentos.com\\\/\",\"name\":\"Os Meus Apontamentos\",\"description\":\"\",\"publisher\":{\"@id\":\"https:\\\/\\\/osmeusapontamentos.com\\\/#\\\/schema\\\/person\\\/d508df9c3ffc8b4e64a18dbf0ba18dd8\"},\"potentialAction\":[{\"@type\":\"SearchAction\",\"target\":{\"@type\":\"EntryPoint\",\"urlTemplate\":\"https:\\\/\\\/osmeusapontamentos.com\\\/?s={search_term_string}\"},\"query-input\":{\"@type\":\"PropertyValueSpecification\",\"valueRequired\":true,\"valueName\":\"search_term_string\"}}],\"inLanguage\":\"pt-PT\"},{\"@type\":[\"Person\",\"Organization\"],\"@id\":\"https:\\\/\\\/osmeusapontamentos.com\\\/#\\\/schema\\\/person\\\/d508df9c3ffc8b4e64a18dbf0ba18dd8\",\"name\":\"Vitor Silva\",\"image\":{\"@type\":\"ImageObject\",\"inLanguage\":\"pt-PT\",\"@id\":\"https:\\\/\\\/secure.gravatar.com\\\/avatar\\\/f81f58ad909e8a213ab0a690f6ed65e5c0e0e2274bf35ac49ff31d7988d483ce?s=96&d=mm&r=g\",\"url\":\"https:\\\/\\\/secure.gravatar.com\\\/avatar\\\/f81f58ad909e8a213ab0a690f6ed65e5c0e0e2274bf35ac49ff31d7988d483ce?s=96&d=mm&r=g\",\"contentUrl\":\"https:\\\/\\\/secure.gravatar.com\\\/avatar\\\/f81f58ad909e8a213ab0a690f6ed65e5c0e0e2274bf35ac49ff31d7988d483ce?s=96&d=mm&r=g\",\"caption\":\"Vitor Silva\"},\"logo\":{\"@id\":\"https:\\\/\\\/secure.gravatar.com\\\/avatar\\\/f81f58ad909e8a213ab0a690f6ed65e5c0e0e2274bf35ac49ff31d7988d483ce?s=96&d=mm&r=g\"},\"sameAs\":[\"https:\\\/\\\/www.linkedin.com\\\/in\\\/vitormrsilva\",\"https:\\\/\\\/x.com\\\/vitorsilva\"]}]}<\/script>\n<!-- \/ Yoast SEO plugin. -->","yoast_head_json":{"title":"Cinemateca no Porto - Os Meus Apontamentos","robots":{"index":"index","follow":"follow","max-snippet":"max-snippet:-1","max-image-preview":"max-image-preview:large","max-video-preview":"max-video-preview:-1"},"canonical":"https:\/\/osmeusapontamentos.com\/index.php\/2009\/10\/13\/cinemateca-no-porto\/","og_locale":"pt_PT","og_type":"article","og_title":"Cinemateca no Porto - Os Meus Apontamentos","og_description":"Faz falta no Porto uma infraestrutura dedicada \u00e0 difus\u00e3o e preserva\u00e7\u00e3o (sistem\u00e1tica) da arte cinematogr\u00e1fica (ver entrada na wikipedia da cinemateca portuguesa) e\/ou respons\u00e1vel pela preserva\u00e7\u00e3o da produ\u00e7\u00e3o audiovisual (ver entrada na wikipedia da cinemateca brasileira) N\u00e3o vou tentar explicar porque me parece importante uma infraestrutura desse g\u00e9nero que outros j\u00e1 justificaram e j\u00e1 anunciaram [&hellip;]","og_url":"https:\/\/osmeusapontamentos.com\/index.php\/2009\/10\/13\/cinemateca-no-porto\/","og_site_name":"Os Meus Apontamentos","article_published_time":"2009-10-13T15:49:27+00:00","author":"Vitor Silva","twitter_card":"summary_large_image","twitter_creator":"@vitorsilva","twitter_site":"@vitorsilva","twitter_misc":{"Escrito por":"Vitor Silva","Tempo estimado de leitura":"1 minuto"},"schema":{"@context":"https:\/\/schema.org","@graph":[{"@type":"Article","@id":"https:\/\/osmeusapontamentos.com\/index.php\/2009\/10\/13\/cinemateca-no-porto\/#article","isPartOf":{"@id":"https:\/\/osmeusapontamentos.com\/index.php\/2009\/10\/13\/cinemateca-no-porto\/"},"author":{"name":"Vitor Silva","@id":"https:\/\/osmeusapontamentos.com\/#\/schema\/person\/d508df9c3ffc8b4e64a18dbf0ba18dd8"},"headline":"Cinemateca no Porto","datePublished":"2009-10-13T15:49:27+00:00","mainEntityOfPage":{"@id":"https:\/\/osmeusapontamentos.com\/index.php\/2009\/10\/13\/cinemateca-no-porto\/"},"wordCount":287,"commentCount":1,"publisher":{"@id":"https:\/\/osmeusapontamentos.com\/#\/schema\/person\/d508df9c3ffc8b4e64a18dbf0ba18dd8"},"keywords":["cinema","porto"],"articleSection":["Ler\/ Ver\/ Ouvir\/ Passear"],"inLanguage":"pt-PT","potentialAction":[{"@type":"CommentAction","name":"Comment","target":["https:\/\/osmeusapontamentos.com\/index.php\/2009\/10\/13\/cinemateca-no-porto\/#respond"]}]},{"@type":"WebPage","@id":"https:\/\/osmeusapontamentos.com\/index.php\/2009\/10\/13\/cinemateca-no-porto\/","url":"https:\/\/osmeusapontamentos.com\/index.php\/2009\/10\/13\/cinemateca-no-porto\/","name":"Cinemateca no Porto - Os Meus Apontamentos","isPartOf":{"@id":"https:\/\/osmeusapontamentos.com\/#website"},"datePublished":"2009-10-13T15:49:27+00:00","breadcrumb":{"@id":"https:\/\/osmeusapontamentos.com\/index.php\/2009\/10\/13\/cinemateca-no-porto\/#breadcrumb"},"inLanguage":"pt-PT","potentialAction":[{"@type":"ReadAction","target":["https:\/\/osmeusapontamentos.com\/index.php\/2009\/10\/13\/cinemateca-no-porto\/"]}]},{"@type":"BreadcrumbList","@id":"https:\/\/osmeusapontamentos.com\/index.php\/2009\/10\/13\/cinemateca-no-porto\/#breadcrumb","itemListElement":[{"@type":"ListItem","position":1,"name":"In\u00edcio","item":"https:\/\/osmeusapontamentos.com\/"},{"@type":"ListItem","position":2,"name":"Cinemateca no Porto"}]},{"@type":"WebSite","@id":"https:\/\/osmeusapontamentos.com\/#website","url":"https:\/\/osmeusapontamentos.com\/","name":"Os Meus Apontamentos","description":"","publisher":{"@id":"https:\/\/osmeusapontamentos.com\/#\/schema\/person\/d508df9c3ffc8b4e64a18dbf0ba18dd8"},"potentialAction":[{"@type":"SearchAction","target":{"@type":"EntryPoint","urlTemplate":"https:\/\/osmeusapontamentos.com\/?s={search_term_string}"},"query-input":{"@type":"PropertyValueSpecification","valueRequired":true,"valueName":"search_term_string"}}],"inLanguage":"pt-PT"},{"@type":["Person","Organization"],"@id":"https:\/\/osmeusapontamentos.com\/#\/schema\/person\/d508df9c3ffc8b4e64a18dbf0ba18dd8","name":"Vitor Silva","image":{"@type":"ImageObject","inLanguage":"pt-PT","@id":"https:\/\/secure.gravatar.com\/avatar\/f81f58ad909e8a213ab0a690f6ed65e5c0e0e2274bf35ac49ff31d7988d483ce?s=96&d=mm&r=g","url":"https:\/\/secure.gravatar.com\/avatar\/f81f58ad909e8a213ab0a690f6ed65e5c0e0e2274bf35ac49ff31d7988d483ce?s=96&d=mm&r=g","contentUrl":"https:\/\/secure.gravatar.com\/avatar\/f81f58ad909e8a213ab0a690f6ed65e5c0e0e2274bf35ac49ff31d7988d483ce?s=96&d=mm&r=g","caption":"Vitor Silva"},"logo":{"@id":"https:\/\/secure.gravatar.com\/avatar\/f81f58ad909e8a213ab0a690f6ed65e5c0e0e2274bf35ac49ff31d7988d483ce?s=96&d=mm&r=g"},"sameAs":["https:\/\/www.linkedin.com\/in\/vitormrsilva","https:\/\/x.com\/vitorsilva"]}]}},"_links":{"self":[{"href":"https:\/\/osmeusapontamentos.com\/index.php\/wp-json\/wp\/v2\/posts\/1606","targetHints":{"allow":["GET"]}}],"collection":[{"href":"https:\/\/osmeusapontamentos.com\/index.php\/wp-json\/wp\/v2\/posts"}],"about":[{"href":"https:\/\/osmeusapontamentos.com\/index.php\/wp-json\/wp\/v2\/types\/post"}],"author":[{"embeddable":true,"href":"https:\/\/osmeusapontamentos.com\/index.php\/wp-json\/wp\/v2\/users\/1"}],"replies":[{"embeddable":true,"href":"https:\/\/osmeusapontamentos.com\/index.php\/wp-json\/wp\/v2\/comments?post=1606"}],"version-history":[{"count":0,"href":"https:\/\/osmeusapontamentos.com\/index.php\/wp-json\/wp\/v2\/posts\/1606\/revisions"}],"wp:attachment":[{"href":"https:\/\/osmeusapontamentos.com\/index.php\/wp-json\/wp\/v2\/media?parent=1606"}],"wp:term":[{"taxonomy":"category","embeddable":true,"href":"https:\/\/osmeusapontamentos.com\/index.php\/wp-json\/wp\/v2\/categories?post=1606"},{"taxonomy":"post_tag","embeddable":true,"href":"https:\/\/osmeusapontamentos.com\/index.php\/wp-json\/wp\/v2\/tags?post=1606"}],"curies":[{"name":"wp","href":"https:\/\/api.w.org\/{rel}","templated":true}]}}