{"id":1588,"date":"2009-09-23T10:15:00","date_gmt":"2009-09-23T10:15:00","guid":{"rendered":"http:\/\/osmeusapontamentos.com\/?p=1588"},"modified":"2009-09-23T10:15:00","modified_gmt":"2009-09-23T10:15:00","slug":"candidatos-a-jf-santo-ildefonso","status":"publish","type":"post","link":"https:\/\/osmeusapontamentos.com\/index.php\/2009\/09\/23\/candidatos-a-jf-santo-ildefonso\/","title":{"rendered":"Candidatos \u00e0 JF Santo Ildefonso"},"content":{"rendered":"<p>A prop\u00f3sito da aut\u00e1rquicas achei que seria interessante ouvir os candidatos \u00e0 junta de freguesia em que vou votar, que \u00e9 Santo Ildefonso.<br \/>\nEm 1 de Setembro enviei os primeiros mails a solicitar uma entrevista com os diferentes candidatos e at\u00e9 agora j\u00e1 tenho 2 confirma\u00e7\u00f5es, uma quase confirma\u00e7\u00e3o e uma \u00faltima resposta que para j\u00e1 \u00e9 negativa (espero que entretanto mudem de opini\u00e3o).<\/p>\n<p>Estive a procurar no site da <a href=\"http:\/\/www.jf-stildefonso.pt\/\">Junta de Freguesia de Santo Ildefonso<\/a> os <a href=\"..\/?p=1392\">documentos mais importantes que t\u00eam produzir<\/a>, nomeadamente Plano de Actividades; Relat\u00f3rio do Plano de Actividades; Or\u00e7amento e eventualmente a Informa\u00e7\u00e3o Trimestral \u00e0 Assembleia Freguesia mas n\u00e3o encontrei nada.<br \/>\n\u00c9 pena porque me dificulta um bocado o trabalho. J\u00e1 lhes enviei um mail a solicitar essa informa\u00e7\u00e3o mas ainda estou \u00e0 espera.<br \/>\nTenho ideia que o acesso a essa informa\u00e7\u00e3o \u00e9 publico de acordo com a Lei de Acesso a Documentos Administrativos (ver mais informa\u00e7\u00e3o em <a href=\"http:\/\/www.cada.pt\/\">http:\/\/www.cada.pt\/<\/a>)<\/p>\n<p>Apesar de a minha vida sempre ter girado \u00e0 volta do Porto s\u00f3 desde h\u00e1 2 anos \u00e9 que moro realmente na cidade do Porto pelo que algumas coisas ainda s\u00e3o novas para mim, como por exemplo a pr\u00f3pria delimita\u00e7\u00e3o das pr\u00f3prias freguesias&#8230; mas n\u00e3o devo ser o \u00fanico a julgar pelos cartazes dos candidatos de paranhos que aparecem no jardim do marqu\u00eas.<\/p>\n<p>Se quiserem sugerir temas ou perguntas a fazer aos candidatos contactem-me via <a href=\"http:\/\/www.twitter.com\/vitorsilva\">twitter<\/a> ou atrav\u00e9s do blog do podcast <a href=\"http:\/\/oportoemconversa.wordpress.com\/\">O Porto em Conversa<\/a>.<br \/>\nSe algu\u00e9m quiser ter uma iniciativa semelhante noutra freguesia mas necessitar de apoio por exemplo para gravar as entrevistas tamb\u00e9m estarei dispon\u00edvel para ajudar.<\/p>\n","protected":false},"excerpt":{"rendered":"<p>A prop\u00f3sito da aut\u00e1rquicas achei que seria interessante ouvir os candidatos \u00e0 junta de freguesia em que vou votar, que \u00e9 Santo Ildefonso. Em 1 de Setembro enviei os primeiros mails a solicitar uma entrevista com os diferentes candidatos e at\u00e9 agora j\u00e1 tenho 2 confirma\u00e7\u00f5es, uma quase confirma\u00e7\u00e3o e uma \u00faltima resposta que para [&hellip;]<\/p>\n","protected":false},"author":1,"featured_media":0,"comment_status":"open","ping_status":"open","sticky":false,"template":"","format":"standard","meta":{"footnotes":""},"categories":[7],"tags":[114,268,524],"class_list":["post-1588","post","type-post","status-publish","format-standard","hentry","category-ler-ver-ouvir-passear","tag-candidatos","tag-freguesias","tag-porto"],"yoast_head":"<!-- This site is optimized with the Yoast SEO plugin v27.5 - https:\/\/yoast.com\/product\/yoast-seo-wordpress\/ -->\n<title>Candidatos \u00e0 JF Santo Ildefonso - Os Meus Apontamentos<\/title>\n<meta name=\"robots\" content=\"index, follow, max-snippet:-1, max-image-preview:large, max-video-preview:-1\" \/>\n<link rel=\"canonical\" href=\"https:\/\/osmeusapontamentos.com\/index.php\/2009\/09\/23\/candidatos-a-jf-santo-ildefonso\/\" \/>\n<meta property=\"og:locale\" content=\"pt_PT\" \/>\n<meta property=\"og:type\" content=\"article\" \/>\n<meta property=\"og:title\" content=\"Candidatos \u00e0 JF Santo Ildefonso - Os Meus Apontamentos\" \/>\n<meta property=\"og:description\" content=\"A prop\u00f3sito da aut\u00e1rquicas achei que seria interessante ouvir os candidatos \u00e0 junta de freguesia em que vou votar, que \u00e9 Santo Ildefonso. Em 1 de Setembro enviei os primeiros mails a solicitar uma entrevista com os diferentes candidatos e at\u00e9 agora j\u00e1 tenho 2 confirma\u00e7\u00f5es, uma quase confirma\u00e7\u00e3o e uma \u00faltima resposta que para [&hellip;]\" \/>\n<meta property=\"og:url\" content=\"https:\/\/osmeusapontamentos.com\/index.php\/2009\/09\/23\/candidatos-a-jf-santo-ildefonso\/\" \/>\n<meta property=\"og:site_name\" content=\"Os Meus Apontamentos\" \/>\n<meta property=\"article:published_time\" content=\"2009-09-23T10:15:00+00:00\" \/>\n<meta name=\"author\" content=\"Vitor Silva\" \/>\n<meta name=\"twitter:card\" content=\"summary_large_image\" \/>\n<meta name=\"twitter:creator\" content=\"@vitorsilva\" \/>\n<meta name=\"twitter:site\" content=\"@vitorsilva\" \/>\n<meta name=\"twitter:label1\" content=\"Escrito por\" \/>\n\t<meta name=\"twitter:data1\" content=\"Vitor Silva\" \/>\n\t<meta name=\"twitter:label2\" content=\"Tempo estimado de leitura\" \/>\n\t<meta name=\"twitter:data2\" content=\"1 minuto\" \/>\n<script type=\"application\/ld+json\" class=\"yoast-schema-graph\">{\"@context\":\"https:\\\/\\\/schema.org\",\"@graph\":[{\"@type\":\"Article\",\"@id\":\"https:\\\/\\\/osmeusapontamentos.com\\\/index.php\\\/2009\\\/09\\\/23\\\/candidatos-a-jf-santo-ildefonso\\\/#article\",\"isPartOf\":{\"@id\":\"https:\\\/\\\/osmeusapontamentos.com\\\/index.php\\\/2009\\\/09\\\/23\\\/candidatos-a-jf-santo-ildefonso\\\/\"},\"author\":{\"name\":\"Vitor Silva\",\"@id\":\"https:\\\/\\\/osmeusapontamentos.com\\\/#\\\/schema\\\/person\\\/d508df9c3ffc8b4e64a18dbf0ba18dd8\"},\"headline\":\"Candidatos \u00e0 JF Santo Ildefonso\",\"datePublished\":\"2009-09-23T10:15:00+00:00\",\"mainEntityOfPage\":{\"@id\":\"https:\\\/\\\/osmeusapontamentos.com\\\/index.php\\\/2009\\\/09\\\/23\\\/candidatos-a-jf-santo-ildefonso\\\/\"},\"wordCount\":281,\"commentCount\":2,\"publisher\":{\"@id\":\"https:\\\/\\\/osmeusapontamentos.com\\\/#\\\/schema\\\/person\\\/d508df9c3ffc8b4e64a18dbf0ba18dd8\"},\"keywords\":[\"candidatos\",\"freguesias\",\"porto\"],\"articleSection\":[\"Ler\\\/ Ver\\\/ Ouvir\\\/ Passear\"],\"inLanguage\":\"pt-PT\",\"potentialAction\":[{\"@type\":\"CommentAction\",\"name\":\"Comment\",\"target\":[\"https:\\\/\\\/osmeusapontamentos.com\\\/index.php\\\/2009\\\/09\\\/23\\\/candidatos-a-jf-santo-ildefonso\\\/#respond\"]}]},{\"@type\":\"WebPage\",\"@id\":\"https:\\\/\\\/osmeusapontamentos.com\\\/index.php\\\/2009\\\/09\\\/23\\\/candidatos-a-jf-santo-ildefonso\\\/\",\"url\":\"https:\\\/\\\/osmeusapontamentos.com\\\/index.php\\\/2009\\\/09\\\/23\\\/candidatos-a-jf-santo-ildefonso\\\/\",\"name\":\"Candidatos \u00e0 JF Santo Ildefonso - Os Meus Apontamentos\",\"isPartOf\":{\"@id\":\"https:\\\/\\\/osmeusapontamentos.com\\\/#website\"},\"datePublished\":\"2009-09-23T10:15:00+00:00\",\"breadcrumb\":{\"@id\":\"https:\\\/\\\/osmeusapontamentos.com\\\/index.php\\\/2009\\\/09\\\/23\\\/candidatos-a-jf-santo-ildefonso\\\/#breadcrumb\"},\"inLanguage\":\"pt-PT\",\"potentialAction\":[{\"@type\":\"ReadAction\",\"target\":[\"https:\\\/\\\/osmeusapontamentos.com\\\/index.php\\\/2009\\\/09\\\/23\\\/candidatos-a-jf-santo-ildefonso\\\/\"]}]},{\"@type\":\"BreadcrumbList\",\"@id\":\"https:\\\/\\\/osmeusapontamentos.com\\\/index.php\\\/2009\\\/09\\\/23\\\/candidatos-a-jf-santo-ildefonso\\\/#breadcrumb\",\"itemListElement\":[{\"@type\":\"ListItem\",\"position\":1,\"name\":\"In\u00edcio\",\"item\":\"https:\\\/\\\/osmeusapontamentos.com\\\/\"},{\"@type\":\"ListItem\",\"position\":2,\"name\":\"Candidatos \u00e0 JF Santo Ildefonso\"}]},{\"@type\":\"WebSite\",\"@id\":\"https:\\\/\\\/osmeusapontamentos.com\\\/#website\",\"url\":\"https:\\\/\\\/osmeusapontamentos.com\\\/\",\"name\":\"Os Meus Apontamentos\",\"description\":\"\",\"publisher\":{\"@id\":\"https:\\\/\\\/osmeusapontamentos.com\\\/#\\\/schema\\\/person\\\/d508df9c3ffc8b4e64a18dbf0ba18dd8\"},\"potentialAction\":[{\"@type\":\"SearchAction\",\"target\":{\"@type\":\"EntryPoint\",\"urlTemplate\":\"https:\\\/\\\/osmeusapontamentos.com\\\/?s={search_term_string}\"},\"query-input\":{\"@type\":\"PropertyValueSpecification\",\"valueRequired\":true,\"valueName\":\"search_term_string\"}}],\"inLanguage\":\"pt-PT\"},{\"@type\":[\"Person\",\"Organization\"],\"@id\":\"https:\\\/\\\/osmeusapontamentos.com\\\/#\\\/schema\\\/person\\\/d508df9c3ffc8b4e64a18dbf0ba18dd8\",\"name\":\"Vitor Silva\",\"image\":{\"@type\":\"ImageObject\",\"inLanguage\":\"pt-PT\",\"@id\":\"https:\\\/\\\/secure.gravatar.com\\\/avatar\\\/f81f58ad909e8a213ab0a690f6ed65e5c0e0e2274bf35ac49ff31d7988d483ce?s=96&d=mm&r=g\",\"url\":\"https:\\\/\\\/secure.gravatar.com\\\/avatar\\\/f81f58ad909e8a213ab0a690f6ed65e5c0e0e2274bf35ac49ff31d7988d483ce?s=96&d=mm&r=g\",\"contentUrl\":\"https:\\\/\\\/secure.gravatar.com\\\/avatar\\\/f81f58ad909e8a213ab0a690f6ed65e5c0e0e2274bf35ac49ff31d7988d483ce?s=96&d=mm&r=g\",\"caption\":\"Vitor Silva\"},\"logo\":{\"@id\":\"https:\\\/\\\/secure.gravatar.com\\\/avatar\\\/f81f58ad909e8a213ab0a690f6ed65e5c0e0e2274bf35ac49ff31d7988d483ce?s=96&d=mm&r=g\"},\"sameAs\":[\"https:\\\/\\\/www.linkedin.com\\\/in\\\/vitormrsilva\",\"https:\\\/\\\/x.com\\\/vitorsilva\"]}]}<\/script>\n<!-- \/ Yoast SEO plugin. -->","yoast_head_json":{"title":"Candidatos \u00e0 JF Santo Ildefonso - Os Meus Apontamentos","robots":{"index":"index","follow":"follow","max-snippet":"max-snippet:-1","max-image-preview":"max-image-preview:large","max-video-preview":"max-video-preview:-1"},"canonical":"https:\/\/osmeusapontamentos.com\/index.php\/2009\/09\/23\/candidatos-a-jf-santo-ildefonso\/","og_locale":"pt_PT","og_type":"article","og_title":"Candidatos \u00e0 JF Santo Ildefonso - Os Meus Apontamentos","og_description":"A prop\u00f3sito da aut\u00e1rquicas achei que seria interessante ouvir os candidatos \u00e0 junta de freguesia em que vou votar, que \u00e9 Santo Ildefonso. Em 1 de Setembro enviei os primeiros mails a solicitar uma entrevista com os diferentes candidatos e at\u00e9 agora j\u00e1 tenho 2 confirma\u00e7\u00f5es, uma quase confirma\u00e7\u00e3o e uma \u00faltima resposta que para [&hellip;]","og_url":"https:\/\/osmeusapontamentos.com\/index.php\/2009\/09\/23\/candidatos-a-jf-santo-ildefonso\/","og_site_name":"Os Meus Apontamentos","article_published_time":"2009-09-23T10:15:00+00:00","author":"Vitor Silva","twitter_card":"summary_large_image","twitter_creator":"@vitorsilva","twitter_site":"@vitorsilva","twitter_misc":{"Escrito por":"Vitor Silva","Tempo estimado de leitura":"1 minuto"},"schema":{"@context":"https:\/\/schema.org","@graph":[{"@type":"Article","@id":"https:\/\/osmeusapontamentos.com\/index.php\/2009\/09\/23\/candidatos-a-jf-santo-ildefonso\/#article","isPartOf":{"@id":"https:\/\/osmeusapontamentos.com\/index.php\/2009\/09\/23\/candidatos-a-jf-santo-ildefonso\/"},"author":{"name":"Vitor Silva","@id":"https:\/\/osmeusapontamentos.com\/#\/schema\/person\/d508df9c3ffc8b4e64a18dbf0ba18dd8"},"headline":"Candidatos \u00e0 JF Santo Ildefonso","datePublished":"2009-09-23T10:15:00+00:00","mainEntityOfPage":{"@id":"https:\/\/osmeusapontamentos.com\/index.php\/2009\/09\/23\/candidatos-a-jf-santo-ildefonso\/"},"wordCount":281,"commentCount":2,"publisher":{"@id":"https:\/\/osmeusapontamentos.com\/#\/schema\/person\/d508df9c3ffc8b4e64a18dbf0ba18dd8"},"keywords":["candidatos","freguesias","porto"],"articleSection":["Ler\/ Ver\/ Ouvir\/ Passear"],"inLanguage":"pt-PT","potentialAction":[{"@type":"CommentAction","name":"Comment","target":["https:\/\/osmeusapontamentos.com\/index.php\/2009\/09\/23\/candidatos-a-jf-santo-ildefonso\/#respond"]}]},{"@type":"WebPage","@id":"https:\/\/osmeusapontamentos.com\/index.php\/2009\/09\/23\/candidatos-a-jf-santo-ildefonso\/","url":"https:\/\/osmeusapontamentos.com\/index.php\/2009\/09\/23\/candidatos-a-jf-santo-ildefonso\/","name":"Candidatos \u00e0 JF Santo Ildefonso - Os Meus Apontamentos","isPartOf":{"@id":"https:\/\/osmeusapontamentos.com\/#website"},"datePublished":"2009-09-23T10:15:00+00:00","breadcrumb":{"@id":"https:\/\/osmeusapontamentos.com\/index.php\/2009\/09\/23\/candidatos-a-jf-santo-ildefonso\/#breadcrumb"},"inLanguage":"pt-PT","potentialAction":[{"@type":"ReadAction","target":["https:\/\/osmeusapontamentos.com\/index.php\/2009\/09\/23\/candidatos-a-jf-santo-ildefonso\/"]}]},{"@type":"BreadcrumbList","@id":"https:\/\/osmeusapontamentos.com\/index.php\/2009\/09\/23\/candidatos-a-jf-santo-ildefonso\/#breadcrumb","itemListElement":[{"@type":"ListItem","position":1,"name":"In\u00edcio","item":"https:\/\/osmeusapontamentos.com\/"},{"@type":"ListItem","position":2,"name":"Candidatos \u00e0 JF Santo Ildefonso"}]},{"@type":"WebSite","@id":"https:\/\/osmeusapontamentos.com\/#website","url":"https:\/\/osmeusapontamentos.com\/","name":"Os Meus Apontamentos","description":"","publisher":{"@id":"https:\/\/osmeusapontamentos.com\/#\/schema\/person\/d508df9c3ffc8b4e64a18dbf0ba18dd8"},"potentialAction":[{"@type":"SearchAction","target":{"@type":"EntryPoint","urlTemplate":"https:\/\/osmeusapontamentos.com\/?s={search_term_string}"},"query-input":{"@type":"PropertyValueSpecification","valueRequired":true,"valueName":"search_term_string"}}],"inLanguage":"pt-PT"},{"@type":["Person","Organization"],"@id":"https:\/\/osmeusapontamentos.com\/#\/schema\/person\/d508df9c3ffc8b4e64a18dbf0ba18dd8","name":"Vitor Silva","image":{"@type":"ImageObject","inLanguage":"pt-PT","@id":"https:\/\/secure.gravatar.com\/avatar\/f81f58ad909e8a213ab0a690f6ed65e5c0e0e2274bf35ac49ff31d7988d483ce?s=96&d=mm&r=g","url":"https:\/\/secure.gravatar.com\/avatar\/f81f58ad909e8a213ab0a690f6ed65e5c0e0e2274bf35ac49ff31d7988d483ce?s=96&d=mm&r=g","contentUrl":"https:\/\/secure.gravatar.com\/avatar\/f81f58ad909e8a213ab0a690f6ed65e5c0e0e2274bf35ac49ff31d7988d483ce?s=96&d=mm&r=g","caption":"Vitor Silva"},"logo":{"@id":"https:\/\/secure.gravatar.com\/avatar\/f81f58ad909e8a213ab0a690f6ed65e5c0e0e2274bf35ac49ff31d7988d483ce?s=96&d=mm&r=g"},"sameAs":["https:\/\/www.linkedin.com\/in\/vitormrsilva","https:\/\/x.com\/vitorsilva"]}]}},"_links":{"self":[{"href":"https:\/\/osmeusapontamentos.com\/index.php\/wp-json\/wp\/v2\/posts\/1588","targetHints":{"allow":["GET"]}}],"collection":[{"href":"https:\/\/osmeusapontamentos.com\/index.php\/wp-json\/wp\/v2\/posts"}],"about":[{"href":"https:\/\/osmeusapontamentos.com\/index.php\/wp-json\/wp\/v2\/types\/post"}],"author":[{"embeddable":true,"href":"https:\/\/osmeusapontamentos.com\/index.php\/wp-json\/wp\/v2\/users\/1"}],"replies":[{"embeddable":true,"href":"https:\/\/osmeusapontamentos.com\/index.php\/wp-json\/wp\/v2\/comments?post=1588"}],"version-history":[{"count":0,"href":"https:\/\/osmeusapontamentos.com\/index.php\/wp-json\/wp\/v2\/posts\/1588\/revisions"}],"wp:attachment":[{"href":"https:\/\/osmeusapontamentos.com\/index.php\/wp-json\/wp\/v2\/media?parent=1588"}],"wp:term":[{"taxonomy":"category","embeddable":true,"href":"https:\/\/osmeusapontamentos.com\/index.php\/wp-json\/wp\/v2\/categories?post=1588"},{"taxonomy":"post_tag","embeddable":true,"href":"https:\/\/osmeusapontamentos.com\/index.php\/wp-json\/wp\/v2\/tags?post=1588"}],"curies":[{"name":"wp","href":"https:\/\/api.w.org\/{rel}","templated":true}]}}