{"id":1585,"date":"2009-09-21T18:12:39","date_gmt":"2009-09-21T18:12:39","guid":{"rendered":"http:\/\/osmeusapontamentos.com\/?p=1585"},"modified":"2009-09-21T18:12:39","modified_gmt":"2009-09-21T18:12:39","slug":"debate-no-palacio-da-bolsa-sobre-o-asc","status":"publish","type":"post","link":"https:\/\/osmeusapontamentos.com\/index.php\/2009\/09\/21\/debate-no-palacio-da-bolsa-sobre-o-asc\/","title":{"rendered":"Debate no Pal\u00e1cio da Bolsa sobre o ASC"},"content":{"rendered":"<p>BE &#8211; Jo\u00e3o Semedo<\/p>\n<ul>\n<li> o modelo actual \u00e9 bom, rent\u00e1vel e de qualidade<\/li>\n<li> contra a transfer\u00eancia de capital da ANA no norte para constru\u00e7\u00e3o do aeroporto em Lisboa (NAL)<\/li>\n<li> contra gest\u00e3o aut\u00f3noma<\/li>\n<li> favor\u00e1vel \u00e0 constru\u00e7\u00e3o do NAL<\/li>\n<li> necess\u00e1rio aproximar interesses locais da gest\u00e3o do aeroporto<\/li>\n<\/ul>\n<p>CDU &#8211; Hon\u00f3rio Novo<\/p>\n<ul>\n<li> ANA \u00e9 uma gest\u00e3o de sucesso<\/li>\n<li> valoriza\u00e7\u00e3o do investimento que foi feito<\/li>\n<li> interesse \u00fanico dos privados em boas empresas<\/li>\n<li> privatiza\u00e7ao da ANA pode levar \u00e0 perda de perspectiva global das opera\u00e7\u00f5es<\/li>\n<li> contas do ASC provavelmente ainda s\u00e3o negativas em diversas opera\u00e7\u00f5es<\/li>\n<li> direc\u00e7\u00e3o do ASC podia e devia ter representa\u00e7\u00e3o regional ou da AMP<\/li>\n<li> preocupa\u00e7\u00e3o pela n\u00e3o inclus\u00e3o do aeroporto na rede de velocidade elevada<\/li>\n<\/ul>\n<p>PS &#8211; Alberto Martins<\/p>\n<ul>\n<li> ANA \u00e9 um caso de sucesso<\/li>\n<li> 2000-2005 &#8211; 400M\u20ac investimento<\/li>\n<li> compromisso no programa de governo: funcionamento dos aeroportos em rede integrada; promover a participa\u00e7\u00e3o das regi\u00f5es na gest\u00e3o dos aeroportos<\/li>\n<li> Gest\u00e3o integrada para dar dimens\u00e3o \u00e0 ANA &#8211; conjuntamente \u00e9 a 41\u00aa empresa a nivel mundial, Lisboa seria de uma forma independente o 75\u00ba<\/li>\n<li> ANA \u00e9 para manter como empresa p\u00fablica (gest\u00e3o de rotas e tr\u00e1fego)<\/li>\n<li> Gest\u00e3o de alguns servi\u00e7os poder\u00e3o ser privatizados<\/li>\n<\/ul>\n<p>PSD &#8211; Aguiar Branco<\/p>\n<ul>\n<li> compara\u00e7\u00e3o entre o que o PS dizia anteriormente e o que diz agora em rela\u00e7\u00e3o \u00e0 privatiza\u00e7\u00e3o da ANA<\/li>\n<li> contra op\u00e7\u00e3o de monop\u00f3lio privado, favor\u00e1vel a modelo de gest\u00e3o em Parceria Publico-Privado<\/li>\n<\/ul>\n<p>CDS-PP &#8211; Ribeiro e Castro<\/p>\n<ul>\n<li> dificuldade em reunir com a direc\u00e7\u00e3o do ASC j\u00e1 que necessitavam de uma autoriza\u00e7\u00e3o de Lisboa<\/li>\n<li> Defendo gest\u00e3o com autonomia conceptual e estrat\u00e9gica<\/li>\n<li> N\u00e3o tem preconceitos em rela\u00e7\u00e3o aos modelos apontando para o modelo de Parceria Publico-Privado<\/li>\n<\/ul>\n<p>Debate<\/p>\n<ul>\n<li> BE &#8211; prefere modelo actual de gest\u00e3o do metro do porto j\u00e1 que n\u00e3o fica ref\u00e9m dos interesses (ilegitimos ou aplicados de forma ilegitima?) dos autarcas<\/li>\n<\/ul>\n","protected":false},"excerpt":{"rendered":"<p>BE &#8211; Jo\u00e3o Semedo o modelo actual \u00e9 bom, rent\u00e1vel e de qualidade contra a transfer\u00eancia de capital da ANA no norte para constru\u00e7\u00e3o do aeroporto em Lisboa (NAL) contra gest\u00e3o aut\u00f3noma favor\u00e1vel \u00e0 constru\u00e7\u00e3o do NAL necess\u00e1rio aproximar interesses locais da gest\u00e3o do aeroporto CDU &#8211; Hon\u00f3rio Novo ANA \u00e9 uma gest\u00e3o de sucesso [&hellip;]<\/p>\n","protected":false},"author":1,"featured_media":0,"comment_status":"open","ping_status":"open","sticky":false,"template":"","format":"standard","meta":{"footnotes":""},"categories":[7],"tags":[69,451,524],"class_list":["post-1585","post","type-post","status-publish","format-standard","hentry","category-ler-ver-ouvir-passear","tag-asc","tag-norte","tag-porto"],"yoast_head":"<!-- This site is optimized with the Yoast SEO plugin v27.5 - https:\/\/yoast.com\/product\/yoast-seo-wordpress\/ -->\n<title>Debate no Pal\u00e1cio da Bolsa sobre o ASC - Os Meus Apontamentos<\/title>\n<meta name=\"robots\" content=\"index, follow, max-snippet:-1, max-image-preview:large, max-video-preview:-1\" \/>\n<link rel=\"canonical\" href=\"https:\/\/osmeusapontamentos.com\/index.php\/2009\/09\/21\/debate-no-palacio-da-bolsa-sobre-o-asc\/\" \/>\n<meta property=\"og:locale\" content=\"pt_PT\" \/>\n<meta property=\"og:type\" content=\"article\" \/>\n<meta property=\"og:title\" content=\"Debate no Pal\u00e1cio da Bolsa sobre o ASC - Os Meus Apontamentos\" \/>\n<meta property=\"og:description\" content=\"BE &#8211; Jo\u00e3o Semedo o modelo actual \u00e9 bom, rent\u00e1vel e de qualidade contra a transfer\u00eancia de capital da ANA no norte para constru\u00e7\u00e3o do aeroporto em Lisboa (NAL) contra gest\u00e3o aut\u00f3noma favor\u00e1vel \u00e0 constru\u00e7\u00e3o do NAL necess\u00e1rio aproximar interesses locais da gest\u00e3o do aeroporto CDU &#8211; Hon\u00f3rio Novo ANA \u00e9 uma gest\u00e3o de sucesso [&hellip;]\" \/>\n<meta property=\"og:url\" content=\"https:\/\/osmeusapontamentos.com\/index.php\/2009\/09\/21\/debate-no-palacio-da-bolsa-sobre-o-asc\/\" \/>\n<meta property=\"og:site_name\" content=\"Os Meus Apontamentos\" \/>\n<meta property=\"article:published_time\" content=\"2009-09-21T18:12:39+00:00\" \/>\n<meta name=\"author\" content=\"Vitor Silva\" \/>\n<meta name=\"twitter:card\" content=\"summary_large_image\" \/>\n<meta name=\"twitter:creator\" content=\"@vitorsilva\" \/>\n<meta name=\"twitter:site\" content=\"@vitorsilva\" \/>\n<meta name=\"twitter:label1\" content=\"Escrito por\" \/>\n\t<meta name=\"twitter:data1\" content=\"Vitor Silva\" \/>\n\t<meta name=\"twitter:label2\" content=\"Tempo estimado de leitura\" \/>\n\t<meta name=\"twitter:data2\" content=\"2 minutos\" \/>\n<script type=\"application\/ld+json\" class=\"yoast-schema-graph\">{\"@context\":\"https:\\\/\\\/schema.org\",\"@graph\":[{\"@type\":\"Article\",\"@id\":\"https:\\\/\\\/osmeusapontamentos.com\\\/index.php\\\/2009\\\/09\\\/21\\\/debate-no-palacio-da-bolsa-sobre-o-asc\\\/#article\",\"isPartOf\":{\"@id\":\"https:\\\/\\\/osmeusapontamentos.com\\\/index.php\\\/2009\\\/09\\\/21\\\/debate-no-palacio-da-bolsa-sobre-o-asc\\\/\"},\"author\":{\"name\":\"Vitor Silva\",\"@id\":\"https:\\\/\\\/osmeusapontamentos.com\\\/#\\\/schema\\\/person\\\/d508df9c3ffc8b4e64a18dbf0ba18dd8\"},\"headline\":\"Debate no Pal\u00e1cio da Bolsa sobre o ASC\",\"datePublished\":\"2009-09-21T18:12:39+00:00\",\"mainEntityOfPage\":{\"@id\":\"https:\\\/\\\/osmeusapontamentos.com\\\/index.php\\\/2009\\\/09\\\/21\\\/debate-no-palacio-da-bolsa-sobre-o-asc\\\/\"},\"wordCount\":342,\"commentCount\":0,\"publisher\":{\"@id\":\"https:\\\/\\\/osmeusapontamentos.com\\\/#\\\/schema\\\/person\\\/d508df9c3ffc8b4e64a18dbf0ba18dd8\"},\"keywords\":[\"asc\",\"norte\",\"porto\"],\"articleSection\":[\"Ler\\\/ Ver\\\/ Ouvir\\\/ Passear\"],\"inLanguage\":\"pt-PT\",\"potentialAction\":[{\"@type\":\"CommentAction\",\"name\":\"Comment\",\"target\":[\"https:\\\/\\\/osmeusapontamentos.com\\\/index.php\\\/2009\\\/09\\\/21\\\/debate-no-palacio-da-bolsa-sobre-o-asc\\\/#respond\"]}]},{\"@type\":\"WebPage\",\"@id\":\"https:\\\/\\\/osmeusapontamentos.com\\\/index.php\\\/2009\\\/09\\\/21\\\/debate-no-palacio-da-bolsa-sobre-o-asc\\\/\",\"url\":\"https:\\\/\\\/osmeusapontamentos.com\\\/index.php\\\/2009\\\/09\\\/21\\\/debate-no-palacio-da-bolsa-sobre-o-asc\\\/\",\"name\":\"Debate no Pal\u00e1cio da Bolsa sobre o ASC - Os Meus Apontamentos\",\"isPartOf\":{\"@id\":\"https:\\\/\\\/osmeusapontamentos.com\\\/#website\"},\"datePublished\":\"2009-09-21T18:12:39+00:00\",\"breadcrumb\":{\"@id\":\"https:\\\/\\\/osmeusapontamentos.com\\\/index.php\\\/2009\\\/09\\\/21\\\/debate-no-palacio-da-bolsa-sobre-o-asc\\\/#breadcrumb\"},\"inLanguage\":\"pt-PT\",\"potentialAction\":[{\"@type\":\"ReadAction\",\"target\":[\"https:\\\/\\\/osmeusapontamentos.com\\\/index.php\\\/2009\\\/09\\\/21\\\/debate-no-palacio-da-bolsa-sobre-o-asc\\\/\"]}]},{\"@type\":\"BreadcrumbList\",\"@id\":\"https:\\\/\\\/osmeusapontamentos.com\\\/index.php\\\/2009\\\/09\\\/21\\\/debate-no-palacio-da-bolsa-sobre-o-asc\\\/#breadcrumb\",\"itemListElement\":[{\"@type\":\"ListItem\",\"position\":1,\"name\":\"In\u00edcio\",\"item\":\"https:\\\/\\\/osmeusapontamentos.com\\\/\"},{\"@type\":\"ListItem\",\"position\":2,\"name\":\"Debate no Pal\u00e1cio da Bolsa sobre o ASC\"}]},{\"@type\":\"WebSite\",\"@id\":\"https:\\\/\\\/osmeusapontamentos.com\\\/#website\",\"url\":\"https:\\\/\\\/osmeusapontamentos.com\\\/\",\"name\":\"Os Meus Apontamentos\",\"description\":\"\",\"publisher\":{\"@id\":\"https:\\\/\\\/osmeusapontamentos.com\\\/#\\\/schema\\\/person\\\/d508df9c3ffc8b4e64a18dbf0ba18dd8\"},\"potentialAction\":[{\"@type\":\"SearchAction\",\"target\":{\"@type\":\"EntryPoint\",\"urlTemplate\":\"https:\\\/\\\/osmeusapontamentos.com\\\/?s={search_term_string}\"},\"query-input\":{\"@type\":\"PropertyValueSpecification\",\"valueRequired\":true,\"valueName\":\"search_term_string\"}}],\"inLanguage\":\"pt-PT\"},{\"@type\":[\"Person\",\"Organization\"],\"@id\":\"https:\\\/\\\/osmeusapontamentos.com\\\/#\\\/schema\\\/person\\\/d508df9c3ffc8b4e64a18dbf0ba18dd8\",\"name\":\"Vitor Silva\",\"image\":{\"@type\":\"ImageObject\",\"inLanguage\":\"pt-PT\",\"@id\":\"https:\\\/\\\/secure.gravatar.com\\\/avatar\\\/f81f58ad909e8a213ab0a690f6ed65e5c0e0e2274bf35ac49ff31d7988d483ce?s=96&d=mm&r=g\",\"url\":\"https:\\\/\\\/secure.gravatar.com\\\/avatar\\\/f81f58ad909e8a213ab0a690f6ed65e5c0e0e2274bf35ac49ff31d7988d483ce?s=96&d=mm&r=g\",\"contentUrl\":\"https:\\\/\\\/secure.gravatar.com\\\/avatar\\\/f81f58ad909e8a213ab0a690f6ed65e5c0e0e2274bf35ac49ff31d7988d483ce?s=96&d=mm&r=g\",\"caption\":\"Vitor Silva\"},\"logo\":{\"@id\":\"https:\\\/\\\/secure.gravatar.com\\\/avatar\\\/f81f58ad909e8a213ab0a690f6ed65e5c0e0e2274bf35ac49ff31d7988d483ce?s=96&d=mm&r=g\"},\"sameAs\":[\"https:\\\/\\\/www.linkedin.com\\\/in\\\/vitormrsilva\",\"https:\\\/\\\/x.com\\\/vitorsilva\"]}]}<\/script>\n<!-- \/ Yoast SEO plugin. -->","yoast_head_json":{"title":"Debate no Pal\u00e1cio da Bolsa sobre o ASC - Os Meus Apontamentos","robots":{"index":"index","follow":"follow","max-snippet":"max-snippet:-1","max-image-preview":"max-image-preview:large","max-video-preview":"max-video-preview:-1"},"canonical":"https:\/\/osmeusapontamentos.com\/index.php\/2009\/09\/21\/debate-no-palacio-da-bolsa-sobre-o-asc\/","og_locale":"pt_PT","og_type":"article","og_title":"Debate no Pal\u00e1cio da Bolsa sobre o ASC - Os Meus Apontamentos","og_description":"BE &#8211; Jo\u00e3o Semedo o modelo actual \u00e9 bom, rent\u00e1vel e de qualidade contra a transfer\u00eancia de capital da ANA no norte para constru\u00e7\u00e3o do aeroporto em Lisboa (NAL) contra gest\u00e3o aut\u00f3noma favor\u00e1vel \u00e0 constru\u00e7\u00e3o do NAL necess\u00e1rio aproximar interesses locais da gest\u00e3o do aeroporto CDU &#8211; Hon\u00f3rio Novo ANA \u00e9 uma gest\u00e3o de sucesso [&hellip;]","og_url":"https:\/\/osmeusapontamentos.com\/index.php\/2009\/09\/21\/debate-no-palacio-da-bolsa-sobre-o-asc\/","og_site_name":"Os Meus Apontamentos","article_published_time":"2009-09-21T18:12:39+00:00","author":"Vitor Silva","twitter_card":"summary_large_image","twitter_creator":"@vitorsilva","twitter_site":"@vitorsilva","twitter_misc":{"Escrito por":"Vitor Silva","Tempo estimado de leitura":"2 minutos"},"schema":{"@context":"https:\/\/schema.org","@graph":[{"@type":"Article","@id":"https:\/\/osmeusapontamentos.com\/index.php\/2009\/09\/21\/debate-no-palacio-da-bolsa-sobre-o-asc\/#article","isPartOf":{"@id":"https:\/\/osmeusapontamentos.com\/index.php\/2009\/09\/21\/debate-no-palacio-da-bolsa-sobre-o-asc\/"},"author":{"name":"Vitor Silva","@id":"https:\/\/osmeusapontamentos.com\/#\/schema\/person\/d508df9c3ffc8b4e64a18dbf0ba18dd8"},"headline":"Debate no Pal\u00e1cio da Bolsa sobre o ASC","datePublished":"2009-09-21T18:12:39+00:00","mainEntityOfPage":{"@id":"https:\/\/osmeusapontamentos.com\/index.php\/2009\/09\/21\/debate-no-palacio-da-bolsa-sobre-o-asc\/"},"wordCount":342,"commentCount":0,"publisher":{"@id":"https:\/\/osmeusapontamentos.com\/#\/schema\/person\/d508df9c3ffc8b4e64a18dbf0ba18dd8"},"keywords":["asc","norte","porto"],"articleSection":["Ler\/ Ver\/ Ouvir\/ Passear"],"inLanguage":"pt-PT","potentialAction":[{"@type":"CommentAction","name":"Comment","target":["https:\/\/osmeusapontamentos.com\/index.php\/2009\/09\/21\/debate-no-palacio-da-bolsa-sobre-o-asc\/#respond"]}]},{"@type":"WebPage","@id":"https:\/\/osmeusapontamentos.com\/index.php\/2009\/09\/21\/debate-no-palacio-da-bolsa-sobre-o-asc\/","url":"https:\/\/osmeusapontamentos.com\/index.php\/2009\/09\/21\/debate-no-palacio-da-bolsa-sobre-o-asc\/","name":"Debate no Pal\u00e1cio da Bolsa sobre o ASC - Os Meus Apontamentos","isPartOf":{"@id":"https:\/\/osmeusapontamentos.com\/#website"},"datePublished":"2009-09-21T18:12:39+00:00","breadcrumb":{"@id":"https:\/\/osmeusapontamentos.com\/index.php\/2009\/09\/21\/debate-no-palacio-da-bolsa-sobre-o-asc\/#breadcrumb"},"inLanguage":"pt-PT","potentialAction":[{"@type":"ReadAction","target":["https:\/\/osmeusapontamentos.com\/index.php\/2009\/09\/21\/debate-no-palacio-da-bolsa-sobre-o-asc\/"]}]},{"@type":"BreadcrumbList","@id":"https:\/\/osmeusapontamentos.com\/index.php\/2009\/09\/21\/debate-no-palacio-da-bolsa-sobre-o-asc\/#breadcrumb","itemListElement":[{"@type":"ListItem","position":1,"name":"In\u00edcio","item":"https:\/\/osmeusapontamentos.com\/"},{"@type":"ListItem","position":2,"name":"Debate no Pal\u00e1cio da Bolsa sobre o ASC"}]},{"@type":"WebSite","@id":"https:\/\/osmeusapontamentos.com\/#website","url":"https:\/\/osmeusapontamentos.com\/","name":"Os Meus Apontamentos","description":"","publisher":{"@id":"https:\/\/osmeusapontamentos.com\/#\/schema\/person\/d508df9c3ffc8b4e64a18dbf0ba18dd8"},"potentialAction":[{"@type":"SearchAction","target":{"@type":"EntryPoint","urlTemplate":"https:\/\/osmeusapontamentos.com\/?s={search_term_string}"},"query-input":{"@type":"PropertyValueSpecification","valueRequired":true,"valueName":"search_term_string"}}],"inLanguage":"pt-PT"},{"@type":["Person","Organization"],"@id":"https:\/\/osmeusapontamentos.com\/#\/schema\/person\/d508df9c3ffc8b4e64a18dbf0ba18dd8","name":"Vitor Silva","image":{"@type":"ImageObject","inLanguage":"pt-PT","@id":"https:\/\/secure.gravatar.com\/avatar\/f81f58ad909e8a213ab0a690f6ed65e5c0e0e2274bf35ac49ff31d7988d483ce?s=96&d=mm&r=g","url":"https:\/\/secure.gravatar.com\/avatar\/f81f58ad909e8a213ab0a690f6ed65e5c0e0e2274bf35ac49ff31d7988d483ce?s=96&d=mm&r=g","contentUrl":"https:\/\/secure.gravatar.com\/avatar\/f81f58ad909e8a213ab0a690f6ed65e5c0e0e2274bf35ac49ff31d7988d483ce?s=96&d=mm&r=g","caption":"Vitor Silva"},"logo":{"@id":"https:\/\/secure.gravatar.com\/avatar\/f81f58ad909e8a213ab0a690f6ed65e5c0e0e2274bf35ac49ff31d7988d483ce?s=96&d=mm&r=g"},"sameAs":["https:\/\/www.linkedin.com\/in\/vitormrsilva","https:\/\/x.com\/vitorsilva"]}]}},"_links":{"self":[{"href":"https:\/\/osmeusapontamentos.com\/index.php\/wp-json\/wp\/v2\/posts\/1585","targetHints":{"allow":["GET"]}}],"collection":[{"href":"https:\/\/osmeusapontamentos.com\/index.php\/wp-json\/wp\/v2\/posts"}],"about":[{"href":"https:\/\/osmeusapontamentos.com\/index.php\/wp-json\/wp\/v2\/types\/post"}],"author":[{"embeddable":true,"href":"https:\/\/osmeusapontamentos.com\/index.php\/wp-json\/wp\/v2\/users\/1"}],"replies":[{"embeddable":true,"href":"https:\/\/osmeusapontamentos.com\/index.php\/wp-json\/wp\/v2\/comments?post=1585"}],"version-history":[{"count":0,"href":"https:\/\/osmeusapontamentos.com\/index.php\/wp-json\/wp\/v2\/posts\/1585\/revisions"}],"wp:attachment":[{"href":"https:\/\/osmeusapontamentos.com\/index.php\/wp-json\/wp\/v2\/media?parent=1585"}],"wp:term":[{"taxonomy":"category","embeddable":true,"href":"https:\/\/osmeusapontamentos.com\/index.php\/wp-json\/wp\/v2\/categories?post=1585"},{"taxonomy":"post_tag","embeddable":true,"href":"https:\/\/osmeusapontamentos.com\/index.php\/wp-json\/wp\/v2\/tags?post=1585"}],"curies":[{"name":"wp","href":"https:\/\/api.w.org\/{rel}","templated":true}]}}