{"id":1569,"date":"2009-07-24T14:18:43","date_gmt":"2009-07-24T14:18:43","guid":{"rendered":"http:\/\/osmeusapontamentos.com\/?p=1569"},"modified":"2009-07-24T14:18:43","modified_gmt":"2009-07-24T14:18:43","slug":"ai-que-vao-cortar-mais-umas-arvorezinhas","status":"publish","type":"post","link":"https:\/\/osmeusapontamentos.com\/index.php\/2009\/07\/24\/ai-que-vao-cortar-mais-umas-arvorezinhas\/","title":{"rendered":"Ai que v\u00e3o cortar mais umas arvorezinhas"},"content":{"rendered":"<p>Este poder\u00e1 ter sido o pensamento caricatural com que muitas pessoas leram a interven\u00e7\u00e3o do Nuno Quental no seu post &#8220;<a href=\"http:\/\/www.porto.taf.net\/dp\/node\/5564\">\u00c1rvores afastadas para n\u00e3o entrar no pr\u00e9dio<\/a>&#8220;. Acompanhado talvez do pensamento\u00a0<em>&#8220;estes tamb\u00e9m s\u00f3 aparecem quando se fala de \u00e1rvores&#8221;<\/em>, o que n\u00e3o sendo totalmente verdade n\u00e3o deixaria no entanto de ser aceit\u00e1vel, tal como os economistas falam de economia, os futebolistas de futebol, os arquitectos de arquitectura, naturalmente os ambientalistas falam de ambiente&#8230; \u00e9 natural. Mas para mim a quest\u00e3o que o Nuno Quental mostrou nem \u00e9 tanto uma quest\u00e3o de ambiente mas sim:<\/p>\n<ul>\n<li>&#8211; mau planeamento &#8211; quem plantou ali aquelas \u00e1rvores sabia o tamanho que elas iriam ter e se era adequado aos eventuais planos de loteamento j\u00e1 existentes?<\/li>\n<li>&#8211; m\u00e1 organiza\u00e7\u00e3o &#8211; ou ao contr\u00e1rio, se ainda n\u00e3o havia planos de loteamento quando as \u00e1rvores foram plantadas, ser\u00e1 que quem definiu esses lotes incluiu no seu desenho o espa\u00e7o previsivel que as \u00e1rvores poderiam ocupar?<\/li>\n<li>&#8211; falta de vis\u00e3o &#8211; o promotor imobili\u00e1rio que, provavelmente, solicitou o projecto ao arquitecto n\u00e3o percebeu que as \u00e1rvores como est\u00e3o poderiam servir como elemento enriquecedor do projecto. os arquitectos e engenheiros que participaram no projecto tamb\u00e9m n\u00e3o o conseguiram ver? ou n\u00e3o conseguiram vender essa ideia ao promotor?<\/li>\n<li>&#8211; falta de vontade &#8211; ou ent\u00e3o todos viram o que l\u00e1 estava mas o que interessa mesmo \u00e9 maximizar a \u00e1rea de constru\u00e7\u00e3o e minimizar o potencial de conflitos que podem surgir quando apresentamos propostas fora do habitual?<\/li>\n<li>&#8211; falta de interven\u00e7\u00e3o p\u00fablica &#8211; e os organismos p\u00fablicos que tiveram de aprovar este projecto tamb\u00e9m n\u00e3o tinham nada a dizer?<\/li>\n<\/ul>\n<p><img decoding=\"async\" title=\"Em Dami\u00e3o de G\u00f3is\" src=\"http:\/\/www.porto.taf.net\/dp\/files\/20090724-dgois1.jpg\" alt=\"Em Dami\u00e3o de G\u00f3is\" \/> <img decoding=\"async\" title=\"Em Dami\u00e3o de G\u00f3is\" src=\"http:\/\/www.porto.taf.net\/dp\/files\/20090724-dgois2.jpg\" alt=\"Em Dami\u00e3o de G\u00f3is\" \/><br \/>\nE depois de ver as fotos&#8230; porque n\u00e3o se construiu no alinhamento do r\u00e9s-do-ch\u00e3o? E mais algumas quest\u00f5es:<\/p>\n<ul>\n<li>&#8211; Que permiss\u00e3o teve o construtor para danificar as \u00e1rvores? Ficou quantificado o que poderia estragar?<\/li>\n<li>&#8211; Foram contratadas pessoas experientes para cortar os ramos necess\u00e1rios para a constru\u00e7\u00e3o ou foi tudo a eito como por vezes vemos?<\/li>\n<li>&#8211; Quanto vai custar \u00e0 C\u00e2mara Municipal (em dinheiro sim) manter os ramos das \u00e1rvores (que t\u00eam a tend\u00eancia aborrecida para voltar a crescer) a uma dist\u00e2ncia segura do pr\u00e9dio agora constru\u00eddo?<\/li>\n<li>&#8211; Que tipo de fiscaliza\u00e7\u00e3o a n\u00edvel de patrim\u00f3nio ambiental est\u00e1 prevista nas nossas leis? Quem valida se o dano provocado no patrim\u00f3nio ambiental \u00e9 o previsto ou se ultrapassou o que tinha sido considerado aceit\u00e1vel? (De notar que esta \u00e9 uma pergunta cuja resposta serve tamb\u00e9m para o Pal\u00e1cio)<\/li>\n<\/ul>\n<p><a href=\"http:\/\/www.bing.com\/maps\/default.aspx?v=2&amp;FORM=LMLTCP&amp;cp=qvt80zg8g2h0&amp;style=b&amp;lvl=2&amp;tilt=-90&amp;dir=0&amp;alt=-1000&amp;phx=0&amp;phy=0&amp;phscl=1&amp;scene=23031745&amp;encType=1\"><img decoding=\"async\" title=\"Em Dami\u00e3o de G\u00f3is\" src=\"http:\/\/www.porto.taf.net\/dp\/files\/20090724-dgois3.jpg\" alt=\"Em Dami\u00e3o de G\u00f3is\" \/><\/a><\/p>\n","protected":false},"excerpt":{"rendered":"<p>Este poder\u00e1 ter sido o pensamento caricatural com que muitas pessoas leram a interven\u00e7\u00e3o do Nuno Quental no seu post &#8220;\u00c1rvores afastadas para n\u00e3o entrar no pr\u00e9dio&#8220;. Acompanhado talvez do pensamento\u00a0&#8220;estes tamb\u00e9m s\u00f3 aparecem quando se fala de \u00e1rvores&#8221;, o que n\u00e3o sendo totalmente verdade n\u00e3o deixaria no entanto de ser aceit\u00e1vel, tal como os [&hellip;]<\/p>\n","protected":false},"author":1,"featured_media":0,"comment_status":"open","ping_status":"open","sticky":false,"template":"","format":"standard","meta":{"footnotes":""},"categories":[7],"tags":[524,663],"class_list":["post-1569","post","type-post","status-publish","format-standard","hentry","category-ler-ver-ouvir-passear","tag-porto","tag-urbanismo"],"yoast_head":"<!-- This site is optimized with the Yoast SEO plugin v27.5 - https:\/\/yoast.com\/product\/yoast-seo-wordpress\/ -->\n<title>Ai que v\u00e3o cortar mais umas arvorezinhas - Os Meus Apontamentos<\/title>\n<meta name=\"robots\" content=\"index, follow, max-snippet:-1, max-image-preview:large, max-video-preview:-1\" \/>\n<link rel=\"canonical\" href=\"https:\/\/osmeusapontamentos.com\/index.php\/2009\/07\/24\/ai-que-vao-cortar-mais-umas-arvorezinhas\/\" \/>\n<meta property=\"og:locale\" content=\"pt_PT\" \/>\n<meta property=\"og:type\" content=\"article\" \/>\n<meta property=\"og:title\" content=\"Ai que v\u00e3o cortar mais umas arvorezinhas - Os Meus Apontamentos\" \/>\n<meta property=\"og:description\" content=\"Este poder\u00e1 ter sido o pensamento caricatural com que muitas pessoas leram a interven\u00e7\u00e3o do Nuno Quental no seu post &#8220;\u00c1rvores afastadas para n\u00e3o entrar no pr\u00e9dio&#8220;. Acompanhado talvez do pensamento\u00a0&#8220;estes tamb\u00e9m s\u00f3 aparecem quando se fala de \u00e1rvores&#8221;, o que n\u00e3o sendo totalmente verdade n\u00e3o deixaria no entanto de ser aceit\u00e1vel, tal como os [&hellip;]\" \/>\n<meta property=\"og:url\" content=\"https:\/\/osmeusapontamentos.com\/index.php\/2009\/07\/24\/ai-que-vao-cortar-mais-umas-arvorezinhas\/\" \/>\n<meta property=\"og:site_name\" content=\"Os Meus Apontamentos\" \/>\n<meta property=\"article:published_time\" content=\"2009-07-24T14:18:43+00:00\" \/>\n<meta property=\"og:image\" content=\"http:\/\/www.porto.taf.net\/dp\/files\/20090724-dgois1.jpg\" \/>\n<meta name=\"author\" content=\"Vitor Silva\" \/>\n<meta name=\"twitter:card\" content=\"summary_large_image\" \/>\n<meta name=\"twitter:creator\" content=\"@vitorsilva\" \/>\n<meta name=\"twitter:site\" content=\"@vitorsilva\" \/>\n<meta name=\"twitter:label1\" content=\"Escrito por\" \/>\n\t<meta name=\"twitter:data1\" content=\"Vitor Silva\" \/>\n\t<meta name=\"twitter:label2\" content=\"Tempo estimado de leitura\" \/>\n\t<meta name=\"twitter:data2\" content=\"2 minutos\" \/>\n<script type=\"application\/ld+json\" class=\"yoast-schema-graph\">{\"@context\":\"https:\\\/\\\/schema.org\",\"@graph\":[{\"@type\":\"Article\",\"@id\":\"https:\\\/\\\/osmeusapontamentos.com\\\/index.php\\\/2009\\\/07\\\/24\\\/ai-que-vao-cortar-mais-umas-arvorezinhas\\\/#article\",\"isPartOf\":{\"@id\":\"https:\\\/\\\/osmeusapontamentos.com\\\/index.php\\\/2009\\\/07\\\/24\\\/ai-que-vao-cortar-mais-umas-arvorezinhas\\\/\"},\"author\":{\"name\":\"Vitor Silva\",\"@id\":\"https:\\\/\\\/osmeusapontamentos.com\\\/#\\\/schema\\\/person\\\/d508df9c3ffc8b4e64a18dbf0ba18dd8\"},\"headline\":\"Ai que v\u00e3o cortar mais umas arvorezinhas\",\"datePublished\":\"2009-07-24T14:18:43+00:00\",\"mainEntityOfPage\":{\"@id\":\"https:\\\/\\\/osmeusapontamentos.com\\\/index.php\\\/2009\\\/07\\\/24\\\/ai-que-vao-cortar-mais-umas-arvorezinhas\\\/\"},\"wordCount\":457,\"commentCount\":1,\"publisher\":{\"@id\":\"https:\\\/\\\/osmeusapontamentos.com\\\/#\\\/schema\\\/person\\\/d508df9c3ffc8b4e64a18dbf0ba18dd8\"},\"image\":{\"@id\":\"https:\\\/\\\/osmeusapontamentos.com\\\/index.php\\\/2009\\\/07\\\/24\\\/ai-que-vao-cortar-mais-umas-arvorezinhas\\\/#primaryimage\"},\"thumbnailUrl\":\"http:\\\/\\\/www.porto.taf.net\\\/dp\\\/files\\\/20090724-dgois1.jpg\",\"keywords\":[\"porto\",\"urbanismo\"],\"articleSection\":[\"Ler\\\/ Ver\\\/ Ouvir\\\/ Passear\"],\"inLanguage\":\"pt-PT\",\"potentialAction\":[{\"@type\":\"CommentAction\",\"name\":\"Comment\",\"target\":[\"https:\\\/\\\/osmeusapontamentos.com\\\/index.php\\\/2009\\\/07\\\/24\\\/ai-que-vao-cortar-mais-umas-arvorezinhas\\\/#respond\"]}]},{\"@type\":\"WebPage\",\"@id\":\"https:\\\/\\\/osmeusapontamentos.com\\\/index.php\\\/2009\\\/07\\\/24\\\/ai-que-vao-cortar-mais-umas-arvorezinhas\\\/\",\"url\":\"https:\\\/\\\/osmeusapontamentos.com\\\/index.php\\\/2009\\\/07\\\/24\\\/ai-que-vao-cortar-mais-umas-arvorezinhas\\\/\",\"name\":\"Ai que v\u00e3o cortar mais umas arvorezinhas - Os Meus Apontamentos\",\"isPartOf\":{\"@id\":\"https:\\\/\\\/osmeusapontamentos.com\\\/#website\"},\"primaryImageOfPage\":{\"@id\":\"https:\\\/\\\/osmeusapontamentos.com\\\/index.php\\\/2009\\\/07\\\/24\\\/ai-que-vao-cortar-mais-umas-arvorezinhas\\\/#primaryimage\"},\"image\":{\"@id\":\"https:\\\/\\\/osmeusapontamentos.com\\\/index.php\\\/2009\\\/07\\\/24\\\/ai-que-vao-cortar-mais-umas-arvorezinhas\\\/#primaryimage\"},\"thumbnailUrl\":\"http:\\\/\\\/www.porto.taf.net\\\/dp\\\/files\\\/20090724-dgois1.jpg\",\"datePublished\":\"2009-07-24T14:18:43+00:00\",\"breadcrumb\":{\"@id\":\"https:\\\/\\\/osmeusapontamentos.com\\\/index.php\\\/2009\\\/07\\\/24\\\/ai-que-vao-cortar-mais-umas-arvorezinhas\\\/#breadcrumb\"},\"inLanguage\":\"pt-PT\",\"potentialAction\":[{\"@type\":\"ReadAction\",\"target\":[\"https:\\\/\\\/osmeusapontamentos.com\\\/index.php\\\/2009\\\/07\\\/24\\\/ai-que-vao-cortar-mais-umas-arvorezinhas\\\/\"]}]},{\"@type\":\"ImageObject\",\"inLanguage\":\"pt-PT\",\"@id\":\"https:\\\/\\\/osmeusapontamentos.com\\\/index.php\\\/2009\\\/07\\\/24\\\/ai-que-vao-cortar-mais-umas-arvorezinhas\\\/#primaryimage\",\"url\":\"http:\\\/\\\/www.porto.taf.net\\\/dp\\\/files\\\/20090724-dgois1.jpg\",\"contentUrl\":\"http:\\\/\\\/www.porto.taf.net\\\/dp\\\/files\\\/20090724-dgois1.jpg\"},{\"@type\":\"BreadcrumbList\",\"@id\":\"https:\\\/\\\/osmeusapontamentos.com\\\/index.php\\\/2009\\\/07\\\/24\\\/ai-que-vao-cortar-mais-umas-arvorezinhas\\\/#breadcrumb\",\"itemListElement\":[{\"@type\":\"ListItem\",\"position\":1,\"name\":\"In\u00edcio\",\"item\":\"https:\\\/\\\/osmeusapontamentos.com\\\/\"},{\"@type\":\"ListItem\",\"position\":2,\"name\":\"Ai que v\u00e3o cortar mais umas arvorezinhas\"}]},{\"@type\":\"WebSite\",\"@id\":\"https:\\\/\\\/osmeusapontamentos.com\\\/#website\",\"url\":\"https:\\\/\\\/osmeusapontamentos.com\\\/\",\"name\":\"Os Meus Apontamentos\",\"description\":\"\",\"publisher\":{\"@id\":\"https:\\\/\\\/osmeusapontamentos.com\\\/#\\\/schema\\\/person\\\/d508df9c3ffc8b4e64a18dbf0ba18dd8\"},\"potentialAction\":[{\"@type\":\"SearchAction\",\"target\":{\"@type\":\"EntryPoint\",\"urlTemplate\":\"https:\\\/\\\/osmeusapontamentos.com\\\/?s={search_term_string}\"},\"query-input\":{\"@type\":\"PropertyValueSpecification\",\"valueRequired\":true,\"valueName\":\"search_term_string\"}}],\"inLanguage\":\"pt-PT\"},{\"@type\":[\"Person\",\"Organization\"],\"@id\":\"https:\\\/\\\/osmeusapontamentos.com\\\/#\\\/schema\\\/person\\\/d508df9c3ffc8b4e64a18dbf0ba18dd8\",\"name\":\"Vitor Silva\",\"image\":{\"@type\":\"ImageObject\",\"inLanguage\":\"pt-PT\",\"@id\":\"https:\\\/\\\/secure.gravatar.com\\\/avatar\\\/f81f58ad909e8a213ab0a690f6ed65e5c0e0e2274bf35ac49ff31d7988d483ce?s=96&d=mm&r=g\",\"url\":\"https:\\\/\\\/secure.gravatar.com\\\/avatar\\\/f81f58ad909e8a213ab0a690f6ed65e5c0e0e2274bf35ac49ff31d7988d483ce?s=96&d=mm&r=g\",\"contentUrl\":\"https:\\\/\\\/secure.gravatar.com\\\/avatar\\\/f81f58ad909e8a213ab0a690f6ed65e5c0e0e2274bf35ac49ff31d7988d483ce?s=96&d=mm&r=g\",\"caption\":\"Vitor Silva\"},\"logo\":{\"@id\":\"https:\\\/\\\/secure.gravatar.com\\\/avatar\\\/f81f58ad909e8a213ab0a690f6ed65e5c0e0e2274bf35ac49ff31d7988d483ce?s=96&d=mm&r=g\"},\"sameAs\":[\"https:\\\/\\\/www.linkedin.com\\\/in\\\/vitormrsilva\",\"https:\\\/\\\/x.com\\\/vitorsilva\"]}]}<\/script>\n<!-- \/ Yoast SEO plugin. -->","yoast_head_json":{"title":"Ai que v\u00e3o cortar mais umas arvorezinhas - Os Meus Apontamentos","robots":{"index":"index","follow":"follow","max-snippet":"max-snippet:-1","max-image-preview":"max-image-preview:large","max-video-preview":"max-video-preview:-1"},"canonical":"https:\/\/osmeusapontamentos.com\/index.php\/2009\/07\/24\/ai-que-vao-cortar-mais-umas-arvorezinhas\/","og_locale":"pt_PT","og_type":"article","og_title":"Ai que v\u00e3o cortar mais umas arvorezinhas - Os Meus Apontamentos","og_description":"Este poder\u00e1 ter sido o pensamento caricatural com que muitas pessoas leram a interven\u00e7\u00e3o do Nuno Quental no seu post &#8220;\u00c1rvores afastadas para n\u00e3o entrar no pr\u00e9dio&#8220;. Acompanhado talvez do pensamento\u00a0&#8220;estes tamb\u00e9m s\u00f3 aparecem quando se fala de \u00e1rvores&#8221;, o que n\u00e3o sendo totalmente verdade n\u00e3o deixaria no entanto de ser aceit\u00e1vel, tal como os [&hellip;]","og_url":"https:\/\/osmeusapontamentos.com\/index.php\/2009\/07\/24\/ai-que-vao-cortar-mais-umas-arvorezinhas\/","og_site_name":"Os Meus Apontamentos","article_published_time":"2009-07-24T14:18:43+00:00","og_image":[{"url":"http:\/\/www.porto.taf.net\/dp\/files\/20090724-dgois1.jpg","type":"","width":"","height":""}],"author":"Vitor Silva","twitter_card":"summary_large_image","twitter_creator":"@vitorsilva","twitter_site":"@vitorsilva","twitter_misc":{"Escrito por":"Vitor Silva","Tempo estimado de leitura":"2 minutos"},"schema":{"@context":"https:\/\/schema.org","@graph":[{"@type":"Article","@id":"https:\/\/osmeusapontamentos.com\/index.php\/2009\/07\/24\/ai-que-vao-cortar-mais-umas-arvorezinhas\/#article","isPartOf":{"@id":"https:\/\/osmeusapontamentos.com\/index.php\/2009\/07\/24\/ai-que-vao-cortar-mais-umas-arvorezinhas\/"},"author":{"name":"Vitor Silva","@id":"https:\/\/osmeusapontamentos.com\/#\/schema\/person\/d508df9c3ffc8b4e64a18dbf0ba18dd8"},"headline":"Ai que v\u00e3o cortar mais umas arvorezinhas","datePublished":"2009-07-24T14:18:43+00:00","mainEntityOfPage":{"@id":"https:\/\/osmeusapontamentos.com\/index.php\/2009\/07\/24\/ai-que-vao-cortar-mais-umas-arvorezinhas\/"},"wordCount":457,"commentCount":1,"publisher":{"@id":"https:\/\/osmeusapontamentos.com\/#\/schema\/person\/d508df9c3ffc8b4e64a18dbf0ba18dd8"},"image":{"@id":"https:\/\/osmeusapontamentos.com\/index.php\/2009\/07\/24\/ai-que-vao-cortar-mais-umas-arvorezinhas\/#primaryimage"},"thumbnailUrl":"http:\/\/www.porto.taf.net\/dp\/files\/20090724-dgois1.jpg","keywords":["porto","urbanismo"],"articleSection":["Ler\/ Ver\/ Ouvir\/ Passear"],"inLanguage":"pt-PT","potentialAction":[{"@type":"CommentAction","name":"Comment","target":["https:\/\/osmeusapontamentos.com\/index.php\/2009\/07\/24\/ai-que-vao-cortar-mais-umas-arvorezinhas\/#respond"]}]},{"@type":"WebPage","@id":"https:\/\/osmeusapontamentos.com\/index.php\/2009\/07\/24\/ai-que-vao-cortar-mais-umas-arvorezinhas\/","url":"https:\/\/osmeusapontamentos.com\/index.php\/2009\/07\/24\/ai-que-vao-cortar-mais-umas-arvorezinhas\/","name":"Ai que v\u00e3o cortar mais umas arvorezinhas - Os Meus Apontamentos","isPartOf":{"@id":"https:\/\/osmeusapontamentos.com\/#website"},"primaryImageOfPage":{"@id":"https:\/\/osmeusapontamentos.com\/index.php\/2009\/07\/24\/ai-que-vao-cortar-mais-umas-arvorezinhas\/#primaryimage"},"image":{"@id":"https:\/\/osmeusapontamentos.com\/index.php\/2009\/07\/24\/ai-que-vao-cortar-mais-umas-arvorezinhas\/#primaryimage"},"thumbnailUrl":"http:\/\/www.porto.taf.net\/dp\/files\/20090724-dgois1.jpg","datePublished":"2009-07-24T14:18:43+00:00","breadcrumb":{"@id":"https:\/\/osmeusapontamentos.com\/index.php\/2009\/07\/24\/ai-que-vao-cortar-mais-umas-arvorezinhas\/#breadcrumb"},"inLanguage":"pt-PT","potentialAction":[{"@type":"ReadAction","target":["https:\/\/osmeusapontamentos.com\/index.php\/2009\/07\/24\/ai-que-vao-cortar-mais-umas-arvorezinhas\/"]}]},{"@type":"ImageObject","inLanguage":"pt-PT","@id":"https:\/\/osmeusapontamentos.com\/index.php\/2009\/07\/24\/ai-que-vao-cortar-mais-umas-arvorezinhas\/#primaryimage","url":"http:\/\/www.porto.taf.net\/dp\/files\/20090724-dgois1.jpg","contentUrl":"http:\/\/www.porto.taf.net\/dp\/files\/20090724-dgois1.jpg"},{"@type":"BreadcrumbList","@id":"https:\/\/osmeusapontamentos.com\/index.php\/2009\/07\/24\/ai-que-vao-cortar-mais-umas-arvorezinhas\/#breadcrumb","itemListElement":[{"@type":"ListItem","position":1,"name":"In\u00edcio","item":"https:\/\/osmeusapontamentos.com\/"},{"@type":"ListItem","position":2,"name":"Ai que v\u00e3o cortar mais umas arvorezinhas"}]},{"@type":"WebSite","@id":"https:\/\/osmeusapontamentos.com\/#website","url":"https:\/\/osmeusapontamentos.com\/","name":"Os Meus Apontamentos","description":"","publisher":{"@id":"https:\/\/osmeusapontamentos.com\/#\/schema\/person\/d508df9c3ffc8b4e64a18dbf0ba18dd8"},"potentialAction":[{"@type":"SearchAction","target":{"@type":"EntryPoint","urlTemplate":"https:\/\/osmeusapontamentos.com\/?s={search_term_string}"},"query-input":{"@type":"PropertyValueSpecification","valueRequired":true,"valueName":"search_term_string"}}],"inLanguage":"pt-PT"},{"@type":["Person","Organization"],"@id":"https:\/\/osmeusapontamentos.com\/#\/schema\/person\/d508df9c3ffc8b4e64a18dbf0ba18dd8","name":"Vitor Silva","image":{"@type":"ImageObject","inLanguage":"pt-PT","@id":"https:\/\/secure.gravatar.com\/avatar\/f81f58ad909e8a213ab0a690f6ed65e5c0e0e2274bf35ac49ff31d7988d483ce?s=96&d=mm&r=g","url":"https:\/\/secure.gravatar.com\/avatar\/f81f58ad909e8a213ab0a690f6ed65e5c0e0e2274bf35ac49ff31d7988d483ce?s=96&d=mm&r=g","contentUrl":"https:\/\/secure.gravatar.com\/avatar\/f81f58ad909e8a213ab0a690f6ed65e5c0e0e2274bf35ac49ff31d7988d483ce?s=96&d=mm&r=g","caption":"Vitor Silva"},"logo":{"@id":"https:\/\/secure.gravatar.com\/avatar\/f81f58ad909e8a213ab0a690f6ed65e5c0e0e2274bf35ac49ff31d7988d483ce?s=96&d=mm&r=g"},"sameAs":["https:\/\/www.linkedin.com\/in\/vitormrsilva","https:\/\/x.com\/vitorsilva"]}]}},"_links":{"self":[{"href":"https:\/\/osmeusapontamentos.com\/index.php\/wp-json\/wp\/v2\/posts\/1569","targetHints":{"allow":["GET"]}}],"collection":[{"href":"https:\/\/osmeusapontamentos.com\/index.php\/wp-json\/wp\/v2\/posts"}],"about":[{"href":"https:\/\/osmeusapontamentos.com\/index.php\/wp-json\/wp\/v2\/types\/post"}],"author":[{"embeddable":true,"href":"https:\/\/osmeusapontamentos.com\/index.php\/wp-json\/wp\/v2\/users\/1"}],"replies":[{"embeddable":true,"href":"https:\/\/osmeusapontamentos.com\/index.php\/wp-json\/wp\/v2\/comments?post=1569"}],"version-history":[{"count":0,"href":"https:\/\/osmeusapontamentos.com\/index.php\/wp-json\/wp\/v2\/posts\/1569\/revisions"}],"wp:attachment":[{"href":"https:\/\/osmeusapontamentos.com\/index.php\/wp-json\/wp\/v2\/media?parent=1569"}],"wp:term":[{"taxonomy":"category","embeddable":true,"href":"https:\/\/osmeusapontamentos.com\/index.php\/wp-json\/wp\/v2\/categories?post=1569"},{"taxonomy":"post_tag","embeddable":true,"href":"https:\/\/osmeusapontamentos.com\/index.php\/wp-json\/wp\/v2\/tags?post=1569"}],"curies":[{"name":"wp","href":"https:\/\/api.w.org\/{rel}","templated":true}]}}