{"id":1566,"date":"2009-07-30T14:16:40","date_gmt":"2009-07-30T14:16:40","guid":{"rendered":"http:\/\/osmeusapontamentos.com\/?p=1566"},"modified":"2009-07-30T14:16:40","modified_gmt":"2009-07-30T14:16:40","slug":"debate-na-fundacao-spes-com-rui-rio","status":"publish","type":"post","link":"https:\/\/osmeusapontamentos.com\/index.php\/2009\/07\/30\/debate-na-fundacao-spes-com-rui-rio\/","title":{"rendered":"Debate na Funda\u00e7\u00e3o SPES com Rui Rio"},"content":{"rendered":"<p>Embora j\u00e1 esteja\u00a0<em>online<\/em> h\u00e1 umas duas semanas,\u00a0<a href=\"http:\/\/www.porto.taf.net\/dp\/node\/5632\">como o pr\u00f3prio TAF referiu<\/a>, inclu\u00ed hoje tamb\u00e9m no\u00a0<em>feed<\/em> do meu\u00a0<em>podcast<\/em> &#8220;<a href=\"http:\/\/oportoemconversa.wordpress.com\/\">O Porto em Conversa<\/a>&#8221; a interven\u00e7\u00e3o de Rui Rio na\u00a0<a href=\"http:\/\/www.fspes.pt\/\">Funda\u00e7\u00e3o SPES<\/a> no dia 15 de Julho.<\/p>\n<p>Podem\u00a0<a href=\"http:\/\/feeds2.feedburner.com\/OPortoEmConversa\">subscrever o podcast<\/a> ou ouvir cada uma das partes do debate:<\/p>\n<ul>\n<li>&#8211; Interven\u00e7\u00e3o Inicial &#8211;\u00a0<a href=\"http:\/\/www.oportoemconversa.com\/mp3\/fspes_ruirio_01_intervencaoinicial.mp3\">\u00e1udio<\/a> \/\u00a0<a href=\"http:\/\/oportoemconversa.wordpress.com\/2009\/07\/30\/debate-fundacao-spes-rui-rio\/\">notas pessoais<\/a><\/li>\n<li>&#8211; Sobre a Educa\u00e7\u00e3o &#8211;\u00a0<a href=\"http:\/\/www.oportoemconversa.com\/mp3\/fspes_ruirio_02_educacao.mp3\">\u00e1udio<\/a> \/\u00a0<a href=\"http:\/\/oportoemconversa.wordpress.com\/2009\/07\/30\/debate-fundacao-spes-rui-rio-educacao\/\">notas pessoais<\/a><\/li>\n<li>&#8211; Sobre a Ac\u00e7\u00e3o Social &#8211;\u00a0<a href=\"http:\/\/www.oportoemconversa.com\/mp3\/fspes_ruirio_03_accaosocial.mp3\">\u00e1udio<\/a> \/\u00a0<a href=\"http:\/\/oportoemconversa.wordpress.com\/2009\/07\/30\/debate-fundacao-spes-rui-rio-accao-social\/\">notas pessoais<\/a><\/li>\n<li>&#8211; Sobre a Cultura &#8211;\u00a0<a href=\"http:\/\/www.oportoemconversa.com\/mp3\/fspes_ruirio_04_cultura.mp3\">\u00e1udio<\/a> \/\u00a0<a href=\"http:\/\/oportoemconversa.wordpress.com\/2009\/07\/30\/debate-fundacao-spes-rui-rio-cultura\/\">notas pessoais<\/a><\/li>\n<li>&#8211; Interven\u00e7\u00e3o inicial dos convidados, que inclui uma interven\u00e7\u00e3o de D. Carlos Azevedo que considero muito boa e que tamb\u00e9m pode ser\u00a0<a href=\"http:\/\/www.fspes.pt\/debates\/carlosazevedo(15-07-2009).pdf\">lida no site da funda\u00e7\u00e3o<\/a> &#8211;\u00a0<a href=\"http:\/\/www.oportoemconversa.com\/mp3\/fspes_ruirio_05_convidados.mp3\">\u00e1udio<\/a><\/li>\n<\/ul>\n<p>Destaco somente uma parte da sua interven\u00e7\u00e3o inicial:<\/p>\n<p><span class=\"azulitalico\">&#8220;(&#8230;)Tudo isto \u00e9 muito bonito mas para mim h\u00e1 uma mat\u00e9ria (que serve como pano de fundo) que nunca podemos esquecer: tudo isto deve ser feito com vis\u00e3o, com imagina\u00e7\u00e3o, mas nunca esquecendo que n\u00e3o devo desequilibrar financeiramente a C\u00e2mara, n\u00e3o devo gastar mais do que aquilo que tenho, devo passar a C\u00e2mara ao meu sucessor equilibrada e que lhe permita tomar op\u00e7\u00f5es pol\u00edticas, coisa que eu n\u00e3o pude tomar quando l\u00e1 cheguei, porque tive de andar a pagar d\u00edvidas, e portanto eu entendo que uma C\u00e2mara, um Governo, seja aquilo que for, n\u00f3s devemos passar o testemunho ao pr\u00f3ximo (&#8230;) em condi\u00e7\u00f5es de ele ou de ela poder tomar op\u00e7\u00f5es pol\u00edticas e n\u00e3o estar estrangulado. Acho isto de seriedade \u00e9tica elementar, coisa que raramente se faz na pol\u00edtica.&#8221;<\/span><\/p>\n<p><span class=\"azulitalico\">&#8220;(&#8230;)N\u00e3o esquecer tamb\u00e9m que a CMP existe para servir o mun\u00edcipe e n\u00e3o para se servir do mun\u00edcipe. Portanto o mun\u00edcipe que entra al\u00ed \u00e9 um cliente enfraquecido. E porque \u00e9 que ele \u00e9 um cliente enfraquecido? Porque n\u00e3o tem outra C\u00e2mara onde se possa dirigir [ao contr\u00e1rio por exemplo de um supermercado], n\u00e3o me posso esquecer disso e tenho de conseguir que os funcion\u00e1rios municipais (&#8230;) sirvam a popula\u00e7\u00e3o, os mun\u00edcipes, tal como se a C\u00e2mara pudesse ir \u00e0 fal\u00eancia, se isto fosse um mundo perfeito.&#8221;<\/span><\/p>\n<p><span class=\"azulitalico\">&#8220;Em Portugal n\u00e3o h\u00e1 habita\u00e7\u00e3o social. H\u00e1 habita\u00e7\u00f5es municipais que, em larga medida mas n\u00e3o na totalidade, s\u00e3o para pessoas com poucos rendimentos. Habita\u00e7\u00e3o social da forma como eu a entendo n\u00e3o h\u00e1 porque quando uma cidade tem quase 20% de pessoas a viverem em habita\u00e7\u00e3o social, a habita\u00e7\u00e3o j\u00e1 n\u00e3o \u00e9 social, \u00e9 habita\u00e7\u00e3o, \u00e9 melhor ou \u00e9 pior mas \u00e9 habita\u00e7\u00e3o. O que \u00e9 para mim habita\u00e7\u00e3o social&#8230; habita\u00e7\u00e3o social \u00e9 um conjunto de casas, baratas, mas com dignidade, n\u00e3o \u00e9 habita\u00e7\u00e3o de luxo mas com dignidade que o Estado e o munic\u00edpio t\u00eam e que aluga a pre\u00e7os muito baixos a pessoas durante um determinado per\u00edodo da sua vida em que elas precisam de apoio ao n\u00edvel de habita\u00e7\u00e3o.&#8221;<\/p>\n<p>Acrescentou ainda:\u00a0<span class=\"azulitalico\">&#8220;Temos j\u00e1 habita\u00e7\u00e3o municipal\/social demais e que a C\u00e2mara tem muita dificuldade em a manter. O investimento m\u00e9dio deste Executivo na habita\u00e7\u00e3o social \u00e9 de cerca de 20M\u20ac\/ano, 10% do or\u00e7amento total e 50% do or\u00e7amento de investimento.&#8221;<\/span><\/p>\n<p><\/span><\/p>\n","protected":false},"excerpt":{"rendered":"<p>Embora j\u00e1 esteja\u00a0online h\u00e1 umas duas semanas,\u00a0como o pr\u00f3prio TAF referiu, inclu\u00ed hoje tamb\u00e9m no\u00a0feed do meu\u00a0podcast &#8220;O Porto em Conversa&#8221; a interven\u00e7\u00e3o de Rui Rio na\u00a0Funda\u00e7\u00e3o SPES no dia 15 de Julho. Podem\u00a0subscrever o podcast ou ouvir cada uma das partes do debate: &#8211; Interven\u00e7\u00e3o Inicial &#8211;\u00a0\u00e1udio \/\u00a0notas pessoais &#8211; Sobre a Educa\u00e7\u00e3o &#8211;\u00a0\u00e1udio [&hellip;]<\/p>\n","protected":false},"author":1,"featured_media":0,"comment_status":"open","ping_status":"open","sticky":false,"template":"","format":"standard","meta":{"footnotes":""},"categories":[7],"tags":[524,580],"class_list":["post-1566","post","type-post","status-publish","format-standard","hentry","category-ler-ver-ouvir-passear","tag-porto","tag-rui-rio"],"yoast_head":"<!-- This site is optimized with the Yoast SEO plugin v27.5 - https:\/\/yoast.com\/product\/yoast-seo-wordpress\/ -->\n<title>Debate na Funda\u00e7\u00e3o SPES com Rui Rio - Os Meus Apontamentos<\/title>\n<meta name=\"robots\" content=\"index, follow, max-snippet:-1, max-image-preview:large, max-video-preview:-1\" \/>\n<link rel=\"canonical\" href=\"https:\/\/osmeusapontamentos.com\/index.php\/2009\/07\/30\/debate-na-fundacao-spes-com-rui-rio\/\" \/>\n<meta property=\"og:locale\" content=\"pt_PT\" \/>\n<meta property=\"og:type\" content=\"article\" \/>\n<meta property=\"og:title\" content=\"Debate na Funda\u00e7\u00e3o SPES com Rui Rio - Os Meus Apontamentos\" \/>\n<meta property=\"og:description\" content=\"Embora j\u00e1 esteja\u00a0online h\u00e1 umas duas semanas,\u00a0como o pr\u00f3prio TAF referiu, inclu\u00ed hoje tamb\u00e9m no\u00a0feed do meu\u00a0podcast &#8220;O Porto em Conversa&#8221; a interven\u00e7\u00e3o de Rui Rio na\u00a0Funda\u00e7\u00e3o SPES no dia 15 de Julho. Podem\u00a0subscrever o podcast ou ouvir cada uma das partes do debate: &#8211; Interven\u00e7\u00e3o Inicial &#8211;\u00a0\u00e1udio \/\u00a0notas pessoais &#8211; Sobre a Educa\u00e7\u00e3o &#8211;\u00a0\u00e1udio [&hellip;]\" \/>\n<meta property=\"og:url\" content=\"https:\/\/osmeusapontamentos.com\/index.php\/2009\/07\/30\/debate-na-fundacao-spes-com-rui-rio\/\" \/>\n<meta property=\"og:site_name\" content=\"Os Meus Apontamentos\" \/>\n<meta property=\"article:published_time\" content=\"2009-07-30T14:16:40+00:00\" \/>\n<meta name=\"author\" content=\"Vitor Silva\" \/>\n<meta name=\"twitter:card\" content=\"summary_large_image\" \/>\n<meta name=\"twitter:creator\" content=\"@vitorsilva\" \/>\n<meta name=\"twitter:site\" content=\"@vitorsilva\" \/>\n<meta name=\"twitter:label1\" content=\"Escrito por\" \/>\n\t<meta name=\"twitter:data1\" content=\"Vitor Silva\" \/>\n\t<meta name=\"twitter:label2\" content=\"Tempo estimado de leitura\" \/>\n\t<meta name=\"twitter:data2\" content=\"3 minutos\" \/>\n<script type=\"application\/ld+json\" class=\"yoast-schema-graph\">{\"@context\":\"https:\\\/\\\/schema.org\",\"@graph\":[{\"@type\":\"Article\",\"@id\":\"https:\\\/\\\/osmeusapontamentos.com\\\/index.php\\\/2009\\\/07\\\/30\\\/debate-na-fundacao-spes-com-rui-rio\\\/#article\",\"isPartOf\":{\"@id\":\"https:\\\/\\\/osmeusapontamentos.com\\\/index.php\\\/2009\\\/07\\\/30\\\/debate-na-fundacao-spes-com-rui-rio\\\/\"},\"author\":{\"name\":\"Vitor Silva\",\"@id\":\"https:\\\/\\\/osmeusapontamentos.com\\\/#\\\/schema\\\/person\\\/d508df9c3ffc8b4e64a18dbf0ba18dd8\"},\"headline\":\"Debate na Funda\u00e7\u00e3o SPES com Rui Rio\",\"datePublished\":\"2009-07-30T14:16:40+00:00\",\"mainEntityOfPage\":{\"@id\":\"https:\\\/\\\/osmeusapontamentos.com\\\/index.php\\\/2009\\\/07\\\/30\\\/debate-na-fundacao-spes-com-rui-rio\\\/\"},\"wordCount\":561,\"commentCount\":0,\"publisher\":{\"@id\":\"https:\\\/\\\/osmeusapontamentos.com\\\/#\\\/schema\\\/person\\\/d508df9c3ffc8b4e64a18dbf0ba18dd8\"},\"keywords\":[\"porto\",\"rui rio\"],\"articleSection\":[\"Ler\\\/ Ver\\\/ Ouvir\\\/ Passear\"],\"inLanguage\":\"pt-PT\",\"potentialAction\":[{\"@type\":\"CommentAction\",\"name\":\"Comment\",\"target\":[\"https:\\\/\\\/osmeusapontamentos.com\\\/index.php\\\/2009\\\/07\\\/30\\\/debate-na-fundacao-spes-com-rui-rio\\\/#respond\"]}]},{\"@type\":\"WebPage\",\"@id\":\"https:\\\/\\\/osmeusapontamentos.com\\\/index.php\\\/2009\\\/07\\\/30\\\/debate-na-fundacao-spes-com-rui-rio\\\/\",\"url\":\"https:\\\/\\\/osmeusapontamentos.com\\\/index.php\\\/2009\\\/07\\\/30\\\/debate-na-fundacao-spes-com-rui-rio\\\/\",\"name\":\"Debate na Funda\u00e7\u00e3o SPES com Rui Rio - Os Meus Apontamentos\",\"isPartOf\":{\"@id\":\"https:\\\/\\\/osmeusapontamentos.com\\\/#website\"},\"datePublished\":\"2009-07-30T14:16:40+00:00\",\"breadcrumb\":{\"@id\":\"https:\\\/\\\/osmeusapontamentos.com\\\/index.php\\\/2009\\\/07\\\/30\\\/debate-na-fundacao-spes-com-rui-rio\\\/#breadcrumb\"},\"inLanguage\":\"pt-PT\",\"potentialAction\":[{\"@type\":\"ReadAction\",\"target\":[\"https:\\\/\\\/osmeusapontamentos.com\\\/index.php\\\/2009\\\/07\\\/30\\\/debate-na-fundacao-spes-com-rui-rio\\\/\"]}]},{\"@type\":\"BreadcrumbList\",\"@id\":\"https:\\\/\\\/osmeusapontamentos.com\\\/index.php\\\/2009\\\/07\\\/30\\\/debate-na-fundacao-spes-com-rui-rio\\\/#breadcrumb\",\"itemListElement\":[{\"@type\":\"ListItem\",\"position\":1,\"name\":\"In\u00edcio\",\"item\":\"https:\\\/\\\/osmeusapontamentos.com\\\/\"},{\"@type\":\"ListItem\",\"position\":2,\"name\":\"Debate na Funda\u00e7\u00e3o SPES com Rui Rio\"}]},{\"@type\":\"WebSite\",\"@id\":\"https:\\\/\\\/osmeusapontamentos.com\\\/#website\",\"url\":\"https:\\\/\\\/osmeusapontamentos.com\\\/\",\"name\":\"Os Meus Apontamentos\",\"description\":\"\",\"publisher\":{\"@id\":\"https:\\\/\\\/osmeusapontamentos.com\\\/#\\\/schema\\\/person\\\/d508df9c3ffc8b4e64a18dbf0ba18dd8\"},\"potentialAction\":[{\"@type\":\"SearchAction\",\"target\":{\"@type\":\"EntryPoint\",\"urlTemplate\":\"https:\\\/\\\/osmeusapontamentos.com\\\/?s={search_term_string}\"},\"query-input\":{\"@type\":\"PropertyValueSpecification\",\"valueRequired\":true,\"valueName\":\"search_term_string\"}}],\"inLanguage\":\"pt-PT\"},{\"@type\":[\"Person\",\"Organization\"],\"@id\":\"https:\\\/\\\/osmeusapontamentos.com\\\/#\\\/schema\\\/person\\\/d508df9c3ffc8b4e64a18dbf0ba18dd8\",\"name\":\"Vitor Silva\",\"image\":{\"@type\":\"ImageObject\",\"inLanguage\":\"pt-PT\",\"@id\":\"https:\\\/\\\/secure.gravatar.com\\\/avatar\\\/f81f58ad909e8a213ab0a690f6ed65e5c0e0e2274bf35ac49ff31d7988d483ce?s=96&d=mm&r=g\",\"url\":\"https:\\\/\\\/secure.gravatar.com\\\/avatar\\\/f81f58ad909e8a213ab0a690f6ed65e5c0e0e2274bf35ac49ff31d7988d483ce?s=96&d=mm&r=g\",\"contentUrl\":\"https:\\\/\\\/secure.gravatar.com\\\/avatar\\\/f81f58ad909e8a213ab0a690f6ed65e5c0e0e2274bf35ac49ff31d7988d483ce?s=96&d=mm&r=g\",\"caption\":\"Vitor Silva\"},\"logo\":{\"@id\":\"https:\\\/\\\/secure.gravatar.com\\\/avatar\\\/f81f58ad909e8a213ab0a690f6ed65e5c0e0e2274bf35ac49ff31d7988d483ce?s=96&d=mm&r=g\"},\"sameAs\":[\"https:\\\/\\\/www.linkedin.com\\\/in\\\/vitormrsilva\",\"https:\\\/\\\/x.com\\\/vitorsilva\"]}]}<\/script>\n<!-- \/ Yoast SEO plugin. -->","yoast_head_json":{"title":"Debate na Funda\u00e7\u00e3o SPES com Rui Rio - Os Meus Apontamentos","robots":{"index":"index","follow":"follow","max-snippet":"max-snippet:-1","max-image-preview":"max-image-preview:large","max-video-preview":"max-video-preview:-1"},"canonical":"https:\/\/osmeusapontamentos.com\/index.php\/2009\/07\/30\/debate-na-fundacao-spes-com-rui-rio\/","og_locale":"pt_PT","og_type":"article","og_title":"Debate na Funda\u00e7\u00e3o SPES com Rui Rio - Os Meus Apontamentos","og_description":"Embora j\u00e1 esteja\u00a0online h\u00e1 umas duas semanas,\u00a0como o pr\u00f3prio TAF referiu, inclu\u00ed hoje tamb\u00e9m no\u00a0feed do meu\u00a0podcast &#8220;O Porto em Conversa&#8221; a interven\u00e7\u00e3o de Rui Rio na\u00a0Funda\u00e7\u00e3o SPES no dia 15 de Julho. Podem\u00a0subscrever o podcast ou ouvir cada uma das partes do debate: &#8211; Interven\u00e7\u00e3o Inicial &#8211;\u00a0\u00e1udio \/\u00a0notas pessoais &#8211; Sobre a Educa\u00e7\u00e3o &#8211;\u00a0\u00e1udio [&hellip;]","og_url":"https:\/\/osmeusapontamentos.com\/index.php\/2009\/07\/30\/debate-na-fundacao-spes-com-rui-rio\/","og_site_name":"Os Meus Apontamentos","article_published_time":"2009-07-30T14:16:40+00:00","author":"Vitor Silva","twitter_card":"summary_large_image","twitter_creator":"@vitorsilva","twitter_site":"@vitorsilva","twitter_misc":{"Escrito por":"Vitor Silva","Tempo estimado de leitura":"3 minutos"},"schema":{"@context":"https:\/\/schema.org","@graph":[{"@type":"Article","@id":"https:\/\/osmeusapontamentos.com\/index.php\/2009\/07\/30\/debate-na-fundacao-spes-com-rui-rio\/#article","isPartOf":{"@id":"https:\/\/osmeusapontamentos.com\/index.php\/2009\/07\/30\/debate-na-fundacao-spes-com-rui-rio\/"},"author":{"name":"Vitor Silva","@id":"https:\/\/osmeusapontamentos.com\/#\/schema\/person\/d508df9c3ffc8b4e64a18dbf0ba18dd8"},"headline":"Debate na Funda\u00e7\u00e3o SPES com Rui Rio","datePublished":"2009-07-30T14:16:40+00:00","mainEntityOfPage":{"@id":"https:\/\/osmeusapontamentos.com\/index.php\/2009\/07\/30\/debate-na-fundacao-spes-com-rui-rio\/"},"wordCount":561,"commentCount":0,"publisher":{"@id":"https:\/\/osmeusapontamentos.com\/#\/schema\/person\/d508df9c3ffc8b4e64a18dbf0ba18dd8"},"keywords":["porto","rui rio"],"articleSection":["Ler\/ Ver\/ Ouvir\/ Passear"],"inLanguage":"pt-PT","potentialAction":[{"@type":"CommentAction","name":"Comment","target":["https:\/\/osmeusapontamentos.com\/index.php\/2009\/07\/30\/debate-na-fundacao-spes-com-rui-rio\/#respond"]}]},{"@type":"WebPage","@id":"https:\/\/osmeusapontamentos.com\/index.php\/2009\/07\/30\/debate-na-fundacao-spes-com-rui-rio\/","url":"https:\/\/osmeusapontamentos.com\/index.php\/2009\/07\/30\/debate-na-fundacao-spes-com-rui-rio\/","name":"Debate na Funda\u00e7\u00e3o SPES com Rui Rio - Os Meus Apontamentos","isPartOf":{"@id":"https:\/\/osmeusapontamentos.com\/#website"},"datePublished":"2009-07-30T14:16:40+00:00","breadcrumb":{"@id":"https:\/\/osmeusapontamentos.com\/index.php\/2009\/07\/30\/debate-na-fundacao-spes-com-rui-rio\/#breadcrumb"},"inLanguage":"pt-PT","potentialAction":[{"@type":"ReadAction","target":["https:\/\/osmeusapontamentos.com\/index.php\/2009\/07\/30\/debate-na-fundacao-spes-com-rui-rio\/"]}]},{"@type":"BreadcrumbList","@id":"https:\/\/osmeusapontamentos.com\/index.php\/2009\/07\/30\/debate-na-fundacao-spes-com-rui-rio\/#breadcrumb","itemListElement":[{"@type":"ListItem","position":1,"name":"In\u00edcio","item":"https:\/\/osmeusapontamentos.com\/"},{"@type":"ListItem","position":2,"name":"Debate na Funda\u00e7\u00e3o SPES com Rui Rio"}]},{"@type":"WebSite","@id":"https:\/\/osmeusapontamentos.com\/#website","url":"https:\/\/osmeusapontamentos.com\/","name":"Os Meus Apontamentos","description":"","publisher":{"@id":"https:\/\/osmeusapontamentos.com\/#\/schema\/person\/d508df9c3ffc8b4e64a18dbf0ba18dd8"},"potentialAction":[{"@type":"SearchAction","target":{"@type":"EntryPoint","urlTemplate":"https:\/\/osmeusapontamentos.com\/?s={search_term_string}"},"query-input":{"@type":"PropertyValueSpecification","valueRequired":true,"valueName":"search_term_string"}}],"inLanguage":"pt-PT"},{"@type":["Person","Organization"],"@id":"https:\/\/osmeusapontamentos.com\/#\/schema\/person\/d508df9c3ffc8b4e64a18dbf0ba18dd8","name":"Vitor Silva","image":{"@type":"ImageObject","inLanguage":"pt-PT","@id":"https:\/\/secure.gravatar.com\/avatar\/f81f58ad909e8a213ab0a690f6ed65e5c0e0e2274bf35ac49ff31d7988d483ce?s=96&d=mm&r=g","url":"https:\/\/secure.gravatar.com\/avatar\/f81f58ad909e8a213ab0a690f6ed65e5c0e0e2274bf35ac49ff31d7988d483ce?s=96&d=mm&r=g","contentUrl":"https:\/\/secure.gravatar.com\/avatar\/f81f58ad909e8a213ab0a690f6ed65e5c0e0e2274bf35ac49ff31d7988d483ce?s=96&d=mm&r=g","caption":"Vitor Silva"},"logo":{"@id":"https:\/\/secure.gravatar.com\/avatar\/f81f58ad909e8a213ab0a690f6ed65e5c0e0e2274bf35ac49ff31d7988d483ce?s=96&d=mm&r=g"},"sameAs":["https:\/\/www.linkedin.com\/in\/vitormrsilva","https:\/\/x.com\/vitorsilva"]}]}},"_links":{"self":[{"href":"https:\/\/osmeusapontamentos.com\/index.php\/wp-json\/wp\/v2\/posts\/1566","targetHints":{"allow":["GET"]}}],"collection":[{"href":"https:\/\/osmeusapontamentos.com\/index.php\/wp-json\/wp\/v2\/posts"}],"about":[{"href":"https:\/\/osmeusapontamentos.com\/index.php\/wp-json\/wp\/v2\/types\/post"}],"author":[{"embeddable":true,"href":"https:\/\/osmeusapontamentos.com\/index.php\/wp-json\/wp\/v2\/users\/1"}],"replies":[{"embeddable":true,"href":"https:\/\/osmeusapontamentos.com\/index.php\/wp-json\/wp\/v2\/comments?post=1566"}],"version-history":[{"count":0,"href":"https:\/\/osmeusapontamentos.com\/index.php\/wp-json\/wp\/v2\/posts\/1566\/revisions"}],"wp:attachment":[{"href":"https:\/\/osmeusapontamentos.com\/index.php\/wp-json\/wp\/v2\/media?parent=1566"}],"wp:term":[{"taxonomy":"category","embeddable":true,"href":"https:\/\/osmeusapontamentos.com\/index.php\/wp-json\/wp\/v2\/categories?post=1566"},{"taxonomy":"post_tag","embeddable":true,"href":"https:\/\/osmeusapontamentos.com\/index.php\/wp-json\/wp\/v2\/tags?post=1566"}],"curies":[{"name":"wp","href":"https:\/\/api.w.org\/{rel}","templated":true}]}}