{"id":1564,"date":"2009-07-31T14:15:05","date_gmt":"2009-07-31T14:15:05","guid":{"rendered":"http:\/\/osmeusapontamentos.com\/?p=1564"},"modified":"2009-07-31T14:15:05","modified_gmt":"2009-07-31T14:15:05","slug":"divulgacao-e-propaganda","status":"publish","type":"post","link":"https:\/\/osmeusapontamentos.com\/index.php\/2009\/07\/31\/divulgacao-e-propaganda\/","title":{"rendered":"Divulga\u00e7\u00e3o e Propaganda"},"content":{"rendered":"<p>Parece-me inevit\u00e1vel que qualquer obra realizada nos \u00faltimos 6 \/ 12 meses de um mandato seja considerada parte da estrat\u00e9gia pol\u00edtica do candidato incumbente. Isso acontece na minha opini\u00e3o porque:<\/p>\n<ul>\n<li>&#8211; de facto j\u00e1 foi usado como estrat\u00e9gia de campanha por muitos outros pol\u00edticos em anos anteriores;<\/li>\n<li>&#8211; porque \u00e9 imposs\u00edvel antever todas as quest\u00f5es operacionais que surgem durante um mandato e por isso nem tudo pode ser especificado num programa de candidatura;<\/li>\n<li>&#8211; porque uma percentagem bastante elevada de obras, mesmo que comecem a tempo e hora, correm o risco de se atrasar;<\/li>\n<li>&#8211; e tamb\u00e9m porque n\u00e3o h\u00e1 nenhum sitio (que eu conhe\u00e7a pelo menos) onde possa ver de uma forma sistem\u00e1tica todos os projectos\/obras que a c\u00e2mara tem em curso. Bastaria algo t\u00e3o simples como uma listagem com nome do projecto\/obra, descri\u00e7\u00e3o e diferentes datas desse projecto (in\u00edcio, conclus\u00e3o fase1, &#8230;, entrega da obra).<\/li>\n<\/ul>\n<p>Uma vez que as assembleias municipais onde, imagino eu, este tipo de informa\u00e7\u00e3o poderia ser divulgado de forma sucinta e clara s\u00e3o de um acesso ultra-exclusivista (porque n\u00e3o permite um acesso f\u00e1cil a mais do que 20\/30 pessoas) uma das poucas formas que os mun\u00edcipes t\u00eam para perceber o que vai sendo feito na cidade \u00e9 acompanhar os org\u00e3os de informa\u00e7\u00e3o da pr\u00f3pria C\u00e2mara, seja o site, seja a\u00a0<a href=\"http:\/\/www.cm-porto.pt\/gen.pl?sid=cmp.sections\/190\">revista da C\u00e2mara<\/a>. O problema desta op\u00e7\u00e3o \u00e9 a sua parcialidade, no sentido de que transmite uma vis\u00e3o parcial (s\u00f3 com a \u00f3ptica do Executivo) das coisas.<\/p>\n<p>E se por um lado o Executivo se queixa que a RTP n\u00e3o d\u00e1 o devido destaque \u00e0s suas iniciativas, por outro lado parece achar, na minha opini\u00e3o, que pode usar instrumentos de uma cidade (site da C\u00e2mara e jornal da C\u00e2mara) como parte da sua estrat\u00e9gia de campanha. Sen\u00e3o como explicar o cont\u00ednuo aumento de p\u00e1ginas da revista da C\u00e2mara desde que ela se come\u00e7ou a publicar?<\/p>\n<p><img decoding=\"async\" title=\"gr\u00e1fico\" src=\"http:\/\/www.porto.taf.net\/dp\/files\/20090731-revista.jpg\" alt=\"gr\u00e1fico\" \/><\/p>\n","protected":false},"excerpt":{"rendered":"<p>Parece-me inevit\u00e1vel que qualquer obra realizada nos \u00faltimos 6 \/ 12 meses de um mandato seja considerada parte da estrat\u00e9gia pol\u00edtica do candidato incumbente. Isso acontece na minha opini\u00e3o porque: &#8211; de facto j\u00e1 foi usado como estrat\u00e9gia de campanha por muitos outros pol\u00edticos em anos anteriores; &#8211; porque \u00e9 imposs\u00edvel antever todas as quest\u00f5es [&hellip;]<\/p>\n","protected":false},"author":1,"featured_media":0,"comment_status":"open","ping_status":"open","sticky":false,"template":"","format":"standard","meta":{"footnotes":""},"categories":[7],"tags":[216,524],"class_list":["post-1564","post","type-post","status-publish","format-standard","hentry","category-ler-ver-ouvir-passear","tag-eleitoralismo","tag-porto"],"yoast_head":"<!-- This site is optimized with the Yoast SEO plugin v27.5 - https:\/\/yoast.com\/product\/yoast-seo-wordpress\/ -->\n<title>Divulga\u00e7\u00e3o e Propaganda - Os Meus Apontamentos<\/title>\n<meta name=\"robots\" content=\"index, follow, max-snippet:-1, max-image-preview:large, max-video-preview:-1\" \/>\n<link rel=\"canonical\" href=\"https:\/\/osmeusapontamentos.com\/index.php\/2009\/07\/31\/divulgacao-e-propaganda\/\" \/>\n<meta property=\"og:locale\" content=\"pt_PT\" \/>\n<meta property=\"og:type\" content=\"article\" \/>\n<meta property=\"og:title\" content=\"Divulga\u00e7\u00e3o e Propaganda - Os Meus Apontamentos\" \/>\n<meta property=\"og:description\" content=\"Parece-me inevit\u00e1vel que qualquer obra realizada nos \u00faltimos 6 \/ 12 meses de um mandato seja considerada parte da estrat\u00e9gia pol\u00edtica do candidato incumbente. Isso acontece na minha opini\u00e3o porque: &#8211; de facto j\u00e1 foi usado como estrat\u00e9gia de campanha por muitos outros pol\u00edticos em anos anteriores; &#8211; porque \u00e9 imposs\u00edvel antever todas as quest\u00f5es [&hellip;]\" \/>\n<meta property=\"og:url\" content=\"https:\/\/osmeusapontamentos.com\/index.php\/2009\/07\/31\/divulgacao-e-propaganda\/\" \/>\n<meta property=\"og:site_name\" content=\"Os Meus Apontamentos\" \/>\n<meta property=\"article:published_time\" content=\"2009-07-31T14:15:05+00:00\" \/>\n<meta property=\"og:image\" content=\"http:\/\/www.porto.taf.net\/dp\/files\/20090731-revista.jpg\" \/>\n<meta name=\"author\" content=\"Vitor Silva\" \/>\n<meta name=\"twitter:card\" content=\"summary_large_image\" \/>\n<meta name=\"twitter:creator\" content=\"@vitorsilva\" \/>\n<meta name=\"twitter:site\" content=\"@vitorsilva\" \/>\n<meta name=\"twitter:label1\" content=\"Escrito por\" \/>\n\t<meta name=\"twitter:data1\" content=\"Vitor Silva\" \/>\n\t<meta name=\"twitter:label2\" content=\"Tempo estimado de leitura\" \/>\n\t<meta name=\"twitter:data2\" content=\"2 minutos\" \/>\n<script type=\"application\/ld+json\" class=\"yoast-schema-graph\">{\"@context\":\"https:\\\/\\\/schema.org\",\"@graph\":[{\"@type\":\"Article\",\"@id\":\"https:\\\/\\\/osmeusapontamentos.com\\\/index.php\\\/2009\\\/07\\\/31\\\/divulgacao-e-propaganda\\\/#article\",\"isPartOf\":{\"@id\":\"https:\\\/\\\/osmeusapontamentos.com\\\/index.php\\\/2009\\\/07\\\/31\\\/divulgacao-e-propaganda\\\/\"},\"author\":{\"name\":\"Vitor Silva\",\"@id\":\"https:\\\/\\\/osmeusapontamentos.com\\\/#\\\/schema\\\/person\\\/d508df9c3ffc8b4e64a18dbf0ba18dd8\"},\"headline\":\"Divulga\u00e7\u00e3o e Propaganda\",\"datePublished\":\"2009-07-31T14:15:05+00:00\",\"mainEntityOfPage\":{\"@id\":\"https:\\\/\\\/osmeusapontamentos.com\\\/index.php\\\/2009\\\/07\\\/31\\\/divulgacao-e-propaganda\\\/\"},\"wordCount\":349,\"commentCount\":1,\"publisher\":{\"@id\":\"https:\\\/\\\/osmeusapontamentos.com\\\/#\\\/schema\\\/person\\\/d508df9c3ffc8b4e64a18dbf0ba18dd8\"},\"image\":{\"@id\":\"https:\\\/\\\/osmeusapontamentos.com\\\/index.php\\\/2009\\\/07\\\/31\\\/divulgacao-e-propaganda\\\/#primaryimage\"},\"thumbnailUrl\":\"http:\\\/\\\/www.porto.taf.net\\\/dp\\\/files\\\/20090731-revista.jpg\",\"keywords\":[\"eleitoralismo\",\"porto\"],\"articleSection\":[\"Ler\\\/ Ver\\\/ Ouvir\\\/ Passear\"],\"inLanguage\":\"pt-PT\",\"potentialAction\":[{\"@type\":\"CommentAction\",\"name\":\"Comment\",\"target\":[\"https:\\\/\\\/osmeusapontamentos.com\\\/index.php\\\/2009\\\/07\\\/31\\\/divulgacao-e-propaganda\\\/#respond\"]}]},{\"@type\":\"WebPage\",\"@id\":\"https:\\\/\\\/osmeusapontamentos.com\\\/index.php\\\/2009\\\/07\\\/31\\\/divulgacao-e-propaganda\\\/\",\"url\":\"https:\\\/\\\/osmeusapontamentos.com\\\/index.php\\\/2009\\\/07\\\/31\\\/divulgacao-e-propaganda\\\/\",\"name\":\"Divulga\u00e7\u00e3o e Propaganda - Os Meus Apontamentos\",\"isPartOf\":{\"@id\":\"https:\\\/\\\/osmeusapontamentos.com\\\/#website\"},\"primaryImageOfPage\":{\"@id\":\"https:\\\/\\\/osmeusapontamentos.com\\\/index.php\\\/2009\\\/07\\\/31\\\/divulgacao-e-propaganda\\\/#primaryimage\"},\"image\":{\"@id\":\"https:\\\/\\\/osmeusapontamentos.com\\\/index.php\\\/2009\\\/07\\\/31\\\/divulgacao-e-propaganda\\\/#primaryimage\"},\"thumbnailUrl\":\"http:\\\/\\\/www.porto.taf.net\\\/dp\\\/files\\\/20090731-revista.jpg\",\"datePublished\":\"2009-07-31T14:15:05+00:00\",\"breadcrumb\":{\"@id\":\"https:\\\/\\\/osmeusapontamentos.com\\\/index.php\\\/2009\\\/07\\\/31\\\/divulgacao-e-propaganda\\\/#breadcrumb\"},\"inLanguage\":\"pt-PT\",\"potentialAction\":[{\"@type\":\"ReadAction\",\"target\":[\"https:\\\/\\\/osmeusapontamentos.com\\\/index.php\\\/2009\\\/07\\\/31\\\/divulgacao-e-propaganda\\\/\"]}]},{\"@type\":\"ImageObject\",\"inLanguage\":\"pt-PT\",\"@id\":\"https:\\\/\\\/osmeusapontamentos.com\\\/index.php\\\/2009\\\/07\\\/31\\\/divulgacao-e-propaganda\\\/#primaryimage\",\"url\":\"http:\\\/\\\/www.porto.taf.net\\\/dp\\\/files\\\/20090731-revista.jpg\",\"contentUrl\":\"http:\\\/\\\/www.porto.taf.net\\\/dp\\\/files\\\/20090731-revista.jpg\"},{\"@type\":\"BreadcrumbList\",\"@id\":\"https:\\\/\\\/osmeusapontamentos.com\\\/index.php\\\/2009\\\/07\\\/31\\\/divulgacao-e-propaganda\\\/#breadcrumb\",\"itemListElement\":[{\"@type\":\"ListItem\",\"position\":1,\"name\":\"In\u00edcio\",\"item\":\"https:\\\/\\\/osmeusapontamentos.com\\\/\"},{\"@type\":\"ListItem\",\"position\":2,\"name\":\"Divulga\u00e7\u00e3o e Propaganda\"}]},{\"@type\":\"WebSite\",\"@id\":\"https:\\\/\\\/osmeusapontamentos.com\\\/#website\",\"url\":\"https:\\\/\\\/osmeusapontamentos.com\\\/\",\"name\":\"Os Meus Apontamentos\",\"description\":\"\",\"publisher\":{\"@id\":\"https:\\\/\\\/osmeusapontamentos.com\\\/#\\\/schema\\\/person\\\/d508df9c3ffc8b4e64a18dbf0ba18dd8\"},\"potentialAction\":[{\"@type\":\"SearchAction\",\"target\":{\"@type\":\"EntryPoint\",\"urlTemplate\":\"https:\\\/\\\/osmeusapontamentos.com\\\/?s={search_term_string}\"},\"query-input\":{\"@type\":\"PropertyValueSpecification\",\"valueRequired\":true,\"valueName\":\"search_term_string\"}}],\"inLanguage\":\"pt-PT\"},{\"@type\":[\"Person\",\"Organization\"],\"@id\":\"https:\\\/\\\/osmeusapontamentos.com\\\/#\\\/schema\\\/person\\\/d508df9c3ffc8b4e64a18dbf0ba18dd8\",\"name\":\"Vitor Silva\",\"image\":{\"@type\":\"ImageObject\",\"inLanguage\":\"pt-PT\",\"@id\":\"https:\\\/\\\/secure.gravatar.com\\\/avatar\\\/f81f58ad909e8a213ab0a690f6ed65e5c0e0e2274bf35ac49ff31d7988d483ce?s=96&d=mm&r=g\",\"url\":\"https:\\\/\\\/secure.gravatar.com\\\/avatar\\\/f81f58ad909e8a213ab0a690f6ed65e5c0e0e2274bf35ac49ff31d7988d483ce?s=96&d=mm&r=g\",\"contentUrl\":\"https:\\\/\\\/secure.gravatar.com\\\/avatar\\\/f81f58ad909e8a213ab0a690f6ed65e5c0e0e2274bf35ac49ff31d7988d483ce?s=96&d=mm&r=g\",\"caption\":\"Vitor Silva\"},\"logo\":{\"@id\":\"https:\\\/\\\/secure.gravatar.com\\\/avatar\\\/f81f58ad909e8a213ab0a690f6ed65e5c0e0e2274bf35ac49ff31d7988d483ce?s=96&d=mm&r=g\"},\"sameAs\":[\"https:\\\/\\\/www.linkedin.com\\\/in\\\/vitormrsilva\",\"https:\\\/\\\/x.com\\\/vitorsilva\"]}]}<\/script>\n<!-- \/ Yoast SEO plugin. -->","yoast_head_json":{"title":"Divulga\u00e7\u00e3o e Propaganda - Os Meus Apontamentos","robots":{"index":"index","follow":"follow","max-snippet":"max-snippet:-1","max-image-preview":"max-image-preview:large","max-video-preview":"max-video-preview:-1"},"canonical":"https:\/\/osmeusapontamentos.com\/index.php\/2009\/07\/31\/divulgacao-e-propaganda\/","og_locale":"pt_PT","og_type":"article","og_title":"Divulga\u00e7\u00e3o e Propaganda - Os Meus Apontamentos","og_description":"Parece-me inevit\u00e1vel que qualquer obra realizada nos \u00faltimos 6 \/ 12 meses de um mandato seja considerada parte da estrat\u00e9gia pol\u00edtica do candidato incumbente. Isso acontece na minha opini\u00e3o porque: &#8211; de facto j\u00e1 foi usado como estrat\u00e9gia de campanha por muitos outros pol\u00edticos em anos anteriores; &#8211; porque \u00e9 imposs\u00edvel antever todas as quest\u00f5es [&hellip;]","og_url":"https:\/\/osmeusapontamentos.com\/index.php\/2009\/07\/31\/divulgacao-e-propaganda\/","og_site_name":"Os Meus Apontamentos","article_published_time":"2009-07-31T14:15:05+00:00","og_image":[{"url":"http:\/\/www.porto.taf.net\/dp\/files\/20090731-revista.jpg","type":"","width":"","height":""}],"author":"Vitor Silva","twitter_card":"summary_large_image","twitter_creator":"@vitorsilva","twitter_site":"@vitorsilva","twitter_misc":{"Escrito por":"Vitor Silva","Tempo estimado de leitura":"2 minutos"},"schema":{"@context":"https:\/\/schema.org","@graph":[{"@type":"Article","@id":"https:\/\/osmeusapontamentos.com\/index.php\/2009\/07\/31\/divulgacao-e-propaganda\/#article","isPartOf":{"@id":"https:\/\/osmeusapontamentos.com\/index.php\/2009\/07\/31\/divulgacao-e-propaganda\/"},"author":{"name":"Vitor Silva","@id":"https:\/\/osmeusapontamentos.com\/#\/schema\/person\/d508df9c3ffc8b4e64a18dbf0ba18dd8"},"headline":"Divulga\u00e7\u00e3o e Propaganda","datePublished":"2009-07-31T14:15:05+00:00","mainEntityOfPage":{"@id":"https:\/\/osmeusapontamentos.com\/index.php\/2009\/07\/31\/divulgacao-e-propaganda\/"},"wordCount":349,"commentCount":1,"publisher":{"@id":"https:\/\/osmeusapontamentos.com\/#\/schema\/person\/d508df9c3ffc8b4e64a18dbf0ba18dd8"},"image":{"@id":"https:\/\/osmeusapontamentos.com\/index.php\/2009\/07\/31\/divulgacao-e-propaganda\/#primaryimage"},"thumbnailUrl":"http:\/\/www.porto.taf.net\/dp\/files\/20090731-revista.jpg","keywords":["eleitoralismo","porto"],"articleSection":["Ler\/ Ver\/ Ouvir\/ Passear"],"inLanguage":"pt-PT","potentialAction":[{"@type":"CommentAction","name":"Comment","target":["https:\/\/osmeusapontamentos.com\/index.php\/2009\/07\/31\/divulgacao-e-propaganda\/#respond"]}]},{"@type":"WebPage","@id":"https:\/\/osmeusapontamentos.com\/index.php\/2009\/07\/31\/divulgacao-e-propaganda\/","url":"https:\/\/osmeusapontamentos.com\/index.php\/2009\/07\/31\/divulgacao-e-propaganda\/","name":"Divulga\u00e7\u00e3o e Propaganda - Os Meus Apontamentos","isPartOf":{"@id":"https:\/\/osmeusapontamentos.com\/#website"},"primaryImageOfPage":{"@id":"https:\/\/osmeusapontamentos.com\/index.php\/2009\/07\/31\/divulgacao-e-propaganda\/#primaryimage"},"image":{"@id":"https:\/\/osmeusapontamentos.com\/index.php\/2009\/07\/31\/divulgacao-e-propaganda\/#primaryimage"},"thumbnailUrl":"http:\/\/www.porto.taf.net\/dp\/files\/20090731-revista.jpg","datePublished":"2009-07-31T14:15:05+00:00","breadcrumb":{"@id":"https:\/\/osmeusapontamentos.com\/index.php\/2009\/07\/31\/divulgacao-e-propaganda\/#breadcrumb"},"inLanguage":"pt-PT","potentialAction":[{"@type":"ReadAction","target":["https:\/\/osmeusapontamentos.com\/index.php\/2009\/07\/31\/divulgacao-e-propaganda\/"]}]},{"@type":"ImageObject","inLanguage":"pt-PT","@id":"https:\/\/osmeusapontamentos.com\/index.php\/2009\/07\/31\/divulgacao-e-propaganda\/#primaryimage","url":"http:\/\/www.porto.taf.net\/dp\/files\/20090731-revista.jpg","contentUrl":"http:\/\/www.porto.taf.net\/dp\/files\/20090731-revista.jpg"},{"@type":"BreadcrumbList","@id":"https:\/\/osmeusapontamentos.com\/index.php\/2009\/07\/31\/divulgacao-e-propaganda\/#breadcrumb","itemListElement":[{"@type":"ListItem","position":1,"name":"In\u00edcio","item":"https:\/\/osmeusapontamentos.com\/"},{"@type":"ListItem","position":2,"name":"Divulga\u00e7\u00e3o e Propaganda"}]},{"@type":"WebSite","@id":"https:\/\/osmeusapontamentos.com\/#website","url":"https:\/\/osmeusapontamentos.com\/","name":"Os Meus Apontamentos","description":"","publisher":{"@id":"https:\/\/osmeusapontamentos.com\/#\/schema\/person\/d508df9c3ffc8b4e64a18dbf0ba18dd8"},"potentialAction":[{"@type":"SearchAction","target":{"@type":"EntryPoint","urlTemplate":"https:\/\/osmeusapontamentos.com\/?s={search_term_string}"},"query-input":{"@type":"PropertyValueSpecification","valueRequired":true,"valueName":"search_term_string"}}],"inLanguage":"pt-PT"},{"@type":["Person","Organization"],"@id":"https:\/\/osmeusapontamentos.com\/#\/schema\/person\/d508df9c3ffc8b4e64a18dbf0ba18dd8","name":"Vitor Silva","image":{"@type":"ImageObject","inLanguage":"pt-PT","@id":"https:\/\/secure.gravatar.com\/avatar\/f81f58ad909e8a213ab0a690f6ed65e5c0e0e2274bf35ac49ff31d7988d483ce?s=96&d=mm&r=g","url":"https:\/\/secure.gravatar.com\/avatar\/f81f58ad909e8a213ab0a690f6ed65e5c0e0e2274bf35ac49ff31d7988d483ce?s=96&d=mm&r=g","contentUrl":"https:\/\/secure.gravatar.com\/avatar\/f81f58ad909e8a213ab0a690f6ed65e5c0e0e2274bf35ac49ff31d7988d483ce?s=96&d=mm&r=g","caption":"Vitor Silva"},"logo":{"@id":"https:\/\/secure.gravatar.com\/avatar\/f81f58ad909e8a213ab0a690f6ed65e5c0e0e2274bf35ac49ff31d7988d483ce?s=96&d=mm&r=g"},"sameAs":["https:\/\/www.linkedin.com\/in\/vitormrsilva","https:\/\/x.com\/vitorsilva"]}]}},"_links":{"self":[{"href":"https:\/\/osmeusapontamentos.com\/index.php\/wp-json\/wp\/v2\/posts\/1564","targetHints":{"allow":["GET"]}}],"collection":[{"href":"https:\/\/osmeusapontamentos.com\/index.php\/wp-json\/wp\/v2\/posts"}],"about":[{"href":"https:\/\/osmeusapontamentos.com\/index.php\/wp-json\/wp\/v2\/types\/post"}],"author":[{"embeddable":true,"href":"https:\/\/osmeusapontamentos.com\/index.php\/wp-json\/wp\/v2\/users\/1"}],"replies":[{"embeddable":true,"href":"https:\/\/osmeusapontamentos.com\/index.php\/wp-json\/wp\/v2\/comments?post=1564"}],"version-history":[{"count":0,"href":"https:\/\/osmeusapontamentos.com\/index.php\/wp-json\/wp\/v2\/posts\/1564\/revisions"}],"wp:attachment":[{"href":"https:\/\/osmeusapontamentos.com\/index.php\/wp-json\/wp\/v2\/media?parent=1564"}],"wp:term":[{"taxonomy":"category","embeddable":true,"href":"https:\/\/osmeusapontamentos.com\/index.php\/wp-json\/wp\/v2\/categories?post=1564"},{"taxonomy":"post_tag","embeddable":true,"href":"https:\/\/osmeusapontamentos.com\/index.php\/wp-json\/wp\/v2\/tags?post=1564"}],"curies":[{"name":"wp","href":"https:\/\/api.w.org\/{rel}","templated":true}]}}