{"id":1542,"date":"2009-07-04T18:06:05","date_gmt":"2009-07-04T18:06:05","guid":{"rendered":"http:\/\/osmeusapontamentos.com\/?p=1542"},"modified":"2009-07-04T18:06:05","modified_gmt":"2009-07-04T18:06:05","slug":"educacao-via-candidatura-de-elisa-ferreira","status":"publish","type":"post","link":"https:\/\/osmeusapontamentos.com\/index.php\/2009\/07\/04\/educacao-via-candidatura-de-elisa-ferreira\/","title":{"rendered":"Educa\u00e7\u00e3o via candidatura de Elisa Ferreira"},"content":{"rendered":"<p>No dia 1 de julho foi assistir \u00e0 tertulia sobre educa\u00e7\u00e3o organizada pela campanha de Elisa Ferreira.<\/p>\n<p>Estas tert\u00falias s\u00e3o eventos que t\u00eam naturalmente uma componente pol\u00edtica mas, no meu caso, mais do que ver quem aparece e se s\u00e3o muitos, o meu interesse era aproveitar este evento para tentar perceber um pouco o que \u00e9 a educa\u00e7\u00e3o no contexto do municipio at\u00e9 porque ainda n\u00e3o fiz o meu trabalho de casa no sentido de perceber que competencias e obriga\u00e7\u00f5es o municipio tem (j\u00e1 agora se algu\u00e9m quiser fazer um resumo sobre isso agrade\u00e7o).<\/p>\n<p>Do que assisti da tert\u00falia (e s\u00f3 fiquei at\u00e9 \u00e0s 23.30) retirei alguns t\u00f3picos mais generalistas como:<br \/>\n&#8211; a rela\u00e7\u00e3o cidade \/ escolas \/ familias;<br \/>\n&#8211; a quest\u00e3o de educar vs instruir e onde encaixa a familia e a escola em cada um desses itens;<br \/>\n&#8211; necessario conseguir integrar a familia no processo educativo<br \/>\ne a nivel de enquadramento da realidade escolar na cidade:<br \/>\n&#8211; insucesso escolar elevado dentro da cidade<br \/>\n&#8211; familias &#8211; elevado nivel de analfabetismo funcional<br \/>\n&#8211; pouca oferta  nivel de pre-escolar e 1\u00ba ciclo =&gt; necessidade de come\u00e7ar a considerar o pre pre-escolar, ou seja pensar a infancia desde os zero<\/p>\n<p>Foram ainda referidas:<br \/>\n&#8211; as quest\u00f5es de falta de respostas para as alunos com &gt;15 anos que abandonam as escolas&#8230; que forma\u00e7\u00e3o temos para lhes dar?<br \/>\n&#8211; a quest\u00e3o do transporte escolar<br \/>\n&#8211; a necessidade considerar a trilogia arte \/ cultura \/ educa\u00e7\u00e3o<\/p>\n<p>Mas no geral, para mim, foram ideias demasiado gen\u00e9ricas. Eu pelo menos gostaria de ver de quem trabalha diariamente neste sector n\u00e3o tanto a especifica\u00e7\u00e3o do que vai mal mas a apresenta\u00e7\u00e3o de ideias concretas, porque acham que funcionariam, quais os potenciais contras&#8230;<\/p>\n<p>De tudo o que ouvi a ideia que me ficou na cabe\u00e7a foi a que foi sugerida por uma pessoa (que n\u00e3o apontei o nome) a sugerir a cria\u00e7\u00e3o de bolsas de m\u00e9rito patrocinadas por cidad\u00e3os.<br \/>\nEssa seria uma ideia que eu apoiaria, afinal se n\u00e3o me importo de contribuir um pouco para outros pa\u00edses atrav\u00e9s do kiva porque n\u00e3o contribuir para a minha pr\u00f3pria cidade?<\/p>\n","protected":false},"excerpt":{"rendered":"<p>No dia 1 de julho foi assistir \u00e0 tertulia sobre educa\u00e7\u00e3o organizada pela campanha de Elisa Ferreira. Estas tert\u00falias s\u00e3o eventos que t\u00eam naturalmente uma componente pol\u00edtica mas, no meu caso, mais do que ver quem aparece e se s\u00e3o muitos, o meu interesse era aproveitar este evento para tentar perceber um pouco o que [&hellip;]<\/p>\n","protected":false},"author":1,"featured_media":0,"comment_status":"open","ping_status":"open","sticky":false,"template":"","format":"standard","meta":{"footnotes":""},"categories":[7],"tags":[210,524],"class_list":["post-1542","post","type-post","status-publish","format-standard","hentry","category-ler-ver-ouvir-passear","tag-educacao","tag-porto"],"yoast_head":"<!-- This site is optimized with the Yoast SEO plugin v27.5 - https:\/\/yoast.com\/product\/yoast-seo-wordpress\/ -->\n<title>Educa\u00e7\u00e3o via candidatura de Elisa Ferreira - Os Meus Apontamentos<\/title>\n<meta name=\"robots\" content=\"index, follow, max-snippet:-1, max-image-preview:large, max-video-preview:-1\" \/>\n<link rel=\"canonical\" href=\"https:\/\/osmeusapontamentos.com\/index.php\/2009\/07\/04\/educacao-via-candidatura-de-elisa-ferreira\/\" \/>\n<meta property=\"og:locale\" content=\"pt_PT\" \/>\n<meta property=\"og:type\" content=\"article\" \/>\n<meta property=\"og:title\" content=\"Educa\u00e7\u00e3o via candidatura de Elisa Ferreira - Os Meus Apontamentos\" \/>\n<meta property=\"og:description\" content=\"No dia 1 de julho foi assistir \u00e0 tertulia sobre educa\u00e7\u00e3o organizada pela campanha de Elisa Ferreira. Estas tert\u00falias s\u00e3o eventos que t\u00eam naturalmente uma componente pol\u00edtica mas, no meu caso, mais do que ver quem aparece e se s\u00e3o muitos, o meu interesse era aproveitar este evento para tentar perceber um pouco o que [&hellip;]\" \/>\n<meta property=\"og:url\" content=\"https:\/\/osmeusapontamentos.com\/index.php\/2009\/07\/04\/educacao-via-candidatura-de-elisa-ferreira\/\" \/>\n<meta property=\"og:site_name\" content=\"Os Meus Apontamentos\" \/>\n<meta property=\"article:published_time\" content=\"2009-07-04T18:06:05+00:00\" \/>\n<meta name=\"author\" content=\"Vitor Silva\" \/>\n<meta name=\"twitter:card\" content=\"summary_large_image\" \/>\n<meta name=\"twitter:creator\" content=\"@vitorsilva\" \/>\n<meta name=\"twitter:site\" content=\"@vitorsilva\" \/>\n<meta name=\"twitter:label1\" content=\"Escrito por\" \/>\n\t<meta name=\"twitter:data1\" content=\"Vitor Silva\" \/>\n\t<meta name=\"twitter:label2\" content=\"Tempo estimado de leitura\" \/>\n\t<meta name=\"twitter:data2\" content=\"2 minutos\" \/>\n<script type=\"application\/ld+json\" class=\"yoast-schema-graph\">{\"@context\":\"https:\\\/\\\/schema.org\",\"@graph\":[{\"@type\":\"Article\",\"@id\":\"https:\\\/\\\/osmeusapontamentos.com\\\/index.php\\\/2009\\\/07\\\/04\\\/educacao-via-candidatura-de-elisa-ferreira\\\/#article\",\"isPartOf\":{\"@id\":\"https:\\\/\\\/osmeusapontamentos.com\\\/index.php\\\/2009\\\/07\\\/04\\\/educacao-via-candidatura-de-elisa-ferreira\\\/\"},\"author\":{\"name\":\"Vitor Silva\",\"@id\":\"https:\\\/\\\/osmeusapontamentos.com\\\/#\\\/schema\\\/person\\\/d508df9c3ffc8b4e64a18dbf0ba18dd8\"},\"headline\":\"Educa\u00e7\u00e3o via candidatura de Elisa Ferreira\",\"datePublished\":\"2009-07-04T18:06:05+00:00\",\"mainEntityOfPage\":{\"@id\":\"https:\\\/\\\/osmeusapontamentos.com\\\/index.php\\\/2009\\\/07\\\/04\\\/educacao-via-candidatura-de-elisa-ferreira\\\/\"},\"wordCount\":383,\"commentCount\":0,\"publisher\":{\"@id\":\"https:\\\/\\\/osmeusapontamentos.com\\\/#\\\/schema\\\/person\\\/d508df9c3ffc8b4e64a18dbf0ba18dd8\"},\"keywords\":[\"educa\u00e7\u00e3o\",\"porto\"],\"articleSection\":[\"Ler\\\/ Ver\\\/ Ouvir\\\/ Passear\"],\"inLanguage\":\"pt-PT\",\"potentialAction\":[{\"@type\":\"CommentAction\",\"name\":\"Comment\",\"target\":[\"https:\\\/\\\/osmeusapontamentos.com\\\/index.php\\\/2009\\\/07\\\/04\\\/educacao-via-candidatura-de-elisa-ferreira\\\/#respond\"]}]},{\"@type\":\"WebPage\",\"@id\":\"https:\\\/\\\/osmeusapontamentos.com\\\/index.php\\\/2009\\\/07\\\/04\\\/educacao-via-candidatura-de-elisa-ferreira\\\/\",\"url\":\"https:\\\/\\\/osmeusapontamentos.com\\\/index.php\\\/2009\\\/07\\\/04\\\/educacao-via-candidatura-de-elisa-ferreira\\\/\",\"name\":\"Educa\u00e7\u00e3o via candidatura de Elisa Ferreira - Os Meus Apontamentos\",\"isPartOf\":{\"@id\":\"https:\\\/\\\/osmeusapontamentos.com\\\/#website\"},\"datePublished\":\"2009-07-04T18:06:05+00:00\",\"breadcrumb\":{\"@id\":\"https:\\\/\\\/osmeusapontamentos.com\\\/index.php\\\/2009\\\/07\\\/04\\\/educacao-via-candidatura-de-elisa-ferreira\\\/#breadcrumb\"},\"inLanguage\":\"pt-PT\",\"potentialAction\":[{\"@type\":\"ReadAction\",\"target\":[\"https:\\\/\\\/osmeusapontamentos.com\\\/index.php\\\/2009\\\/07\\\/04\\\/educacao-via-candidatura-de-elisa-ferreira\\\/\"]}]},{\"@type\":\"BreadcrumbList\",\"@id\":\"https:\\\/\\\/osmeusapontamentos.com\\\/index.php\\\/2009\\\/07\\\/04\\\/educacao-via-candidatura-de-elisa-ferreira\\\/#breadcrumb\",\"itemListElement\":[{\"@type\":\"ListItem\",\"position\":1,\"name\":\"In\u00edcio\",\"item\":\"https:\\\/\\\/osmeusapontamentos.com\\\/\"},{\"@type\":\"ListItem\",\"position\":2,\"name\":\"Educa\u00e7\u00e3o via candidatura de Elisa Ferreira\"}]},{\"@type\":\"WebSite\",\"@id\":\"https:\\\/\\\/osmeusapontamentos.com\\\/#website\",\"url\":\"https:\\\/\\\/osmeusapontamentos.com\\\/\",\"name\":\"Os Meus Apontamentos\",\"description\":\"\",\"publisher\":{\"@id\":\"https:\\\/\\\/osmeusapontamentos.com\\\/#\\\/schema\\\/person\\\/d508df9c3ffc8b4e64a18dbf0ba18dd8\"},\"potentialAction\":[{\"@type\":\"SearchAction\",\"target\":{\"@type\":\"EntryPoint\",\"urlTemplate\":\"https:\\\/\\\/osmeusapontamentos.com\\\/?s={search_term_string}\"},\"query-input\":{\"@type\":\"PropertyValueSpecification\",\"valueRequired\":true,\"valueName\":\"search_term_string\"}}],\"inLanguage\":\"pt-PT\"},{\"@type\":[\"Person\",\"Organization\"],\"@id\":\"https:\\\/\\\/osmeusapontamentos.com\\\/#\\\/schema\\\/person\\\/d508df9c3ffc8b4e64a18dbf0ba18dd8\",\"name\":\"Vitor Silva\",\"image\":{\"@type\":\"ImageObject\",\"inLanguage\":\"pt-PT\",\"@id\":\"https:\\\/\\\/secure.gravatar.com\\\/avatar\\\/f81f58ad909e8a213ab0a690f6ed65e5c0e0e2274bf35ac49ff31d7988d483ce?s=96&d=mm&r=g\",\"url\":\"https:\\\/\\\/secure.gravatar.com\\\/avatar\\\/f81f58ad909e8a213ab0a690f6ed65e5c0e0e2274bf35ac49ff31d7988d483ce?s=96&d=mm&r=g\",\"contentUrl\":\"https:\\\/\\\/secure.gravatar.com\\\/avatar\\\/f81f58ad909e8a213ab0a690f6ed65e5c0e0e2274bf35ac49ff31d7988d483ce?s=96&d=mm&r=g\",\"caption\":\"Vitor Silva\"},\"logo\":{\"@id\":\"https:\\\/\\\/secure.gravatar.com\\\/avatar\\\/f81f58ad909e8a213ab0a690f6ed65e5c0e0e2274bf35ac49ff31d7988d483ce?s=96&d=mm&r=g\"},\"sameAs\":[\"https:\\\/\\\/www.linkedin.com\\\/in\\\/vitormrsilva\",\"https:\\\/\\\/x.com\\\/vitorsilva\"]}]}<\/script>\n<!-- \/ Yoast SEO plugin. -->","yoast_head_json":{"title":"Educa\u00e7\u00e3o via candidatura de Elisa Ferreira - Os Meus Apontamentos","robots":{"index":"index","follow":"follow","max-snippet":"max-snippet:-1","max-image-preview":"max-image-preview:large","max-video-preview":"max-video-preview:-1"},"canonical":"https:\/\/osmeusapontamentos.com\/index.php\/2009\/07\/04\/educacao-via-candidatura-de-elisa-ferreira\/","og_locale":"pt_PT","og_type":"article","og_title":"Educa\u00e7\u00e3o via candidatura de Elisa Ferreira - Os Meus Apontamentos","og_description":"No dia 1 de julho foi assistir \u00e0 tertulia sobre educa\u00e7\u00e3o organizada pela campanha de Elisa Ferreira. Estas tert\u00falias s\u00e3o eventos que t\u00eam naturalmente uma componente pol\u00edtica mas, no meu caso, mais do que ver quem aparece e se s\u00e3o muitos, o meu interesse era aproveitar este evento para tentar perceber um pouco o que [&hellip;]","og_url":"https:\/\/osmeusapontamentos.com\/index.php\/2009\/07\/04\/educacao-via-candidatura-de-elisa-ferreira\/","og_site_name":"Os Meus Apontamentos","article_published_time":"2009-07-04T18:06:05+00:00","author":"Vitor Silva","twitter_card":"summary_large_image","twitter_creator":"@vitorsilva","twitter_site":"@vitorsilva","twitter_misc":{"Escrito por":"Vitor Silva","Tempo estimado de leitura":"2 minutos"},"schema":{"@context":"https:\/\/schema.org","@graph":[{"@type":"Article","@id":"https:\/\/osmeusapontamentos.com\/index.php\/2009\/07\/04\/educacao-via-candidatura-de-elisa-ferreira\/#article","isPartOf":{"@id":"https:\/\/osmeusapontamentos.com\/index.php\/2009\/07\/04\/educacao-via-candidatura-de-elisa-ferreira\/"},"author":{"name":"Vitor Silva","@id":"https:\/\/osmeusapontamentos.com\/#\/schema\/person\/d508df9c3ffc8b4e64a18dbf0ba18dd8"},"headline":"Educa\u00e7\u00e3o via candidatura de Elisa Ferreira","datePublished":"2009-07-04T18:06:05+00:00","mainEntityOfPage":{"@id":"https:\/\/osmeusapontamentos.com\/index.php\/2009\/07\/04\/educacao-via-candidatura-de-elisa-ferreira\/"},"wordCount":383,"commentCount":0,"publisher":{"@id":"https:\/\/osmeusapontamentos.com\/#\/schema\/person\/d508df9c3ffc8b4e64a18dbf0ba18dd8"},"keywords":["educa\u00e7\u00e3o","porto"],"articleSection":["Ler\/ Ver\/ Ouvir\/ Passear"],"inLanguage":"pt-PT","potentialAction":[{"@type":"CommentAction","name":"Comment","target":["https:\/\/osmeusapontamentos.com\/index.php\/2009\/07\/04\/educacao-via-candidatura-de-elisa-ferreira\/#respond"]}]},{"@type":"WebPage","@id":"https:\/\/osmeusapontamentos.com\/index.php\/2009\/07\/04\/educacao-via-candidatura-de-elisa-ferreira\/","url":"https:\/\/osmeusapontamentos.com\/index.php\/2009\/07\/04\/educacao-via-candidatura-de-elisa-ferreira\/","name":"Educa\u00e7\u00e3o via candidatura de Elisa Ferreira - Os Meus Apontamentos","isPartOf":{"@id":"https:\/\/osmeusapontamentos.com\/#website"},"datePublished":"2009-07-04T18:06:05+00:00","breadcrumb":{"@id":"https:\/\/osmeusapontamentos.com\/index.php\/2009\/07\/04\/educacao-via-candidatura-de-elisa-ferreira\/#breadcrumb"},"inLanguage":"pt-PT","potentialAction":[{"@type":"ReadAction","target":["https:\/\/osmeusapontamentos.com\/index.php\/2009\/07\/04\/educacao-via-candidatura-de-elisa-ferreira\/"]}]},{"@type":"BreadcrumbList","@id":"https:\/\/osmeusapontamentos.com\/index.php\/2009\/07\/04\/educacao-via-candidatura-de-elisa-ferreira\/#breadcrumb","itemListElement":[{"@type":"ListItem","position":1,"name":"In\u00edcio","item":"https:\/\/osmeusapontamentos.com\/"},{"@type":"ListItem","position":2,"name":"Educa\u00e7\u00e3o via candidatura de Elisa Ferreira"}]},{"@type":"WebSite","@id":"https:\/\/osmeusapontamentos.com\/#website","url":"https:\/\/osmeusapontamentos.com\/","name":"Os Meus Apontamentos","description":"","publisher":{"@id":"https:\/\/osmeusapontamentos.com\/#\/schema\/person\/d508df9c3ffc8b4e64a18dbf0ba18dd8"},"potentialAction":[{"@type":"SearchAction","target":{"@type":"EntryPoint","urlTemplate":"https:\/\/osmeusapontamentos.com\/?s={search_term_string}"},"query-input":{"@type":"PropertyValueSpecification","valueRequired":true,"valueName":"search_term_string"}}],"inLanguage":"pt-PT"},{"@type":["Person","Organization"],"@id":"https:\/\/osmeusapontamentos.com\/#\/schema\/person\/d508df9c3ffc8b4e64a18dbf0ba18dd8","name":"Vitor Silva","image":{"@type":"ImageObject","inLanguage":"pt-PT","@id":"https:\/\/secure.gravatar.com\/avatar\/f81f58ad909e8a213ab0a690f6ed65e5c0e0e2274bf35ac49ff31d7988d483ce?s=96&d=mm&r=g","url":"https:\/\/secure.gravatar.com\/avatar\/f81f58ad909e8a213ab0a690f6ed65e5c0e0e2274bf35ac49ff31d7988d483ce?s=96&d=mm&r=g","contentUrl":"https:\/\/secure.gravatar.com\/avatar\/f81f58ad909e8a213ab0a690f6ed65e5c0e0e2274bf35ac49ff31d7988d483ce?s=96&d=mm&r=g","caption":"Vitor Silva"},"logo":{"@id":"https:\/\/secure.gravatar.com\/avatar\/f81f58ad909e8a213ab0a690f6ed65e5c0e0e2274bf35ac49ff31d7988d483ce?s=96&d=mm&r=g"},"sameAs":["https:\/\/www.linkedin.com\/in\/vitormrsilva","https:\/\/x.com\/vitorsilva"]}]}},"_links":{"self":[{"href":"https:\/\/osmeusapontamentos.com\/index.php\/wp-json\/wp\/v2\/posts\/1542","targetHints":{"allow":["GET"]}}],"collection":[{"href":"https:\/\/osmeusapontamentos.com\/index.php\/wp-json\/wp\/v2\/posts"}],"about":[{"href":"https:\/\/osmeusapontamentos.com\/index.php\/wp-json\/wp\/v2\/types\/post"}],"author":[{"embeddable":true,"href":"https:\/\/osmeusapontamentos.com\/index.php\/wp-json\/wp\/v2\/users\/1"}],"replies":[{"embeddable":true,"href":"https:\/\/osmeusapontamentos.com\/index.php\/wp-json\/wp\/v2\/comments?post=1542"}],"version-history":[{"count":0,"href":"https:\/\/osmeusapontamentos.com\/index.php\/wp-json\/wp\/v2\/posts\/1542\/revisions"}],"wp:attachment":[{"href":"https:\/\/osmeusapontamentos.com\/index.php\/wp-json\/wp\/v2\/media?parent=1542"}],"wp:term":[{"taxonomy":"category","embeddable":true,"href":"https:\/\/osmeusapontamentos.com\/index.php\/wp-json\/wp\/v2\/categories?post=1542"},{"taxonomy":"post_tag","embeddable":true,"href":"https:\/\/osmeusapontamentos.com\/index.php\/wp-json\/wp\/v2\/tags?post=1542"}],"curies":[{"name":"wp","href":"https:\/\/api.w.org\/{rel}","templated":true}]}}