{"id":1540,"date":"2009-07-04T13:23:36","date_gmt":"2009-07-04T13:23:36","guid":{"rendered":"http:\/\/osmeusapontamentos.com\/?p=1540"},"modified":"2009-07-04T13:23:36","modified_gmt":"2009-07-04T13:23:36","slug":"mercados-de-rua","status":"publish","type":"post","link":"https:\/\/osmeusapontamentos.com\/index.php\/2009\/07\/04\/mercados-de-rua\/","title":{"rendered":"Mercados de rua"},"content":{"rendered":"<p>Numa das sess\u00f5es do Olhares Cruzados deste ano, <a href=\"..\/?p=1389\">Jo\u00e3o Fernandes<\/a> questionava a festa \u00e0 volta das inaugura\u00e7\u00f5es de Miguel Bombarda e dizia algo do g\u00e9nero:\u00a0 &#8220;a inaugura\u00e7\u00e3o \u00e9 um momento festivo mas (supostamente) de trabalho para os galeristas&#8221; e &#8220;as inaugura\u00e7\u00f5es s\u00e3o um carnaval&#8221;.<br \/>\nNo essencial questionava (pareceu-me) se esse evento era realmente produtivo para quem est\u00e1 instalado nessa zona e vive do neg\u00f3cio da arte.<br \/>\nA mesma quest\u00e3o p\u00f5e-se, na minha opini\u00e3o, aos novos mercados de rua que t\u00eam surgido, nomeadamente as iniciativas <a href=\"http:\/\/artesanatourbanonoparque.blogspot.com\/\">Artesanato Urbano no Parque<\/a>, <a href=\"http:\/\/jpn.icicom.up.pt\/2009\/03\/11\/artesanato_e_gastronomia_no_mercadinho_dos_clerigos.html\">Mercadinho dos Clerigos<\/a> e o mais recente <a href=\"http:\/\/jpn.icicom.up.pt\/2009\/06\/21\/mercado_porto_belo_quer_dar_mais_alma_a_cidade.html\">Mercado Porto Belo<\/a>.<br \/>\nAs ideias parecem interessantes mas eu pessoalmente gostava de saber (tamb\u00e9m no caso das inaugura\u00e7\u00f5es das galerias):<br \/>\n&#8211; qual o volume de vendas que geram:<br \/>\n&#8211; como t\u00eam evolu\u00eddo ao longo do tempo?<br \/>\n&#8211; t\u00eam mais ou menos publico desde que come\u00e7aram?<br \/>\n&#8211; e a lojas existentes nas proximidades desses eventos, t\u00eam beneficiado com eles?<br \/>\n&#8211; em que medida?<br \/>\n&#8211; ou continuam fechadas ao fim-de-semana?<br \/>\nDe notar que isto s\u00f3 tem interesse se alguma vez quisermos argumentar que estas iniciativas tem um retorno (essencialmente econ\u00f3mico, mas tamb\u00e9m social) concreto, ou se quiserem publicitar as iniciativas junto de potenciais investidores institucionais.<br \/>\nOu ent\u00e3o se calhar sou eu que sou um control-freak e isto n\u00e3o interessa para nada&#8230;<\/p>\n","protected":false},"excerpt":{"rendered":"<p>Numa das sess\u00f5es do Olhares Cruzados deste ano, Jo\u00e3o Fernandes questionava a festa \u00e0 volta das inaugura\u00e7\u00f5es de Miguel Bombarda e dizia algo do g\u00e9nero:\u00a0 &#8220;a inaugura\u00e7\u00e3o \u00e9 um momento festivo mas (supostamente) de trabalho para os galeristas&#8221; e &#8220;as inaugura\u00e7\u00f5es s\u00e3o um carnaval&#8221;. No essencial questionava (pareceu-me) se esse evento era realmente produtivo para [&hellip;]<\/p>\n","protected":false},"author":1,"featured_media":0,"comment_status":"open","ping_status":"open","sticky":false,"template":"","format":"standard","meta":{"footnotes":""},"categories":[7],"tags":[66,407,410,524],"class_list":["post-1540","post","type-post","status-publish","format-standard","hentry","category-ler-ver-ouvir-passear","tag-artesanato-urbano-no-parqui","tag-mercadinho-dos-clerigos","tag-mercado-porto-belo","tag-porto"],"yoast_head":"<!-- This site is optimized with the Yoast SEO plugin v27.5 - https:\/\/yoast.com\/product\/yoast-seo-wordpress\/ -->\n<title>Mercados de rua - Os Meus Apontamentos<\/title>\n<meta name=\"robots\" content=\"index, follow, max-snippet:-1, max-image-preview:large, max-video-preview:-1\" \/>\n<link rel=\"canonical\" href=\"https:\/\/osmeusapontamentos.com\/index.php\/2009\/07\/04\/mercados-de-rua\/\" \/>\n<meta property=\"og:locale\" content=\"pt_PT\" \/>\n<meta property=\"og:type\" content=\"article\" \/>\n<meta property=\"og:title\" content=\"Mercados de rua - Os Meus Apontamentos\" \/>\n<meta property=\"og:description\" content=\"Numa das sess\u00f5es do Olhares Cruzados deste ano, Jo\u00e3o Fernandes questionava a festa \u00e0 volta das inaugura\u00e7\u00f5es de Miguel Bombarda e dizia algo do g\u00e9nero:\u00a0 &#8220;a inaugura\u00e7\u00e3o \u00e9 um momento festivo mas (supostamente) de trabalho para os galeristas&#8221; e &#8220;as inaugura\u00e7\u00f5es s\u00e3o um carnaval&#8221;. No essencial questionava (pareceu-me) se esse evento era realmente produtivo para [&hellip;]\" \/>\n<meta property=\"og:url\" content=\"https:\/\/osmeusapontamentos.com\/index.php\/2009\/07\/04\/mercados-de-rua\/\" \/>\n<meta property=\"og:site_name\" content=\"Os Meus Apontamentos\" \/>\n<meta property=\"article:published_time\" content=\"2009-07-04T13:23:36+00:00\" \/>\n<meta name=\"author\" content=\"Vitor Silva\" \/>\n<meta name=\"twitter:card\" content=\"summary_large_image\" \/>\n<meta name=\"twitter:creator\" content=\"@vitorsilva\" \/>\n<meta name=\"twitter:site\" content=\"@vitorsilva\" \/>\n<meta name=\"twitter:label1\" content=\"Escrito por\" \/>\n\t<meta name=\"twitter:data1\" content=\"Vitor Silva\" \/>\n\t<meta name=\"twitter:label2\" content=\"Tempo estimado de leitura\" \/>\n\t<meta name=\"twitter:data2\" content=\"1 minuto\" \/>\n<script type=\"application\/ld+json\" class=\"yoast-schema-graph\">{\"@context\":\"https:\\\/\\\/schema.org\",\"@graph\":[{\"@type\":\"Article\",\"@id\":\"https:\\\/\\\/osmeusapontamentos.com\\\/index.php\\\/2009\\\/07\\\/04\\\/mercados-de-rua\\\/#article\",\"isPartOf\":{\"@id\":\"https:\\\/\\\/osmeusapontamentos.com\\\/index.php\\\/2009\\\/07\\\/04\\\/mercados-de-rua\\\/\"},\"author\":{\"name\":\"Vitor Silva\",\"@id\":\"https:\\\/\\\/osmeusapontamentos.com\\\/#\\\/schema\\\/person\\\/d508df9c3ffc8b4e64a18dbf0ba18dd8\"},\"headline\":\"Mercados de rua\",\"datePublished\":\"2009-07-04T13:23:36+00:00\",\"mainEntityOfPage\":{\"@id\":\"https:\\\/\\\/osmeusapontamentos.com\\\/index.php\\\/2009\\\/07\\\/04\\\/mercados-de-rua\\\/\"},\"wordCount\":238,\"commentCount\":0,\"publisher\":{\"@id\":\"https:\\\/\\\/osmeusapontamentos.com\\\/#\\\/schema\\\/person\\\/d508df9c3ffc8b4e64a18dbf0ba18dd8\"},\"keywords\":[\"artesanato urbano no parqui\",\"mercadinho dos cl\u00e9rigos\",\"mercado porto belo\",\"porto\"],\"articleSection\":[\"Ler\\\/ Ver\\\/ Ouvir\\\/ Passear\"],\"inLanguage\":\"pt-PT\",\"potentialAction\":[{\"@type\":\"CommentAction\",\"name\":\"Comment\",\"target\":[\"https:\\\/\\\/osmeusapontamentos.com\\\/index.php\\\/2009\\\/07\\\/04\\\/mercados-de-rua\\\/#respond\"]}]},{\"@type\":\"WebPage\",\"@id\":\"https:\\\/\\\/osmeusapontamentos.com\\\/index.php\\\/2009\\\/07\\\/04\\\/mercados-de-rua\\\/\",\"url\":\"https:\\\/\\\/osmeusapontamentos.com\\\/index.php\\\/2009\\\/07\\\/04\\\/mercados-de-rua\\\/\",\"name\":\"Mercados de rua - Os Meus Apontamentos\",\"isPartOf\":{\"@id\":\"https:\\\/\\\/osmeusapontamentos.com\\\/#website\"},\"datePublished\":\"2009-07-04T13:23:36+00:00\",\"breadcrumb\":{\"@id\":\"https:\\\/\\\/osmeusapontamentos.com\\\/index.php\\\/2009\\\/07\\\/04\\\/mercados-de-rua\\\/#breadcrumb\"},\"inLanguage\":\"pt-PT\",\"potentialAction\":[{\"@type\":\"ReadAction\",\"target\":[\"https:\\\/\\\/osmeusapontamentos.com\\\/index.php\\\/2009\\\/07\\\/04\\\/mercados-de-rua\\\/\"]}]},{\"@type\":\"BreadcrumbList\",\"@id\":\"https:\\\/\\\/osmeusapontamentos.com\\\/index.php\\\/2009\\\/07\\\/04\\\/mercados-de-rua\\\/#breadcrumb\",\"itemListElement\":[{\"@type\":\"ListItem\",\"position\":1,\"name\":\"In\u00edcio\",\"item\":\"https:\\\/\\\/osmeusapontamentos.com\\\/\"},{\"@type\":\"ListItem\",\"position\":2,\"name\":\"Mercados de rua\"}]},{\"@type\":\"WebSite\",\"@id\":\"https:\\\/\\\/osmeusapontamentos.com\\\/#website\",\"url\":\"https:\\\/\\\/osmeusapontamentos.com\\\/\",\"name\":\"Os Meus Apontamentos\",\"description\":\"\",\"publisher\":{\"@id\":\"https:\\\/\\\/osmeusapontamentos.com\\\/#\\\/schema\\\/person\\\/d508df9c3ffc8b4e64a18dbf0ba18dd8\"},\"potentialAction\":[{\"@type\":\"SearchAction\",\"target\":{\"@type\":\"EntryPoint\",\"urlTemplate\":\"https:\\\/\\\/osmeusapontamentos.com\\\/?s={search_term_string}\"},\"query-input\":{\"@type\":\"PropertyValueSpecification\",\"valueRequired\":true,\"valueName\":\"search_term_string\"}}],\"inLanguage\":\"pt-PT\"},{\"@type\":[\"Person\",\"Organization\"],\"@id\":\"https:\\\/\\\/osmeusapontamentos.com\\\/#\\\/schema\\\/person\\\/d508df9c3ffc8b4e64a18dbf0ba18dd8\",\"name\":\"Vitor Silva\",\"image\":{\"@type\":\"ImageObject\",\"inLanguage\":\"pt-PT\",\"@id\":\"https:\\\/\\\/secure.gravatar.com\\\/avatar\\\/f81f58ad909e8a213ab0a690f6ed65e5c0e0e2274bf35ac49ff31d7988d483ce?s=96&d=mm&r=g\",\"url\":\"https:\\\/\\\/secure.gravatar.com\\\/avatar\\\/f81f58ad909e8a213ab0a690f6ed65e5c0e0e2274bf35ac49ff31d7988d483ce?s=96&d=mm&r=g\",\"contentUrl\":\"https:\\\/\\\/secure.gravatar.com\\\/avatar\\\/f81f58ad909e8a213ab0a690f6ed65e5c0e0e2274bf35ac49ff31d7988d483ce?s=96&d=mm&r=g\",\"caption\":\"Vitor Silva\"},\"logo\":{\"@id\":\"https:\\\/\\\/secure.gravatar.com\\\/avatar\\\/f81f58ad909e8a213ab0a690f6ed65e5c0e0e2274bf35ac49ff31d7988d483ce?s=96&d=mm&r=g\"},\"sameAs\":[\"https:\\\/\\\/www.linkedin.com\\\/in\\\/vitormrsilva\",\"https:\\\/\\\/x.com\\\/vitorsilva\"]}]}<\/script>\n<!-- \/ Yoast SEO plugin. -->","yoast_head_json":{"title":"Mercados de rua - Os Meus Apontamentos","robots":{"index":"index","follow":"follow","max-snippet":"max-snippet:-1","max-image-preview":"max-image-preview:large","max-video-preview":"max-video-preview:-1"},"canonical":"https:\/\/osmeusapontamentos.com\/index.php\/2009\/07\/04\/mercados-de-rua\/","og_locale":"pt_PT","og_type":"article","og_title":"Mercados de rua - Os Meus Apontamentos","og_description":"Numa das sess\u00f5es do Olhares Cruzados deste ano, Jo\u00e3o Fernandes questionava a festa \u00e0 volta das inaugura\u00e7\u00f5es de Miguel Bombarda e dizia algo do g\u00e9nero:\u00a0 &#8220;a inaugura\u00e7\u00e3o \u00e9 um momento festivo mas (supostamente) de trabalho para os galeristas&#8221; e &#8220;as inaugura\u00e7\u00f5es s\u00e3o um carnaval&#8221;. No essencial questionava (pareceu-me) se esse evento era realmente produtivo para [&hellip;]","og_url":"https:\/\/osmeusapontamentos.com\/index.php\/2009\/07\/04\/mercados-de-rua\/","og_site_name":"Os Meus Apontamentos","article_published_time":"2009-07-04T13:23:36+00:00","author":"Vitor Silva","twitter_card":"summary_large_image","twitter_creator":"@vitorsilva","twitter_site":"@vitorsilva","twitter_misc":{"Escrito por":"Vitor Silva","Tempo estimado de leitura":"1 minuto"},"schema":{"@context":"https:\/\/schema.org","@graph":[{"@type":"Article","@id":"https:\/\/osmeusapontamentos.com\/index.php\/2009\/07\/04\/mercados-de-rua\/#article","isPartOf":{"@id":"https:\/\/osmeusapontamentos.com\/index.php\/2009\/07\/04\/mercados-de-rua\/"},"author":{"name":"Vitor Silva","@id":"https:\/\/osmeusapontamentos.com\/#\/schema\/person\/d508df9c3ffc8b4e64a18dbf0ba18dd8"},"headline":"Mercados de rua","datePublished":"2009-07-04T13:23:36+00:00","mainEntityOfPage":{"@id":"https:\/\/osmeusapontamentos.com\/index.php\/2009\/07\/04\/mercados-de-rua\/"},"wordCount":238,"commentCount":0,"publisher":{"@id":"https:\/\/osmeusapontamentos.com\/#\/schema\/person\/d508df9c3ffc8b4e64a18dbf0ba18dd8"},"keywords":["artesanato urbano no parqui","mercadinho dos cl\u00e9rigos","mercado porto belo","porto"],"articleSection":["Ler\/ Ver\/ Ouvir\/ Passear"],"inLanguage":"pt-PT","potentialAction":[{"@type":"CommentAction","name":"Comment","target":["https:\/\/osmeusapontamentos.com\/index.php\/2009\/07\/04\/mercados-de-rua\/#respond"]}]},{"@type":"WebPage","@id":"https:\/\/osmeusapontamentos.com\/index.php\/2009\/07\/04\/mercados-de-rua\/","url":"https:\/\/osmeusapontamentos.com\/index.php\/2009\/07\/04\/mercados-de-rua\/","name":"Mercados de rua - Os Meus Apontamentos","isPartOf":{"@id":"https:\/\/osmeusapontamentos.com\/#website"},"datePublished":"2009-07-04T13:23:36+00:00","breadcrumb":{"@id":"https:\/\/osmeusapontamentos.com\/index.php\/2009\/07\/04\/mercados-de-rua\/#breadcrumb"},"inLanguage":"pt-PT","potentialAction":[{"@type":"ReadAction","target":["https:\/\/osmeusapontamentos.com\/index.php\/2009\/07\/04\/mercados-de-rua\/"]}]},{"@type":"BreadcrumbList","@id":"https:\/\/osmeusapontamentos.com\/index.php\/2009\/07\/04\/mercados-de-rua\/#breadcrumb","itemListElement":[{"@type":"ListItem","position":1,"name":"In\u00edcio","item":"https:\/\/osmeusapontamentos.com\/"},{"@type":"ListItem","position":2,"name":"Mercados de rua"}]},{"@type":"WebSite","@id":"https:\/\/osmeusapontamentos.com\/#website","url":"https:\/\/osmeusapontamentos.com\/","name":"Os Meus Apontamentos","description":"","publisher":{"@id":"https:\/\/osmeusapontamentos.com\/#\/schema\/person\/d508df9c3ffc8b4e64a18dbf0ba18dd8"},"potentialAction":[{"@type":"SearchAction","target":{"@type":"EntryPoint","urlTemplate":"https:\/\/osmeusapontamentos.com\/?s={search_term_string}"},"query-input":{"@type":"PropertyValueSpecification","valueRequired":true,"valueName":"search_term_string"}}],"inLanguage":"pt-PT"},{"@type":["Person","Organization"],"@id":"https:\/\/osmeusapontamentos.com\/#\/schema\/person\/d508df9c3ffc8b4e64a18dbf0ba18dd8","name":"Vitor Silva","image":{"@type":"ImageObject","inLanguage":"pt-PT","@id":"https:\/\/secure.gravatar.com\/avatar\/f81f58ad909e8a213ab0a690f6ed65e5c0e0e2274bf35ac49ff31d7988d483ce?s=96&d=mm&r=g","url":"https:\/\/secure.gravatar.com\/avatar\/f81f58ad909e8a213ab0a690f6ed65e5c0e0e2274bf35ac49ff31d7988d483ce?s=96&d=mm&r=g","contentUrl":"https:\/\/secure.gravatar.com\/avatar\/f81f58ad909e8a213ab0a690f6ed65e5c0e0e2274bf35ac49ff31d7988d483ce?s=96&d=mm&r=g","caption":"Vitor Silva"},"logo":{"@id":"https:\/\/secure.gravatar.com\/avatar\/f81f58ad909e8a213ab0a690f6ed65e5c0e0e2274bf35ac49ff31d7988d483ce?s=96&d=mm&r=g"},"sameAs":["https:\/\/www.linkedin.com\/in\/vitormrsilva","https:\/\/x.com\/vitorsilva"]}]}},"_links":{"self":[{"href":"https:\/\/osmeusapontamentos.com\/index.php\/wp-json\/wp\/v2\/posts\/1540","targetHints":{"allow":["GET"]}}],"collection":[{"href":"https:\/\/osmeusapontamentos.com\/index.php\/wp-json\/wp\/v2\/posts"}],"about":[{"href":"https:\/\/osmeusapontamentos.com\/index.php\/wp-json\/wp\/v2\/types\/post"}],"author":[{"embeddable":true,"href":"https:\/\/osmeusapontamentos.com\/index.php\/wp-json\/wp\/v2\/users\/1"}],"replies":[{"embeddable":true,"href":"https:\/\/osmeusapontamentos.com\/index.php\/wp-json\/wp\/v2\/comments?post=1540"}],"version-history":[{"count":0,"href":"https:\/\/osmeusapontamentos.com\/index.php\/wp-json\/wp\/v2\/posts\/1540\/revisions"}],"wp:attachment":[{"href":"https:\/\/osmeusapontamentos.com\/index.php\/wp-json\/wp\/v2\/media?parent=1540"}],"wp:term":[{"taxonomy":"category","embeddable":true,"href":"https:\/\/osmeusapontamentos.com\/index.php\/wp-json\/wp\/v2\/categories?post=1540"},{"taxonomy":"post_tag","embeddable":true,"href":"https:\/\/osmeusapontamentos.com\/index.php\/wp-json\/wp\/v2\/tags?post=1540"}],"curies":[{"name":"wp","href":"https:\/\/api.w.org\/{rel}","templated":true}]}}