{"id":1527,"date":"2009-06-25T07:32:45","date_gmt":"2009-06-25T07:32:45","guid":{"rendered":"http:\/\/osmeusapontamentos.com\/?p=1527"},"modified":"2009-06-25T07:32:45","modified_gmt":"2009-06-25T07:32:45","slug":"um-contributo-para-as-diferentes-candadidaturas-a-cm-porto","status":"publish","type":"post","link":"https:\/\/osmeusapontamentos.com\/index.php\/2009\/06\/25\/um-contributo-para-as-diferentes-candadidaturas-a-cm-porto\/","title":{"rendered":"Um contributo para as diferentes candidaturas \u00e0 CM-Porto"},"content":{"rendered":"<p>.quer a candidatura de elisa ferreira quer a candidatura de rui rio j\u00e1 anunciaram que v\u00e3o organizar tert\u00falias e\/ou debates e imagino que as restantes candidaturas tamb\u00e9m o fa\u00e7am. Espero que depois essa informa\u00e7\u00e3o fique dispon\u00edvel nos vossos sites em video e\/ou audio (eu pessoalmente prefiro o audio porque n\u00e3o me obriga a estar sentado em frente ao computador para ver duas ou mais pessoas a debater um tema) e j\u00e1 agora que percebam que essa informa\u00e7\u00e3o n\u00e3o \u00e9 relevante s\u00f3 neste per\u00edodo de elei\u00e7\u00f5es mas tamb\u00e9m para o futuro (ou pelo menos deveria ser), pelo que ela n\u00e3o deve desaparecer depois das elei\u00e7\u00f5es.<br \/>\n. relativamente \u00e0 forma como \u00e9 pedida a nossa colabora\u00e7\u00e3o para os programas das diferentes candidaturas (por enquanto, que eu tenha visto, s\u00f3 a de <a href=\"http:\/\/www.portoparatodos.com\/PortoEmDialogo.aspx\" target=\"_blank\" rel=\"noopener noreferrer\">elisa ferreira<\/a> e <a href=\"http:\/\/www.oportoemprimeiro.com\/programa.asp?m=2\" target=\"_blank\" rel=\"noopener noreferrer\">rui rio<\/a>) gostava que:<br \/>\n&#8211; tivessem no site a indica\u00e7\u00e3o de at\u00e9 quando \u00e9 poss\u00edvel enviar essas propostas;<br \/>\n&#8211; que estivessem vis\u00edveis as propostas j\u00e1 apresentadas, com a possibilidade de podermos votar nelas<br \/>\n&#8211; que houvesse uma resposta oficial das candidaturas a essas propostas e que essa resposta tamb\u00e9m ficasse online<br \/>\nOutras coisas que tamb\u00e9m gostava de ver<br \/>\n. gostava tamb\u00e9m que disponibilizassem nos sites das candidaturas os valores dos financiamentos obtidos (p\u00fablicos e privados) e os fossem actualizando consoante fossem recebendo mais apoios;<br \/>\n. que da mesma forma indicassem os gastos efectuados numa estrutura que no m\u00ednimo deveria ser parecida com o POC e no m\u00e1ximo deveria permitir consultar as facturas associadas a cada despesa;<br \/>\n. que percebessem que o que as ferramentas da chamada web 2.0 t\u00eam de grande diferen\u00e7a em rela\u00e7\u00e3o ao tradicional uso da internet \u00e9 que permitem estabelecer di\u00e1logos mais f\u00e1ceis e directos em complemento \u00e0 forma de comunica\u00e7\u00e3o unidireccional que os sites tradicionais permitem. um exemplo concreto: se virmos a utiliza\u00e7\u00e3o do twitter <a href=\"http:\/\/twitter.com\/elisaferreira\" target=\"_blank\" rel=\"noopener noreferrer\">elisaferreira<\/a> e <a href=\"http:\/\/www.twitter.com\/portoemprimeiro\" target=\"_blank\" rel=\"noopener noreferrer\">portoemprimeiro<\/a> reparamos que s\u00f3 \u00e9 usado para nos enviarem informa\u00e7\u00e3o.<br \/>\nAinda em rela\u00e7\u00e3o \u00e0s diferentes campanhas gostaria de saber qual o papel que acham que os sistemas de informa\u00e7\u00e3o podem ter no aumento de transpar\u00eancia das organiza\u00e7\u00f5es a que se candidatam.<br \/>\n<span style=\"color: #888888;\"><br \/>\n<\/span><\/p>\n","protected":false},"excerpt":{"rendered":"<p>.quer a candidatura de elisa ferreira quer a candidatura de rui rio j\u00e1 anunciaram que v\u00e3o organizar tert\u00falias e\/ou debates e imagino que as restantes candidaturas tamb\u00e9m o fa\u00e7am. Espero que depois essa informa\u00e7\u00e3o fique dispon\u00edvel nos vossos sites em video e\/ou audio (eu pessoalmente prefiro o audio porque n\u00e3o me obriga a estar sentado [&hellip;]<\/p>\n","protected":false},"author":1,"featured_media":0,"comment_status":"open","ping_status":"open","sticky":false,"template":"","format":"standard","meta":{"footnotes":""},"categories":[7],"tags":[76,134],"class_list":["post-1527","post","type-post","status-publish","format-standard","hentry","category-ler-ver-ouvir-passear","tag-autarquicas","tag-cidadania"],"yoast_head":"<!-- This site is optimized with the Yoast SEO plugin v27.5 - https:\/\/yoast.com\/product\/yoast-seo-wordpress\/ -->\n<title>Um contributo para as diferentes candidaturas \u00e0 CM-Porto - Os Meus Apontamentos<\/title>\n<meta name=\"robots\" content=\"index, follow, max-snippet:-1, max-image-preview:large, max-video-preview:-1\" \/>\n<link rel=\"canonical\" href=\"https:\/\/osmeusapontamentos.com\/index.php\/2009\/06\/25\/um-contributo-para-as-diferentes-candadidaturas-a-cm-porto\/\" \/>\n<meta property=\"og:locale\" content=\"pt_PT\" \/>\n<meta property=\"og:type\" content=\"article\" \/>\n<meta property=\"og:title\" content=\"Um contributo para as diferentes candidaturas \u00e0 CM-Porto - Os Meus Apontamentos\" \/>\n<meta property=\"og:description\" content=\".quer a candidatura de elisa ferreira quer a candidatura de rui rio j\u00e1 anunciaram que v\u00e3o organizar tert\u00falias e\/ou debates e imagino que as restantes candidaturas tamb\u00e9m o fa\u00e7am. Espero que depois essa informa\u00e7\u00e3o fique dispon\u00edvel nos vossos sites em video e\/ou audio (eu pessoalmente prefiro o audio porque n\u00e3o me obriga a estar sentado [&hellip;]\" \/>\n<meta property=\"og:url\" content=\"https:\/\/osmeusapontamentos.com\/index.php\/2009\/06\/25\/um-contributo-para-as-diferentes-candadidaturas-a-cm-porto\/\" \/>\n<meta property=\"og:site_name\" content=\"Os Meus Apontamentos\" \/>\n<meta property=\"article:published_time\" content=\"2009-06-25T07:32:45+00:00\" \/>\n<meta name=\"author\" content=\"Vitor Silva\" \/>\n<meta name=\"twitter:card\" content=\"summary_large_image\" \/>\n<meta name=\"twitter:creator\" content=\"@vitorsilva\" \/>\n<meta name=\"twitter:site\" content=\"@vitorsilva\" \/>\n<meta name=\"twitter:label1\" content=\"Escrito por\" \/>\n\t<meta name=\"twitter:data1\" content=\"Vitor Silva\" \/>\n\t<meta name=\"twitter:label2\" content=\"Tempo estimado de leitura\" \/>\n\t<meta name=\"twitter:data2\" content=\"2 minutos\" \/>\n<script type=\"application\/ld+json\" class=\"yoast-schema-graph\">{\"@context\":\"https:\\\/\\\/schema.org\",\"@graph\":[{\"@type\":\"Article\",\"@id\":\"https:\\\/\\\/osmeusapontamentos.com\\\/index.php\\\/2009\\\/06\\\/25\\\/um-contributo-para-as-diferentes-candadidaturas-a-cm-porto\\\/#article\",\"isPartOf\":{\"@id\":\"https:\\\/\\\/osmeusapontamentos.com\\\/index.php\\\/2009\\\/06\\\/25\\\/um-contributo-para-as-diferentes-candadidaturas-a-cm-porto\\\/\"},\"author\":{\"name\":\"Vitor Silva\",\"@id\":\"https:\\\/\\\/osmeusapontamentos.com\\\/#\\\/schema\\\/person\\\/d508df9c3ffc8b4e64a18dbf0ba18dd8\"},\"headline\":\"Um contributo para as diferentes candidaturas \u00e0 CM-Porto\",\"datePublished\":\"2009-06-25T07:32:45+00:00\",\"mainEntityOfPage\":{\"@id\":\"https:\\\/\\\/osmeusapontamentos.com\\\/index.php\\\/2009\\\/06\\\/25\\\/um-contributo-para-as-diferentes-candadidaturas-a-cm-porto\\\/\"},\"wordCount\":377,\"commentCount\":0,\"publisher\":{\"@id\":\"https:\\\/\\\/osmeusapontamentos.com\\\/#\\\/schema\\\/person\\\/d508df9c3ffc8b4e64a18dbf0ba18dd8\"},\"keywords\":[\"aut\u00e1rquicas\",\"cidadania\"],\"articleSection\":[\"Ler\\\/ Ver\\\/ Ouvir\\\/ Passear\"],\"inLanguage\":\"pt-PT\",\"potentialAction\":[{\"@type\":\"CommentAction\",\"name\":\"Comment\",\"target\":[\"https:\\\/\\\/osmeusapontamentos.com\\\/index.php\\\/2009\\\/06\\\/25\\\/um-contributo-para-as-diferentes-candadidaturas-a-cm-porto\\\/#respond\"]}]},{\"@type\":\"WebPage\",\"@id\":\"https:\\\/\\\/osmeusapontamentos.com\\\/index.php\\\/2009\\\/06\\\/25\\\/um-contributo-para-as-diferentes-candadidaturas-a-cm-porto\\\/\",\"url\":\"https:\\\/\\\/osmeusapontamentos.com\\\/index.php\\\/2009\\\/06\\\/25\\\/um-contributo-para-as-diferentes-candadidaturas-a-cm-porto\\\/\",\"name\":\"Um contributo para as diferentes candidaturas \u00e0 CM-Porto - Os Meus Apontamentos\",\"isPartOf\":{\"@id\":\"https:\\\/\\\/osmeusapontamentos.com\\\/#website\"},\"datePublished\":\"2009-06-25T07:32:45+00:00\",\"breadcrumb\":{\"@id\":\"https:\\\/\\\/osmeusapontamentos.com\\\/index.php\\\/2009\\\/06\\\/25\\\/um-contributo-para-as-diferentes-candadidaturas-a-cm-porto\\\/#breadcrumb\"},\"inLanguage\":\"pt-PT\",\"potentialAction\":[{\"@type\":\"ReadAction\",\"target\":[\"https:\\\/\\\/osmeusapontamentos.com\\\/index.php\\\/2009\\\/06\\\/25\\\/um-contributo-para-as-diferentes-candadidaturas-a-cm-porto\\\/\"]}]},{\"@type\":\"BreadcrumbList\",\"@id\":\"https:\\\/\\\/osmeusapontamentos.com\\\/index.php\\\/2009\\\/06\\\/25\\\/um-contributo-para-as-diferentes-candadidaturas-a-cm-porto\\\/#breadcrumb\",\"itemListElement\":[{\"@type\":\"ListItem\",\"position\":1,\"name\":\"In\u00edcio\",\"item\":\"https:\\\/\\\/osmeusapontamentos.com\\\/\"},{\"@type\":\"ListItem\",\"position\":2,\"name\":\"Um contributo para as diferentes candidaturas \u00e0 CM-Porto\"}]},{\"@type\":\"WebSite\",\"@id\":\"https:\\\/\\\/osmeusapontamentos.com\\\/#website\",\"url\":\"https:\\\/\\\/osmeusapontamentos.com\\\/\",\"name\":\"Os Meus Apontamentos\",\"description\":\"\",\"publisher\":{\"@id\":\"https:\\\/\\\/osmeusapontamentos.com\\\/#\\\/schema\\\/person\\\/d508df9c3ffc8b4e64a18dbf0ba18dd8\"},\"potentialAction\":[{\"@type\":\"SearchAction\",\"target\":{\"@type\":\"EntryPoint\",\"urlTemplate\":\"https:\\\/\\\/osmeusapontamentos.com\\\/?s={search_term_string}\"},\"query-input\":{\"@type\":\"PropertyValueSpecification\",\"valueRequired\":true,\"valueName\":\"search_term_string\"}}],\"inLanguage\":\"pt-PT\"},{\"@type\":[\"Person\",\"Organization\"],\"@id\":\"https:\\\/\\\/osmeusapontamentos.com\\\/#\\\/schema\\\/person\\\/d508df9c3ffc8b4e64a18dbf0ba18dd8\",\"name\":\"Vitor Silva\",\"image\":{\"@type\":\"ImageObject\",\"inLanguage\":\"pt-PT\",\"@id\":\"https:\\\/\\\/secure.gravatar.com\\\/avatar\\\/f81f58ad909e8a213ab0a690f6ed65e5c0e0e2274bf35ac49ff31d7988d483ce?s=96&d=mm&r=g\",\"url\":\"https:\\\/\\\/secure.gravatar.com\\\/avatar\\\/f81f58ad909e8a213ab0a690f6ed65e5c0e0e2274bf35ac49ff31d7988d483ce?s=96&d=mm&r=g\",\"contentUrl\":\"https:\\\/\\\/secure.gravatar.com\\\/avatar\\\/f81f58ad909e8a213ab0a690f6ed65e5c0e0e2274bf35ac49ff31d7988d483ce?s=96&d=mm&r=g\",\"caption\":\"Vitor Silva\"},\"logo\":{\"@id\":\"https:\\\/\\\/secure.gravatar.com\\\/avatar\\\/f81f58ad909e8a213ab0a690f6ed65e5c0e0e2274bf35ac49ff31d7988d483ce?s=96&d=mm&r=g\"},\"sameAs\":[\"https:\\\/\\\/www.linkedin.com\\\/in\\\/vitormrsilva\",\"https:\\\/\\\/x.com\\\/vitorsilva\"]}]}<\/script>\n<!-- \/ Yoast SEO plugin. -->","yoast_head_json":{"title":"Um contributo para as diferentes candidaturas \u00e0 CM-Porto - Os Meus Apontamentos","robots":{"index":"index","follow":"follow","max-snippet":"max-snippet:-1","max-image-preview":"max-image-preview:large","max-video-preview":"max-video-preview:-1"},"canonical":"https:\/\/osmeusapontamentos.com\/index.php\/2009\/06\/25\/um-contributo-para-as-diferentes-candadidaturas-a-cm-porto\/","og_locale":"pt_PT","og_type":"article","og_title":"Um contributo para as diferentes candidaturas \u00e0 CM-Porto - Os Meus Apontamentos","og_description":".quer a candidatura de elisa ferreira quer a candidatura de rui rio j\u00e1 anunciaram que v\u00e3o organizar tert\u00falias e\/ou debates e imagino que as restantes candidaturas tamb\u00e9m o fa\u00e7am. Espero que depois essa informa\u00e7\u00e3o fique dispon\u00edvel nos vossos sites em video e\/ou audio (eu pessoalmente prefiro o audio porque n\u00e3o me obriga a estar sentado [&hellip;]","og_url":"https:\/\/osmeusapontamentos.com\/index.php\/2009\/06\/25\/um-contributo-para-as-diferentes-candadidaturas-a-cm-porto\/","og_site_name":"Os Meus Apontamentos","article_published_time":"2009-06-25T07:32:45+00:00","author":"Vitor Silva","twitter_card":"summary_large_image","twitter_creator":"@vitorsilva","twitter_site":"@vitorsilva","twitter_misc":{"Escrito por":"Vitor Silva","Tempo estimado de leitura":"2 minutos"},"schema":{"@context":"https:\/\/schema.org","@graph":[{"@type":"Article","@id":"https:\/\/osmeusapontamentos.com\/index.php\/2009\/06\/25\/um-contributo-para-as-diferentes-candadidaturas-a-cm-porto\/#article","isPartOf":{"@id":"https:\/\/osmeusapontamentos.com\/index.php\/2009\/06\/25\/um-contributo-para-as-diferentes-candadidaturas-a-cm-porto\/"},"author":{"name":"Vitor Silva","@id":"https:\/\/osmeusapontamentos.com\/#\/schema\/person\/d508df9c3ffc8b4e64a18dbf0ba18dd8"},"headline":"Um contributo para as diferentes candidaturas \u00e0 CM-Porto","datePublished":"2009-06-25T07:32:45+00:00","mainEntityOfPage":{"@id":"https:\/\/osmeusapontamentos.com\/index.php\/2009\/06\/25\/um-contributo-para-as-diferentes-candadidaturas-a-cm-porto\/"},"wordCount":377,"commentCount":0,"publisher":{"@id":"https:\/\/osmeusapontamentos.com\/#\/schema\/person\/d508df9c3ffc8b4e64a18dbf0ba18dd8"},"keywords":["aut\u00e1rquicas","cidadania"],"articleSection":["Ler\/ Ver\/ Ouvir\/ Passear"],"inLanguage":"pt-PT","potentialAction":[{"@type":"CommentAction","name":"Comment","target":["https:\/\/osmeusapontamentos.com\/index.php\/2009\/06\/25\/um-contributo-para-as-diferentes-candadidaturas-a-cm-porto\/#respond"]}]},{"@type":"WebPage","@id":"https:\/\/osmeusapontamentos.com\/index.php\/2009\/06\/25\/um-contributo-para-as-diferentes-candadidaturas-a-cm-porto\/","url":"https:\/\/osmeusapontamentos.com\/index.php\/2009\/06\/25\/um-contributo-para-as-diferentes-candadidaturas-a-cm-porto\/","name":"Um contributo para as diferentes candidaturas \u00e0 CM-Porto - Os Meus Apontamentos","isPartOf":{"@id":"https:\/\/osmeusapontamentos.com\/#website"},"datePublished":"2009-06-25T07:32:45+00:00","breadcrumb":{"@id":"https:\/\/osmeusapontamentos.com\/index.php\/2009\/06\/25\/um-contributo-para-as-diferentes-candadidaturas-a-cm-porto\/#breadcrumb"},"inLanguage":"pt-PT","potentialAction":[{"@type":"ReadAction","target":["https:\/\/osmeusapontamentos.com\/index.php\/2009\/06\/25\/um-contributo-para-as-diferentes-candadidaturas-a-cm-porto\/"]}]},{"@type":"BreadcrumbList","@id":"https:\/\/osmeusapontamentos.com\/index.php\/2009\/06\/25\/um-contributo-para-as-diferentes-candadidaturas-a-cm-porto\/#breadcrumb","itemListElement":[{"@type":"ListItem","position":1,"name":"In\u00edcio","item":"https:\/\/osmeusapontamentos.com\/"},{"@type":"ListItem","position":2,"name":"Um contributo para as diferentes candidaturas \u00e0 CM-Porto"}]},{"@type":"WebSite","@id":"https:\/\/osmeusapontamentos.com\/#website","url":"https:\/\/osmeusapontamentos.com\/","name":"Os Meus Apontamentos","description":"","publisher":{"@id":"https:\/\/osmeusapontamentos.com\/#\/schema\/person\/d508df9c3ffc8b4e64a18dbf0ba18dd8"},"potentialAction":[{"@type":"SearchAction","target":{"@type":"EntryPoint","urlTemplate":"https:\/\/osmeusapontamentos.com\/?s={search_term_string}"},"query-input":{"@type":"PropertyValueSpecification","valueRequired":true,"valueName":"search_term_string"}}],"inLanguage":"pt-PT"},{"@type":["Person","Organization"],"@id":"https:\/\/osmeusapontamentos.com\/#\/schema\/person\/d508df9c3ffc8b4e64a18dbf0ba18dd8","name":"Vitor Silva","image":{"@type":"ImageObject","inLanguage":"pt-PT","@id":"https:\/\/secure.gravatar.com\/avatar\/f81f58ad909e8a213ab0a690f6ed65e5c0e0e2274bf35ac49ff31d7988d483ce?s=96&d=mm&r=g","url":"https:\/\/secure.gravatar.com\/avatar\/f81f58ad909e8a213ab0a690f6ed65e5c0e0e2274bf35ac49ff31d7988d483ce?s=96&d=mm&r=g","contentUrl":"https:\/\/secure.gravatar.com\/avatar\/f81f58ad909e8a213ab0a690f6ed65e5c0e0e2274bf35ac49ff31d7988d483ce?s=96&d=mm&r=g","caption":"Vitor Silva"},"logo":{"@id":"https:\/\/secure.gravatar.com\/avatar\/f81f58ad909e8a213ab0a690f6ed65e5c0e0e2274bf35ac49ff31d7988d483ce?s=96&d=mm&r=g"},"sameAs":["https:\/\/www.linkedin.com\/in\/vitormrsilva","https:\/\/x.com\/vitorsilva"]}]}},"_links":{"self":[{"href":"https:\/\/osmeusapontamentos.com\/index.php\/wp-json\/wp\/v2\/posts\/1527","targetHints":{"allow":["GET"]}}],"collection":[{"href":"https:\/\/osmeusapontamentos.com\/index.php\/wp-json\/wp\/v2\/posts"}],"about":[{"href":"https:\/\/osmeusapontamentos.com\/index.php\/wp-json\/wp\/v2\/types\/post"}],"author":[{"embeddable":true,"href":"https:\/\/osmeusapontamentos.com\/index.php\/wp-json\/wp\/v2\/users\/1"}],"replies":[{"embeddable":true,"href":"https:\/\/osmeusapontamentos.com\/index.php\/wp-json\/wp\/v2\/comments?post=1527"}],"version-history":[{"count":0,"href":"https:\/\/osmeusapontamentos.com\/index.php\/wp-json\/wp\/v2\/posts\/1527\/revisions"}],"wp:attachment":[{"href":"https:\/\/osmeusapontamentos.com\/index.php\/wp-json\/wp\/v2\/media?parent=1527"}],"wp:term":[{"taxonomy":"category","embeddable":true,"href":"https:\/\/osmeusapontamentos.com\/index.php\/wp-json\/wp\/v2\/categories?post=1527"},{"taxonomy":"post_tag","embeddable":true,"href":"https:\/\/osmeusapontamentos.com\/index.php\/wp-json\/wp\/v2\/tags?post=1527"}],"curies":[{"name":"wp","href":"https:\/\/api.w.org\/{rel}","templated":true}]}}