{"id":1525,"date":"2009-06-21T07:44:44","date_gmt":"2009-06-21T07:44:44","guid":{"rendered":"http:\/\/osmeusapontamentos.com\/?p=1525"},"modified":"2009-06-21T07:44:44","modified_gmt":"2009-06-21T07:44:44","slug":"ainda-sobre-o-perguntar-nao-ofende","status":"publish","type":"post","link":"https:\/\/osmeusapontamentos.com\/index.php\/2009\/06\/21\/ainda-sobre-o-perguntar-nao-ofende\/","title":{"rendered":"Ainda sobre o perguntar n\u00e3o ofende"},"content":{"rendered":"<p>Publicado originalmente na <a href=\"http:\/\/www.porto.taf.net\/\">Baixa do Porto<\/a> no seguimento do post <a href=\"http:\/\/www.porto.taf.net\/dp\/node\/5425\">Jos\u00e9 Machado de Castro &#8211; &#8220;Constru\u00e7\u00e3o do SeaLife viola PDM &#8211; carta \u00e0 CCDRN&#8221;<\/a><br \/>\nE que teve como resposta <a href=\"http:\/\/www.porto.taf.net\/dp\/node\/5432\">Jos\u00e9 Machado de Castro &#8211; &#8220;Para que serve uma Assembleia Municipal? &#8211; respondendo a V\u00edtor Silva&#8221;<\/a><\/p>\n<p>Aproveitando o facto de termos (pelo menos) um deputado municipal que acompanha &#8220;A Baixa do Porto&#8221; gostava de fazer 3 perguntas que naturalmente tamb\u00e9m podem ser respondidas por outros visitantes do blog:<\/p>\n<p>    * &#8211; como se consegue saber em que dias s\u00e3o as assembleias municipais (n\u00e3o encontro em nenhum sitio \u00f3bvio no site da C\u00e2mara);<br \/>\n    * &#8211; onde podemos encontrar uma lista das propostas que a\u00ed s\u00e3o apresentadas, quem votou a favor e contra;<br \/>\n    * &#8211; onde podemos encontrar uma lista dos pedidos de esclarecimento feitos, prazos aplic\u00e1veis e as suas respostas.<\/p>\n<p>Sei que temos no site da C\u00e2mara as actas (embora agora n\u00e3o consiga encontrar) mas acho que era importante ter uma forma mais simples de consultar os itens que indiquei em cima.<\/p>\n","protected":false},"excerpt":{"rendered":"<p>Publicado originalmente na Baixa do Porto no seguimento do post Jos\u00e9 Machado de Castro &#8211; &#8220;Constru\u00e7\u00e3o do SeaLife viola PDM &#8211; carta \u00e0 CCDRN&#8221; E que teve como resposta Jos\u00e9 Machado de Castro &#8211; &#8220;Para que serve uma Assembleia Municipal? &#8211; respondendo a V\u00edtor Silva&#8221; Aproveitando o facto de termos (pelo menos) um deputado municipal [&hellip;]<\/p>\n","protected":false},"author":1,"featured_media":0,"comment_status":"open","ping_status":"open","sticky":false,"template":"","format":"standard","meta":{"footnotes":""},"categories":[7],"tags":[75,134],"class_list":["post-1525","post","type-post","status-publish","format-standard","hentry","category-ler-ver-ouvir-passear","tag-autarquias","tag-cidadania"],"yoast_head":"<!-- This site is optimized with the Yoast SEO plugin v27.5 - https:\/\/yoast.com\/product\/yoast-seo-wordpress\/ -->\n<title>Ainda sobre o perguntar n\u00e3o ofende - Os Meus Apontamentos<\/title>\n<meta name=\"robots\" content=\"index, follow, max-snippet:-1, max-image-preview:large, max-video-preview:-1\" \/>\n<link rel=\"canonical\" href=\"https:\/\/osmeusapontamentos.com\/index.php\/2009\/06\/21\/ainda-sobre-o-perguntar-nao-ofende\/\" \/>\n<meta property=\"og:locale\" content=\"pt_PT\" \/>\n<meta property=\"og:type\" content=\"article\" \/>\n<meta property=\"og:title\" content=\"Ainda sobre o perguntar n\u00e3o ofende - Os Meus Apontamentos\" \/>\n<meta property=\"og:description\" content=\"Publicado originalmente na Baixa do Porto no seguimento do post Jos\u00e9 Machado de Castro &#8211; &#8220;Constru\u00e7\u00e3o do SeaLife viola PDM &#8211; carta \u00e0 CCDRN&#8221; E que teve como resposta Jos\u00e9 Machado de Castro &#8211; &#8220;Para que serve uma Assembleia Municipal? &#8211; respondendo a V\u00edtor Silva&#8221; Aproveitando o facto de termos (pelo menos) um deputado municipal [&hellip;]\" \/>\n<meta property=\"og:url\" content=\"https:\/\/osmeusapontamentos.com\/index.php\/2009\/06\/21\/ainda-sobre-o-perguntar-nao-ofende\/\" \/>\n<meta property=\"og:site_name\" content=\"Os Meus Apontamentos\" \/>\n<meta property=\"article:published_time\" content=\"2009-06-21T07:44:44+00:00\" \/>\n<meta name=\"author\" content=\"Vitor Silva\" \/>\n<meta name=\"twitter:card\" content=\"summary_large_image\" \/>\n<meta name=\"twitter:creator\" content=\"@vitorsilva\" \/>\n<meta name=\"twitter:site\" content=\"@vitorsilva\" \/>\n<meta name=\"twitter:label1\" content=\"Escrito por\" \/>\n\t<meta name=\"twitter:data1\" content=\"Vitor Silva\" \/>\n\t<meta name=\"twitter:label2\" content=\"Tempo estimado de leitura\" \/>\n\t<meta name=\"twitter:data2\" content=\"1 minuto\" \/>\n<script type=\"application\/ld+json\" class=\"yoast-schema-graph\">{\"@context\":\"https:\\\/\\\/schema.org\",\"@graph\":[{\"@type\":\"Article\",\"@id\":\"https:\\\/\\\/osmeusapontamentos.com\\\/index.php\\\/2009\\\/06\\\/21\\\/ainda-sobre-o-perguntar-nao-ofende\\\/#article\",\"isPartOf\":{\"@id\":\"https:\\\/\\\/osmeusapontamentos.com\\\/index.php\\\/2009\\\/06\\\/21\\\/ainda-sobre-o-perguntar-nao-ofende\\\/\"},\"author\":{\"name\":\"Vitor Silva\",\"@id\":\"https:\\\/\\\/osmeusapontamentos.com\\\/#\\\/schema\\\/person\\\/d508df9c3ffc8b4e64a18dbf0ba18dd8\"},\"headline\":\"Ainda sobre o perguntar n\u00e3o ofende\",\"datePublished\":\"2009-06-21T07:44:44+00:00\",\"mainEntityOfPage\":{\"@id\":\"https:\\\/\\\/osmeusapontamentos.com\\\/index.php\\\/2009\\\/06\\\/21\\\/ainda-sobre-o-perguntar-nao-ofende\\\/\"},\"wordCount\":181,\"commentCount\":0,\"publisher\":{\"@id\":\"https:\\\/\\\/osmeusapontamentos.com\\\/#\\\/schema\\\/person\\\/d508df9c3ffc8b4e64a18dbf0ba18dd8\"},\"keywords\":[\"autarquias\",\"cidadania\"],\"articleSection\":[\"Ler\\\/ Ver\\\/ Ouvir\\\/ Passear\"],\"inLanguage\":\"pt-PT\",\"potentialAction\":[{\"@type\":\"CommentAction\",\"name\":\"Comment\",\"target\":[\"https:\\\/\\\/osmeusapontamentos.com\\\/index.php\\\/2009\\\/06\\\/21\\\/ainda-sobre-o-perguntar-nao-ofende\\\/#respond\"]}]},{\"@type\":\"WebPage\",\"@id\":\"https:\\\/\\\/osmeusapontamentos.com\\\/index.php\\\/2009\\\/06\\\/21\\\/ainda-sobre-o-perguntar-nao-ofende\\\/\",\"url\":\"https:\\\/\\\/osmeusapontamentos.com\\\/index.php\\\/2009\\\/06\\\/21\\\/ainda-sobre-o-perguntar-nao-ofende\\\/\",\"name\":\"Ainda sobre o perguntar n\u00e3o ofende - Os Meus Apontamentos\",\"isPartOf\":{\"@id\":\"https:\\\/\\\/osmeusapontamentos.com\\\/#website\"},\"datePublished\":\"2009-06-21T07:44:44+00:00\",\"breadcrumb\":{\"@id\":\"https:\\\/\\\/osmeusapontamentos.com\\\/index.php\\\/2009\\\/06\\\/21\\\/ainda-sobre-o-perguntar-nao-ofende\\\/#breadcrumb\"},\"inLanguage\":\"pt-PT\",\"potentialAction\":[{\"@type\":\"ReadAction\",\"target\":[\"https:\\\/\\\/osmeusapontamentos.com\\\/index.php\\\/2009\\\/06\\\/21\\\/ainda-sobre-o-perguntar-nao-ofende\\\/\"]}]},{\"@type\":\"BreadcrumbList\",\"@id\":\"https:\\\/\\\/osmeusapontamentos.com\\\/index.php\\\/2009\\\/06\\\/21\\\/ainda-sobre-o-perguntar-nao-ofende\\\/#breadcrumb\",\"itemListElement\":[{\"@type\":\"ListItem\",\"position\":1,\"name\":\"In\u00edcio\",\"item\":\"https:\\\/\\\/osmeusapontamentos.com\\\/\"},{\"@type\":\"ListItem\",\"position\":2,\"name\":\"Ainda sobre o perguntar n\u00e3o ofende\"}]},{\"@type\":\"WebSite\",\"@id\":\"https:\\\/\\\/osmeusapontamentos.com\\\/#website\",\"url\":\"https:\\\/\\\/osmeusapontamentos.com\\\/\",\"name\":\"Os Meus Apontamentos\",\"description\":\"\",\"publisher\":{\"@id\":\"https:\\\/\\\/osmeusapontamentos.com\\\/#\\\/schema\\\/person\\\/d508df9c3ffc8b4e64a18dbf0ba18dd8\"},\"potentialAction\":[{\"@type\":\"SearchAction\",\"target\":{\"@type\":\"EntryPoint\",\"urlTemplate\":\"https:\\\/\\\/osmeusapontamentos.com\\\/?s={search_term_string}\"},\"query-input\":{\"@type\":\"PropertyValueSpecification\",\"valueRequired\":true,\"valueName\":\"search_term_string\"}}],\"inLanguage\":\"pt-PT\"},{\"@type\":[\"Person\",\"Organization\"],\"@id\":\"https:\\\/\\\/osmeusapontamentos.com\\\/#\\\/schema\\\/person\\\/d508df9c3ffc8b4e64a18dbf0ba18dd8\",\"name\":\"Vitor Silva\",\"image\":{\"@type\":\"ImageObject\",\"inLanguage\":\"pt-PT\",\"@id\":\"https:\\\/\\\/secure.gravatar.com\\\/avatar\\\/f81f58ad909e8a213ab0a690f6ed65e5c0e0e2274bf35ac49ff31d7988d483ce?s=96&d=mm&r=g\",\"url\":\"https:\\\/\\\/secure.gravatar.com\\\/avatar\\\/f81f58ad909e8a213ab0a690f6ed65e5c0e0e2274bf35ac49ff31d7988d483ce?s=96&d=mm&r=g\",\"contentUrl\":\"https:\\\/\\\/secure.gravatar.com\\\/avatar\\\/f81f58ad909e8a213ab0a690f6ed65e5c0e0e2274bf35ac49ff31d7988d483ce?s=96&d=mm&r=g\",\"caption\":\"Vitor Silva\"},\"logo\":{\"@id\":\"https:\\\/\\\/secure.gravatar.com\\\/avatar\\\/f81f58ad909e8a213ab0a690f6ed65e5c0e0e2274bf35ac49ff31d7988d483ce?s=96&d=mm&r=g\"},\"sameAs\":[\"https:\\\/\\\/www.linkedin.com\\\/in\\\/vitormrsilva\",\"https:\\\/\\\/x.com\\\/vitorsilva\"]}]}<\/script>\n<!-- \/ Yoast SEO plugin. -->","yoast_head_json":{"title":"Ainda sobre o perguntar n\u00e3o ofende - Os Meus Apontamentos","robots":{"index":"index","follow":"follow","max-snippet":"max-snippet:-1","max-image-preview":"max-image-preview:large","max-video-preview":"max-video-preview:-1"},"canonical":"https:\/\/osmeusapontamentos.com\/index.php\/2009\/06\/21\/ainda-sobre-o-perguntar-nao-ofende\/","og_locale":"pt_PT","og_type":"article","og_title":"Ainda sobre o perguntar n\u00e3o ofende - Os Meus Apontamentos","og_description":"Publicado originalmente na Baixa do Porto no seguimento do post Jos\u00e9 Machado de Castro &#8211; &#8220;Constru\u00e7\u00e3o do SeaLife viola PDM &#8211; carta \u00e0 CCDRN&#8221; E que teve como resposta Jos\u00e9 Machado de Castro &#8211; &#8220;Para que serve uma Assembleia Municipal? &#8211; respondendo a V\u00edtor Silva&#8221; Aproveitando o facto de termos (pelo menos) um deputado municipal [&hellip;]","og_url":"https:\/\/osmeusapontamentos.com\/index.php\/2009\/06\/21\/ainda-sobre-o-perguntar-nao-ofende\/","og_site_name":"Os Meus Apontamentos","article_published_time":"2009-06-21T07:44:44+00:00","author":"Vitor Silva","twitter_card":"summary_large_image","twitter_creator":"@vitorsilva","twitter_site":"@vitorsilva","twitter_misc":{"Escrito por":"Vitor Silva","Tempo estimado de leitura":"1 minuto"},"schema":{"@context":"https:\/\/schema.org","@graph":[{"@type":"Article","@id":"https:\/\/osmeusapontamentos.com\/index.php\/2009\/06\/21\/ainda-sobre-o-perguntar-nao-ofende\/#article","isPartOf":{"@id":"https:\/\/osmeusapontamentos.com\/index.php\/2009\/06\/21\/ainda-sobre-o-perguntar-nao-ofende\/"},"author":{"name":"Vitor Silva","@id":"https:\/\/osmeusapontamentos.com\/#\/schema\/person\/d508df9c3ffc8b4e64a18dbf0ba18dd8"},"headline":"Ainda sobre o perguntar n\u00e3o ofende","datePublished":"2009-06-21T07:44:44+00:00","mainEntityOfPage":{"@id":"https:\/\/osmeusapontamentos.com\/index.php\/2009\/06\/21\/ainda-sobre-o-perguntar-nao-ofende\/"},"wordCount":181,"commentCount":0,"publisher":{"@id":"https:\/\/osmeusapontamentos.com\/#\/schema\/person\/d508df9c3ffc8b4e64a18dbf0ba18dd8"},"keywords":["autarquias","cidadania"],"articleSection":["Ler\/ Ver\/ Ouvir\/ Passear"],"inLanguage":"pt-PT","potentialAction":[{"@type":"CommentAction","name":"Comment","target":["https:\/\/osmeusapontamentos.com\/index.php\/2009\/06\/21\/ainda-sobre-o-perguntar-nao-ofende\/#respond"]}]},{"@type":"WebPage","@id":"https:\/\/osmeusapontamentos.com\/index.php\/2009\/06\/21\/ainda-sobre-o-perguntar-nao-ofende\/","url":"https:\/\/osmeusapontamentos.com\/index.php\/2009\/06\/21\/ainda-sobre-o-perguntar-nao-ofende\/","name":"Ainda sobre o perguntar n\u00e3o ofende - Os Meus Apontamentos","isPartOf":{"@id":"https:\/\/osmeusapontamentos.com\/#website"},"datePublished":"2009-06-21T07:44:44+00:00","breadcrumb":{"@id":"https:\/\/osmeusapontamentos.com\/index.php\/2009\/06\/21\/ainda-sobre-o-perguntar-nao-ofende\/#breadcrumb"},"inLanguage":"pt-PT","potentialAction":[{"@type":"ReadAction","target":["https:\/\/osmeusapontamentos.com\/index.php\/2009\/06\/21\/ainda-sobre-o-perguntar-nao-ofende\/"]}]},{"@type":"BreadcrumbList","@id":"https:\/\/osmeusapontamentos.com\/index.php\/2009\/06\/21\/ainda-sobre-o-perguntar-nao-ofende\/#breadcrumb","itemListElement":[{"@type":"ListItem","position":1,"name":"In\u00edcio","item":"https:\/\/osmeusapontamentos.com\/"},{"@type":"ListItem","position":2,"name":"Ainda sobre o perguntar n\u00e3o ofende"}]},{"@type":"WebSite","@id":"https:\/\/osmeusapontamentos.com\/#website","url":"https:\/\/osmeusapontamentos.com\/","name":"Os Meus Apontamentos","description":"","publisher":{"@id":"https:\/\/osmeusapontamentos.com\/#\/schema\/person\/d508df9c3ffc8b4e64a18dbf0ba18dd8"},"potentialAction":[{"@type":"SearchAction","target":{"@type":"EntryPoint","urlTemplate":"https:\/\/osmeusapontamentos.com\/?s={search_term_string}"},"query-input":{"@type":"PropertyValueSpecification","valueRequired":true,"valueName":"search_term_string"}}],"inLanguage":"pt-PT"},{"@type":["Person","Organization"],"@id":"https:\/\/osmeusapontamentos.com\/#\/schema\/person\/d508df9c3ffc8b4e64a18dbf0ba18dd8","name":"Vitor Silva","image":{"@type":"ImageObject","inLanguage":"pt-PT","@id":"https:\/\/secure.gravatar.com\/avatar\/f81f58ad909e8a213ab0a690f6ed65e5c0e0e2274bf35ac49ff31d7988d483ce?s=96&d=mm&r=g","url":"https:\/\/secure.gravatar.com\/avatar\/f81f58ad909e8a213ab0a690f6ed65e5c0e0e2274bf35ac49ff31d7988d483ce?s=96&d=mm&r=g","contentUrl":"https:\/\/secure.gravatar.com\/avatar\/f81f58ad909e8a213ab0a690f6ed65e5c0e0e2274bf35ac49ff31d7988d483ce?s=96&d=mm&r=g","caption":"Vitor Silva"},"logo":{"@id":"https:\/\/secure.gravatar.com\/avatar\/f81f58ad909e8a213ab0a690f6ed65e5c0e0e2274bf35ac49ff31d7988d483ce?s=96&d=mm&r=g"},"sameAs":["https:\/\/www.linkedin.com\/in\/vitormrsilva","https:\/\/x.com\/vitorsilva"]}]}},"_links":{"self":[{"href":"https:\/\/osmeusapontamentos.com\/index.php\/wp-json\/wp\/v2\/posts\/1525","targetHints":{"allow":["GET"]}}],"collection":[{"href":"https:\/\/osmeusapontamentos.com\/index.php\/wp-json\/wp\/v2\/posts"}],"about":[{"href":"https:\/\/osmeusapontamentos.com\/index.php\/wp-json\/wp\/v2\/types\/post"}],"author":[{"embeddable":true,"href":"https:\/\/osmeusapontamentos.com\/index.php\/wp-json\/wp\/v2\/users\/1"}],"replies":[{"embeddable":true,"href":"https:\/\/osmeusapontamentos.com\/index.php\/wp-json\/wp\/v2\/comments?post=1525"}],"version-history":[{"count":0,"href":"https:\/\/osmeusapontamentos.com\/index.php\/wp-json\/wp\/v2\/posts\/1525\/revisions"}],"wp:attachment":[{"href":"https:\/\/osmeusapontamentos.com\/index.php\/wp-json\/wp\/v2\/media?parent=1525"}],"wp:term":[{"taxonomy":"category","embeddable":true,"href":"https:\/\/osmeusapontamentos.com\/index.php\/wp-json\/wp\/v2\/categories?post=1525"},{"taxonomy":"post_tag","embeddable":true,"href":"https:\/\/osmeusapontamentos.com\/index.php\/wp-json\/wp\/v2\/tags?post=1525"}],"curies":[{"name":"wp","href":"https:\/\/api.w.org\/{rel}","templated":true}]}}