{"id":1523,"date":"2009-06-24T07:40:01","date_gmt":"2009-06-24T07:40:01","guid":{"rendered":"http:\/\/osmeusapontamentos.com\/?p=1523"},"modified":"2009-06-24T07:40:01","modified_gmt":"2009-06-24T07:40:01","slug":"obras-na-escola-filipa-de-vilhena","status":"publish","type":"post","link":"https:\/\/osmeusapontamentos.com\/index.php\/2009\/06\/24\/obras-na-escola-filipa-de-vilhena\/","title":{"rendered":"Obras na escola Filipa de Vilhena"},"content":{"rendered":"<p>A prop\u00f3sito das <a href=\"http:\/\/www.porto.taf.net\/dp\/node\/5427\">obras anunciadas para a escola Filipa de Vilhena<\/a><\/p>\n<p>Mais do que a comunica\u00e7\u00e3o (das estrat\u00e9gias) que o <a href=\"http:\/\/www.porto.taf.net\/dp\/node\/5441\">Pedro Bragan\u00e7a<\/a> fala, e que tamb\u00e9m considero importante, acho que a principal quest\u00e3o \u00e9 mesmo na operacionaliza\u00e7\u00e3o dessas vis\u00f5es.<br \/>\nQuem \u00e9 que discorda de grandes vis\u00f5es estrat\u00e9gicas? Quase ningu\u00e9m j\u00e1 que elas s\u00e3o normalmente constru\u00eddas e apresentadas de forma t\u00e3o gen\u00e9rica que n\u00e3o \u00e9 possivel apresentar objec\u00e7\u00f5es concretas.<\/p>\n<p>Eu tamb\u00e9m andei numa escola (5 anos na escola Oliveira Martins) que tinha um recreio em alcatr\u00e3o (inicialmente todo desfeito, depois j\u00e1 recuperado), que tinha tamb\u00e9m meia-duzia de \u00e1rvores, e que tinha uns sitios onde imagino que em determinado tempo tivesse existido relva.<br \/>\nPor isso a primeira rea\u00e7\u00e3o quando me dizem que v\u00e3o renovar uma escola \u00e9 mesmo de grande satisfa\u00e7\u00e3o&#8230; para educa\u00e7\u00e3o do sec. xxi com quadros interactivos e utiliza\u00e7\u00e3o efectiva de recursos inform\u00e1ticos (de que o magalh\u00e3es at\u00e9 pode vir a ser um bom exemplo) certamente que precisamos de edificios do sec.xxi e n\u00e3o dos anos 50.<\/p>\n<p>No entanto, onde o Pedro Bragan\u00e7a diz, &#8220;duvido que um arquitecto experiente e com tanto trabalho n\u00e3o tenha consci\u00eancia dos requisitos energ\u00e9ticos&#8221; eu retiro a conclus\u00e3o inversa.<br \/>\nA partir da  minha vis\u00e3o assumidamente incompleta e parcial baseada somente na ideia geral de que a qualidade de constru\u00e7\u00e3o dos nossos edificios \u00e9 muito baixa n\u00e3o vejo garantia nenhuma de que os requisito energ\u00e9ticos sejam considerados j\u00e1 que n\u00e3o reconhe\u00e7o (por ignor\u00e2ncia certamente) grande compet\u00eancia ao nivel da eficiencia energ\u00e9tica nos diferentes actores envolvidos em todo o processo de constru\u00e7\u00e3o de infraestruturas (e aqui incluo desde oper\u00e1rios da constru\u00e7\u00e3o civil at\u00e9 engenheiros e arquitectos).<\/p>\n<p>Diz-nos <a href=\"http:\/\/www.porto.taf.net\/dp\/node\/5436\">Paula Aires Pereira<\/a> (Presidente do Conselho Executivo) , que o projecto pode ser consultado na escola.<br \/>\n\u00c9 bom saber isso, mas \u00e9 ainda pass\u00edvel de altera\u00e7\u00f5es, ainda est\u00e1 numa fase de recolha de contributos da comunidade envolvente (pelo menos), ou \u00e9 uma apresenta\u00e7\u00e3o para nos comunicar o que vai ser feito?<\/p>\n","protected":false},"excerpt":{"rendered":"<p>A prop\u00f3sito das obras anunciadas para a escola Filipa de Vilhena Mais do que a comunica\u00e7\u00e3o (das estrat\u00e9gias) que o Pedro Bragan\u00e7a fala, e que tamb\u00e9m considero importante, acho que a principal quest\u00e3o \u00e9 mesmo na operacionaliza\u00e7\u00e3o dessas vis\u00f5es. Quem \u00e9 que discorda de grandes vis\u00f5es estrat\u00e9gicas? Quase ningu\u00e9m j\u00e1 que elas s\u00e3o normalmente constru\u00eddas [&hellip;]<\/p>\n","protected":false},"author":1,"featured_media":0,"comment_status":"open","ping_status":"open","sticky":false,"template":"","format":"standard","meta":{"footnotes":""},"categories":[7],"tags":[210,252],"class_list":["post-1523","post","type-post","status-publish","format-standard","hentry","category-ler-ver-ouvir-passear","tag-educacao","tag-filipa-de-vilhena"],"yoast_head":"<!-- This site is optimized with the Yoast SEO plugin v27.5 - https:\/\/yoast.com\/product\/yoast-seo-wordpress\/ -->\n<title>Obras na escola Filipa de Vilhena - Os Meus Apontamentos<\/title>\n<meta name=\"robots\" content=\"index, follow, max-snippet:-1, max-image-preview:large, max-video-preview:-1\" \/>\n<link rel=\"canonical\" href=\"https:\/\/osmeusapontamentos.com\/index.php\/2009\/06\/24\/obras-na-escola-filipa-de-vilhena\/\" \/>\n<meta property=\"og:locale\" content=\"pt_PT\" \/>\n<meta property=\"og:type\" content=\"article\" \/>\n<meta property=\"og:title\" content=\"Obras na escola Filipa de Vilhena - Os Meus Apontamentos\" \/>\n<meta property=\"og:description\" content=\"A prop\u00f3sito das obras anunciadas para a escola Filipa de Vilhena Mais do que a comunica\u00e7\u00e3o (das estrat\u00e9gias) que o Pedro Bragan\u00e7a fala, e que tamb\u00e9m considero importante, acho que a principal quest\u00e3o \u00e9 mesmo na operacionaliza\u00e7\u00e3o dessas vis\u00f5es. Quem \u00e9 que discorda de grandes vis\u00f5es estrat\u00e9gicas? Quase ningu\u00e9m j\u00e1 que elas s\u00e3o normalmente constru\u00eddas [&hellip;]\" \/>\n<meta property=\"og:url\" content=\"https:\/\/osmeusapontamentos.com\/index.php\/2009\/06\/24\/obras-na-escola-filipa-de-vilhena\/\" \/>\n<meta property=\"og:site_name\" content=\"Os Meus Apontamentos\" \/>\n<meta property=\"article:published_time\" content=\"2009-06-24T07:40:01+00:00\" \/>\n<meta name=\"author\" content=\"Vitor Silva\" \/>\n<meta name=\"twitter:card\" content=\"summary_large_image\" \/>\n<meta name=\"twitter:creator\" content=\"@vitorsilva\" \/>\n<meta name=\"twitter:site\" content=\"@vitorsilva\" \/>\n<meta name=\"twitter:label1\" content=\"Escrito por\" \/>\n\t<meta name=\"twitter:data1\" content=\"Vitor Silva\" \/>\n\t<meta name=\"twitter:label2\" content=\"Tempo estimado de leitura\" \/>\n\t<meta name=\"twitter:data2\" content=\"2 minutos\" \/>\n<script type=\"application\/ld+json\" class=\"yoast-schema-graph\">{\"@context\":\"https:\\\/\\\/schema.org\",\"@graph\":[{\"@type\":\"Article\",\"@id\":\"https:\\\/\\\/osmeusapontamentos.com\\\/index.php\\\/2009\\\/06\\\/24\\\/obras-na-escola-filipa-de-vilhena\\\/#article\",\"isPartOf\":{\"@id\":\"https:\\\/\\\/osmeusapontamentos.com\\\/index.php\\\/2009\\\/06\\\/24\\\/obras-na-escola-filipa-de-vilhena\\\/\"},\"author\":{\"name\":\"Vitor Silva\",\"@id\":\"https:\\\/\\\/osmeusapontamentos.com\\\/#\\\/schema\\\/person\\\/d508df9c3ffc8b4e64a18dbf0ba18dd8\"},\"headline\":\"Obras na escola Filipa de Vilhena\",\"datePublished\":\"2009-06-24T07:40:01+00:00\",\"mainEntityOfPage\":{\"@id\":\"https:\\\/\\\/osmeusapontamentos.com\\\/index.php\\\/2009\\\/06\\\/24\\\/obras-na-escola-filipa-de-vilhena\\\/\"},\"wordCount\":365,\"commentCount\":0,\"publisher\":{\"@id\":\"https:\\\/\\\/osmeusapontamentos.com\\\/#\\\/schema\\\/person\\\/d508df9c3ffc8b4e64a18dbf0ba18dd8\"},\"keywords\":[\"educa\u00e7\u00e3o\",\"Filipa de Vilhena\"],\"articleSection\":[\"Ler\\\/ Ver\\\/ Ouvir\\\/ Passear\"],\"inLanguage\":\"pt-PT\",\"potentialAction\":[{\"@type\":\"CommentAction\",\"name\":\"Comment\",\"target\":[\"https:\\\/\\\/osmeusapontamentos.com\\\/index.php\\\/2009\\\/06\\\/24\\\/obras-na-escola-filipa-de-vilhena\\\/#respond\"]}]},{\"@type\":\"WebPage\",\"@id\":\"https:\\\/\\\/osmeusapontamentos.com\\\/index.php\\\/2009\\\/06\\\/24\\\/obras-na-escola-filipa-de-vilhena\\\/\",\"url\":\"https:\\\/\\\/osmeusapontamentos.com\\\/index.php\\\/2009\\\/06\\\/24\\\/obras-na-escola-filipa-de-vilhena\\\/\",\"name\":\"Obras na escola Filipa de Vilhena - Os Meus Apontamentos\",\"isPartOf\":{\"@id\":\"https:\\\/\\\/osmeusapontamentos.com\\\/#website\"},\"datePublished\":\"2009-06-24T07:40:01+00:00\",\"breadcrumb\":{\"@id\":\"https:\\\/\\\/osmeusapontamentos.com\\\/index.php\\\/2009\\\/06\\\/24\\\/obras-na-escola-filipa-de-vilhena\\\/#breadcrumb\"},\"inLanguage\":\"pt-PT\",\"potentialAction\":[{\"@type\":\"ReadAction\",\"target\":[\"https:\\\/\\\/osmeusapontamentos.com\\\/index.php\\\/2009\\\/06\\\/24\\\/obras-na-escola-filipa-de-vilhena\\\/\"]}]},{\"@type\":\"BreadcrumbList\",\"@id\":\"https:\\\/\\\/osmeusapontamentos.com\\\/index.php\\\/2009\\\/06\\\/24\\\/obras-na-escola-filipa-de-vilhena\\\/#breadcrumb\",\"itemListElement\":[{\"@type\":\"ListItem\",\"position\":1,\"name\":\"In\u00edcio\",\"item\":\"https:\\\/\\\/osmeusapontamentos.com\\\/\"},{\"@type\":\"ListItem\",\"position\":2,\"name\":\"Obras na escola Filipa de Vilhena\"}]},{\"@type\":\"WebSite\",\"@id\":\"https:\\\/\\\/osmeusapontamentos.com\\\/#website\",\"url\":\"https:\\\/\\\/osmeusapontamentos.com\\\/\",\"name\":\"Os Meus Apontamentos\",\"description\":\"\",\"publisher\":{\"@id\":\"https:\\\/\\\/osmeusapontamentos.com\\\/#\\\/schema\\\/person\\\/d508df9c3ffc8b4e64a18dbf0ba18dd8\"},\"potentialAction\":[{\"@type\":\"SearchAction\",\"target\":{\"@type\":\"EntryPoint\",\"urlTemplate\":\"https:\\\/\\\/osmeusapontamentos.com\\\/?s={search_term_string}\"},\"query-input\":{\"@type\":\"PropertyValueSpecification\",\"valueRequired\":true,\"valueName\":\"search_term_string\"}}],\"inLanguage\":\"pt-PT\"},{\"@type\":[\"Person\",\"Organization\"],\"@id\":\"https:\\\/\\\/osmeusapontamentos.com\\\/#\\\/schema\\\/person\\\/d508df9c3ffc8b4e64a18dbf0ba18dd8\",\"name\":\"Vitor Silva\",\"image\":{\"@type\":\"ImageObject\",\"inLanguage\":\"pt-PT\",\"@id\":\"https:\\\/\\\/secure.gravatar.com\\\/avatar\\\/f81f58ad909e8a213ab0a690f6ed65e5c0e0e2274bf35ac49ff31d7988d483ce?s=96&d=mm&r=g\",\"url\":\"https:\\\/\\\/secure.gravatar.com\\\/avatar\\\/f81f58ad909e8a213ab0a690f6ed65e5c0e0e2274bf35ac49ff31d7988d483ce?s=96&d=mm&r=g\",\"contentUrl\":\"https:\\\/\\\/secure.gravatar.com\\\/avatar\\\/f81f58ad909e8a213ab0a690f6ed65e5c0e0e2274bf35ac49ff31d7988d483ce?s=96&d=mm&r=g\",\"caption\":\"Vitor Silva\"},\"logo\":{\"@id\":\"https:\\\/\\\/secure.gravatar.com\\\/avatar\\\/f81f58ad909e8a213ab0a690f6ed65e5c0e0e2274bf35ac49ff31d7988d483ce?s=96&d=mm&r=g\"},\"sameAs\":[\"https:\\\/\\\/www.linkedin.com\\\/in\\\/vitormrsilva\",\"https:\\\/\\\/x.com\\\/vitorsilva\"]}]}<\/script>\n<!-- \/ Yoast SEO plugin. -->","yoast_head_json":{"title":"Obras na escola Filipa de Vilhena - Os Meus Apontamentos","robots":{"index":"index","follow":"follow","max-snippet":"max-snippet:-1","max-image-preview":"max-image-preview:large","max-video-preview":"max-video-preview:-1"},"canonical":"https:\/\/osmeusapontamentos.com\/index.php\/2009\/06\/24\/obras-na-escola-filipa-de-vilhena\/","og_locale":"pt_PT","og_type":"article","og_title":"Obras na escola Filipa de Vilhena - Os Meus Apontamentos","og_description":"A prop\u00f3sito das obras anunciadas para a escola Filipa de Vilhena Mais do que a comunica\u00e7\u00e3o (das estrat\u00e9gias) que o Pedro Bragan\u00e7a fala, e que tamb\u00e9m considero importante, acho que a principal quest\u00e3o \u00e9 mesmo na operacionaliza\u00e7\u00e3o dessas vis\u00f5es. Quem \u00e9 que discorda de grandes vis\u00f5es estrat\u00e9gicas? Quase ningu\u00e9m j\u00e1 que elas s\u00e3o normalmente constru\u00eddas [&hellip;]","og_url":"https:\/\/osmeusapontamentos.com\/index.php\/2009\/06\/24\/obras-na-escola-filipa-de-vilhena\/","og_site_name":"Os Meus Apontamentos","article_published_time":"2009-06-24T07:40:01+00:00","author":"Vitor Silva","twitter_card":"summary_large_image","twitter_creator":"@vitorsilva","twitter_site":"@vitorsilva","twitter_misc":{"Escrito por":"Vitor Silva","Tempo estimado de leitura":"2 minutos"},"schema":{"@context":"https:\/\/schema.org","@graph":[{"@type":"Article","@id":"https:\/\/osmeusapontamentos.com\/index.php\/2009\/06\/24\/obras-na-escola-filipa-de-vilhena\/#article","isPartOf":{"@id":"https:\/\/osmeusapontamentos.com\/index.php\/2009\/06\/24\/obras-na-escola-filipa-de-vilhena\/"},"author":{"name":"Vitor Silva","@id":"https:\/\/osmeusapontamentos.com\/#\/schema\/person\/d508df9c3ffc8b4e64a18dbf0ba18dd8"},"headline":"Obras na escola Filipa de Vilhena","datePublished":"2009-06-24T07:40:01+00:00","mainEntityOfPage":{"@id":"https:\/\/osmeusapontamentos.com\/index.php\/2009\/06\/24\/obras-na-escola-filipa-de-vilhena\/"},"wordCount":365,"commentCount":0,"publisher":{"@id":"https:\/\/osmeusapontamentos.com\/#\/schema\/person\/d508df9c3ffc8b4e64a18dbf0ba18dd8"},"keywords":["educa\u00e7\u00e3o","Filipa de Vilhena"],"articleSection":["Ler\/ Ver\/ Ouvir\/ Passear"],"inLanguage":"pt-PT","potentialAction":[{"@type":"CommentAction","name":"Comment","target":["https:\/\/osmeusapontamentos.com\/index.php\/2009\/06\/24\/obras-na-escola-filipa-de-vilhena\/#respond"]}]},{"@type":"WebPage","@id":"https:\/\/osmeusapontamentos.com\/index.php\/2009\/06\/24\/obras-na-escola-filipa-de-vilhena\/","url":"https:\/\/osmeusapontamentos.com\/index.php\/2009\/06\/24\/obras-na-escola-filipa-de-vilhena\/","name":"Obras na escola Filipa de Vilhena - Os Meus Apontamentos","isPartOf":{"@id":"https:\/\/osmeusapontamentos.com\/#website"},"datePublished":"2009-06-24T07:40:01+00:00","breadcrumb":{"@id":"https:\/\/osmeusapontamentos.com\/index.php\/2009\/06\/24\/obras-na-escola-filipa-de-vilhena\/#breadcrumb"},"inLanguage":"pt-PT","potentialAction":[{"@type":"ReadAction","target":["https:\/\/osmeusapontamentos.com\/index.php\/2009\/06\/24\/obras-na-escola-filipa-de-vilhena\/"]}]},{"@type":"BreadcrumbList","@id":"https:\/\/osmeusapontamentos.com\/index.php\/2009\/06\/24\/obras-na-escola-filipa-de-vilhena\/#breadcrumb","itemListElement":[{"@type":"ListItem","position":1,"name":"In\u00edcio","item":"https:\/\/osmeusapontamentos.com\/"},{"@type":"ListItem","position":2,"name":"Obras na escola Filipa de Vilhena"}]},{"@type":"WebSite","@id":"https:\/\/osmeusapontamentos.com\/#website","url":"https:\/\/osmeusapontamentos.com\/","name":"Os Meus Apontamentos","description":"","publisher":{"@id":"https:\/\/osmeusapontamentos.com\/#\/schema\/person\/d508df9c3ffc8b4e64a18dbf0ba18dd8"},"potentialAction":[{"@type":"SearchAction","target":{"@type":"EntryPoint","urlTemplate":"https:\/\/osmeusapontamentos.com\/?s={search_term_string}"},"query-input":{"@type":"PropertyValueSpecification","valueRequired":true,"valueName":"search_term_string"}}],"inLanguage":"pt-PT"},{"@type":["Person","Organization"],"@id":"https:\/\/osmeusapontamentos.com\/#\/schema\/person\/d508df9c3ffc8b4e64a18dbf0ba18dd8","name":"Vitor Silva","image":{"@type":"ImageObject","inLanguage":"pt-PT","@id":"https:\/\/secure.gravatar.com\/avatar\/f81f58ad909e8a213ab0a690f6ed65e5c0e0e2274bf35ac49ff31d7988d483ce?s=96&d=mm&r=g","url":"https:\/\/secure.gravatar.com\/avatar\/f81f58ad909e8a213ab0a690f6ed65e5c0e0e2274bf35ac49ff31d7988d483ce?s=96&d=mm&r=g","contentUrl":"https:\/\/secure.gravatar.com\/avatar\/f81f58ad909e8a213ab0a690f6ed65e5c0e0e2274bf35ac49ff31d7988d483ce?s=96&d=mm&r=g","caption":"Vitor Silva"},"logo":{"@id":"https:\/\/secure.gravatar.com\/avatar\/f81f58ad909e8a213ab0a690f6ed65e5c0e0e2274bf35ac49ff31d7988d483ce?s=96&d=mm&r=g"},"sameAs":["https:\/\/www.linkedin.com\/in\/vitormrsilva","https:\/\/x.com\/vitorsilva"]}]}},"_links":{"self":[{"href":"https:\/\/osmeusapontamentos.com\/index.php\/wp-json\/wp\/v2\/posts\/1523","targetHints":{"allow":["GET"]}}],"collection":[{"href":"https:\/\/osmeusapontamentos.com\/index.php\/wp-json\/wp\/v2\/posts"}],"about":[{"href":"https:\/\/osmeusapontamentos.com\/index.php\/wp-json\/wp\/v2\/types\/post"}],"author":[{"embeddable":true,"href":"https:\/\/osmeusapontamentos.com\/index.php\/wp-json\/wp\/v2\/users\/1"}],"replies":[{"embeddable":true,"href":"https:\/\/osmeusapontamentos.com\/index.php\/wp-json\/wp\/v2\/comments?post=1523"}],"version-history":[{"count":0,"href":"https:\/\/osmeusapontamentos.com\/index.php\/wp-json\/wp\/v2\/posts\/1523\/revisions"}],"wp:attachment":[{"href":"https:\/\/osmeusapontamentos.com\/index.php\/wp-json\/wp\/v2\/media?parent=1523"}],"wp:term":[{"taxonomy":"category","embeddable":true,"href":"https:\/\/osmeusapontamentos.com\/index.php\/wp-json\/wp\/v2\/categories?post=1523"},{"taxonomy":"post_tag","embeddable":true,"href":"https:\/\/osmeusapontamentos.com\/index.php\/wp-json\/wp\/v2\/tags?post=1523"}],"curies":[{"name":"wp","href":"https:\/\/api.w.org\/{rel}","templated":true}]}}