{"id":1516,"date":"2009-06-21T21:27:06","date_gmt":"2009-06-21T21:27:06","guid":{"rendered":"http:\/\/osmeusapontamentos.com\/?p=1516"},"modified":"2009-06-21T21:27:06","modified_gmt":"2009-06-21T21:27:06","slug":"uma-primeira-vista-sobre-as-bases-do-programa-de-elisa-ferreira","status":"publish","type":"post","link":"https:\/\/osmeusapontamentos.com\/index.php\/2009\/06\/21\/uma-primeira-vista-sobre-as-bases-do-programa-de-elisa-ferreira\/","title":{"rendered":"Uma primeira vista sobre as bases do programa de Elisa Ferreira"},"content":{"rendered":"<p>A visualiza\u00e7\u00e3o das &#8220;<a href=\"http:\/\/www.portoparatodos.com\/portoemdialogo.aspx\">Bases para um programa de ac\u00e7\u00e3o<\/a>&#8221; da candidatura de Elisa Ferreira.<\/p>\n<p><a href=\"http:\/\/www.wordle.net\/gallery\/wrdl\/959657\/Programa_Base_Candidatura_Elisa_Ferreira_CMP\"><img decoding=\"async\" src=\"\/img\/base_elisa_ferreira.png\" alt=\"\" width=\"640\" \/><\/a><\/p>\n<p>Assim que o documento correspondente das outras candidaturas \u00e0 CM Porto estiver disponivel tentarei criar novas visualiza\u00e7\u00f5es.<\/p>\n","protected":false},"excerpt":{"rendered":"<p>A visualiza\u00e7\u00e3o das &#8220;Bases para um programa de ac\u00e7\u00e3o&#8221; da candidatura de Elisa Ferreira. Assim que o documento correspondente das outras candidaturas \u00e0 CM Porto estiver disponivel tentarei criar novas visualiza\u00e7\u00f5es.<\/p>\n","protected":false},"author":1,"featured_media":0,"comment_status":"open","ping_status":"open","sticky":false,"template":"","format":"standard","meta":{"footnotes":""},"categories":[7],"tags":[15,76,217,524],"class_list":["post-1516","post","type-post","status-publish","format-standard","hentry","category-ler-ver-ouvir-passear","tag-15","tag-autarquicas","tag-elisa-ferreira","tag-porto"],"yoast_head":"<!-- This site is optimized with the Yoast SEO plugin v27.5 - https:\/\/yoast.com\/product\/yoast-seo-wordpress\/ -->\n<title>Uma primeira vista sobre as bases do programa de Elisa Ferreira - Os Meus Apontamentos<\/title>\n<meta name=\"robots\" content=\"index, follow, max-snippet:-1, max-image-preview:large, max-video-preview:-1\" \/>\n<link rel=\"canonical\" href=\"https:\/\/osmeusapontamentos.com\/index.php\/2009\/06\/21\/uma-primeira-vista-sobre-as-bases-do-programa-de-elisa-ferreira\/\" \/>\n<meta property=\"og:locale\" content=\"pt_PT\" \/>\n<meta property=\"og:type\" content=\"article\" \/>\n<meta property=\"og:title\" content=\"Uma primeira vista sobre as bases do programa de Elisa Ferreira - Os Meus Apontamentos\" \/>\n<meta property=\"og:description\" content=\"A visualiza\u00e7\u00e3o das &#8220;Bases para um programa de ac\u00e7\u00e3o&#8221; da candidatura de Elisa Ferreira. Assim que o documento correspondente das outras candidaturas \u00e0 CM Porto estiver disponivel tentarei criar novas visualiza\u00e7\u00f5es.\" \/>\n<meta property=\"og:url\" content=\"https:\/\/osmeusapontamentos.com\/index.php\/2009\/06\/21\/uma-primeira-vista-sobre-as-bases-do-programa-de-elisa-ferreira\/\" \/>\n<meta property=\"og:site_name\" content=\"Os Meus Apontamentos\" \/>\n<meta property=\"article:published_time\" content=\"2009-06-21T21:27:06+00:00\" \/>\n<meta property=\"og:image\" content=\"https:\/\/osmeusapontamentos.com\/img\/base_elisa_ferreira.png\" \/>\n<meta name=\"author\" content=\"Vitor Silva\" \/>\n<meta name=\"twitter:card\" content=\"summary_large_image\" \/>\n<meta name=\"twitter:creator\" content=\"@vitorsilva\" \/>\n<meta name=\"twitter:site\" content=\"@vitorsilva\" \/>\n<meta name=\"twitter:label1\" content=\"Escrito por\" \/>\n\t<meta name=\"twitter:data1\" content=\"Vitor Silva\" \/>\n<script type=\"application\/ld+json\" class=\"yoast-schema-graph\">{\"@context\":\"https:\\\/\\\/schema.org\",\"@graph\":[{\"@type\":\"Article\",\"@id\":\"https:\\\/\\\/osmeusapontamentos.com\\\/index.php\\\/2009\\\/06\\\/21\\\/uma-primeira-vista-sobre-as-bases-do-programa-de-elisa-ferreira\\\/#article\",\"isPartOf\":{\"@id\":\"https:\\\/\\\/osmeusapontamentos.com\\\/index.php\\\/2009\\\/06\\\/21\\\/uma-primeira-vista-sobre-as-bases-do-programa-de-elisa-ferreira\\\/\"},\"author\":{\"name\":\"Vitor Silva\",\"@id\":\"https:\\\/\\\/osmeusapontamentos.com\\\/#\\\/schema\\\/person\\\/d508df9c3ffc8b4e64a18dbf0ba18dd8\"},\"headline\":\"Uma primeira vista sobre as bases do programa de Elisa Ferreira\",\"datePublished\":\"2009-06-21T21:27:06+00:00\",\"mainEntityOfPage\":{\"@id\":\"https:\\\/\\\/osmeusapontamentos.com\\\/index.php\\\/2009\\\/06\\\/21\\\/uma-primeira-vista-sobre-as-bases-do-programa-de-elisa-ferreira\\\/\"},\"wordCount\":44,\"commentCount\":0,\"publisher\":{\"@id\":\"https:\\\/\\\/osmeusapontamentos.com\\\/#\\\/schema\\\/person\\\/d508df9c3ffc8b4e64a18dbf0ba18dd8\"},\"keywords\":[\"2009\",\"aut\u00e1rquicas\",\"elisa ferreira\",\"porto\"],\"articleSection\":[\"Ler\\\/ Ver\\\/ Ouvir\\\/ Passear\"],\"inLanguage\":\"pt-PT\",\"potentialAction\":[{\"@type\":\"CommentAction\",\"name\":\"Comment\",\"target\":[\"https:\\\/\\\/osmeusapontamentos.com\\\/index.php\\\/2009\\\/06\\\/21\\\/uma-primeira-vista-sobre-as-bases-do-programa-de-elisa-ferreira\\\/#respond\"]}]},{\"@type\":\"WebPage\",\"@id\":\"https:\\\/\\\/osmeusapontamentos.com\\\/index.php\\\/2009\\\/06\\\/21\\\/uma-primeira-vista-sobre-as-bases-do-programa-de-elisa-ferreira\\\/\",\"url\":\"https:\\\/\\\/osmeusapontamentos.com\\\/index.php\\\/2009\\\/06\\\/21\\\/uma-primeira-vista-sobre-as-bases-do-programa-de-elisa-ferreira\\\/\",\"name\":\"Uma primeira vista sobre as bases do programa de Elisa Ferreira - Os Meus Apontamentos\",\"isPartOf\":{\"@id\":\"https:\\\/\\\/osmeusapontamentos.com\\\/#website\"},\"datePublished\":\"2009-06-21T21:27:06+00:00\",\"breadcrumb\":{\"@id\":\"https:\\\/\\\/osmeusapontamentos.com\\\/index.php\\\/2009\\\/06\\\/21\\\/uma-primeira-vista-sobre-as-bases-do-programa-de-elisa-ferreira\\\/#breadcrumb\"},\"inLanguage\":\"pt-PT\",\"potentialAction\":[{\"@type\":\"ReadAction\",\"target\":[\"https:\\\/\\\/osmeusapontamentos.com\\\/index.php\\\/2009\\\/06\\\/21\\\/uma-primeira-vista-sobre-as-bases-do-programa-de-elisa-ferreira\\\/\"]}]},{\"@type\":\"BreadcrumbList\",\"@id\":\"https:\\\/\\\/osmeusapontamentos.com\\\/index.php\\\/2009\\\/06\\\/21\\\/uma-primeira-vista-sobre-as-bases-do-programa-de-elisa-ferreira\\\/#breadcrumb\",\"itemListElement\":[{\"@type\":\"ListItem\",\"position\":1,\"name\":\"In\u00edcio\",\"item\":\"https:\\\/\\\/osmeusapontamentos.com\\\/\"},{\"@type\":\"ListItem\",\"position\":2,\"name\":\"Uma primeira vista sobre as bases do programa de Elisa Ferreira\"}]},{\"@type\":\"WebSite\",\"@id\":\"https:\\\/\\\/osmeusapontamentos.com\\\/#website\",\"url\":\"https:\\\/\\\/osmeusapontamentos.com\\\/\",\"name\":\"Os Meus Apontamentos\",\"description\":\"\",\"publisher\":{\"@id\":\"https:\\\/\\\/osmeusapontamentos.com\\\/#\\\/schema\\\/person\\\/d508df9c3ffc8b4e64a18dbf0ba18dd8\"},\"potentialAction\":[{\"@type\":\"SearchAction\",\"target\":{\"@type\":\"EntryPoint\",\"urlTemplate\":\"https:\\\/\\\/osmeusapontamentos.com\\\/?s={search_term_string}\"},\"query-input\":{\"@type\":\"PropertyValueSpecification\",\"valueRequired\":true,\"valueName\":\"search_term_string\"}}],\"inLanguage\":\"pt-PT\"},{\"@type\":[\"Person\",\"Organization\"],\"@id\":\"https:\\\/\\\/osmeusapontamentos.com\\\/#\\\/schema\\\/person\\\/d508df9c3ffc8b4e64a18dbf0ba18dd8\",\"name\":\"Vitor Silva\",\"image\":{\"@type\":\"ImageObject\",\"inLanguage\":\"pt-PT\",\"@id\":\"https:\\\/\\\/secure.gravatar.com\\\/avatar\\\/f81f58ad909e8a213ab0a690f6ed65e5c0e0e2274bf35ac49ff31d7988d483ce?s=96&d=mm&r=g\",\"url\":\"https:\\\/\\\/secure.gravatar.com\\\/avatar\\\/f81f58ad909e8a213ab0a690f6ed65e5c0e0e2274bf35ac49ff31d7988d483ce?s=96&d=mm&r=g\",\"contentUrl\":\"https:\\\/\\\/secure.gravatar.com\\\/avatar\\\/f81f58ad909e8a213ab0a690f6ed65e5c0e0e2274bf35ac49ff31d7988d483ce?s=96&d=mm&r=g\",\"caption\":\"Vitor Silva\"},\"logo\":{\"@id\":\"https:\\\/\\\/secure.gravatar.com\\\/avatar\\\/f81f58ad909e8a213ab0a690f6ed65e5c0e0e2274bf35ac49ff31d7988d483ce?s=96&d=mm&r=g\"},\"sameAs\":[\"https:\\\/\\\/www.linkedin.com\\\/in\\\/vitormrsilva\",\"https:\\\/\\\/x.com\\\/vitorsilva\"]}]}<\/script>\n<!-- \/ Yoast SEO plugin. -->","yoast_head_json":{"title":"Uma primeira vista sobre as bases do programa de Elisa Ferreira - Os Meus Apontamentos","robots":{"index":"index","follow":"follow","max-snippet":"max-snippet:-1","max-image-preview":"max-image-preview:large","max-video-preview":"max-video-preview:-1"},"canonical":"https:\/\/osmeusapontamentos.com\/index.php\/2009\/06\/21\/uma-primeira-vista-sobre-as-bases-do-programa-de-elisa-ferreira\/","og_locale":"pt_PT","og_type":"article","og_title":"Uma primeira vista sobre as bases do programa de Elisa Ferreira - Os Meus Apontamentos","og_description":"A visualiza\u00e7\u00e3o das &#8220;Bases para um programa de ac\u00e7\u00e3o&#8221; da candidatura de Elisa Ferreira. Assim que o documento correspondente das outras candidaturas \u00e0 CM Porto estiver disponivel tentarei criar novas visualiza\u00e7\u00f5es.","og_url":"https:\/\/osmeusapontamentos.com\/index.php\/2009\/06\/21\/uma-primeira-vista-sobre-as-bases-do-programa-de-elisa-ferreira\/","og_site_name":"Os Meus Apontamentos","article_published_time":"2009-06-21T21:27:06+00:00","og_image":[{"url":"https:\/\/osmeusapontamentos.com\/img\/base_elisa_ferreira.png","type":"","width":"","height":""}],"author":"Vitor Silva","twitter_card":"summary_large_image","twitter_creator":"@vitorsilva","twitter_site":"@vitorsilva","twitter_misc":{"Escrito por":"Vitor Silva"},"schema":{"@context":"https:\/\/schema.org","@graph":[{"@type":"Article","@id":"https:\/\/osmeusapontamentos.com\/index.php\/2009\/06\/21\/uma-primeira-vista-sobre-as-bases-do-programa-de-elisa-ferreira\/#article","isPartOf":{"@id":"https:\/\/osmeusapontamentos.com\/index.php\/2009\/06\/21\/uma-primeira-vista-sobre-as-bases-do-programa-de-elisa-ferreira\/"},"author":{"name":"Vitor Silva","@id":"https:\/\/osmeusapontamentos.com\/#\/schema\/person\/d508df9c3ffc8b4e64a18dbf0ba18dd8"},"headline":"Uma primeira vista sobre as bases do programa de Elisa Ferreira","datePublished":"2009-06-21T21:27:06+00:00","mainEntityOfPage":{"@id":"https:\/\/osmeusapontamentos.com\/index.php\/2009\/06\/21\/uma-primeira-vista-sobre-as-bases-do-programa-de-elisa-ferreira\/"},"wordCount":44,"commentCount":0,"publisher":{"@id":"https:\/\/osmeusapontamentos.com\/#\/schema\/person\/d508df9c3ffc8b4e64a18dbf0ba18dd8"},"keywords":["2009","aut\u00e1rquicas","elisa ferreira","porto"],"articleSection":["Ler\/ Ver\/ Ouvir\/ Passear"],"inLanguage":"pt-PT","potentialAction":[{"@type":"CommentAction","name":"Comment","target":["https:\/\/osmeusapontamentos.com\/index.php\/2009\/06\/21\/uma-primeira-vista-sobre-as-bases-do-programa-de-elisa-ferreira\/#respond"]}]},{"@type":"WebPage","@id":"https:\/\/osmeusapontamentos.com\/index.php\/2009\/06\/21\/uma-primeira-vista-sobre-as-bases-do-programa-de-elisa-ferreira\/","url":"https:\/\/osmeusapontamentos.com\/index.php\/2009\/06\/21\/uma-primeira-vista-sobre-as-bases-do-programa-de-elisa-ferreira\/","name":"Uma primeira vista sobre as bases do programa de Elisa Ferreira - Os Meus Apontamentos","isPartOf":{"@id":"https:\/\/osmeusapontamentos.com\/#website"},"datePublished":"2009-06-21T21:27:06+00:00","breadcrumb":{"@id":"https:\/\/osmeusapontamentos.com\/index.php\/2009\/06\/21\/uma-primeira-vista-sobre-as-bases-do-programa-de-elisa-ferreira\/#breadcrumb"},"inLanguage":"pt-PT","potentialAction":[{"@type":"ReadAction","target":["https:\/\/osmeusapontamentos.com\/index.php\/2009\/06\/21\/uma-primeira-vista-sobre-as-bases-do-programa-de-elisa-ferreira\/"]}]},{"@type":"BreadcrumbList","@id":"https:\/\/osmeusapontamentos.com\/index.php\/2009\/06\/21\/uma-primeira-vista-sobre-as-bases-do-programa-de-elisa-ferreira\/#breadcrumb","itemListElement":[{"@type":"ListItem","position":1,"name":"In\u00edcio","item":"https:\/\/osmeusapontamentos.com\/"},{"@type":"ListItem","position":2,"name":"Uma primeira vista sobre as bases do programa de Elisa Ferreira"}]},{"@type":"WebSite","@id":"https:\/\/osmeusapontamentos.com\/#website","url":"https:\/\/osmeusapontamentos.com\/","name":"Os Meus Apontamentos","description":"","publisher":{"@id":"https:\/\/osmeusapontamentos.com\/#\/schema\/person\/d508df9c3ffc8b4e64a18dbf0ba18dd8"},"potentialAction":[{"@type":"SearchAction","target":{"@type":"EntryPoint","urlTemplate":"https:\/\/osmeusapontamentos.com\/?s={search_term_string}"},"query-input":{"@type":"PropertyValueSpecification","valueRequired":true,"valueName":"search_term_string"}}],"inLanguage":"pt-PT"},{"@type":["Person","Organization"],"@id":"https:\/\/osmeusapontamentos.com\/#\/schema\/person\/d508df9c3ffc8b4e64a18dbf0ba18dd8","name":"Vitor Silva","image":{"@type":"ImageObject","inLanguage":"pt-PT","@id":"https:\/\/secure.gravatar.com\/avatar\/f81f58ad909e8a213ab0a690f6ed65e5c0e0e2274bf35ac49ff31d7988d483ce?s=96&d=mm&r=g","url":"https:\/\/secure.gravatar.com\/avatar\/f81f58ad909e8a213ab0a690f6ed65e5c0e0e2274bf35ac49ff31d7988d483ce?s=96&d=mm&r=g","contentUrl":"https:\/\/secure.gravatar.com\/avatar\/f81f58ad909e8a213ab0a690f6ed65e5c0e0e2274bf35ac49ff31d7988d483ce?s=96&d=mm&r=g","caption":"Vitor Silva"},"logo":{"@id":"https:\/\/secure.gravatar.com\/avatar\/f81f58ad909e8a213ab0a690f6ed65e5c0e0e2274bf35ac49ff31d7988d483ce?s=96&d=mm&r=g"},"sameAs":["https:\/\/www.linkedin.com\/in\/vitormrsilva","https:\/\/x.com\/vitorsilva"]}]}},"_links":{"self":[{"href":"https:\/\/osmeusapontamentos.com\/index.php\/wp-json\/wp\/v2\/posts\/1516","targetHints":{"allow":["GET"]}}],"collection":[{"href":"https:\/\/osmeusapontamentos.com\/index.php\/wp-json\/wp\/v2\/posts"}],"about":[{"href":"https:\/\/osmeusapontamentos.com\/index.php\/wp-json\/wp\/v2\/types\/post"}],"author":[{"embeddable":true,"href":"https:\/\/osmeusapontamentos.com\/index.php\/wp-json\/wp\/v2\/users\/1"}],"replies":[{"embeddable":true,"href":"https:\/\/osmeusapontamentos.com\/index.php\/wp-json\/wp\/v2\/comments?post=1516"}],"version-history":[{"count":0,"href":"https:\/\/osmeusapontamentos.com\/index.php\/wp-json\/wp\/v2\/posts\/1516\/revisions"}],"wp:attachment":[{"href":"https:\/\/osmeusapontamentos.com\/index.php\/wp-json\/wp\/v2\/media?parent=1516"}],"wp:term":[{"taxonomy":"category","embeddable":true,"href":"https:\/\/osmeusapontamentos.com\/index.php\/wp-json\/wp\/v2\/categories?post=1516"},{"taxonomy":"post_tag","embeddable":true,"href":"https:\/\/osmeusapontamentos.com\/index.php\/wp-json\/wp\/v2\/tags?post=1516"}],"curies":[{"name":"wp","href":"https:\/\/api.w.org\/{rel}","templated":true}]}}