{"id":1502,"date":"2009-06-14T13:58:26","date_gmt":"2009-06-14T13:58:26","guid":{"rendered":"http:\/\/osmeusapontamentos.com\/?p=1502"},"modified":"2009-06-14T13:58:26","modified_gmt":"2009-06-14T13:58:26","slug":"fibra-optica-no-porto","status":"publish","type":"post","link":"https:\/\/osmeusapontamentos.com\/index.php\/2009\/06\/14\/fibra-optica-no-porto\/","title":{"rendered":"Fibra \u00d3ptica no Porto"},"content":{"rendered":"<p>Em rela\u00e7\u00e3o \u00e0 fibra \u00f3ptica e \u00e0s not\u00edcias recentes (e n\u00e3o t\u00e3o recentes) da instala\u00e7\u00e3o de infraestrutura de fibra \u00f3ptica na cidade do Porto.<\/p>\n<p>D\u00favidas<br \/>\n&#8211; o facto de um grupo estar a instalar fibra \u00f3ptica na cidade quer dizer que outras empresas n\u00e3o o v\u00e3o fazer? vai haver s\u00f3 uma infraestrutura de fibra \u00f3ptica para a cidade toda?<br \/>\n&#8211; se os operadores optarem por fornecer o seu servi\u00e7o atrav\u00e9s dessa infraestrutura que n\u00e3o tiveram que instalar mas que naturalmente ter\u00e1 na mesma custos de explora\u00e7\u00e3o (previsivelmente mais baixos) quer dizer que v\u00e3o ter uma oferta, a n\u00edvel de pre\u00e7o, diferenciada para a cidade do Porto? ou seja como o aluguer da linha ser\u00e1 em principio menor que o custo de instalar a infraestrutura ent\u00e3o essa diferen\u00e7a de pre\u00e7os vai-se repercutir positivamente no consumidor?<br \/>\n&#8211; quais s\u00e3o de facto os servi\u00e7os que v\u00e3o passar a ser poss\u00edveis implementar em cima da fibra \u00f3ptica e que com a infraestrutura actual n\u00e3o tinham viabilidade tecnol\u00f3gica?<\/p>\n<p>Reparem que eu n\u00e3o estou a dizer que n\u00e3o faz sentido este investimento s\u00f3 pelo facto de n\u00e3o conseguir ver claramente quais poder\u00e3o ser os seus benef\u00edcios, acho que quase nunca conseguimos antecipar os usos verdadeiramente inovadores e interessantes que podem aparecer quando algo de novo \u00e9 disponibilizado ao mundo.<br \/>\nMas a minha teoria \u00e9 que este tipo de investimentos (infraestruturas) \u00e9 o investimento f\u00e1cil, n\u00e3o implica mobilizar as pessoas para nada, n\u00e3o implica mudan\u00e7as na forma como as pessoas encaram a sua cidadania, n\u00e3o muda verdadeiramente aquilo que \u00e9 preciso, que \u00e9 as pessoas.<br \/>\nE as tecnologias de informa\u00e7\u00e3o e principalmente os sistemas de informa\u00e7\u00e3o poderiam (e na minha opini\u00e3o deveriam) contribuir fortemente para resolver as quest\u00f5es cada vez mais importantes como da transpar\u00eancia e escrut\u00ednio da utiliza\u00e7\u00e3o de recursos p\u00fablicos.<\/p>\n<p>O que apareceu nas noticias?<br \/>\n&#8211; &#8220;Isto porque, em suas casas, todos os portuenses v\u00e3o passar a dispor de um servi\u00e7o que combina a transmiss\u00e3o de dados, voz e multim\u00e9dia &#8211; o chamado triple play &#8211; com uma capacidade de d\u00e9bito que pode ir at\u00e9 aos 100 megabits.&#8221;<br \/>\ne a minnha pergunta \u00e9, mas quanto ir\u00e1 custar essa oferta triple play? e mais do que isso, que riqueza para o pa\u00eds tr\u00e1s o facto de as pessoas poderem aceder ao messenger 50 vezes mais depressa do que actualmente? (nota: sei que estou a ser um pouco demag\u00f3gico aqui&#8230;)<br \/>\n&#8211; ligar as escolas<br \/>\nmas \u00e9 ligar as escolas \u00e0 internet? ou lig\u00e1-las entre si de forma a partilharem os seus sistemas de informa\u00e7\u00e3o? ah!? e elas t\u00eam algum sistema de informa\u00e7\u00e3o j\u00e1 implementado? e capaz de comunicar com o mundo?<\/p>\n<p>Em rela\u00e7\u00e3o a outro sector de actividade, a dra. maria de jos\u00e9 morgado referia a <a href=\"http:\/\/oportoemconversa.wordpress.com\/2009\/06\/10\/maria-jose-morgado-urbanismo-ilegal-uma-justica-impossivel-2\/\">prop\u00f3sito da justi\u00e7a portuguesa<\/a>: &#8220;<strong>temos ferramentas do tempo da idade da pedra<\/strong>, n\u00e3o temos bases de dados, n\u00e3o trabalhamos em rede, e portanto n\u00e3o temos acesso \u00e0 informa\u00e7\u00e3o que permita detectar os fen\u00f3menos e agir com proactividade&#8221;.<br \/>\nO meu principal ponto \u00e9 que com a infraestrutura actual j\u00e1 se consegue imenso a n\u00edvel de trabalho em rede, o que \u00e9 preciso \u00e9 sistemas de informa\u00e7\u00e3o que o permitam \/ facilitem.<br \/>\nSem d\u00favida que a fibra \u00f3ptica possibilita maiores velocidades na transmiss\u00e3o de informa\u00e7\u00e3o, mas se n\u00e3o tivermos nada para transmitir ent\u00e3o \u00e9 dinheiro deitado ao lixo.<\/p>\n<p>links refer\u00eancia<br \/>\n<a href=\"http:\/\/jn.sapo.pt\/PaginaInicial\/Interior.aspx?content_id=1160015\">jn, 4-mar\u00e7o<\/a>;\u00a0 <a href=\"http:\/\/ultimahora.publico.clix.pt\/noticia.aspx?id=1367673\">publico, 4-mar\u00e7o<\/a>; <a href=\"http:\/\/jornal.publico.clix.pt\/default.asp?url=%2Fmain.asp%3Fdt%3D20090608%26page%3D29%26c%3DB\">publico, 8-junho<\/a><\/p>\n","protected":false},"excerpt":{"rendered":"<p>Em rela\u00e7\u00e3o \u00e0 fibra \u00f3ptica e \u00e0s not\u00edcias recentes (e n\u00e3o t\u00e3o recentes) da instala\u00e7\u00e3o de infraestrutura de fibra \u00f3ptica na cidade do Porto. D\u00favidas &#8211; o facto de um grupo estar a instalar fibra \u00f3ptica na cidade quer dizer que outras empresas n\u00e3o o v\u00e3o fazer? vai haver s\u00f3 uma infraestrutura de fibra \u00f3ptica [&hellip;]<\/p>\n","protected":false},"author":1,"featured_media":0,"comment_status":"open","ping_status":"open","sticky":false,"template":"","format":"standard","meta":{"footnotes":""},"categories":[7],"tags":[251,524],"class_list":["post-1502","post","type-post","status-publish","format-standard","hentry","category-ler-ver-ouvir-passear","tag-fibra-optica","tag-porto"],"yoast_head":"<!-- This site is optimized with the Yoast SEO plugin v27.5 - https:\/\/yoast.com\/product\/yoast-seo-wordpress\/ -->\n<title>Fibra \u00d3ptica no Porto - Os Meus Apontamentos<\/title>\n<meta name=\"robots\" content=\"index, follow, max-snippet:-1, max-image-preview:large, max-video-preview:-1\" \/>\n<link rel=\"canonical\" href=\"https:\/\/osmeusapontamentos.com\/index.php\/2009\/06\/14\/fibra-optica-no-porto\/\" \/>\n<meta property=\"og:locale\" content=\"pt_PT\" \/>\n<meta property=\"og:type\" content=\"article\" \/>\n<meta property=\"og:title\" content=\"Fibra \u00d3ptica no Porto - Os Meus Apontamentos\" \/>\n<meta property=\"og:description\" content=\"Em rela\u00e7\u00e3o \u00e0 fibra \u00f3ptica e \u00e0s not\u00edcias recentes (e n\u00e3o t\u00e3o recentes) da instala\u00e7\u00e3o de infraestrutura de fibra \u00f3ptica na cidade do Porto. D\u00favidas &#8211; o facto de um grupo estar a instalar fibra \u00f3ptica na cidade quer dizer que outras empresas n\u00e3o o v\u00e3o fazer? vai haver s\u00f3 uma infraestrutura de fibra \u00f3ptica [&hellip;]\" \/>\n<meta property=\"og:url\" content=\"https:\/\/osmeusapontamentos.com\/index.php\/2009\/06\/14\/fibra-optica-no-porto\/\" \/>\n<meta property=\"og:site_name\" content=\"Os Meus Apontamentos\" \/>\n<meta property=\"article:published_time\" content=\"2009-06-14T13:58:26+00:00\" \/>\n<meta name=\"author\" content=\"Vitor Silva\" \/>\n<meta name=\"twitter:card\" content=\"summary_large_image\" \/>\n<meta name=\"twitter:creator\" content=\"@vitorsilva\" \/>\n<meta name=\"twitter:site\" content=\"@vitorsilva\" \/>\n<meta name=\"twitter:label1\" content=\"Escrito por\" \/>\n\t<meta name=\"twitter:data1\" content=\"Vitor Silva\" \/>\n\t<meta name=\"twitter:label2\" content=\"Tempo estimado de leitura\" \/>\n\t<meta name=\"twitter:data2\" content=\"3 minutos\" \/>\n<script type=\"application\/ld+json\" class=\"yoast-schema-graph\">{\"@context\":\"https:\\\/\\\/schema.org\",\"@graph\":[{\"@type\":\"Article\",\"@id\":\"https:\\\/\\\/osmeusapontamentos.com\\\/index.php\\\/2009\\\/06\\\/14\\\/fibra-optica-no-porto\\\/#article\",\"isPartOf\":{\"@id\":\"https:\\\/\\\/osmeusapontamentos.com\\\/index.php\\\/2009\\\/06\\\/14\\\/fibra-optica-no-porto\\\/\"},\"author\":{\"name\":\"Vitor Silva\",\"@id\":\"https:\\\/\\\/osmeusapontamentos.com\\\/#\\\/schema\\\/person\\\/d508df9c3ffc8b4e64a18dbf0ba18dd8\"},\"headline\":\"Fibra \u00d3ptica no Porto\",\"datePublished\":\"2009-06-14T13:58:26+00:00\",\"mainEntityOfPage\":{\"@id\":\"https:\\\/\\\/osmeusapontamentos.com\\\/index.php\\\/2009\\\/06\\\/14\\\/fibra-optica-no-porto\\\/\"},\"wordCount\":612,\"commentCount\":0,\"publisher\":{\"@id\":\"https:\\\/\\\/osmeusapontamentos.com\\\/#\\\/schema\\\/person\\\/d508df9c3ffc8b4e64a18dbf0ba18dd8\"},\"keywords\":[\"fibra \u00f3ptica\",\"porto\"],\"articleSection\":[\"Ler\\\/ Ver\\\/ Ouvir\\\/ Passear\"],\"inLanguage\":\"pt-PT\",\"potentialAction\":[{\"@type\":\"CommentAction\",\"name\":\"Comment\",\"target\":[\"https:\\\/\\\/osmeusapontamentos.com\\\/index.php\\\/2009\\\/06\\\/14\\\/fibra-optica-no-porto\\\/#respond\"]}]},{\"@type\":\"WebPage\",\"@id\":\"https:\\\/\\\/osmeusapontamentos.com\\\/index.php\\\/2009\\\/06\\\/14\\\/fibra-optica-no-porto\\\/\",\"url\":\"https:\\\/\\\/osmeusapontamentos.com\\\/index.php\\\/2009\\\/06\\\/14\\\/fibra-optica-no-porto\\\/\",\"name\":\"Fibra \u00d3ptica no Porto - Os Meus Apontamentos\",\"isPartOf\":{\"@id\":\"https:\\\/\\\/osmeusapontamentos.com\\\/#website\"},\"datePublished\":\"2009-06-14T13:58:26+00:00\",\"breadcrumb\":{\"@id\":\"https:\\\/\\\/osmeusapontamentos.com\\\/index.php\\\/2009\\\/06\\\/14\\\/fibra-optica-no-porto\\\/#breadcrumb\"},\"inLanguage\":\"pt-PT\",\"potentialAction\":[{\"@type\":\"ReadAction\",\"target\":[\"https:\\\/\\\/osmeusapontamentos.com\\\/index.php\\\/2009\\\/06\\\/14\\\/fibra-optica-no-porto\\\/\"]}]},{\"@type\":\"BreadcrumbList\",\"@id\":\"https:\\\/\\\/osmeusapontamentos.com\\\/index.php\\\/2009\\\/06\\\/14\\\/fibra-optica-no-porto\\\/#breadcrumb\",\"itemListElement\":[{\"@type\":\"ListItem\",\"position\":1,\"name\":\"In\u00edcio\",\"item\":\"https:\\\/\\\/osmeusapontamentos.com\\\/\"},{\"@type\":\"ListItem\",\"position\":2,\"name\":\"Fibra \u00d3ptica no Porto\"}]},{\"@type\":\"WebSite\",\"@id\":\"https:\\\/\\\/osmeusapontamentos.com\\\/#website\",\"url\":\"https:\\\/\\\/osmeusapontamentos.com\\\/\",\"name\":\"Os Meus Apontamentos\",\"description\":\"\",\"publisher\":{\"@id\":\"https:\\\/\\\/osmeusapontamentos.com\\\/#\\\/schema\\\/person\\\/d508df9c3ffc8b4e64a18dbf0ba18dd8\"},\"potentialAction\":[{\"@type\":\"SearchAction\",\"target\":{\"@type\":\"EntryPoint\",\"urlTemplate\":\"https:\\\/\\\/osmeusapontamentos.com\\\/?s={search_term_string}\"},\"query-input\":{\"@type\":\"PropertyValueSpecification\",\"valueRequired\":true,\"valueName\":\"search_term_string\"}}],\"inLanguage\":\"pt-PT\"},{\"@type\":[\"Person\",\"Organization\"],\"@id\":\"https:\\\/\\\/osmeusapontamentos.com\\\/#\\\/schema\\\/person\\\/d508df9c3ffc8b4e64a18dbf0ba18dd8\",\"name\":\"Vitor Silva\",\"image\":{\"@type\":\"ImageObject\",\"inLanguage\":\"pt-PT\",\"@id\":\"https:\\\/\\\/secure.gravatar.com\\\/avatar\\\/f81f58ad909e8a213ab0a690f6ed65e5c0e0e2274bf35ac49ff31d7988d483ce?s=96&d=mm&r=g\",\"url\":\"https:\\\/\\\/secure.gravatar.com\\\/avatar\\\/f81f58ad909e8a213ab0a690f6ed65e5c0e0e2274bf35ac49ff31d7988d483ce?s=96&d=mm&r=g\",\"contentUrl\":\"https:\\\/\\\/secure.gravatar.com\\\/avatar\\\/f81f58ad909e8a213ab0a690f6ed65e5c0e0e2274bf35ac49ff31d7988d483ce?s=96&d=mm&r=g\",\"caption\":\"Vitor Silva\"},\"logo\":{\"@id\":\"https:\\\/\\\/secure.gravatar.com\\\/avatar\\\/f81f58ad909e8a213ab0a690f6ed65e5c0e0e2274bf35ac49ff31d7988d483ce?s=96&d=mm&r=g\"},\"sameAs\":[\"https:\\\/\\\/www.linkedin.com\\\/in\\\/vitormrsilva\",\"https:\\\/\\\/x.com\\\/vitorsilva\"]}]}<\/script>\n<!-- \/ Yoast SEO plugin. -->","yoast_head_json":{"title":"Fibra \u00d3ptica no Porto - Os Meus Apontamentos","robots":{"index":"index","follow":"follow","max-snippet":"max-snippet:-1","max-image-preview":"max-image-preview:large","max-video-preview":"max-video-preview:-1"},"canonical":"https:\/\/osmeusapontamentos.com\/index.php\/2009\/06\/14\/fibra-optica-no-porto\/","og_locale":"pt_PT","og_type":"article","og_title":"Fibra \u00d3ptica no Porto - Os Meus Apontamentos","og_description":"Em rela\u00e7\u00e3o \u00e0 fibra \u00f3ptica e \u00e0s not\u00edcias recentes (e n\u00e3o t\u00e3o recentes) da instala\u00e7\u00e3o de infraestrutura de fibra \u00f3ptica na cidade do Porto. D\u00favidas &#8211; o facto de um grupo estar a instalar fibra \u00f3ptica na cidade quer dizer que outras empresas n\u00e3o o v\u00e3o fazer? vai haver s\u00f3 uma infraestrutura de fibra \u00f3ptica [&hellip;]","og_url":"https:\/\/osmeusapontamentos.com\/index.php\/2009\/06\/14\/fibra-optica-no-porto\/","og_site_name":"Os Meus Apontamentos","article_published_time":"2009-06-14T13:58:26+00:00","author":"Vitor Silva","twitter_card":"summary_large_image","twitter_creator":"@vitorsilva","twitter_site":"@vitorsilva","twitter_misc":{"Escrito por":"Vitor Silva","Tempo estimado de leitura":"3 minutos"},"schema":{"@context":"https:\/\/schema.org","@graph":[{"@type":"Article","@id":"https:\/\/osmeusapontamentos.com\/index.php\/2009\/06\/14\/fibra-optica-no-porto\/#article","isPartOf":{"@id":"https:\/\/osmeusapontamentos.com\/index.php\/2009\/06\/14\/fibra-optica-no-porto\/"},"author":{"name":"Vitor Silva","@id":"https:\/\/osmeusapontamentos.com\/#\/schema\/person\/d508df9c3ffc8b4e64a18dbf0ba18dd8"},"headline":"Fibra \u00d3ptica no Porto","datePublished":"2009-06-14T13:58:26+00:00","mainEntityOfPage":{"@id":"https:\/\/osmeusapontamentos.com\/index.php\/2009\/06\/14\/fibra-optica-no-porto\/"},"wordCount":612,"commentCount":0,"publisher":{"@id":"https:\/\/osmeusapontamentos.com\/#\/schema\/person\/d508df9c3ffc8b4e64a18dbf0ba18dd8"},"keywords":["fibra \u00f3ptica","porto"],"articleSection":["Ler\/ Ver\/ Ouvir\/ Passear"],"inLanguage":"pt-PT","potentialAction":[{"@type":"CommentAction","name":"Comment","target":["https:\/\/osmeusapontamentos.com\/index.php\/2009\/06\/14\/fibra-optica-no-porto\/#respond"]}]},{"@type":"WebPage","@id":"https:\/\/osmeusapontamentos.com\/index.php\/2009\/06\/14\/fibra-optica-no-porto\/","url":"https:\/\/osmeusapontamentos.com\/index.php\/2009\/06\/14\/fibra-optica-no-porto\/","name":"Fibra \u00d3ptica no Porto - Os Meus Apontamentos","isPartOf":{"@id":"https:\/\/osmeusapontamentos.com\/#website"},"datePublished":"2009-06-14T13:58:26+00:00","breadcrumb":{"@id":"https:\/\/osmeusapontamentos.com\/index.php\/2009\/06\/14\/fibra-optica-no-porto\/#breadcrumb"},"inLanguage":"pt-PT","potentialAction":[{"@type":"ReadAction","target":["https:\/\/osmeusapontamentos.com\/index.php\/2009\/06\/14\/fibra-optica-no-porto\/"]}]},{"@type":"BreadcrumbList","@id":"https:\/\/osmeusapontamentos.com\/index.php\/2009\/06\/14\/fibra-optica-no-porto\/#breadcrumb","itemListElement":[{"@type":"ListItem","position":1,"name":"In\u00edcio","item":"https:\/\/osmeusapontamentos.com\/"},{"@type":"ListItem","position":2,"name":"Fibra \u00d3ptica no Porto"}]},{"@type":"WebSite","@id":"https:\/\/osmeusapontamentos.com\/#website","url":"https:\/\/osmeusapontamentos.com\/","name":"Os Meus Apontamentos","description":"","publisher":{"@id":"https:\/\/osmeusapontamentos.com\/#\/schema\/person\/d508df9c3ffc8b4e64a18dbf0ba18dd8"},"potentialAction":[{"@type":"SearchAction","target":{"@type":"EntryPoint","urlTemplate":"https:\/\/osmeusapontamentos.com\/?s={search_term_string}"},"query-input":{"@type":"PropertyValueSpecification","valueRequired":true,"valueName":"search_term_string"}}],"inLanguage":"pt-PT"},{"@type":["Person","Organization"],"@id":"https:\/\/osmeusapontamentos.com\/#\/schema\/person\/d508df9c3ffc8b4e64a18dbf0ba18dd8","name":"Vitor Silva","image":{"@type":"ImageObject","inLanguage":"pt-PT","@id":"https:\/\/secure.gravatar.com\/avatar\/f81f58ad909e8a213ab0a690f6ed65e5c0e0e2274bf35ac49ff31d7988d483ce?s=96&d=mm&r=g","url":"https:\/\/secure.gravatar.com\/avatar\/f81f58ad909e8a213ab0a690f6ed65e5c0e0e2274bf35ac49ff31d7988d483ce?s=96&d=mm&r=g","contentUrl":"https:\/\/secure.gravatar.com\/avatar\/f81f58ad909e8a213ab0a690f6ed65e5c0e0e2274bf35ac49ff31d7988d483ce?s=96&d=mm&r=g","caption":"Vitor Silva"},"logo":{"@id":"https:\/\/secure.gravatar.com\/avatar\/f81f58ad909e8a213ab0a690f6ed65e5c0e0e2274bf35ac49ff31d7988d483ce?s=96&d=mm&r=g"},"sameAs":["https:\/\/www.linkedin.com\/in\/vitormrsilva","https:\/\/x.com\/vitorsilva"]}]}},"_links":{"self":[{"href":"https:\/\/osmeusapontamentos.com\/index.php\/wp-json\/wp\/v2\/posts\/1502","targetHints":{"allow":["GET"]}}],"collection":[{"href":"https:\/\/osmeusapontamentos.com\/index.php\/wp-json\/wp\/v2\/posts"}],"about":[{"href":"https:\/\/osmeusapontamentos.com\/index.php\/wp-json\/wp\/v2\/types\/post"}],"author":[{"embeddable":true,"href":"https:\/\/osmeusapontamentos.com\/index.php\/wp-json\/wp\/v2\/users\/1"}],"replies":[{"embeddable":true,"href":"https:\/\/osmeusapontamentos.com\/index.php\/wp-json\/wp\/v2\/comments?post=1502"}],"version-history":[{"count":0,"href":"https:\/\/osmeusapontamentos.com\/index.php\/wp-json\/wp\/v2\/posts\/1502\/revisions"}],"wp:attachment":[{"href":"https:\/\/osmeusapontamentos.com\/index.php\/wp-json\/wp\/v2\/media?parent=1502"}],"wp:term":[{"taxonomy":"category","embeddable":true,"href":"https:\/\/osmeusapontamentos.com\/index.php\/wp-json\/wp\/v2\/categories?post=1502"},{"taxonomy":"post_tag","embeddable":true,"href":"https:\/\/osmeusapontamentos.com\/index.php\/wp-json\/wp\/v2\/tags?post=1502"}],"curies":[{"name":"wp","href":"https:\/\/api.w.org\/{rel}","templated":true}]}}