{"id":1491,"date":"2009-06-03T15:08:29","date_gmt":"2009-06-03T15:08:29","guid":{"rendered":"http:\/\/osmeusapontamentos.com\/?p=1491"},"modified":"2009-06-03T15:08:29","modified_gmt":"2009-06-03T15:08:29","slug":"meia-duzia","status":"publish","type":"post","link":"https:\/\/osmeusapontamentos.com\/index.php\/2009\/06\/03\/meia-duzia\/","title":{"rendered":"meia-d\u00fazia"},"content":{"rendered":"<p>Ficou ontem online o programa n\u00ba6 do meu podcast &#8220;<a href=\"http:\/\/oportoemconversa.wordpress.com\/\">O Porto em Conversa<\/a>&#8220;.<br \/>\n6 meses, 6 programas parece-me uma boa m\u00e9dia.<br \/>\nAqui fica uma revis\u00e3o do que foram os primeiros programas:<\/p>\n<div class=\"entry\">\n<div class=\"snap_preview\">\n<ul>\n<li>#1 com Tiago Azevedo Fernandes (do blog <a rel=\"#someid0\" href=\"http:\/\/www.porto.taf.net\/dp\/\">Baixa do Porto<\/a>)\u00a0 sobre <a href=\"http:\/\/oportoemconversa.wordpress.com\/2009\/01\/13\/conversa-com-tiago-azevedo-fernandes-podcast\/\">cidadania<\/a><strong> <\/strong>e outros temas;<\/li>\n<li>#2 com <a rel=\"#someid1\" href=\"http:\/\/www.cpas.com.pt\/\">Cristina Santos<\/a> sobre <a href=\"http:\/\/oportoemconversa.wordpress.com\/2009\/02\/11\/conversa-com-cristina-santos-podcast\/\">reabilita\u00e7\u00e3o urbana<\/a>;<\/li>\n<li>#3 com Ant\u00f3nio Alves sobre a <a href=\"http:\/\/oportoemconversa.wordpress.com\/2009\/03\/17\/conversa-com-antnio-alves-podcast\/\">ferrovia na regi\u00e3o norte<\/a>;<\/li>\n<li>#4 com Rodrigo Oliveira sobre as <a href=\"http:\/\/oportoemconversa.wordpress.com\/2009\/04\/12\/conversa-com-rodrigo-oliveira-podcast\/\">freguesias<\/a>, principais compet\u00eancias;<\/li>\n<li>#5 com <a rel=\"#someid2\" href=\"http:\/\/argolas.blogspot.com\/\">Catarina Martins<\/a> sobre <a href=\"http:\/\/oportoemconversa.wordpress.com\/2009\/05\/07\/conversa-com-catarina-martins-podcast\/\">cultura<\/a>;<\/li>\n<li>#6 com Pedro Morgado (do blog <a rel=\"#someid3\" href=\"http:\/\/avenidacentral.blogspot.com\/\">Avenida Central<\/a>) sobre Braga, o Minho e Porto<\/li>\n<\/ul>\n<\/div>\n<div class=\"snap_preview\">Independentemente do n\u00famero de pessoas que possa ouvir estes podcasts a verdade \u00e9 que este &#8220;instrumento&#8221; tem sido de facto um pretexto para falar com pessoas interessantes e com ideias sobre temas que no geral desconhe\u00e7o ou s\u00f3 tenho ideias preconcebidas.<\/div>\n<div class=\"snap_preview\">A quest\u00e3o das estat\u00edsticas, ou seja saber se mais algu\u00e9m ouve este podcast, n\u00e3o me interessa particularmente, j\u00e1 que, como costumo dizer aos meus convidados, o meu interesse em falar com eles \u00e9 puramente ego\u00edsta, eu quero aprender, n\u00e3o estou a tentar adivinhar quais as expectativas que outras pessoas possam ter.<\/div>\n<div class=\"snap_preview\">Para mim nem que s\u00f3 uma pessoa mais ouvisse este podcast j\u00e1 era um ganho na medida em que com um custo praticamente de zero teria conseguido partilhar com algu\u00e9m algum conhecimento que eu pessoalmente considero interessante.<\/div>\n<\/div>\n<div class=\"entry\">De qualquer forma e mesmo tendo em conta que as estat\u00edsticas s\u00e3o sempre complicadas de definir aqui ficam alguns indicadores<\/div>\n<div class=\"entry\">N\u00ba audi\u00e7\u00f5es por programa \/ m\u00eas<br \/>\n<img decoding=\"async\" src=\"http:\/\/spreadsheets.google.com\/pub?key=rCoXwRShRik02FcW5ZybUAA&amp;oid=4&amp;output=image\" alt=\"\" \/><\/p>\n<p>N\u00ba hits<br \/>\n<img decoding=\"async\" src=\"http:\/\/spreadsheets.google.com\/pub?key=rCoXwRShRik02FcW5ZybUAA&amp;oid=3&amp;output=image\" alt=\"\" \/><\/div>\n","protected":false},"excerpt":{"rendered":"<p>Ficou ontem online o programa n\u00ba6 do meu podcast &#8220;O Porto em Conversa&#8220;. 6 meses, 6 programas parece-me uma boa m\u00e9dia. Aqui fica uma revis\u00e3o do que foram os primeiros programas: #1 com Tiago Azevedo Fernandes (do blog Baixa do Porto)\u00a0 sobre cidadania e outros temas; #2 com Cristina Santos sobre reabilita\u00e7\u00e3o urbana; #3 com [&hellip;]<\/p>\n","protected":false},"author":1,"featured_media":0,"comment_status":"open","ping_status":"open","sticky":false,"template":"","format":"standard","meta":{"footnotes":""},"categories":[7],"tags":[516],"class_list":["post-1491","post","type-post","status-publish","format-standard","hentry","category-ler-ver-ouvir-passear","tag-podcast"],"yoast_head":"<!-- This site is optimized with the Yoast SEO plugin v27.5 - https:\/\/yoast.com\/product\/yoast-seo-wordpress\/ -->\n<title>meia-d\u00fazia - Os Meus Apontamentos<\/title>\n<meta name=\"robots\" content=\"index, follow, max-snippet:-1, max-image-preview:large, max-video-preview:-1\" \/>\n<link rel=\"canonical\" href=\"https:\/\/osmeusapontamentos.com\/index.php\/2009\/06\/03\/meia-duzia\/\" \/>\n<meta property=\"og:locale\" content=\"pt_PT\" \/>\n<meta property=\"og:type\" content=\"article\" \/>\n<meta property=\"og:title\" content=\"meia-d\u00fazia - Os Meus Apontamentos\" \/>\n<meta property=\"og:description\" content=\"Ficou ontem online o programa n\u00ba6 do meu podcast &#8220;O Porto em Conversa&#8220;. 6 meses, 6 programas parece-me uma boa m\u00e9dia. Aqui fica uma revis\u00e3o do que foram os primeiros programas: #1 com Tiago Azevedo Fernandes (do blog Baixa do Porto)\u00a0 sobre cidadania e outros temas; #2 com Cristina Santos sobre reabilita\u00e7\u00e3o urbana; #3 com [&hellip;]\" \/>\n<meta property=\"og:url\" content=\"https:\/\/osmeusapontamentos.com\/index.php\/2009\/06\/03\/meia-duzia\/\" \/>\n<meta property=\"og:site_name\" content=\"Os Meus Apontamentos\" \/>\n<meta property=\"article:published_time\" content=\"2009-06-03T15:08:29+00:00\" \/>\n<meta property=\"og:image\" content=\"http:\/\/spreadsheets.google.com\/pub?key=rCoXwRShRik02FcW5ZybUAA&amp;oid=4&amp;output=image\" \/>\n<meta name=\"author\" content=\"Vitor Silva\" \/>\n<meta name=\"twitter:card\" content=\"summary_large_image\" \/>\n<meta name=\"twitter:creator\" content=\"@vitorsilva\" \/>\n<meta name=\"twitter:site\" content=\"@vitorsilva\" \/>\n<meta name=\"twitter:label1\" content=\"Escrito por\" \/>\n\t<meta name=\"twitter:data1\" content=\"Vitor Silva\" \/>\n\t<meta name=\"twitter:label2\" content=\"Tempo estimado de leitura\" \/>\n\t<meta name=\"twitter:data2\" content=\"1 minuto\" \/>\n<script type=\"application\/ld+json\" class=\"yoast-schema-graph\">{\"@context\":\"https:\\\/\\\/schema.org\",\"@graph\":[{\"@type\":\"Article\",\"@id\":\"https:\\\/\\\/osmeusapontamentos.com\\\/index.php\\\/2009\\\/06\\\/03\\\/meia-duzia\\\/#article\",\"isPartOf\":{\"@id\":\"https:\\\/\\\/osmeusapontamentos.com\\\/index.php\\\/2009\\\/06\\\/03\\\/meia-duzia\\\/\"},\"author\":{\"name\":\"Vitor Silva\",\"@id\":\"https:\\\/\\\/osmeusapontamentos.com\\\/#\\\/schema\\\/person\\\/d508df9c3ffc8b4e64a18dbf0ba18dd8\"},\"headline\":\"meia-d\u00fazia\",\"datePublished\":\"2009-06-03T15:08:29+00:00\",\"mainEntityOfPage\":{\"@id\":\"https:\\\/\\\/osmeusapontamentos.com\\\/index.php\\\/2009\\\/06\\\/03\\\/meia-duzia\\\/\"},\"wordCount\":259,\"commentCount\":0,\"publisher\":{\"@id\":\"https:\\\/\\\/osmeusapontamentos.com\\\/#\\\/schema\\\/person\\\/d508df9c3ffc8b4e64a18dbf0ba18dd8\"},\"image\":{\"@id\":\"https:\\\/\\\/osmeusapontamentos.com\\\/index.php\\\/2009\\\/06\\\/03\\\/meia-duzia\\\/#primaryimage\"},\"thumbnailUrl\":\"http:\\\/\\\/spreadsheets.google.com\\\/pub?key=rCoXwRShRik02FcW5ZybUAA&amp;oid=4&amp;output=image\",\"keywords\":[\"podcast\"],\"articleSection\":[\"Ler\\\/ Ver\\\/ Ouvir\\\/ Passear\"],\"inLanguage\":\"pt-PT\",\"potentialAction\":[{\"@type\":\"CommentAction\",\"name\":\"Comment\",\"target\":[\"https:\\\/\\\/osmeusapontamentos.com\\\/index.php\\\/2009\\\/06\\\/03\\\/meia-duzia\\\/#respond\"]}]},{\"@type\":\"WebPage\",\"@id\":\"https:\\\/\\\/osmeusapontamentos.com\\\/index.php\\\/2009\\\/06\\\/03\\\/meia-duzia\\\/\",\"url\":\"https:\\\/\\\/osmeusapontamentos.com\\\/index.php\\\/2009\\\/06\\\/03\\\/meia-duzia\\\/\",\"name\":\"meia-d\u00fazia - Os Meus Apontamentos\",\"isPartOf\":{\"@id\":\"https:\\\/\\\/osmeusapontamentos.com\\\/#website\"},\"primaryImageOfPage\":{\"@id\":\"https:\\\/\\\/osmeusapontamentos.com\\\/index.php\\\/2009\\\/06\\\/03\\\/meia-duzia\\\/#primaryimage\"},\"image\":{\"@id\":\"https:\\\/\\\/osmeusapontamentos.com\\\/index.php\\\/2009\\\/06\\\/03\\\/meia-duzia\\\/#primaryimage\"},\"thumbnailUrl\":\"http:\\\/\\\/spreadsheets.google.com\\\/pub?key=rCoXwRShRik02FcW5ZybUAA&amp;oid=4&amp;output=image\",\"datePublished\":\"2009-06-03T15:08:29+00:00\",\"breadcrumb\":{\"@id\":\"https:\\\/\\\/osmeusapontamentos.com\\\/index.php\\\/2009\\\/06\\\/03\\\/meia-duzia\\\/#breadcrumb\"},\"inLanguage\":\"pt-PT\",\"potentialAction\":[{\"@type\":\"ReadAction\",\"target\":[\"https:\\\/\\\/osmeusapontamentos.com\\\/index.php\\\/2009\\\/06\\\/03\\\/meia-duzia\\\/\"]}]},{\"@type\":\"ImageObject\",\"inLanguage\":\"pt-PT\",\"@id\":\"https:\\\/\\\/osmeusapontamentos.com\\\/index.php\\\/2009\\\/06\\\/03\\\/meia-duzia\\\/#primaryimage\",\"url\":\"http:\\\/\\\/spreadsheets.google.com\\\/pub?key=rCoXwRShRik02FcW5ZybUAA&amp;oid=4&amp;output=image\",\"contentUrl\":\"http:\\\/\\\/spreadsheets.google.com\\\/pub?key=rCoXwRShRik02FcW5ZybUAA&amp;oid=4&amp;output=image\"},{\"@type\":\"BreadcrumbList\",\"@id\":\"https:\\\/\\\/osmeusapontamentos.com\\\/index.php\\\/2009\\\/06\\\/03\\\/meia-duzia\\\/#breadcrumb\",\"itemListElement\":[{\"@type\":\"ListItem\",\"position\":1,\"name\":\"In\u00edcio\",\"item\":\"https:\\\/\\\/osmeusapontamentos.com\\\/\"},{\"@type\":\"ListItem\",\"position\":2,\"name\":\"meia-d\u00fazia\"}]},{\"@type\":\"WebSite\",\"@id\":\"https:\\\/\\\/osmeusapontamentos.com\\\/#website\",\"url\":\"https:\\\/\\\/osmeusapontamentos.com\\\/\",\"name\":\"Os Meus Apontamentos\",\"description\":\"\",\"publisher\":{\"@id\":\"https:\\\/\\\/osmeusapontamentos.com\\\/#\\\/schema\\\/person\\\/d508df9c3ffc8b4e64a18dbf0ba18dd8\"},\"potentialAction\":[{\"@type\":\"SearchAction\",\"target\":{\"@type\":\"EntryPoint\",\"urlTemplate\":\"https:\\\/\\\/osmeusapontamentos.com\\\/?s={search_term_string}\"},\"query-input\":{\"@type\":\"PropertyValueSpecification\",\"valueRequired\":true,\"valueName\":\"search_term_string\"}}],\"inLanguage\":\"pt-PT\"},{\"@type\":[\"Person\",\"Organization\"],\"@id\":\"https:\\\/\\\/osmeusapontamentos.com\\\/#\\\/schema\\\/person\\\/d508df9c3ffc8b4e64a18dbf0ba18dd8\",\"name\":\"Vitor Silva\",\"image\":{\"@type\":\"ImageObject\",\"inLanguage\":\"pt-PT\",\"@id\":\"https:\\\/\\\/secure.gravatar.com\\\/avatar\\\/f81f58ad909e8a213ab0a690f6ed65e5c0e0e2274bf35ac49ff31d7988d483ce?s=96&d=mm&r=g\",\"url\":\"https:\\\/\\\/secure.gravatar.com\\\/avatar\\\/f81f58ad909e8a213ab0a690f6ed65e5c0e0e2274bf35ac49ff31d7988d483ce?s=96&d=mm&r=g\",\"contentUrl\":\"https:\\\/\\\/secure.gravatar.com\\\/avatar\\\/f81f58ad909e8a213ab0a690f6ed65e5c0e0e2274bf35ac49ff31d7988d483ce?s=96&d=mm&r=g\",\"caption\":\"Vitor Silva\"},\"logo\":{\"@id\":\"https:\\\/\\\/secure.gravatar.com\\\/avatar\\\/f81f58ad909e8a213ab0a690f6ed65e5c0e0e2274bf35ac49ff31d7988d483ce?s=96&d=mm&r=g\"},\"sameAs\":[\"https:\\\/\\\/www.linkedin.com\\\/in\\\/vitormrsilva\",\"https:\\\/\\\/x.com\\\/vitorsilva\"]}]}<\/script>\n<!-- \/ Yoast SEO plugin. -->","yoast_head_json":{"title":"meia-d\u00fazia - Os Meus Apontamentos","robots":{"index":"index","follow":"follow","max-snippet":"max-snippet:-1","max-image-preview":"max-image-preview:large","max-video-preview":"max-video-preview:-1"},"canonical":"https:\/\/osmeusapontamentos.com\/index.php\/2009\/06\/03\/meia-duzia\/","og_locale":"pt_PT","og_type":"article","og_title":"meia-d\u00fazia - Os Meus Apontamentos","og_description":"Ficou ontem online o programa n\u00ba6 do meu podcast &#8220;O Porto em Conversa&#8220;. 6 meses, 6 programas parece-me uma boa m\u00e9dia. Aqui fica uma revis\u00e3o do que foram os primeiros programas: #1 com Tiago Azevedo Fernandes (do blog Baixa do Porto)\u00a0 sobre cidadania e outros temas; #2 com Cristina Santos sobre reabilita\u00e7\u00e3o urbana; #3 com [&hellip;]","og_url":"https:\/\/osmeusapontamentos.com\/index.php\/2009\/06\/03\/meia-duzia\/","og_site_name":"Os Meus Apontamentos","article_published_time":"2009-06-03T15:08:29+00:00","og_image":[{"url":"http:\/\/spreadsheets.google.com\/pub?key=rCoXwRShRik02FcW5ZybUAA&amp;oid=4&amp;output=image","type":"","width":"","height":""}],"author":"Vitor Silva","twitter_card":"summary_large_image","twitter_creator":"@vitorsilva","twitter_site":"@vitorsilva","twitter_misc":{"Escrito por":"Vitor Silva","Tempo estimado de leitura":"1 minuto"},"schema":{"@context":"https:\/\/schema.org","@graph":[{"@type":"Article","@id":"https:\/\/osmeusapontamentos.com\/index.php\/2009\/06\/03\/meia-duzia\/#article","isPartOf":{"@id":"https:\/\/osmeusapontamentos.com\/index.php\/2009\/06\/03\/meia-duzia\/"},"author":{"name":"Vitor Silva","@id":"https:\/\/osmeusapontamentos.com\/#\/schema\/person\/d508df9c3ffc8b4e64a18dbf0ba18dd8"},"headline":"meia-d\u00fazia","datePublished":"2009-06-03T15:08:29+00:00","mainEntityOfPage":{"@id":"https:\/\/osmeusapontamentos.com\/index.php\/2009\/06\/03\/meia-duzia\/"},"wordCount":259,"commentCount":0,"publisher":{"@id":"https:\/\/osmeusapontamentos.com\/#\/schema\/person\/d508df9c3ffc8b4e64a18dbf0ba18dd8"},"image":{"@id":"https:\/\/osmeusapontamentos.com\/index.php\/2009\/06\/03\/meia-duzia\/#primaryimage"},"thumbnailUrl":"http:\/\/spreadsheets.google.com\/pub?key=rCoXwRShRik02FcW5ZybUAA&amp;oid=4&amp;output=image","keywords":["podcast"],"articleSection":["Ler\/ Ver\/ Ouvir\/ Passear"],"inLanguage":"pt-PT","potentialAction":[{"@type":"CommentAction","name":"Comment","target":["https:\/\/osmeusapontamentos.com\/index.php\/2009\/06\/03\/meia-duzia\/#respond"]}]},{"@type":"WebPage","@id":"https:\/\/osmeusapontamentos.com\/index.php\/2009\/06\/03\/meia-duzia\/","url":"https:\/\/osmeusapontamentos.com\/index.php\/2009\/06\/03\/meia-duzia\/","name":"meia-d\u00fazia - Os Meus Apontamentos","isPartOf":{"@id":"https:\/\/osmeusapontamentos.com\/#website"},"primaryImageOfPage":{"@id":"https:\/\/osmeusapontamentos.com\/index.php\/2009\/06\/03\/meia-duzia\/#primaryimage"},"image":{"@id":"https:\/\/osmeusapontamentos.com\/index.php\/2009\/06\/03\/meia-duzia\/#primaryimage"},"thumbnailUrl":"http:\/\/spreadsheets.google.com\/pub?key=rCoXwRShRik02FcW5ZybUAA&amp;oid=4&amp;output=image","datePublished":"2009-06-03T15:08:29+00:00","breadcrumb":{"@id":"https:\/\/osmeusapontamentos.com\/index.php\/2009\/06\/03\/meia-duzia\/#breadcrumb"},"inLanguage":"pt-PT","potentialAction":[{"@type":"ReadAction","target":["https:\/\/osmeusapontamentos.com\/index.php\/2009\/06\/03\/meia-duzia\/"]}]},{"@type":"ImageObject","inLanguage":"pt-PT","@id":"https:\/\/osmeusapontamentos.com\/index.php\/2009\/06\/03\/meia-duzia\/#primaryimage","url":"http:\/\/spreadsheets.google.com\/pub?key=rCoXwRShRik02FcW5ZybUAA&amp;oid=4&amp;output=image","contentUrl":"http:\/\/spreadsheets.google.com\/pub?key=rCoXwRShRik02FcW5ZybUAA&amp;oid=4&amp;output=image"},{"@type":"BreadcrumbList","@id":"https:\/\/osmeusapontamentos.com\/index.php\/2009\/06\/03\/meia-duzia\/#breadcrumb","itemListElement":[{"@type":"ListItem","position":1,"name":"In\u00edcio","item":"https:\/\/osmeusapontamentos.com\/"},{"@type":"ListItem","position":2,"name":"meia-d\u00fazia"}]},{"@type":"WebSite","@id":"https:\/\/osmeusapontamentos.com\/#website","url":"https:\/\/osmeusapontamentos.com\/","name":"Os Meus Apontamentos","description":"","publisher":{"@id":"https:\/\/osmeusapontamentos.com\/#\/schema\/person\/d508df9c3ffc8b4e64a18dbf0ba18dd8"},"potentialAction":[{"@type":"SearchAction","target":{"@type":"EntryPoint","urlTemplate":"https:\/\/osmeusapontamentos.com\/?s={search_term_string}"},"query-input":{"@type":"PropertyValueSpecification","valueRequired":true,"valueName":"search_term_string"}}],"inLanguage":"pt-PT"},{"@type":["Person","Organization"],"@id":"https:\/\/osmeusapontamentos.com\/#\/schema\/person\/d508df9c3ffc8b4e64a18dbf0ba18dd8","name":"Vitor Silva","image":{"@type":"ImageObject","inLanguage":"pt-PT","@id":"https:\/\/secure.gravatar.com\/avatar\/f81f58ad909e8a213ab0a690f6ed65e5c0e0e2274bf35ac49ff31d7988d483ce?s=96&d=mm&r=g","url":"https:\/\/secure.gravatar.com\/avatar\/f81f58ad909e8a213ab0a690f6ed65e5c0e0e2274bf35ac49ff31d7988d483ce?s=96&d=mm&r=g","contentUrl":"https:\/\/secure.gravatar.com\/avatar\/f81f58ad909e8a213ab0a690f6ed65e5c0e0e2274bf35ac49ff31d7988d483ce?s=96&d=mm&r=g","caption":"Vitor Silva"},"logo":{"@id":"https:\/\/secure.gravatar.com\/avatar\/f81f58ad909e8a213ab0a690f6ed65e5c0e0e2274bf35ac49ff31d7988d483ce?s=96&d=mm&r=g"},"sameAs":["https:\/\/www.linkedin.com\/in\/vitormrsilva","https:\/\/x.com\/vitorsilva"]}]}},"_links":{"self":[{"href":"https:\/\/osmeusapontamentos.com\/index.php\/wp-json\/wp\/v2\/posts\/1491","targetHints":{"allow":["GET"]}}],"collection":[{"href":"https:\/\/osmeusapontamentos.com\/index.php\/wp-json\/wp\/v2\/posts"}],"about":[{"href":"https:\/\/osmeusapontamentos.com\/index.php\/wp-json\/wp\/v2\/types\/post"}],"author":[{"embeddable":true,"href":"https:\/\/osmeusapontamentos.com\/index.php\/wp-json\/wp\/v2\/users\/1"}],"replies":[{"embeddable":true,"href":"https:\/\/osmeusapontamentos.com\/index.php\/wp-json\/wp\/v2\/comments?post=1491"}],"version-history":[{"count":0,"href":"https:\/\/osmeusapontamentos.com\/index.php\/wp-json\/wp\/v2\/posts\/1491\/revisions"}],"wp:attachment":[{"href":"https:\/\/osmeusapontamentos.com\/index.php\/wp-json\/wp\/v2\/media?parent=1491"}],"wp:term":[{"taxonomy":"category","embeddable":true,"href":"https:\/\/osmeusapontamentos.com\/index.php\/wp-json\/wp\/v2\/categories?post=1491"},{"taxonomy":"post_tag","embeddable":true,"href":"https:\/\/osmeusapontamentos.com\/index.php\/wp-json\/wp\/v2\/tags?post=1491"}],"curies":[{"name":"wp","href":"https:\/\/api.w.org\/{rel}","templated":true}]}}