{"id":1427,"date":"2009-05-10T21:39:30","date_gmt":"2009-05-10T21:39:30","guid":{"rendered":"http:\/\/osmeusapontamentos.com\/?p=1427"},"modified":"2009-05-10T21:39:30","modified_gmt":"2009-05-10T21:39:30","slug":"sobre-cultura-e-educacao","status":"publish","type":"post","link":"https:\/\/osmeusapontamentos.com\/index.php\/2009\/05\/10\/sobre-cultura-e-educacao\/","title":{"rendered":"sobre cultura e educa\u00e7\u00e3o"},"content":{"rendered":"<p>J\u00e1 est\u00e1 dispon\u00edvel o programa n\u00famero 5 do meu podcast <a href=\"http:\/\/oportoemconversa.wordpress.com\/2009\/05\/07\/conversa-com-catarina-martins-podcast\/\">O Porto em Conversa<\/a> falei com <a href=\"http:\/\/argolas.blogspot.com\/\">Catarina Martins<\/a> da companhia de teatro (e n\u00e3o s\u00f3) <a href=\"http:\/\/www.visoesuteis.pt\/\">Vis\u00f5es \u00dateis<\/a>.<\/p>\n<p>A conversa foi naturalmente sobre cultura, desde a rela\u00e7\u00e3o do p\u00fablico com a arte contempor\u00e2nea \u00e0 import\u00e2ncia dos teatros municipais (e a quest\u00e3o portuense do Rivoli).<\/p>\n<p>Fal\u00e1mos ainda de alguns projectos como o Coma Profundo (que est\u00e1 dispon\u00edvel em podcast para qualquer pessoa no <a href=\"http:\/\/www.visoesuteis.pt\/\">site<\/a> da companhia) e outros similares (&#8220;<a href=\"http:\/\/www.visoesuteis.pt\/criacoes\/errare_1.html\">Errare<\/a>, Parma; &#8220;<a href=\"http:\/\/www.visoesuteis.pt\/novidades\/2009\/02\/vista-aerea-sobre-2009.html\">Os ossos de que \u00e9 feita a pedra<\/a>&#8220;, Santiago de Compostela) que podem tamb\u00e9m servir de val\u00eancia tur\u00edstica para a cidade. E naturalmente os custos da cultura&#8230;<\/p>\n<p>Na prepara\u00e7\u00e3o deste programa troquei com algumas pessoas uns emails interessantes que publico em baixo:<\/p>\n<p>a ideia com que fico \u00e9 que cultura e educa\u00e7\u00e3o \u00e9 +\/- o mesmo no que diz respeito a indicadores para avaliar a sua efic\u00e1cia.<br \/>\ncomo \u00e9 que consegues definir um valor para determinar se uma escola est\u00e1 ou n\u00e3o a fazer um bom trabalho? n\u00e3o ser\u00e1 isso quase o mesmo que tentar determinar se um espect\u00e1culo faz ou n\u00e3o sentido?<br \/>\na diferen\u00e7a \u00e9 que enquanto a politica de educa\u00e7\u00e3o e sua aplica\u00e7\u00e3o \u00e9 muito comandada, no sentido de que meia-d\u00fazia (estou a exagerar claro) de pessoas diz como se vai operacionalizar a estrat\u00e9gia de educa\u00e7\u00e3o definida e ela \u00e9 muito parecida no pa\u00eds todo, na cultura, a parte de operacionaliza\u00e7\u00e3o \u00e9 mais &#8220;solta&#8221;, \u00e9 dada ao criador, para al\u00e9m dos recursos tamb\u00e9m a possibilidade de definir com que projecto vai executar essa estrat\u00e9gia&#8230;<br \/>\nse assumirmos \u00e0 partida que a cultura n\u00e3o tem que ser rent\u00e1vel (se calhar \u00e0 semelhan\u00e7a das infraestruturas de transportes publico) ent\u00e3o assumimos que temos que usar indicadores indirectos para determinar se realmente ela \u00e9 eficaz ou n\u00e3o&#8230; e a\u00ed \u00e9 que a coisa fica complicada&#8230;<\/p>\n<p>***********<\/p>\n<p>n\u00e3o sei se ser\u00e1 tanto assim&#8230;<br \/>\numa escola obedece a crit\u00e9rios de avalia\u00e7\u00e3o objectivos, como o n\u00edvel de sucesso escolar<br \/>\nenquanto que um espect\u00e1culo pode fazer sentido e ter uma assist\u00eancia de 3 pessoas&#8230;<br \/>\nsempre me causou muita perplexidade a quest\u00e3o da avalia\u00e7\u00e3o do m\u00e9rito de um projecto cultural<\/p>\n<p>***********<\/p>\n<p>acho que a quest\u00e3o n\u00e3o \u00e9 tanto o m\u00e9rito mas sim comparar o investimento vs retorno.<br \/>\naceito que possa haver espect\u00e1culos com m\u00e9rito mas dizer que eles t\u00eam que ser pagos por todos para usufruto de (muito) poucos j\u00e1 me parece outra coisa<br \/>\n\u00e9 algo que j\u00e1 entra noutro tipo de compara\u00e7\u00f5es como por exemplo perceber qual o interesse de investir em ci\u00eancia pura vs ci\u00eancias aplicadas<br \/>\ns\u00e3o coisas que n\u00e3o s\u00e3o (tenho ideia) facilmente contabiliz\u00e1veis o que as deixa ref\u00e9ns daquele discurso das pe\u00e7as com meia d\u00fazia de pessoas a assistir ou exposi\u00e7\u00f5es ultra-avant-gard que n\u00e3o t\u00eam de facto nenhuma rela\u00e7\u00e3o com a maior parte das pessoas (porque nem t\u00eam que ter).<br \/>\ne o pior \u00e9 que do outro lado da barricada tamb\u00e9m temos pessoas que consideram um direito serem apoiadas e acham um quase insulto questionarem as suas obras&#8230; voltando \u00e0 ci\u00eancia eu imagino que o einstein tamb\u00e9m achasse um insulto que algu\u00e9m o questionasse mas se calhar j\u00e1 n\u00e3o me pareceria t\u00e3o mal que algu\u00e9m que ainda nem publicou nenhum artigo relevante seja avaliado mais criteriosamente&#8230;<br \/>\npara mim o valor da cultura \u00e9 uma quest\u00e3o intuitiva mas isso s\u00f3 serve para justificar algo quando h\u00e1 uma rela\u00e7\u00e3o de confian\u00e7a entre as partes. e tenho ideia que entre criadores, financiadores (mais os publicos) e cidad\u00e3os ela em grande parte n\u00e3o existe.<\/p>\n<p>***********<\/p>\n<p>investimento vs retorno?<br \/>\nmas o principal retorno \u00e9 algo intang\u00edvel&#8230; penso que, no que respeita ao consumo cultural, n\u00e3o poderemos fugir da quest\u00e3o da intangibilidade&#8230;<br \/>\nfelizmente, nem tudo \u00e9 &#8220;cultura \u00e0 La Feria&#8221;, com dezenas de milhares de espectadores por pe\u00e7a&#8230;<br \/>\npor isso \u00e9 que te enviei o 1\u00ba e-mail: a Casa da M\u00fasica, que penso ser um equipamento consensual e actualmente incontorn\u00e1vel na cidade, \u00e9 um &#8220;caso de sucesso&#8221; em que 70% das receitas s\u00e3o subs\u00eddios do Estado! isto, sem contar com os milh\u00f5es de patroc\u00ednios (claro, ainda n\u00e3o est\u00e1 em velocidade cruzeiro, mas n\u00e3o creio que possa vir a ser rent\u00e1vel per se)<\/p>\n<p>***********<\/p>\n<p>O que \u00e9 o n\u00edvel de sucesso escolar? N\u00e3o pode ser a escola a avaliar o seu pr\u00f3prio sucesso.<\/p>\n<p>Para haver crit\u00e9rios de avalia\u00e7\u00e3o objectivos, que tanto podem existir nas escolas como na cultura, \u00e9 necess\u00e1rio&#8230; definir objectivos \/ miss\u00f5es.<\/p>\n<p>Inicialmente, a escolaridade existia para:<br \/>\n&#8211; que os cidad\u00e3os pudessem usufruir da pr\u00f3pria educa\u00e7\u00e3o (entendia-se que isso era bom)<br \/>\n&#8211; que a educa\u00e7\u00e3o era uma condi\u00e7\u00e3o necess\u00e1ria para o exerc\u00edcio da cidadania<br \/>\n&#8211; promover uma cultura de obedi\u00eancia e disciplina (l\u00f3gica militarista ou de prepara\u00e7\u00e3o para um mundo industrializado).<\/p>\n<p>Hoje, fala-se quase exclusivamente na utilidade da escola numa l\u00f3gica de prepara\u00e7\u00e3o para o mercado de trabalho. Digo &#8220;fala-se&#8221;, porque essa l\u00f3gica deveria levar ao aumento da componente t\u00e9cnica (e correspondente redu\u00e7\u00e3o da componente cultural) do ensino. Ainda bem que n\u00e3o se passa da conversa&#8230;pois n\u00e3o me parece ser essa a principal miss\u00e3o da escola, ainda que n\u00e3o seja uma miss\u00e3o menor.<\/p>\n<p>Como avaliar ent\u00e3o a escola? Taxas de participa\u00e7\u00e3o dos cidad\u00e3os na democracia (% absten\u00e7\u00e3o, n\u00ba movimentos cidad\u00e3os, leitura de jornais, etc). Interesse pela vida cultural (n\u00ba bilhetes cinema, teatro e outros espect\u00e1culos, livros vendidos, etc). Produ\u00e7\u00e3o e produtividade (PIB, produtividade hora, % sector quatern\u00e1rio e quinquen\u00e1rio, etc). Cidadania \/ civilidade (criminalidade, n\u00ba m\u00e3es adolescentes, n\u00ba multas tr\u00e2nsito, n\u00ba crimes e contra-ordena\u00e7\u00f5es em tribunal, % acordos nos tribunais).<\/p>\n<p>Como avaliar a cultura? Bem, a avalia\u00e7\u00e3o da qualidade cultural \u00e9 subjectiva. Embora, a meu ver, seja regra geral bastante objectiva excepto para alguns pseudo-intelectuais e wannabes, mas adiante.<\/p>\n<p>Mas, do ponto de vista do agente p\u00fablico, \u00e9 necess\u00e1rio avaliar a utilidade dos recursos investidos em bens culturais. Conv\u00e9m n\u00e3o esquecer que estamos em democracia. E tendo isso em conta, \u00e9 necess\u00e1rio:<br \/>\n1) Avaliar externalidades da produ\u00e7\u00e3o de bens culturais (que s\u00e3o enormes, e infelizmente este trabalho est\u00e1 quase sempre por fazer)<br \/>\n2) Que do ponto de vista do publico se vise (do mais para o menos importante):<br \/>\na) prioritariamente publicos alargadados n\u00e3o servidos por produ\u00e7\u00e3o cultural (por ex. por falta de $)<br \/>\nb) a cria\u00e7\u00e3o desses publicos quando inexistentes (devendo ser avaliada a efic\u00e1cia na cria\u00e7\u00e3o de publicos)<br \/>\nc) a promo\u00e7\u00e3o da diversidade de manifesta\u00e7\u00f5es art\u00edsticas, o apoio de correntes minorit\u00e1rias, etc., nos casos em que a cidade \/ pa\u00eds j\u00e1 tenha uma vida cultural intensa.<br \/>\n3) Que se privilegia a produ\u00e7\u00e3o cultural \u00e0 reprodu\u00e7\u00e3o cultural (uma coisa \u00e9 compor e executar um concerto para piano, outra \u00e9 apenas execut\u00e1-lo).<\/p>\n<p>Em todo o caso: externalidade econ\u00f3mica + n\u00ba pessoas adicionalmente servidas + produ\u00e7\u00e3o cultural original parecem-me bons crit\u00e9rios b\u00e1sicos.<\/p>\n<p>Quanto aos projectos para assist\u00eancias de 3 pessoas&#8230; o ideal \u00e9 procurarem mecenas. Ontem a Igreja da Lapa estava cheia num concerto de Av\u00e9 Marias de elevada erudi\u00e7\u00e3o. Pessoas que dificilmente pagariam 5\u20ac para assistir. N\u00e3o por n\u00e3o valorizarem, mas simplesmente por n\u00e3o poderem. Custa-me que neste pa\u00eds ainda se apoiem (felizmente cada vez menos) espect\u00e1culos com t\u00e3o poucos espectadores quando existe tanta avidez cultural.<\/p>\n","protected":false},"excerpt":{"rendered":"<p>J\u00e1 est\u00e1 dispon\u00edvel o programa n\u00famero 5 do meu podcast O Porto em Conversa falei com Catarina Martins da companhia de teatro (e n\u00e3o s\u00f3) Vis\u00f5es \u00dateis. A conversa foi naturalmente sobre cultura, desde a rela\u00e7\u00e3o do p\u00fablico com a arte contempor\u00e2nea \u00e0 import\u00e2ncia dos teatros municipais (e a quest\u00e3o portuense do Rivoli). Fal\u00e1mos ainda [&hellip;]<\/p>\n","protected":false},"author":1,"featured_media":0,"comment_status":"open","ping_status":"open","sticky":false,"template":"","format":"standard","meta":{"footnotes":""},"categories":[7],"tags":[178,207,210],"class_list":["post-1427","post","type-post","status-publish","format-standard","hentry","category-ler-ver-ouvir-passear","tag-cultura","tag-economia","tag-educacao"],"yoast_head":"<!-- This site is optimized with the Yoast SEO plugin v27.5 - https:\/\/yoast.com\/product\/yoast-seo-wordpress\/ -->\n<title>sobre cultura e educa\u00e7\u00e3o - Os Meus Apontamentos<\/title>\n<meta name=\"robots\" content=\"index, follow, max-snippet:-1, max-image-preview:large, max-video-preview:-1\" \/>\n<link rel=\"canonical\" href=\"https:\/\/osmeusapontamentos.com\/index.php\/2009\/05\/10\/sobre-cultura-e-educacao\/\" \/>\n<meta property=\"og:locale\" content=\"pt_PT\" \/>\n<meta property=\"og:type\" content=\"article\" \/>\n<meta property=\"og:title\" content=\"sobre cultura e educa\u00e7\u00e3o - Os Meus Apontamentos\" \/>\n<meta property=\"og:description\" content=\"J\u00e1 est\u00e1 dispon\u00edvel o programa n\u00famero 5 do meu podcast O Porto em Conversa falei com Catarina Martins da companhia de teatro (e n\u00e3o s\u00f3) Vis\u00f5es \u00dateis. A conversa foi naturalmente sobre cultura, desde a rela\u00e7\u00e3o do p\u00fablico com a arte contempor\u00e2nea \u00e0 import\u00e2ncia dos teatros municipais (e a quest\u00e3o portuense do Rivoli). Fal\u00e1mos ainda [&hellip;]\" \/>\n<meta property=\"og:url\" content=\"https:\/\/osmeusapontamentos.com\/index.php\/2009\/05\/10\/sobre-cultura-e-educacao\/\" \/>\n<meta property=\"og:site_name\" content=\"Os Meus Apontamentos\" \/>\n<meta property=\"article:published_time\" content=\"2009-05-10T21:39:30+00:00\" \/>\n<meta name=\"author\" content=\"Vitor Silva\" \/>\n<meta name=\"twitter:card\" content=\"summary_large_image\" \/>\n<meta name=\"twitter:creator\" content=\"@vitorsilva\" \/>\n<meta name=\"twitter:site\" content=\"@vitorsilva\" \/>\n<meta name=\"twitter:label1\" content=\"Escrito por\" \/>\n\t<meta name=\"twitter:data1\" content=\"Vitor Silva\" \/>\n\t<meta name=\"twitter:label2\" content=\"Tempo estimado de leitura\" \/>\n\t<meta name=\"twitter:data2\" content=\"6 minutos\" \/>\n<script type=\"application\/ld+json\" class=\"yoast-schema-graph\">{\"@context\":\"https:\\\/\\\/schema.org\",\"@graph\":[{\"@type\":\"Article\",\"@id\":\"https:\\\/\\\/osmeusapontamentos.com\\\/index.php\\\/2009\\\/05\\\/10\\\/sobre-cultura-e-educacao\\\/#article\",\"isPartOf\":{\"@id\":\"https:\\\/\\\/osmeusapontamentos.com\\\/index.php\\\/2009\\\/05\\\/10\\\/sobre-cultura-e-educacao\\\/\"},\"author\":{\"name\":\"Vitor Silva\",\"@id\":\"https:\\\/\\\/osmeusapontamentos.com\\\/#\\\/schema\\\/person\\\/d508df9c3ffc8b4e64a18dbf0ba18dd8\"},\"headline\":\"sobre cultura e educa\u00e7\u00e3o\",\"datePublished\":\"2009-05-10T21:39:30+00:00\",\"mainEntityOfPage\":{\"@id\":\"https:\\\/\\\/osmeusapontamentos.com\\\/index.php\\\/2009\\\/05\\\/10\\\/sobre-cultura-e-educacao\\\/\"},\"wordCount\":1280,\"commentCount\":0,\"publisher\":{\"@id\":\"https:\\\/\\\/osmeusapontamentos.com\\\/#\\\/schema\\\/person\\\/d508df9c3ffc8b4e64a18dbf0ba18dd8\"},\"keywords\":[\"cultura\",\"economia\",\"educa\u00e7\u00e3o\"],\"articleSection\":[\"Ler\\\/ Ver\\\/ Ouvir\\\/ Passear\"],\"inLanguage\":\"pt-PT\",\"potentialAction\":[{\"@type\":\"CommentAction\",\"name\":\"Comment\",\"target\":[\"https:\\\/\\\/osmeusapontamentos.com\\\/index.php\\\/2009\\\/05\\\/10\\\/sobre-cultura-e-educacao\\\/#respond\"]}]},{\"@type\":\"WebPage\",\"@id\":\"https:\\\/\\\/osmeusapontamentos.com\\\/index.php\\\/2009\\\/05\\\/10\\\/sobre-cultura-e-educacao\\\/\",\"url\":\"https:\\\/\\\/osmeusapontamentos.com\\\/index.php\\\/2009\\\/05\\\/10\\\/sobre-cultura-e-educacao\\\/\",\"name\":\"sobre cultura e educa\u00e7\u00e3o - Os Meus Apontamentos\",\"isPartOf\":{\"@id\":\"https:\\\/\\\/osmeusapontamentos.com\\\/#website\"},\"datePublished\":\"2009-05-10T21:39:30+00:00\",\"breadcrumb\":{\"@id\":\"https:\\\/\\\/osmeusapontamentos.com\\\/index.php\\\/2009\\\/05\\\/10\\\/sobre-cultura-e-educacao\\\/#breadcrumb\"},\"inLanguage\":\"pt-PT\",\"potentialAction\":[{\"@type\":\"ReadAction\",\"target\":[\"https:\\\/\\\/osmeusapontamentos.com\\\/index.php\\\/2009\\\/05\\\/10\\\/sobre-cultura-e-educacao\\\/\"]}]},{\"@type\":\"BreadcrumbList\",\"@id\":\"https:\\\/\\\/osmeusapontamentos.com\\\/index.php\\\/2009\\\/05\\\/10\\\/sobre-cultura-e-educacao\\\/#breadcrumb\",\"itemListElement\":[{\"@type\":\"ListItem\",\"position\":1,\"name\":\"In\u00edcio\",\"item\":\"https:\\\/\\\/osmeusapontamentos.com\\\/\"},{\"@type\":\"ListItem\",\"position\":2,\"name\":\"sobre cultura e educa\u00e7\u00e3o\"}]},{\"@type\":\"WebSite\",\"@id\":\"https:\\\/\\\/osmeusapontamentos.com\\\/#website\",\"url\":\"https:\\\/\\\/osmeusapontamentos.com\\\/\",\"name\":\"Os Meus Apontamentos\",\"description\":\"\",\"publisher\":{\"@id\":\"https:\\\/\\\/osmeusapontamentos.com\\\/#\\\/schema\\\/person\\\/d508df9c3ffc8b4e64a18dbf0ba18dd8\"},\"potentialAction\":[{\"@type\":\"SearchAction\",\"target\":{\"@type\":\"EntryPoint\",\"urlTemplate\":\"https:\\\/\\\/osmeusapontamentos.com\\\/?s={search_term_string}\"},\"query-input\":{\"@type\":\"PropertyValueSpecification\",\"valueRequired\":true,\"valueName\":\"search_term_string\"}}],\"inLanguage\":\"pt-PT\"},{\"@type\":[\"Person\",\"Organization\"],\"@id\":\"https:\\\/\\\/osmeusapontamentos.com\\\/#\\\/schema\\\/person\\\/d508df9c3ffc8b4e64a18dbf0ba18dd8\",\"name\":\"Vitor Silva\",\"image\":{\"@type\":\"ImageObject\",\"inLanguage\":\"pt-PT\",\"@id\":\"https:\\\/\\\/secure.gravatar.com\\\/avatar\\\/f81f58ad909e8a213ab0a690f6ed65e5c0e0e2274bf35ac49ff31d7988d483ce?s=96&d=mm&r=g\",\"url\":\"https:\\\/\\\/secure.gravatar.com\\\/avatar\\\/f81f58ad909e8a213ab0a690f6ed65e5c0e0e2274bf35ac49ff31d7988d483ce?s=96&d=mm&r=g\",\"contentUrl\":\"https:\\\/\\\/secure.gravatar.com\\\/avatar\\\/f81f58ad909e8a213ab0a690f6ed65e5c0e0e2274bf35ac49ff31d7988d483ce?s=96&d=mm&r=g\",\"caption\":\"Vitor Silva\"},\"logo\":{\"@id\":\"https:\\\/\\\/secure.gravatar.com\\\/avatar\\\/f81f58ad909e8a213ab0a690f6ed65e5c0e0e2274bf35ac49ff31d7988d483ce?s=96&d=mm&r=g\"},\"sameAs\":[\"https:\\\/\\\/www.linkedin.com\\\/in\\\/vitormrsilva\",\"https:\\\/\\\/x.com\\\/vitorsilva\"]}]}<\/script>\n<!-- \/ Yoast SEO plugin. -->","yoast_head_json":{"title":"sobre cultura e educa\u00e7\u00e3o - Os Meus Apontamentos","robots":{"index":"index","follow":"follow","max-snippet":"max-snippet:-1","max-image-preview":"max-image-preview:large","max-video-preview":"max-video-preview:-1"},"canonical":"https:\/\/osmeusapontamentos.com\/index.php\/2009\/05\/10\/sobre-cultura-e-educacao\/","og_locale":"pt_PT","og_type":"article","og_title":"sobre cultura e educa\u00e7\u00e3o - Os Meus Apontamentos","og_description":"J\u00e1 est\u00e1 dispon\u00edvel o programa n\u00famero 5 do meu podcast O Porto em Conversa falei com Catarina Martins da companhia de teatro (e n\u00e3o s\u00f3) Vis\u00f5es \u00dateis. A conversa foi naturalmente sobre cultura, desde a rela\u00e7\u00e3o do p\u00fablico com a arte contempor\u00e2nea \u00e0 import\u00e2ncia dos teatros municipais (e a quest\u00e3o portuense do Rivoli). Fal\u00e1mos ainda [&hellip;]","og_url":"https:\/\/osmeusapontamentos.com\/index.php\/2009\/05\/10\/sobre-cultura-e-educacao\/","og_site_name":"Os Meus Apontamentos","article_published_time":"2009-05-10T21:39:30+00:00","author":"Vitor Silva","twitter_card":"summary_large_image","twitter_creator":"@vitorsilva","twitter_site":"@vitorsilva","twitter_misc":{"Escrito por":"Vitor Silva","Tempo estimado de leitura":"6 minutos"},"schema":{"@context":"https:\/\/schema.org","@graph":[{"@type":"Article","@id":"https:\/\/osmeusapontamentos.com\/index.php\/2009\/05\/10\/sobre-cultura-e-educacao\/#article","isPartOf":{"@id":"https:\/\/osmeusapontamentos.com\/index.php\/2009\/05\/10\/sobre-cultura-e-educacao\/"},"author":{"name":"Vitor Silva","@id":"https:\/\/osmeusapontamentos.com\/#\/schema\/person\/d508df9c3ffc8b4e64a18dbf0ba18dd8"},"headline":"sobre cultura e educa\u00e7\u00e3o","datePublished":"2009-05-10T21:39:30+00:00","mainEntityOfPage":{"@id":"https:\/\/osmeusapontamentos.com\/index.php\/2009\/05\/10\/sobre-cultura-e-educacao\/"},"wordCount":1280,"commentCount":0,"publisher":{"@id":"https:\/\/osmeusapontamentos.com\/#\/schema\/person\/d508df9c3ffc8b4e64a18dbf0ba18dd8"},"keywords":["cultura","economia","educa\u00e7\u00e3o"],"articleSection":["Ler\/ Ver\/ Ouvir\/ Passear"],"inLanguage":"pt-PT","potentialAction":[{"@type":"CommentAction","name":"Comment","target":["https:\/\/osmeusapontamentos.com\/index.php\/2009\/05\/10\/sobre-cultura-e-educacao\/#respond"]}]},{"@type":"WebPage","@id":"https:\/\/osmeusapontamentos.com\/index.php\/2009\/05\/10\/sobre-cultura-e-educacao\/","url":"https:\/\/osmeusapontamentos.com\/index.php\/2009\/05\/10\/sobre-cultura-e-educacao\/","name":"sobre cultura e educa\u00e7\u00e3o - Os Meus Apontamentos","isPartOf":{"@id":"https:\/\/osmeusapontamentos.com\/#website"},"datePublished":"2009-05-10T21:39:30+00:00","breadcrumb":{"@id":"https:\/\/osmeusapontamentos.com\/index.php\/2009\/05\/10\/sobre-cultura-e-educacao\/#breadcrumb"},"inLanguage":"pt-PT","potentialAction":[{"@type":"ReadAction","target":["https:\/\/osmeusapontamentos.com\/index.php\/2009\/05\/10\/sobre-cultura-e-educacao\/"]}]},{"@type":"BreadcrumbList","@id":"https:\/\/osmeusapontamentos.com\/index.php\/2009\/05\/10\/sobre-cultura-e-educacao\/#breadcrumb","itemListElement":[{"@type":"ListItem","position":1,"name":"In\u00edcio","item":"https:\/\/osmeusapontamentos.com\/"},{"@type":"ListItem","position":2,"name":"sobre cultura e educa\u00e7\u00e3o"}]},{"@type":"WebSite","@id":"https:\/\/osmeusapontamentos.com\/#website","url":"https:\/\/osmeusapontamentos.com\/","name":"Os Meus Apontamentos","description":"","publisher":{"@id":"https:\/\/osmeusapontamentos.com\/#\/schema\/person\/d508df9c3ffc8b4e64a18dbf0ba18dd8"},"potentialAction":[{"@type":"SearchAction","target":{"@type":"EntryPoint","urlTemplate":"https:\/\/osmeusapontamentos.com\/?s={search_term_string}"},"query-input":{"@type":"PropertyValueSpecification","valueRequired":true,"valueName":"search_term_string"}}],"inLanguage":"pt-PT"},{"@type":["Person","Organization"],"@id":"https:\/\/osmeusapontamentos.com\/#\/schema\/person\/d508df9c3ffc8b4e64a18dbf0ba18dd8","name":"Vitor Silva","image":{"@type":"ImageObject","inLanguage":"pt-PT","@id":"https:\/\/secure.gravatar.com\/avatar\/f81f58ad909e8a213ab0a690f6ed65e5c0e0e2274bf35ac49ff31d7988d483ce?s=96&d=mm&r=g","url":"https:\/\/secure.gravatar.com\/avatar\/f81f58ad909e8a213ab0a690f6ed65e5c0e0e2274bf35ac49ff31d7988d483ce?s=96&d=mm&r=g","contentUrl":"https:\/\/secure.gravatar.com\/avatar\/f81f58ad909e8a213ab0a690f6ed65e5c0e0e2274bf35ac49ff31d7988d483ce?s=96&d=mm&r=g","caption":"Vitor Silva"},"logo":{"@id":"https:\/\/secure.gravatar.com\/avatar\/f81f58ad909e8a213ab0a690f6ed65e5c0e0e2274bf35ac49ff31d7988d483ce?s=96&d=mm&r=g"},"sameAs":["https:\/\/www.linkedin.com\/in\/vitormrsilva","https:\/\/x.com\/vitorsilva"]}]}},"_links":{"self":[{"href":"https:\/\/osmeusapontamentos.com\/index.php\/wp-json\/wp\/v2\/posts\/1427","targetHints":{"allow":["GET"]}}],"collection":[{"href":"https:\/\/osmeusapontamentos.com\/index.php\/wp-json\/wp\/v2\/posts"}],"about":[{"href":"https:\/\/osmeusapontamentos.com\/index.php\/wp-json\/wp\/v2\/types\/post"}],"author":[{"embeddable":true,"href":"https:\/\/osmeusapontamentos.com\/index.php\/wp-json\/wp\/v2\/users\/1"}],"replies":[{"embeddable":true,"href":"https:\/\/osmeusapontamentos.com\/index.php\/wp-json\/wp\/v2\/comments?post=1427"}],"version-history":[{"count":0,"href":"https:\/\/osmeusapontamentos.com\/index.php\/wp-json\/wp\/v2\/posts\/1427\/revisions"}],"wp:attachment":[{"href":"https:\/\/osmeusapontamentos.com\/index.php\/wp-json\/wp\/v2\/media?parent=1427"}],"wp:term":[{"taxonomy":"category","embeddable":true,"href":"https:\/\/osmeusapontamentos.com\/index.php\/wp-json\/wp\/v2\/categories?post=1427"},{"taxonomy":"post_tag","embeddable":true,"href":"https:\/\/osmeusapontamentos.com\/index.php\/wp-json\/wp\/v2\/tags?post=1427"}],"curies":[{"name":"wp","href":"https:\/\/api.w.org\/{rel}","templated":true}]}}