{"id":1419,"date":"2009-05-08T12:34:48","date_gmt":"2009-05-08T12:34:48","guid":{"rendered":"http:\/\/osmeusapontamentos.com\/?p=1419"},"modified":"2009-05-08T12:34:48","modified_gmt":"2009-05-08T12:34:48","slug":"olhares-cruzados-vi-4","status":"publish","type":"post","link":"https:\/\/osmeusapontamentos.com\/index.php\/2009\/05\/08\/olhares-cruzados-vi-4\/","title":{"rendered":"Olhares Cruzados VI #4"},"content":{"rendered":"<p>Notas sobre a quarta sess\u00e3o da sexta edi\u00e7\u00e3o dos <a href=\"http:\/\/www.porto.ucp.pt\/site\/custom\/template\/ucptplpag.asp?SSPAGEID=284&amp;lang=1&amp;artigoID=1992\">Olhares Cruzados<\/a> na Universidade Cat\u00f3lica (Porto) realizada no dia 16-abril-2009 com o tema \u201cA Regionaliza\u00e7\u00e3o e as Prioridades de Norte\u201d<\/p>\n<p>Ant\u00f3nio Figueiredo<\/p>\n<ul>\n<li>3 crises: internacional; nacional; regional<\/li>\n<li>aprofundar o crescimento democr\u00e1tico<\/li>\n<li>presta\u00e7\u00e3o de contas<\/li>\n<li>transpar\u00eancia da ac\u00e7\u00e3o pol\u00edtica<\/li>\n<li>constru\u00e7\u00e3o social<\/li>\n<li>processo de aprendizagem<\/li>\n<li>s\u00f3 podemos aperfei\u00e7oar com aprendizagem<\/li>\n<li>quadro favor\u00e1vel ao desenvolvimento<\/li>\n<li>mitos:\n<ul>\n<li>regionaliza\u00e7\u00e3o fonte de despesismo &#8211; \u00e9 poss\u00edvel encarar processo como racionaliza\u00e7\u00e3o pol\u00edtica<\/li>\n<li>endividamento &#8211; definir limite<\/li>\n<li>fonte multiplicadora de exemplos negativos de uma classe politica inimput\u00e1vel =&gt; regionaliza\u00e7\u00e3o como processo de rejuvenescimento da classe pol\u00edtica<\/li>\n<li>custos transac\u00e7\u00e3o vs perda da unidade nacional<\/li>\n<li>n\u00e3o se justifica numa economia pequena =&gt; pa\u00eds est\u00e1 dependente dos servi\u00e7os e bens transaccion\u00e1veis. potencial de internacionaliza\u00e7\u00e3o do norte diferente do de lisboa<\/li>\n<li>tecnologias =&gt; local \/ global<\/li>\n<li>n\u00e3o estamos no momento ideal =&gt; crescer primeiro e redistribuir depoi<\/li>\n<\/ul>\n<\/li>\n<li>invers\u00e3o do \u00f3nus da prova &#8211; n\u00e3o podemos debater a regionaliza\u00e7\u00e3o como se n\u00e3o tivessem passado 10 anos<\/li>\n<li>normalmente &gt;50% da despesa p\u00fablica realizada a partir de niveis de decis\u00e3o inferiores \u00e0 adm. central&#8230; portugal +\/- 11%<\/li>\n<li>municipio dever\u00e1 perder algum tipo de influ\u00eancia<\/li>\n<li>regi\u00f5es fundamentais para criar racionalidades<\/li>\n<li>regi\u00e3o \u00e9 constru\u00e7\u00e3o social. n\u00e3o se decreta, aprende-se<\/li>\n<\/ul>\n<p>Valente de Oliveira<\/p>\n<ul>\n<li>o cata-vento n\u00e3o muda, o que muda \u00e9 o vento&#8230;<\/li>\n<li>pa\u00eds de desanimados<\/li>\n<li>necess\u00e1rio novos e mais interpretes<\/li>\n<li>tem havido um agravamento dos percursos de decis\u00e3o, dos tempos que levam a ser tomadas e de decis\u00f5es que s\u00e3o esquecidas<\/li>\n<li>exist\u00eancia de regi\u00f5es permitiria encontrar equil\u00edbrios sensatos<\/li>\n<li>portugueses n\u00e3o sabem conviver, sublinham as divis\u00f5es<\/li>\n<li>necess\u00e1rio encontrar formas de encontro<\/li>\n<\/ul>\n<p>Nogueira Leite<\/p>\n<ul>\n<li>regionaliza\u00e7\u00e3o \u00e9 um tema rom\u00e2ntico &#8211; procura de um caminho para uma regi\u00e3o que est\u00e1 em decad\u00eancia.<\/li>\n<li>regionaliza\u00e7\u00e3o n\u00e3o \u00e9 necessariamente solu\u00e7\u00e3o<\/li>\n<li>sagueza do decisor pol\u00edtico na decis\u00e3o de temas em que o contexto \u00e9 fundamental?<\/li>\n<li>problema actual \u00e9 do modelo de crescimento e n\u00e3o regionaliza\u00e7\u00e3o<\/li>\n<li>desigualdade inter-geracional. <a href=\"http:\/\/www.google.pt\/url?sa=t&amp;source=web&amp;ct=res&amp;cd=2&amp;url=http%3A%2F%2Fdiariodigital.sapo.pt%2Fdinheiro_digital%2Fnews.asp%3Fsection_id%3D1%26id_news%3D116345&amp;ei=WuX-SezkNIyX_Aa5gK2qBA&amp;usg=AFQjCNFHoisORC0fzU1CIxxvDySGH8LODg&amp;sig2=eIUm7CaE2AJi-pmhbQ_TQw\">d\u00edvida p\u00fablica<\/a> actual j\u00e1 dever\u00e1 andar nos 100% =&gt; 76,5 + 10% passivos n\u00e3o recuper\u00e1veis + 12\/15% PPP<\/li>\n<li>ignor\u00e2ncia m\u00e3e de todas as descontra\u00e7\u00f5es<\/li>\n<li>disparidade regional =&gt; disparidade de rendimentos e acessibilidade a alguns servi\u00e7os<\/li>\n<li>quest\u00e3o n\u00e3o \u00e9 a produ\u00e7\u00e3o mas sim equidade na distribui\u00e7\u00e3o de rendimentos<\/li>\n<li>deveria haver um limite constitucional \u00e0 despesa p\u00fablica =&gt; que s\u00e3o os impostos futuros<\/li>\n<li>as pessoas devem querer responsabilidade da despesa<\/li>\n<li>este assunto implica discuss\u00e3o com serenidade que o pa\u00eds n\u00e3o tem<\/li>\n<li>cada regi\u00e3o deve procurar estrat\u00e9gias diferentes<\/li>\n<li>regi\u00e3o piloto: deve ser dada a oportunidade \u00e0 regi\u00e3o Norte de criar uma regi\u00e3o piloto.<\/li>\n<\/ul>\n","protected":false},"excerpt":{"rendered":"<p>Notas sobre a quarta sess\u00e3o da sexta edi\u00e7\u00e3o dos Olhares Cruzados na Universidade Cat\u00f3lica (Porto) realizada no dia 16-abril-2009 com o tema \u201cA Regionaliza\u00e7\u00e3o e as Prioridades de Norte\u201d Ant\u00f3nio Figueiredo 3 crises: internacional; nacional; regional aprofundar o crescimento democr\u00e1tico presta\u00e7\u00e3o de contas transpar\u00eancia da ac\u00e7\u00e3o pol\u00edtica constru\u00e7\u00e3o social processo de aprendizagem s\u00f3 podemos aperfei\u00e7oar [&hellip;]<\/p>\n","protected":false},"author":1,"featured_media":0,"comment_status":"open","ping_status":"open","sticky":false,"template":"","format":"standard","meta":{"footnotes":""},"categories":[7],"tags":[52,53,658,665],"class_list":["post-1419","post","type-post","status-publish","format-standard","hentry","category-ler-ver-ouvir-passear","tag-antonio-figueiredo","tag-antonio-nogueira-leite","tag-universidade-catolica","tag-valente-de-oliveira"],"yoast_head":"<!-- This site is optimized with the Yoast SEO plugin v27.5 - https:\/\/yoast.com\/product\/yoast-seo-wordpress\/ -->\n<title>Olhares Cruzados VI #4 - Os Meus Apontamentos<\/title>\n<meta name=\"robots\" content=\"index, follow, max-snippet:-1, max-image-preview:large, max-video-preview:-1\" \/>\n<link rel=\"canonical\" href=\"https:\/\/osmeusapontamentos.com\/index.php\/2009\/05\/08\/olhares-cruzados-vi-4\/\" \/>\n<meta property=\"og:locale\" content=\"pt_PT\" \/>\n<meta property=\"og:type\" content=\"article\" \/>\n<meta property=\"og:title\" content=\"Olhares Cruzados VI #4 - Os Meus Apontamentos\" \/>\n<meta property=\"og:description\" content=\"Notas sobre a quarta sess\u00e3o da sexta edi\u00e7\u00e3o dos Olhares Cruzados na Universidade Cat\u00f3lica (Porto) realizada no dia 16-abril-2009 com o tema \u201cA Regionaliza\u00e7\u00e3o e as Prioridades de Norte\u201d Ant\u00f3nio Figueiredo 3 crises: internacional; nacional; regional aprofundar o crescimento democr\u00e1tico presta\u00e7\u00e3o de contas transpar\u00eancia da ac\u00e7\u00e3o pol\u00edtica constru\u00e7\u00e3o social processo de aprendizagem s\u00f3 podemos aperfei\u00e7oar [&hellip;]\" \/>\n<meta property=\"og:url\" content=\"https:\/\/osmeusapontamentos.com\/index.php\/2009\/05\/08\/olhares-cruzados-vi-4\/\" \/>\n<meta property=\"og:site_name\" content=\"Os Meus Apontamentos\" \/>\n<meta property=\"article:published_time\" content=\"2009-05-08T12:34:48+00:00\" \/>\n<meta name=\"author\" content=\"Vitor Silva\" \/>\n<meta name=\"twitter:card\" content=\"summary_large_image\" \/>\n<meta name=\"twitter:creator\" content=\"@vitorsilva\" \/>\n<meta name=\"twitter:site\" content=\"@vitorsilva\" \/>\n<meta name=\"twitter:label1\" content=\"Escrito por\" \/>\n\t<meta name=\"twitter:data1\" content=\"Vitor Silva\" \/>\n\t<meta name=\"twitter:label2\" content=\"Tempo estimado de leitura\" \/>\n\t<meta name=\"twitter:data2\" content=\"2 minutos\" \/>\n<script type=\"application\/ld+json\" class=\"yoast-schema-graph\">{\"@context\":\"https:\\\/\\\/schema.org\",\"@graph\":[{\"@type\":\"Article\",\"@id\":\"https:\\\/\\\/osmeusapontamentos.com\\\/index.php\\\/2009\\\/05\\\/08\\\/olhares-cruzados-vi-4\\\/#article\",\"isPartOf\":{\"@id\":\"https:\\\/\\\/osmeusapontamentos.com\\\/index.php\\\/2009\\\/05\\\/08\\\/olhares-cruzados-vi-4\\\/\"},\"author\":{\"name\":\"Vitor Silva\",\"@id\":\"https:\\\/\\\/osmeusapontamentos.com\\\/#\\\/schema\\\/person\\\/d508df9c3ffc8b4e64a18dbf0ba18dd8\"},\"headline\":\"Olhares Cruzados VI #4\",\"datePublished\":\"2009-05-08T12:34:48+00:00\",\"mainEntityOfPage\":{\"@id\":\"https:\\\/\\\/osmeusapontamentos.com\\\/index.php\\\/2009\\\/05\\\/08\\\/olhares-cruzados-vi-4\\\/\"},\"wordCount\":477,\"commentCount\":0,\"publisher\":{\"@id\":\"https:\\\/\\\/osmeusapontamentos.com\\\/#\\\/schema\\\/person\\\/d508df9c3ffc8b4e64a18dbf0ba18dd8\"},\"keywords\":[\"ant\u00f3nio figueiredo\",\"ant\u00f3nio nogueira leite\",\"universidade cat\u00f3lica\",\"valente de oliveira\"],\"articleSection\":[\"Ler\\\/ Ver\\\/ Ouvir\\\/ Passear\"],\"inLanguage\":\"pt-PT\",\"potentialAction\":[{\"@type\":\"CommentAction\",\"name\":\"Comment\",\"target\":[\"https:\\\/\\\/osmeusapontamentos.com\\\/index.php\\\/2009\\\/05\\\/08\\\/olhares-cruzados-vi-4\\\/#respond\"]}]},{\"@type\":\"WebPage\",\"@id\":\"https:\\\/\\\/osmeusapontamentos.com\\\/index.php\\\/2009\\\/05\\\/08\\\/olhares-cruzados-vi-4\\\/\",\"url\":\"https:\\\/\\\/osmeusapontamentos.com\\\/index.php\\\/2009\\\/05\\\/08\\\/olhares-cruzados-vi-4\\\/\",\"name\":\"Olhares Cruzados VI #4 - Os Meus Apontamentos\",\"isPartOf\":{\"@id\":\"https:\\\/\\\/osmeusapontamentos.com\\\/#website\"},\"datePublished\":\"2009-05-08T12:34:48+00:00\",\"breadcrumb\":{\"@id\":\"https:\\\/\\\/osmeusapontamentos.com\\\/index.php\\\/2009\\\/05\\\/08\\\/olhares-cruzados-vi-4\\\/#breadcrumb\"},\"inLanguage\":\"pt-PT\",\"potentialAction\":[{\"@type\":\"ReadAction\",\"target\":[\"https:\\\/\\\/osmeusapontamentos.com\\\/index.php\\\/2009\\\/05\\\/08\\\/olhares-cruzados-vi-4\\\/\"]}]},{\"@type\":\"BreadcrumbList\",\"@id\":\"https:\\\/\\\/osmeusapontamentos.com\\\/index.php\\\/2009\\\/05\\\/08\\\/olhares-cruzados-vi-4\\\/#breadcrumb\",\"itemListElement\":[{\"@type\":\"ListItem\",\"position\":1,\"name\":\"In\u00edcio\",\"item\":\"https:\\\/\\\/osmeusapontamentos.com\\\/\"},{\"@type\":\"ListItem\",\"position\":2,\"name\":\"Olhares Cruzados VI #4\"}]},{\"@type\":\"WebSite\",\"@id\":\"https:\\\/\\\/osmeusapontamentos.com\\\/#website\",\"url\":\"https:\\\/\\\/osmeusapontamentos.com\\\/\",\"name\":\"Os Meus Apontamentos\",\"description\":\"\",\"publisher\":{\"@id\":\"https:\\\/\\\/osmeusapontamentos.com\\\/#\\\/schema\\\/person\\\/d508df9c3ffc8b4e64a18dbf0ba18dd8\"},\"potentialAction\":[{\"@type\":\"SearchAction\",\"target\":{\"@type\":\"EntryPoint\",\"urlTemplate\":\"https:\\\/\\\/osmeusapontamentos.com\\\/?s={search_term_string}\"},\"query-input\":{\"@type\":\"PropertyValueSpecification\",\"valueRequired\":true,\"valueName\":\"search_term_string\"}}],\"inLanguage\":\"pt-PT\"},{\"@type\":[\"Person\",\"Organization\"],\"@id\":\"https:\\\/\\\/osmeusapontamentos.com\\\/#\\\/schema\\\/person\\\/d508df9c3ffc8b4e64a18dbf0ba18dd8\",\"name\":\"Vitor Silva\",\"image\":{\"@type\":\"ImageObject\",\"inLanguage\":\"pt-PT\",\"@id\":\"https:\\\/\\\/secure.gravatar.com\\\/avatar\\\/f81f58ad909e8a213ab0a690f6ed65e5c0e0e2274bf35ac49ff31d7988d483ce?s=96&d=mm&r=g\",\"url\":\"https:\\\/\\\/secure.gravatar.com\\\/avatar\\\/f81f58ad909e8a213ab0a690f6ed65e5c0e0e2274bf35ac49ff31d7988d483ce?s=96&d=mm&r=g\",\"contentUrl\":\"https:\\\/\\\/secure.gravatar.com\\\/avatar\\\/f81f58ad909e8a213ab0a690f6ed65e5c0e0e2274bf35ac49ff31d7988d483ce?s=96&d=mm&r=g\",\"caption\":\"Vitor Silva\"},\"logo\":{\"@id\":\"https:\\\/\\\/secure.gravatar.com\\\/avatar\\\/f81f58ad909e8a213ab0a690f6ed65e5c0e0e2274bf35ac49ff31d7988d483ce?s=96&d=mm&r=g\"},\"sameAs\":[\"https:\\\/\\\/www.linkedin.com\\\/in\\\/vitormrsilva\",\"https:\\\/\\\/x.com\\\/vitorsilva\"]}]}<\/script>\n<!-- \/ Yoast SEO plugin. -->","yoast_head_json":{"title":"Olhares Cruzados VI #4 - Os Meus Apontamentos","robots":{"index":"index","follow":"follow","max-snippet":"max-snippet:-1","max-image-preview":"max-image-preview:large","max-video-preview":"max-video-preview:-1"},"canonical":"https:\/\/osmeusapontamentos.com\/index.php\/2009\/05\/08\/olhares-cruzados-vi-4\/","og_locale":"pt_PT","og_type":"article","og_title":"Olhares Cruzados VI #4 - Os Meus Apontamentos","og_description":"Notas sobre a quarta sess\u00e3o da sexta edi\u00e7\u00e3o dos Olhares Cruzados na Universidade Cat\u00f3lica (Porto) realizada no dia 16-abril-2009 com o tema \u201cA Regionaliza\u00e7\u00e3o e as Prioridades de Norte\u201d Ant\u00f3nio Figueiredo 3 crises: internacional; nacional; regional aprofundar o crescimento democr\u00e1tico presta\u00e7\u00e3o de contas transpar\u00eancia da ac\u00e7\u00e3o pol\u00edtica constru\u00e7\u00e3o social processo de aprendizagem s\u00f3 podemos aperfei\u00e7oar [&hellip;]","og_url":"https:\/\/osmeusapontamentos.com\/index.php\/2009\/05\/08\/olhares-cruzados-vi-4\/","og_site_name":"Os Meus Apontamentos","article_published_time":"2009-05-08T12:34:48+00:00","author":"Vitor Silva","twitter_card":"summary_large_image","twitter_creator":"@vitorsilva","twitter_site":"@vitorsilva","twitter_misc":{"Escrito por":"Vitor Silva","Tempo estimado de leitura":"2 minutos"},"schema":{"@context":"https:\/\/schema.org","@graph":[{"@type":"Article","@id":"https:\/\/osmeusapontamentos.com\/index.php\/2009\/05\/08\/olhares-cruzados-vi-4\/#article","isPartOf":{"@id":"https:\/\/osmeusapontamentos.com\/index.php\/2009\/05\/08\/olhares-cruzados-vi-4\/"},"author":{"name":"Vitor Silva","@id":"https:\/\/osmeusapontamentos.com\/#\/schema\/person\/d508df9c3ffc8b4e64a18dbf0ba18dd8"},"headline":"Olhares Cruzados VI #4","datePublished":"2009-05-08T12:34:48+00:00","mainEntityOfPage":{"@id":"https:\/\/osmeusapontamentos.com\/index.php\/2009\/05\/08\/olhares-cruzados-vi-4\/"},"wordCount":477,"commentCount":0,"publisher":{"@id":"https:\/\/osmeusapontamentos.com\/#\/schema\/person\/d508df9c3ffc8b4e64a18dbf0ba18dd8"},"keywords":["ant\u00f3nio figueiredo","ant\u00f3nio nogueira leite","universidade cat\u00f3lica","valente de oliveira"],"articleSection":["Ler\/ Ver\/ Ouvir\/ Passear"],"inLanguage":"pt-PT","potentialAction":[{"@type":"CommentAction","name":"Comment","target":["https:\/\/osmeusapontamentos.com\/index.php\/2009\/05\/08\/olhares-cruzados-vi-4\/#respond"]}]},{"@type":"WebPage","@id":"https:\/\/osmeusapontamentos.com\/index.php\/2009\/05\/08\/olhares-cruzados-vi-4\/","url":"https:\/\/osmeusapontamentos.com\/index.php\/2009\/05\/08\/olhares-cruzados-vi-4\/","name":"Olhares Cruzados VI #4 - Os Meus Apontamentos","isPartOf":{"@id":"https:\/\/osmeusapontamentos.com\/#website"},"datePublished":"2009-05-08T12:34:48+00:00","breadcrumb":{"@id":"https:\/\/osmeusapontamentos.com\/index.php\/2009\/05\/08\/olhares-cruzados-vi-4\/#breadcrumb"},"inLanguage":"pt-PT","potentialAction":[{"@type":"ReadAction","target":["https:\/\/osmeusapontamentos.com\/index.php\/2009\/05\/08\/olhares-cruzados-vi-4\/"]}]},{"@type":"BreadcrumbList","@id":"https:\/\/osmeusapontamentos.com\/index.php\/2009\/05\/08\/olhares-cruzados-vi-4\/#breadcrumb","itemListElement":[{"@type":"ListItem","position":1,"name":"In\u00edcio","item":"https:\/\/osmeusapontamentos.com\/"},{"@type":"ListItem","position":2,"name":"Olhares Cruzados VI #4"}]},{"@type":"WebSite","@id":"https:\/\/osmeusapontamentos.com\/#website","url":"https:\/\/osmeusapontamentos.com\/","name":"Os Meus Apontamentos","description":"","publisher":{"@id":"https:\/\/osmeusapontamentos.com\/#\/schema\/person\/d508df9c3ffc8b4e64a18dbf0ba18dd8"},"potentialAction":[{"@type":"SearchAction","target":{"@type":"EntryPoint","urlTemplate":"https:\/\/osmeusapontamentos.com\/?s={search_term_string}"},"query-input":{"@type":"PropertyValueSpecification","valueRequired":true,"valueName":"search_term_string"}}],"inLanguage":"pt-PT"},{"@type":["Person","Organization"],"@id":"https:\/\/osmeusapontamentos.com\/#\/schema\/person\/d508df9c3ffc8b4e64a18dbf0ba18dd8","name":"Vitor Silva","image":{"@type":"ImageObject","inLanguage":"pt-PT","@id":"https:\/\/secure.gravatar.com\/avatar\/f81f58ad909e8a213ab0a690f6ed65e5c0e0e2274bf35ac49ff31d7988d483ce?s=96&d=mm&r=g","url":"https:\/\/secure.gravatar.com\/avatar\/f81f58ad909e8a213ab0a690f6ed65e5c0e0e2274bf35ac49ff31d7988d483ce?s=96&d=mm&r=g","contentUrl":"https:\/\/secure.gravatar.com\/avatar\/f81f58ad909e8a213ab0a690f6ed65e5c0e0e2274bf35ac49ff31d7988d483ce?s=96&d=mm&r=g","caption":"Vitor Silva"},"logo":{"@id":"https:\/\/secure.gravatar.com\/avatar\/f81f58ad909e8a213ab0a690f6ed65e5c0e0e2274bf35ac49ff31d7988d483ce?s=96&d=mm&r=g"},"sameAs":["https:\/\/www.linkedin.com\/in\/vitormrsilva","https:\/\/x.com\/vitorsilva"]}]}},"_links":{"self":[{"href":"https:\/\/osmeusapontamentos.com\/index.php\/wp-json\/wp\/v2\/posts\/1419","targetHints":{"allow":["GET"]}}],"collection":[{"href":"https:\/\/osmeusapontamentos.com\/index.php\/wp-json\/wp\/v2\/posts"}],"about":[{"href":"https:\/\/osmeusapontamentos.com\/index.php\/wp-json\/wp\/v2\/types\/post"}],"author":[{"embeddable":true,"href":"https:\/\/osmeusapontamentos.com\/index.php\/wp-json\/wp\/v2\/users\/1"}],"replies":[{"embeddable":true,"href":"https:\/\/osmeusapontamentos.com\/index.php\/wp-json\/wp\/v2\/comments?post=1419"}],"version-history":[{"count":0,"href":"https:\/\/osmeusapontamentos.com\/index.php\/wp-json\/wp\/v2\/posts\/1419\/revisions"}],"wp:attachment":[{"href":"https:\/\/osmeusapontamentos.com\/index.php\/wp-json\/wp\/v2\/media?parent=1419"}],"wp:term":[{"taxonomy":"category","embeddable":true,"href":"https:\/\/osmeusapontamentos.com\/index.php\/wp-json\/wp\/v2\/categories?post=1419"},{"taxonomy":"post_tag","embeddable":true,"href":"https:\/\/osmeusapontamentos.com\/index.php\/wp-json\/wp\/v2\/tags?post=1419"}],"curies":[{"name":"wp","href":"https:\/\/api.w.org\/{rel}","templated":true}]}}