{"id":1397,"date":"2009-04-24T00:37:32","date_gmt":"2009-04-24T00:37:32","guid":{"rendered":"http:\/\/osmeusapontamentos.com\/?p=1397"},"modified":"2009-04-24T00:37:32","modified_gmt":"2009-04-24T00:37:32","slug":"politica-aberta-no-porto-europeias-2","status":"publish","type":"post","link":"https:\/\/osmeusapontamentos.com\/index.php\/2009\/04\/24\/politica-aberta-no-porto-europeias-2\/","title":{"rendered":"Pol\u00edtica Aberta no Porto &#8211; Europeias"},"content":{"rendered":"<p>Revendo o <a href=\"http:\/\/www.porto.taf.net\/dp\/node\/5150\">plano de trabalho para esta semana<\/a> que detalhei anteriormente:<br \/>\n1. definir data;<br \/>\n2. garantir local;<br \/>\n3. definir programa;<br \/>\n4. garantir alguns participantes;<br \/>\n5. publicitar ideia fora da cidade do Porto;<br \/>\n6. publicitar ideia fora da blogosfera.<\/p>\n<p>Posso dizer que j\u00e1 falei com alguns potenciais participantes e iniciei o processo mais formal de contactar os diferentes partidos, tendo para isso enviado emails para as suas estruturas nacionais e distritais do Porto (sempre que poss\u00edvel, ou seja, desde que tenha encontrado no site o seu email) &#8211; <a href=\"http:\/\/www.porto.taf.net\/dp\/files\/20090423-programa-pa.pdf\">ver documento<\/a>. Estou tamb\u00e9m a trabalhar no sentido de conseguir rapidamente definir o local deste evento mas tamb\u00e9m ainda n\u00e3o tenho nenhuma decis\u00e3o final.<\/p>\n<p>J\u00e1 sabia que esta ia ser uma semana stressante e o facto de ainda n\u00e3o ter nenhuma certeza \u00e9 naturalmente preocupante&#8230; at\u00e9 porque como me disseram &#8220;dia 16 de Maio \u00e9 j\u00e1 amanh\u00e3&#8221;. De facto n\u00e3o tenho no\u00e7\u00e3o do tipo de agenda que um pol\u00edtico tem e de como ela \u00e9 gerida. Essa foi ali\u00e1s uma das raz\u00f5es que me levou a tentar organizar este tipo de evento&#8230; perceber melhor o que fazem os nossos representantes. Aquilo que preciso mais neste momento \u00e9 de contactos directos com potenciais participantes. Se conhecerem algu\u00e9m que gostassem que fizesse parte dos convidados enviem-lhe os meus contactos: blog, twitter ou ent\u00e3o enviar um mail para o blog da Baixa do Porto a pedir o meu email.<\/p>\n<p>Estamos de facto a trabalhar contra o tempo&#8230; mas estamos a trabalhar&#8230; J\u00e1 agora, esta \u00faltima frase foi no plural porque de facto j\u00e1 tive apoio de outras pessoas a quem agrade\u00e7o imenso toda a ajuda que t\u00eam dado.<br \/>\n&#8212;<\/p>\n","protected":false},"excerpt":{"rendered":"<p>Revendo o plano de trabalho para esta semana que detalhei anteriormente: 1. definir data; 2. garantir local; 3. definir programa; 4. garantir alguns participantes; 5. publicitar ideia fora da cidade do Porto; 6. publicitar ideia fora da blogosfera. Posso dizer que j\u00e1 falei com alguns potenciais participantes e iniciei o processo mais formal de contactar [&hellip;]<\/p>\n","protected":false},"author":1,"featured_media":0,"comment_status":"open","ping_status":"open","sticky":false,"template":"","format":"standard","meta":{"footnotes":""},"categories":[7],"tags":[134,241,482,518,524],"class_list":["post-1397","post","type-post","status-publish","format-standard","hentry","category-ler-ver-ouvir-passear","tag-cidadania","tag-europeias","tag-parlamento-europeu","tag-politica","tag-porto"],"yoast_head":"<!-- This site is optimized with the Yoast SEO plugin v27.5 - https:\/\/yoast.com\/product\/yoast-seo-wordpress\/ -->\n<title>Pol\u00edtica Aberta no Porto - Europeias - Os Meus Apontamentos<\/title>\n<meta name=\"robots\" content=\"index, follow, max-snippet:-1, max-image-preview:large, max-video-preview:-1\" \/>\n<link rel=\"canonical\" href=\"https:\/\/osmeusapontamentos.com\/index.php\/2009\/04\/24\/politica-aberta-no-porto-europeias-2\/\" \/>\n<meta property=\"og:locale\" content=\"pt_PT\" \/>\n<meta property=\"og:type\" content=\"article\" \/>\n<meta property=\"og:title\" content=\"Pol\u00edtica Aberta no Porto - Europeias - Os Meus Apontamentos\" \/>\n<meta property=\"og:description\" content=\"Revendo o plano de trabalho para esta semana que detalhei anteriormente: 1. definir data; 2. garantir local; 3. definir programa; 4. garantir alguns participantes; 5. publicitar ideia fora da cidade do Porto; 6. publicitar ideia fora da blogosfera. Posso dizer que j\u00e1 falei com alguns potenciais participantes e iniciei o processo mais formal de contactar [&hellip;]\" \/>\n<meta property=\"og:url\" content=\"https:\/\/osmeusapontamentos.com\/index.php\/2009\/04\/24\/politica-aberta-no-porto-europeias-2\/\" \/>\n<meta property=\"og:site_name\" content=\"Os Meus Apontamentos\" \/>\n<meta property=\"article:published_time\" content=\"2009-04-24T00:37:32+00:00\" \/>\n<meta name=\"author\" content=\"Vitor Silva\" \/>\n<meta name=\"twitter:card\" content=\"summary_large_image\" \/>\n<meta name=\"twitter:creator\" content=\"@vitorsilva\" \/>\n<meta name=\"twitter:site\" content=\"@vitorsilva\" \/>\n<meta name=\"twitter:label1\" content=\"Escrito por\" \/>\n\t<meta name=\"twitter:data1\" content=\"Vitor Silva\" \/>\n\t<meta name=\"twitter:label2\" content=\"Tempo estimado de leitura\" \/>\n\t<meta name=\"twitter:data2\" content=\"1 minuto\" \/>\n<script type=\"application\/ld+json\" class=\"yoast-schema-graph\">{\"@context\":\"https:\\\/\\\/schema.org\",\"@graph\":[{\"@type\":\"Article\",\"@id\":\"https:\\\/\\\/osmeusapontamentos.com\\\/index.php\\\/2009\\\/04\\\/24\\\/politica-aberta-no-porto-europeias-2\\\/#article\",\"isPartOf\":{\"@id\":\"https:\\\/\\\/osmeusapontamentos.com\\\/index.php\\\/2009\\\/04\\\/24\\\/politica-aberta-no-porto-europeias-2\\\/\"},\"author\":{\"name\":\"Vitor Silva\",\"@id\":\"https:\\\/\\\/osmeusapontamentos.com\\\/#\\\/schema\\\/person\\\/d508df9c3ffc8b4e64a18dbf0ba18dd8\"},\"headline\":\"Pol\u00edtica Aberta no Porto &#8211; Europeias\",\"datePublished\":\"2009-04-24T00:37:32+00:00\",\"mainEntityOfPage\":{\"@id\":\"https:\\\/\\\/osmeusapontamentos.com\\\/index.php\\\/2009\\\/04\\\/24\\\/politica-aberta-no-porto-europeias-2\\\/\"},\"wordCount\":284,\"commentCount\":0,\"publisher\":{\"@id\":\"https:\\\/\\\/osmeusapontamentos.com\\\/#\\\/schema\\\/person\\\/d508df9c3ffc8b4e64a18dbf0ba18dd8\"},\"keywords\":[\"cidadania\",\"europeias\",\"parlamento europeu\",\"pol\u00edtica\",\"porto\"],\"articleSection\":[\"Ler\\\/ Ver\\\/ Ouvir\\\/ Passear\"],\"inLanguage\":\"pt-PT\",\"potentialAction\":[{\"@type\":\"CommentAction\",\"name\":\"Comment\",\"target\":[\"https:\\\/\\\/osmeusapontamentos.com\\\/index.php\\\/2009\\\/04\\\/24\\\/politica-aberta-no-porto-europeias-2\\\/#respond\"]}]},{\"@type\":\"WebPage\",\"@id\":\"https:\\\/\\\/osmeusapontamentos.com\\\/index.php\\\/2009\\\/04\\\/24\\\/politica-aberta-no-porto-europeias-2\\\/\",\"url\":\"https:\\\/\\\/osmeusapontamentos.com\\\/index.php\\\/2009\\\/04\\\/24\\\/politica-aberta-no-porto-europeias-2\\\/\",\"name\":\"Pol\u00edtica Aberta no Porto - Europeias - Os Meus Apontamentos\",\"isPartOf\":{\"@id\":\"https:\\\/\\\/osmeusapontamentos.com\\\/#website\"},\"datePublished\":\"2009-04-24T00:37:32+00:00\",\"breadcrumb\":{\"@id\":\"https:\\\/\\\/osmeusapontamentos.com\\\/index.php\\\/2009\\\/04\\\/24\\\/politica-aberta-no-porto-europeias-2\\\/#breadcrumb\"},\"inLanguage\":\"pt-PT\",\"potentialAction\":[{\"@type\":\"ReadAction\",\"target\":[\"https:\\\/\\\/osmeusapontamentos.com\\\/index.php\\\/2009\\\/04\\\/24\\\/politica-aberta-no-porto-europeias-2\\\/\"]}]},{\"@type\":\"BreadcrumbList\",\"@id\":\"https:\\\/\\\/osmeusapontamentos.com\\\/index.php\\\/2009\\\/04\\\/24\\\/politica-aberta-no-porto-europeias-2\\\/#breadcrumb\",\"itemListElement\":[{\"@type\":\"ListItem\",\"position\":1,\"name\":\"In\u00edcio\",\"item\":\"https:\\\/\\\/osmeusapontamentos.com\\\/\"},{\"@type\":\"ListItem\",\"position\":2,\"name\":\"Pol\u00edtica Aberta no Porto &#8211; Europeias\"}]},{\"@type\":\"WebSite\",\"@id\":\"https:\\\/\\\/osmeusapontamentos.com\\\/#website\",\"url\":\"https:\\\/\\\/osmeusapontamentos.com\\\/\",\"name\":\"Os Meus Apontamentos\",\"description\":\"\",\"publisher\":{\"@id\":\"https:\\\/\\\/osmeusapontamentos.com\\\/#\\\/schema\\\/person\\\/d508df9c3ffc8b4e64a18dbf0ba18dd8\"},\"potentialAction\":[{\"@type\":\"SearchAction\",\"target\":{\"@type\":\"EntryPoint\",\"urlTemplate\":\"https:\\\/\\\/osmeusapontamentos.com\\\/?s={search_term_string}\"},\"query-input\":{\"@type\":\"PropertyValueSpecification\",\"valueRequired\":true,\"valueName\":\"search_term_string\"}}],\"inLanguage\":\"pt-PT\"},{\"@type\":[\"Person\",\"Organization\"],\"@id\":\"https:\\\/\\\/osmeusapontamentos.com\\\/#\\\/schema\\\/person\\\/d508df9c3ffc8b4e64a18dbf0ba18dd8\",\"name\":\"Vitor Silva\",\"image\":{\"@type\":\"ImageObject\",\"inLanguage\":\"pt-PT\",\"@id\":\"https:\\\/\\\/secure.gravatar.com\\\/avatar\\\/f81f58ad909e8a213ab0a690f6ed65e5c0e0e2274bf35ac49ff31d7988d483ce?s=96&d=mm&r=g\",\"url\":\"https:\\\/\\\/secure.gravatar.com\\\/avatar\\\/f81f58ad909e8a213ab0a690f6ed65e5c0e0e2274bf35ac49ff31d7988d483ce?s=96&d=mm&r=g\",\"contentUrl\":\"https:\\\/\\\/secure.gravatar.com\\\/avatar\\\/f81f58ad909e8a213ab0a690f6ed65e5c0e0e2274bf35ac49ff31d7988d483ce?s=96&d=mm&r=g\",\"caption\":\"Vitor Silva\"},\"logo\":{\"@id\":\"https:\\\/\\\/secure.gravatar.com\\\/avatar\\\/f81f58ad909e8a213ab0a690f6ed65e5c0e0e2274bf35ac49ff31d7988d483ce?s=96&d=mm&r=g\"},\"sameAs\":[\"https:\\\/\\\/www.linkedin.com\\\/in\\\/vitormrsilva\",\"https:\\\/\\\/x.com\\\/vitorsilva\"]}]}<\/script>\n<!-- \/ Yoast SEO plugin. -->","yoast_head_json":{"title":"Pol\u00edtica Aberta no Porto - Europeias - Os Meus Apontamentos","robots":{"index":"index","follow":"follow","max-snippet":"max-snippet:-1","max-image-preview":"max-image-preview:large","max-video-preview":"max-video-preview:-1"},"canonical":"https:\/\/osmeusapontamentos.com\/index.php\/2009\/04\/24\/politica-aberta-no-porto-europeias-2\/","og_locale":"pt_PT","og_type":"article","og_title":"Pol\u00edtica Aberta no Porto - Europeias - Os Meus Apontamentos","og_description":"Revendo o plano de trabalho para esta semana que detalhei anteriormente: 1. definir data; 2. garantir local; 3. definir programa; 4. garantir alguns participantes; 5. publicitar ideia fora da cidade do Porto; 6. publicitar ideia fora da blogosfera. Posso dizer que j\u00e1 falei com alguns potenciais participantes e iniciei o processo mais formal de contactar [&hellip;]","og_url":"https:\/\/osmeusapontamentos.com\/index.php\/2009\/04\/24\/politica-aberta-no-porto-europeias-2\/","og_site_name":"Os Meus Apontamentos","article_published_time":"2009-04-24T00:37:32+00:00","author":"Vitor Silva","twitter_card":"summary_large_image","twitter_creator":"@vitorsilva","twitter_site":"@vitorsilva","twitter_misc":{"Escrito por":"Vitor Silva","Tempo estimado de leitura":"1 minuto"},"schema":{"@context":"https:\/\/schema.org","@graph":[{"@type":"Article","@id":"https:\/\/osmeusapontamentos.com\/index.php\/2009\/04\/24\/politica-aberta-no-porto-europeias-2\/#article","isPartOf":{"@id":"https:\/\/osmeusapontamentos.com\/index.php\/2009\/04\/24\/politica-aberta-no-porto-europeias-2\/"},"author":{"name":"Vitor Silva","@id":"https:\/\/osmeusapontamentos.com\/#\/schema\/person\/d508df9c3ffc8b4e64a18dbf0ba18dd8"},"headline":"Pol\u00edtica Aberta no Porto &#8211; Europeias","datePublished":"2009-04-24T00:37:32+00:00","mainEntityOfPage":{"@id":"https:\/\/osmeusapontamentos.com\/index.php\/2009\/04\/24\/politica-aberta-no-porto-europeias-2\/"},"wordCount":284,"commentCount":0,"publisher":{"@id":"https:\/\/osmeusapontamentos.com\/#\/schema\/person\/d508df9c3ffc8b4e64a18dbf0ba18dd8"},"keywords":["cidadania","europeias","parlamento europeu","pol\u00edtica","porto"],"articleSection":["Ler\/ Ver\/ Ouvir\/ Passear"],"inLanguage":"pt-PT","potentialAction":[{"@type":"CommentAction","name":"Comment","target":["https:\/\/osmeusapontamentos.com\/index.php\/2009\/04\/24\/politica-aberta-no-porto-europeias-2\/#respond"]}]},{"@type":"WebPage","@id":"https:\/\/osmeusapontamentos.com\/index.php\/2009\/04\/24\/politica-aberta-no-porto-europeias-2\/","url":"https:\/\/osmeusapontamentos.com\/index.php\/2009\/04\/24\/politica-aberta-no-porto-europeias-2\/","name":"Pol\u00edtica Aberta no Porto - Europeias - Os Meus Apontamentos","isPartOf":{"@id":"https:\/\/osmeusapontamentos.com\/#website"},"datePublished":"2009-04-24T00:37:32+00:00","breadcrumb":{"@id":"https:\/\/osmeusapontamentos.com\/index.php\/2009\/04\/24\/politica-aberta-no-porto-europeias-2\/#breadcrumb"},"inLanguage":"pt-PT","potentialAction":[{"@type":"ReadAction","target":["https:\/\/osmeusapontamentos.com\/index.php\/2009\/04\/24\/politica-aberta-no-porto-europeias-2\/"]}]},{"@type":"BreadcrumbList","@id":"https:\/\/osmeusapontamentos.com\/index.php\/2009\/04\/24\/politica-aberta-no-porto-europeias-2\/#breadcrumb","itemListElement":[{"@type":"ListItem","position":1,"name":"In\u00edcio","item":"https:\/\/osmeusapontamentos.com\/"},{"@type":"ListItem","position":2,"name":"Pol\u00edtica Aberta no Porto &#8211; Europeias"}]},{"@type":"WebSite","@id":"https:\/\/osmeusapontamentos.com\/#website","url":"https:\/\/osmeusapontamentos.com\/","name":"Os Meus Apontamentos","description":"","publisher":{"@id":"https:\/\/osmeusapontamentos.com\/#\/schema\/person\/d508df9c3ffc8b4e64a18dbf0ba18dd8"},"potentialAction":[{"@type":"SearchAction","target":{"@type":"EntryPoint","urlTemplate":"https:\/\/osmeusapontamentos.com\/?s={search_term_string}"},"query-input":{"@type":"PropertyValueSpecification","valueRequired":true,"valueName":"search_term_string"}}],"inLanguage":"pt-PT"},{"@type":["Person","Organization"],"@id":"https:\/\/osmeusapontamentos.com\/#\/schema\/person\/d508df9c3ffc8b4e64a18dbf0ba18dd8","name":"Vitor Silva","image":{"@type":"ImageObject","inLanguage":"pt-PT","@id":"https:\/\/secure.gravatar.com\/avatar\/f81f58ad909e8a213ab0a690f6ed65e5c0e0e2274bf35ac49ff31d7988d483ce?s=96&d=mm&r=g","url":"https:\/\/secure.gravatar.com\/avatar\/f81f58ad909e8a213ab0a690f6ed65e5c0e0e2274bf35ac49ff31d7988d483ce?s=96&d=mm&r=g","contentUrl":"https:\/\/secure.gravatar.com\/avatar\/f81f58ad909e8a213ab0a690f6ed65e5c0e0e2274bf35ac49ff31d7988d483ce?s=96&d=mm&r=g","caption":"Vitor Silva"},"logo":{"@id":"https:\/\/secure.gravatar.com\/avatar\/f81f58ad909e8a213ab0a690f6ed65e5c0e0e2274bf35ac49ff31d7988d483ce?s=96&d=mm&r=g"},"sameAs":["https:\/\/www.linkedin.com\/in\/vitormrsilva","https:\/\/x.com\/vitorsilva"]}]}},"_links":{"self":[{"href":"https:\/\/osmeusapontamentos.com\/index.php\/wp-json\/wp\/v2\/posts\/1397","targetHints":{"allow":["GET"]}}],"collection":[{"href":"https:\/\/osmeusapontamentos.com\/index.php\/wp-json\/wp\/v2\/posts"}],"about":[{"href":"https:\/\/osmeusapontamentos.com\/index.php\/wp-json\/wp\/v2\/types\/post"}],"author":[{"embeddable":true,"href":"https:\/\/osmeusapontamentos.com\/index.php\/wp-json\/wp\/v2\/users\/1"}],"replies":[{"embeddable":true,"href":"https:\/\/osmeusapontamentos.com\/index.php\/wp-json\/wp\/v2\/comments?post=1397"}],"version-history":[{"count":0,"href":"https:\/\/osmeusapontamentos.com\/index.php\/wp-json\/wp\/v2\/posts\/1397\/revisions"}],"wp:attachment":[{"href":"https:\/\/osmeusapontamentos.com\/index.php\/wp-json\/wp\/v2\/media?parent=1397"}],"wp:term":[{"taxonomy":"category","embeddable":true,"href":"https:\/\/osmeusapontamentos.com\/index.php\/wp-json\/wp\/v2\/categories?post=1397"},{"taxonomy":"post_tag","embeddable":true,"href":"https:\/\/osmeusapontamentos.com\/index.php\/wp-json\/wp\/v2\/tags?post=1397"}],"curies":[{"name":"wp","href":"https:\/\/api.w.org\/{rel}","templated":true}]}}