{"id":1395,"date":"2009-04-20T09:39:57","date_gmt":"2009-04-20T09:39:57","guid":{"rendered":"http:\/\/osmeusapontamentos.com\/?p=1395"},"modified":"2009-04-20T09:39:57","modified_gmt":"2009-04-20T09:39:57","slug":"politica-aberta-no-porto-europeias","status":"publish","type":"post","link":"https:\/\/osmeusapontamentos.com\/index.php\/2009\/04\/20\/politica-aberta-no-porto-europeias\/","title":{"rendered":"Pol\u00edtica Aberta no Porto &#8211; Europeias"},"content":{"rendered":"<p>Plano de Trabalho para a 2\u00aa semana<\/p>\n<p>Duas semanas depois de ter pensado em organizar este evento e uma semana depois de o publicitar <a href=\"http:\/\/www.porto.taf.net\/dp\/node\/5136\">n&#8217;A Baixa do Porto<\/a> n\u00e3o tenho grandes d\u00favidas que ele tem todas as possibilidades de se realizar. Espero que n\u00e3o considerem esta afirma\u00e7\u00e3o t\u00e3o perempt\u00f3ria como arrog\u00e2ncia mas sim como resultado:<\/p>\n<ul>\n<li>&#8211; do contacto directo que tive de 4 pessoas via email e blog &#8211; e posso dizer que em troca de emails com alguns colegas no in\u00edcio deste processo tinha dito que ficava satisfeito se conseguisse o contacto de 2\/3 pessoas<\/li>\n<li>&#8211; do contacto pessoal que forcei com alguns palestrantes das confer\u00eancias a que assisti nos \u00faltimos dias &#8211; <a href=\"http:\/\/www.porto.ucp.pt\/site\/custom\/template\/ucptplpag.asp?SSPAGEID=284&amp;lang=1&amp;artigoID=1992\">Olhares Cruzados<\/a> e <a href=\"http:\/\/in-ner-city.blogspot.com\/\">Inner-City<\/a>.<\/li>\n<\/ul>\n<p>Claro que ainda podem surgir contratempos de \u00faltima hora que impossibilitem de todo este processo mas de facto n\u00e3o estou a contar com isso.<\/p>\n<p>Objectivos para esta semana<br \/>\n1. definir data; 2. garantir local; 3. definir programa; 4. garantir alguns participantes; 5. publicitar ideia fora da cidade do Porto; 6. publicitar ideia fora da blogosfera.<\/p>\n<p><b>1. Definir data<\/b><br \/>\nData proposta &#8211; 16-Maio<br \/>\ntendo em conta que a <a href=\"http:\/\/jn.sapo.pt\/PaginaInicial\/Interior.aspx?content_id=1196624\">campanha eleitoral<\/a> vai decorrer entre 25 de Maio e 5 de Junho parece-me que 16-Maio ou 23-Maio seriam duas datas poss\u00edveis. Pessoalmente gostaria que fosse a 16-Maio. Isso quer dizer que faltariam 4 semanas para o evento se realizar.<\/p>\n<p><b>2. Garantir local<\/b><br \/>\nLocal Proposto &#8211; Biblioteca Municipal Almeida Garrett<\/p>\n<p>Ainda n\u00e3o contactei ningu\u00e9m a prop\u00f3sito disto, de qualquer forma a BMAG para mim tem um simbolismo muito grande e para al\u00e9m das quest\u00f5es pr\u00e1ticas (boa acessibilidade) e t\u00e9cnicas (instala\u00e7\u00e3o \u00e1udio \/ projector) associadas era de facto um gosto pessoal que a\u00ed fosse realizada. De qualquer forma outros locais como por exemplo o audit\u00f3rio da Universidade Cat\u00f3lica onde se t\u00eam realizado os Olhares Cruzados ou um dos (certamente) muitos audit\u00f3rios das diferentes faculdades \/ universidades existentes no Porto seriam locais bons para a organiza\u00e7\u00e3o deste evento. Um ponto importante aqui ser\u00e1 certamente o custo.<\/p>\n<p><b>3. Definir programa<\/b><br \/>\nTendo em conta os objectivos apresentados em outros posts, e considerando que \u00e9 poss\u00edvel que nem toda a gente possa\/queira assistir o dia inteiro, a minha proposta inicial \u00e9 a seguinte:<\/p>\n<p>09.30-10.30 aula sobre Europa<br \/>\n10.30-11.00 perguntas &amp; respostas<br \/>\n(intervalo)<br \/>\n11.15-12.15 experi\u00eancias de ex-deputados<br \/>\n12.15-13.15 perguntas &amp; respostas<\/p>\n<p>(almo\u00e7o)<br \/>\n14.45-15.45 apresenta\u00e7\u00e3o programas dos partidos<br \/>\n(intervalo)<br \/>\n16.00-17.00 perguntas &amp; respostas<br \/>\n(intervalo)<br \/>\n17.15-18.15 apresenta\u00e7\u00e3o propostas dos cidad\u00e3os<br \/>\n18.15-19.00 observa\u00e7\u00f5es dos candidatos<\/p>\n<p><b>4. Garantir alguns participantes<\/b><\/p>\n<p>Claro que todo este esfor\u00e7o ser\u00e1 em v\u00e3o se n\u00e3o tivermos a participa\u00e7\u00e3o de algu\u00e9m. Neste ponto parece-me que vou necessitar de algum tipo de apoio para:<\/p>\n<ul>\n<li>&#8211; chegar aos partidos &#8211; saber quem contactar para transmitir de forma eficaz a minha mensagem<\/li>\n<li>&#8211; descobrir quem s\u00e3o a\/as pessoas interessantes para ouvir sobre a europa<\/li>\n<\/ul>\n<p>Todos os contributos nesse sentido ser\u00e3o bem vindos.<\/p>\n<p><b>5. Publicitar ideia fora da cidade do Porto<\/b><br \/>\nParece-me que numa elei\u00e7\u00e3o deste g\u00e9nero em que h\u00e1 uma lista nacional por partido (acho eu) ao contr\u00e1rio de legislativas (distritos) e aut\u00e1rquicas (concelhos e freguesias) faz todo o sentido que ele seja aberto a mais do que a cidade do Porto como munic\u00edpio e mesmo mais do que a AMP. Por quest\u00f5es pr\u00e1ticas eu estaria a pensar incluir toda a regi\u00e3o abrangida pela Metro do Porto e Unidade de Comboios Urbanos da CP, ou seja P\u00f3voa de Varzim, Braga, Guimar\u00e3es, Marco de Canaveses, Aveiro. Como n\u00e3o conhe\u00e7o bem essas \u00e1reas precisava da vossa colabora\u00e7\u00e3o para:<\/p>\n<ul>\n<li>&#8211; descobrir pessoas \/ blogs \/ meios de comunica\u00e7\u00e3o dessas cidades \/ regi\u00f5es que possam divulgar esta iniciativa<\/li>\n<li>&#8211; descobrir pessoas \/ blogs \/ meios de comunica\u00e7\u00e3o dessas cidades \/ regi\u00f5es que queiram participar<\/li>\n<\/ul>\n<p>Para al\u00e9m disso gostava tamb\u00e9m de tentar um patroc\u00ednio quer da Metro do Porto quer da Unidade de Comboios Urbanos da CP de forma a financiar a viagem das pessoas que viessem dessas localidades. Se algu\u00e9m me souber redireccionar para as pessoas que tratam destas quest\u00f5es p.f. enviem-me um mail.<\/p>\n<p><b>6. Publicitar ideia fora da blogosfera<\/b><br \/>\nConsiderar que a blogosfera \u00e9 suficiente para publicitar este tipo de iniciativas \u00e9, na minha opini\u00e3o, um desperd\u00edcio de recursos. Tal como achar que o seu contributo n\u00e3o serve para nada o seria. Para conseguirmos uma boa exposi\u00e7\u00e3o medi\u00e1tica desta ideia o que \u00e9 necess\u00e1rio (acho eu claro) \u00e9 atingir os diferente meios: blogs, redes sociais, r\u00e1dios (locais e nacionais), jornais (locais e nacionais) e eventualmente a televis\u00e3o. \u00c9 uma das propostas que fica para esta semana. Quem puder ajudar nesta tarefa contacte-me.<\/p>\n<p>Finalmente e resumindo um pouco aquilo que foi feito at\u00e9 agora:<br \/>\nsemana 0<br \/>\n&#8211; troca de emails com alguns amigos para testar esta ideia<br \/>\nsemana 1<\/p>\n<p>&#8211; publica\u00e7\u00e3o de artigos no blog A Baixa do Porto<br \/>\n&#8211; interven\u00e7\u00e3o na parte de perguntas e respostas da confer\u00eancia Olhares Cruzados de forma a tentar publicitar esta ideia<br \/>\n&#8211; contacto directo com alguns intervenientes da confer\u00eancia Olhares Cruzados<br \/>\n&#8211; contacto directo com alguns intervenientes do projecto Inner City<br \/>\n&#8211; troca de emails com 2 pessoas que me contactaram via Baixa do Porto<\/p>\n<p>Nos pr\u00f3ximos dias vou detalhar mais aquilo que j\u00e1 pensei e (espero eu) incorporar as vossas sugest\u00f5es. Quem estiver dispon\u00edvel por favor contacte-me. Podem deixar-me alguma mensagem <a href=\"https:\/\/osmeusapontamentos.com\/\">no meu blog<\/a>, enviar uma mensagem via <a href=\"http:\/\/www.twitter.com\/vitorsilva\">twitter<\/a> ou ent\u00e3o enviar um mail para o blog da Baixa do Porto a pedir o meu contacto. J\u00e1 criei tamb\u00e9m um <a href=\"http:\/\/www.facebook.com\/group.php?gid=80956201583\">grupo no Facebook<\/a> para tentar chegar a mais pessoas.<\/p>\n<p>&#8212;<\/p>\n","protected":false},"excerpt":{"rendered":"<p>Plano de Trabalho para a 2\u00aa semana Duas semanas depois de ter pensado em organizar este evento e uma semana depois de o publicitar n&#8217;A Baixa do Porto n\u00e3o tenho grandes d\u00favidas que ele tem todas as possibilidades de se realizar. Espero que n\u00e3o considerem esta afirma\u00e7\u00e3o t\u00e3o perempt\u00f3ria como arrog\u00e2ncia mas sim como resultado: [&hellip;]<\/p>\n","protected":false},"author":1,"featured_media":0,"comment_status":"open","ping_status":"open","sticky":false,"template":"","format":"standard","meta":{"footnotes":""},"categories":[7],"tags":[134,241,482,518,524],"class_list":["post-1395","post","type-post","status-publish","format-standard","hentry","category-ler-ver-ouvir-passear","tag-cidadania","tag-europeias","tag-parlamento-europeu","tag-politica","tag-porto"],"yoast_head":"<!-- This site is optimized with the Yoast SEO plugin v27.5 - https:\/\/yoast.com\/product\/yoast-seo-wordpress\/ -->\n<title>Pol\u00edtica Aberta no Porto - Europeias - Os Meus Apontamentos<\/title>\n<meta name=\"robots\" content=\"index, follow, max-snippet:-1, max-image-preview:large, max-video-preview:-1\" \/>\n<link rel=\"canonical\" href=\"https:\/\/osmeusapontamentos.com\/index.php\/2009\/04\/20\/politica-aberta-no-porto-europeias\/\" \/>\n<meta property=\"og:locale\" content=\"pt_PT\" \/>\n<meta property=\"og:type\" content=\"article\" \/>\n<meta property=\"og:title\" content=\"Pol\u00edtica Aberta no Porto - Europeias - Os Meus Apontamentos\" \/>\n<meta property=\"og:description\" content=\"Plano de Trabalho para a 2\u00aa semana Duas semanas depois de ter pensado em organizar este evento e uma semana depois de o publicitar n&#8217;A Baixa do Porto n\u00e3o tenho grandes d\u00favidas que ele tem todas as possibilidades de se realizar. Espero que n\u00e3o considerem esta afirma\u00e7\u00e3o t\u00e3o perempt\u00f3ria como arrog\u00e2ncia mas sim como resultado: [&hellip;]\" \/>\n<meta property=\"og:url\" content=\"https:\/\/osmeusapontamentos.com\/index.php\/2009\/04\/20\/politica-aberta-no-porto-europeias\/\" \/>\n<meta property=\"og:site_name\" content=\"Os Meus Apontamentos\" \/>\n<meta property=\"article:published_time\" content=\"2009-04-20T09:39:57+00:00\" \/>\n<meta name=\"author\" content=\"Vitor Silva\" \/>\n<meta name=\"twitter:card\" content=\"summary_large_image\" \/>\n<meta name=\"twitter:creator\" content=\"@vitorsilva\" \/>\n<meta name=\"twitter:site\" content=\"@vitorsilva\" \/>\n<meta name=\"twitter:label1\" content=\"Escrito por\" \/>\n\t<meta name=\"twitter:data1\" content=\"Vitor Silva\" \/>\n\t<meta name=\"twitter:label2\" content=\"Tempo estimado de leitura\" \/>\n\t<meta name=\"twitter:data2\" content=\"5 minutos\" \/>\n<script type=\"application\/ld+json\" class=\"yoast-schema-graph\">{\"@context\":\"https:\\\/\\\/schema.org\",\"@graph\":[{\"@type\":\"Article\",\"@id\":\"https:\\\/\\\/osmeusapontamentos.com\\\/index.php\\\/2009\\\/04\\\/20\\\/politica-aberta-no-porto-europeias\\\/#article\",\"isPartOf\":{\"@id\":\"https:\\\/\\\/osmeusapontamentos.com\\\/index.php\\\/2009\\\/04\\\/20\\\/politica-aberta-no-porto-europeias\\\/\"},\"author\":{\"name\":\"Vitor Silva\",\"@id\":\"https:\\\/\\\/osmeusapontamentos.com\\\/#\\\/schema\\\/person\\\/d508df9c3ffc8b4e64a18dbf0ba18dd8\"},\"headline\":\"Pol\u00edtica Aberta no Porto &#8211; Europeias\",\"datePublished\":\"2009-04-20T09:39:57+00:00\",\"mainEntityOfPage\":{\"@id\":\"https:\\\/\\\/osmeusapontamentos.com\\\/index.php\\\/2009\\\/04\\\/20\\\/politica-aberta-no-porto-europeias\\\/\"},\"wordCount\":950,\"commentCount\":1,\"publisher\":{\"@id\":\"https:\\\/\\\/osmeusapontamentos.com\\\/#\\\/schema\\\/person\\\/d508df9c3ffc8b4e64a18dbf0ba18dd8\"},\"keywords\":[\"cidadania\",\"europeias\",\"parlamento europeu\",\"pol\u00edtica\",\"porto\"],\"articleSection\":[\"Ler\\\/ Ver\\\/ Ouvir\\\/ Passear\"],\"inLanguage\":\"pt-PT\",\"potentialAction\":[{\"@type\":\"CommentAction\",\"name\":\"Comment\",\"target\":[\"https:\\\/\\\/osmeusapontamentos.com\\\/index.php\\\/2009\\\/04\\\/20\\\/politica-aberta-no-porto-europeias\\\/#respond\"]}]},{\"@type\":\"WebPage\",\"@id\":\"https:\\\/\\\/osmeusapontamentos.com\\\/index.php\\\/2009\\\/04\\\/20\\\/politica-aberta-no-porto-europeias\\\/\",\"url\":\"https:\\\/\\\/osmeusapontamentos.com\\\/index.php\\\/2009\\\/04\\\/20\\\/politica-aberta-no-porto-europeias\\\/\",\"name\":\"Pol\u00edtica Aberta no Porto - Europeias - Os Meus Apontamentos\",\"isPartOf\":{\"@id\":\"https:\\\/\\\/osmeusapontamentos.com\\\/#website\"},\"datePublished\":\"2009-04-20T09:39:57+00:00\",\"breadcrumb\":{\"@id\":\"https:\\\/\\\/osmeusapontamentos.com\\\/index.php\\\/2009\\\/04\\\/20\\\/politica-aberta-no-porto-europeias\\\/#breadcrumb\"},\"inLanguage\":\"pt-PT\",\"potentialAction\":[{\"@type\":\"ReadAction\",\"target\":[\"https:\\\/\\\/osmeusapontamentos.com\\\/index.php\\\/2009\\\/04\\\/20\\\/politica-aberta-no-porto-europeias\\\/\"]}]},{\"@type\":\"BreadcrumbList\",\"@id\":\"https:\\\/\\\/osmeusapontamentos.com\\\/index.php\\\/2009\\\/04\\\/20\\\/politica-aberta-no-porto-europeias\\\/#breadcrumb\",\"itemListElement\":[{\"@type\":\"ListItem\",\"position\":1,\"name\":\"In\u00edcio\",\"item\":\"https:\\\/\\\/osmeusapontamentos.com\\\/\"},{\"@type\":\"ListItem\",\"position\":2,\"name\":\"Pol\u00edtica Aberta no Porto &#8211; Europeias\"}]},{\"@type\":\"WebSite\",\"@id\":\"https:\\\/\\\/osmeusapontamentos.com\\\/#website\",\"url\":\"https:\\\/\\\/osmeusapontamentos.com\\\/\",\"name\":\"Os Meus Apontamentos\",\"description\":\"\",\"publisher\":{\"@id\":\"https:\\\/\\\/osmeusapontamentos.com\\\/#\\\/schema\\\/person\\\/d508df9c3ffc8b4e64a18dbf0ba18dd8\"},\"potentialAction\":[{\"@type\":\"SearchAction\",\"target\":{\"@type\":\"EntryPoint\",\"urlTemplate\":\"https:\\\/\\\/osmeusapontamentos.com\\\/?s={search_term_string}\"},\"query-input\":{\"@type\":\"PropertyValueSpecification\",\"valueRequired\":true,\"valueName\":\"search_term_string\"}}],\"inLanguage\":\"pt-PT\"},{\"@type\":[\"Person\",\"Organization\"],\"@id\":\"https:\\\/\\\/osmeusapontamentos.com\\\/#\\\/schema\\\/person\\\/d508df9c3ffc8b4e64a18dbf0ba18dd8\",\"name\":\"Vitor Silva\",\"image\":{\"@type\":\"ImageObject\",\"inLanguage\":\"pt-PT\",\"@id\":\"https:\\\/\\\/secure.gravatar.com\\\/avatar\\\/f81f58ad909e8a213ab0a690f6ed65e5c0e0e2274bf35ac49ff31d7988d483ce?s=96&d=mm&r=g\",\"url\":\"https:\\\/\\\/secure.gravatar.com\\\/avatar\\\/f81f58ad909e8a213ab0a690f6ed65e5c0e0e2274bf35ac49ff31d7988d483ce?s=96&d=mm&r=g\",\"contentUrl\":\"https:\\\/\\\/secure.gravatar.com\\\/avatar\\\/f81f58ad909e8a213ab0a690f6ed65e5c0e0e2274bf35ac49ff31d7988d483ce?s=96&d=mm&r=g\",\"caption\":\"Vitor Silva\"},\"logo\":{\"@id\":\"https:\\\/\\\/secure.gravatar.com\\\/avatar\\\/f81f58ad909e8a213ab0a690f6ed65e5c0e0e2274bf35ac49ff31d7988d483ce?s=96&d=mm&r=g\"},\"sameAs\":[\"https:\\\/\\\/www.linkedin.com\\\/in\\\/vitormrsilva\",\"https:\\\/\\\/x.com\\\/vitorsilva\"]}]}<\/script>\n<!-- \/ Yoast SEO plugin. -->","yoast_head_json":{"title":"Pol\u00edtica Aberta no Porto - Europeias - Os Meus Apontamentos","robots":{"index":"index","follow":"follow","max-snippet":"max-snippet:-1","max-image-preview":"max-image-preview:large","max-video-preview":"max-video-preview:-1"},"canonical":"https:\/\/osmeusapontamentos.com\/index.php\/2009\/04\/20\/politica-aberta-no-porto-europeias\/","og_locale":"pt_PT","og_type":"article","og_title":"Pol\u00edtica Aberta no Porto - Europeias - Os Meus Apontamentos","og_description":"Plano de Trabalho para a 2\u00aa semana Duas semanas depois de ter pensado em organizar este evento e uma semana depois de o publicitar n&#8217;A Baixa do Porto n\u00e3o tenho grandes d\u00favidas que ele tem todas as possibilidades de se realizar. Espero que n\u00e3o considerem esta afirma\u00e7\u00e3o t\u00e3o perempt\u00f3ria como arrog\u00e2ncia mas sim como resultado: [&hellip;]","og_url":"https:\/\/osmeusapontamentos.com\/index.php\/2009\/04\/20\/politica-aberta-no-porto-europeias\/","og_site_name":"Os Meus Apontamentos","article_published_time":"2009-04-20T09:39:57+00:00","author":"Vitor Silva","twitter_card":"summary_large_image","twitter_creator":"@vitorsilva","twitter_site":"@vitorsilva","twitter_misc":{"Escrito por":"Vitor Silva","Tempo estimado de leitura":"5 minutos"},"schema":{"@context":"https:\/\/schema.org","@graph":[{"@type":"Article","@id":"https:\/\/osmeusapontamentos.com\/index.php\/2009\/04\/20\/politica-aberta-no-porto-europeias\/#article","isPartOf":{"@id":"https:\/\/osmeusapontamentos.com\/index.php\/2009\/04\/20\/politica-aberta-no-porto-europeias\/"},"author":{"name":"Vitor Silva","@id":"https:\/\/osmeusapontamentos.com\/#\/schema\/person\/d508df9c3ffc8b4e64a18dbf0ba18dd8"},"headline":"Pol\u00edtica Aberta no Porto &#8211; Europeias","datePublished":"2009-04-20T09:39:57+00:00","mainEntityOfPage":{"@id":"https:\/\/osmeusapontamentos.com\/index.php\/2009\/04\/20\/politica-aberta-no-porto-europeias\/"},"wordCount":950,"commentCount":1,"publisher":{"@id":"https:\/\/osmeusapontamentos.com\/#\/schema\/person\/d508df9c3ffc8b4e64a18dbf0ba18dd8"},"keywords":["cidadania","europeias","parlamento europeu","pol\u00edtica","porto"],"articleSection":["Ler\/ Ver\/ Ouvir\/ Passear"],"inLanguage":"pt-PT","potentialAction":[{"@type":"CommentAction","name":"Comment","target":["https:\/\/osmeusapontamentos.com\/index.php\/2009\/04\/20\/politica-aberta-no-porto-europeias\/#respond"]}]},{"@type":"WebPage","@id":"https:\/\/osmeusapontamentos.com\/index.php\/2009\/04\/20\/politica-aberta-no-porto-europeias\/","url":"https:\/\/osmeusapontamentos.com\/index.php\/2009\/04\/20\/politica-aberta-no-porto-europeias\/","name":"Pol\u00edtica Aberta no Porto - Europeias - Os Meus Apontamentos","isPartOf":{"@id":"https:\/\/osmeusapontamentos.com\/#website"},"datePublished":"2009-04-20T09:39:57+00:00","breadcrumb":{"@id":"https:\/\/osmeusapontamentos.com\/index.php\/2009\/04\/20\/politica-aberta-no-porto-europeias\/#breadcrumb"},"inLanguage":"pt-PT","potentialAction":[{"@type":"ReadAction","target":["https:\/\/osmeusapontamentos.com\/index.php\/2009\/04\/20\/politica-aberta-no-porto-europeias\/"]}]},{"@type":"BreadcrumbList","@id":"https:\/\/osmeusapontamentos.com\/index.php\/2009\/04\/20\/politica-aberta-no-porto-europeias\/#breadcrumb","itemListElement":[{"@type":"ListItem","position":1,"name":"In\u00edcio","item":"https:\/\/osmeusapontamentos.com\/"},{"@type":"ListItem","position":2,"name":"Pol\u00edtica Aberta no Porto &#8211; Europeias"}]},{"@type":"WebSite","@id":"https:\/\/osmeusapontamentos.com\/#website","url":"https:\/\/osmeusapontamentos.com\/","name":"Os Meus Apontamentos","description":"","publisher":{"@id":"https:\/\/osmeusapontamentos.com\/#\/schema\/person\/d508df9c3ffc8b4e64a18dbf0ba18dd8"},"potentialAction":[{"@type":"SearchAction","target":{"@type":"EntryPoint","urlTemplate":"https:\/\/osmeusapontamentos.com\/?s={search_term_string}"},"query-input":{"@type":"PropertyValueSpecification","valueRequired":true,"valueName":"search_term_string"}}],"inLanguage":"pt-PT"},{"@type":["Person","Organization"],"@id":"https:\/\/osmeusapontamentos.com\/#\/schema\/person\/d508df9c3ffc8b4e64a18dbf0ba18dd8","name":"Vitor Silva","image":{"@type":"ImageObject","inLanguage":"pt-PT","@id":"https:\/\/secure.gravatar.com\/avatar\/f81f58ad909e8a213ab0a690f6ed65e5c0e0e2274bf35ac49ff31d7988d483ce?s=96&d=mm&r=g","url":"https:\/\/secure.gravatar.com\/avatar\/f81f58ad909e8a213ab0a690f6ed65e5c0e0e2274bf35ac49ff31d7988d483ce?s=96&d=mm&r=g","contentUrl":"https:\/\/secure.gravatar.com\/avatar\/f81f58ad909e8a213ab0a690f6ed65e5c0e0e2274bf35ac49ff31d7988d483ce?s=96&d=mm&r=g","caption":"Vitor Silva"},"logo":{"@id":"https:\/\/secure.gravatar.com\/avatar\/f81f58ad909e8a213ab0a690f6ed65e5c0e0e2274bf35ac49ff31d7988d483ce?s=96&d=mm&r=g"},"sameAs":["https:\/\/www.linkedin.com\/in\/vitormrsilva","https:\/\/x.com\/vitorsilva"]}]}},"_links":{"self":[{"href":"https:\/\/osmeusapontamentos.com\/index.php\/wp-json\/wp\/v2\/posts\/1395","targetHints":{"allow":["GET"]}}],"collection":[{"href":"https:\/\/osmeusapontamentos.com\/index.php\/wp-json\/wp\/v2\/posts"}],"about":[{"href":"https:\/\/osmeusapontamentos.com\/index.php\/wp-json\/wp\/v2\/types\/post"}],"author":[{"embeddable":true,"href":"https:\/\/osmeusapontamentos.com\/index.php\/wp-json\/wp\/v2\/users\/1"}],"replies":[{"embeddable":true,"href":"https:\/\/osmeusapontamentos.com\/index.php\/wp-json\/wp\/v2\/comments?post=1395"}],"version-history":[{"count":0,"href":"https:\/\/osmeusapontamentos.com\/index.php\/wp-json\/wp\/v2\/posts\/1395\/revisions"}],"wp:attachment":[{"href":"https:\/\/osmeusapontamentos.com\/index.php\/wp-json\/wp\/v2\/media?parent=1395"}],"wp:term":[{"taxonomy":"category","embeddable":true,"href":"https:\/\/osmeusapontamentos.com\/index.php\/wp-json\/wp\/v2\/categories?post=1395"},{"taxonomy":"post_tag","embeddable":true,"href":"https:\/\/osmeusapontamentos.com\/index.php\/wp-json\/wp\/v2\/tags?post=1395"}],"curies":[{"name":"wp","href":"https:\/\/api.w.org\/{rel}","templated":true}]}}