{"id":1389,"date":"2009-04-01T22:44:00","date_gmt":"2009-04-01T22:44:00","guid":{"rendered":"http:\/\/osmeusapontamentos.com\/?p=1389"},"modified":"2009-04-01T22:44:00","modified_gmt":"2009-04-01T22:44:00","slug":"olhares-cruzados-vi-2","status":"publish","type":"post","link":"https:\/\/osmeusapontamentos.com\/index.php\/2009\/04\/01\/olhares-cruzados-vi-2\/","title":{"rendered":"Olhares Cruzados VI #2"},"content":{"rendered":"<p>Notas sobre a segunda sess\u00e3o da sexta edi\u00e7\u00e3o dos Olhares Cruzados na Universidade Cat\u00f3lica (Porto) realizada no dia 25-mar\u00e7o-2009 com o tema &#8220;O Porto e o Mundo&#8221;<\/p>\n<p>Rui Moreira<\/p>\n<ul>\n<li>porto menos influente e ainda menos afluente<\/li>\n<li>porto nunca foi dado a grandes aventuras<\/li>\n<li>porto nunca foi entreposto<\/li>\n<li>burguesia do porto veio do trabalho<\/li>\n<li>participa\u00e7\u00e3o do porto na revolu\u00e7\u00e3o de outubro75<\/li>\n<li>p\u00eandulo virou a sul \u00e0 mais de 20 anos<\/li>\n<li>porto regi\u00e3o que estava melhor preparada aquando da ades\u00e3o a cee<\/li>\n<li>porto viveu inebriado com a ilus\u00e3o de que poderia ser capital<\/li>\n<li>passou a ser novo rico<\/li>\n<li>necess\u00e1rio fomentar afirma\u00e7\u00e3o da identidade<\/li>\n<li>envolver toda a popula\u00e7\u00e3o<\/li>\n<li>centros e sub centros<\/li>\n<li>reconstruir espa\u00e7os p\u00fablicos<\/li>\n<li>problema: semi privatiza\u00e7\u00e3o dos espa\u00e7os p\u00fablicos<\/li>\n<li>falta de civismo (lixo, grafitis, jardins, carros)<\/li>\n<li>o porto n\u00e3o pode ser tudo<\/li>\n<li>cidade precisa de alterar discurso para fora<\/li>\n<\/ul>\n<p>Jo\u00e3o Fernandes<\/p>\n<ul>\n<li>no porto a originalidade \u00e9 reprimida<\/li>\n<li>o porto e o mundo =&gt; o pa\u00eds e o mundo<\/li>\n<li>isolamento da sociedade portuguesa<\/li>\n<li>contemporaneidade \u00e9 um problema da sociedade portuguesa<\/li>\n<li>depois de mafra deixaram de afluir artistas ao pa\u00eds<\/li>\n<li>para sermos cidad\u00e3os do mundo n\u00e3o podemos ficar presos \u00e0 dicotomia dentro \/ l\u00e1 fora<\/li>\n<li>oliveira martins descri\u00e7\u00e3o do pa\u00eds =&gt; apogeu \/ decad\u00eancia<\/li>\n<li>ref\u00e9ns do discurso da grandeza e decad\u00eancia =&gt; \u00e9 tempo de assumirmos o presente<\/li>\n<li>com excep\u00e7\u00e3o da literatura n\u00e3o h\u00e1 grande arte no porto<\/li>\n<li>porto foi uma cidade que construiu riqueza mas que se manteve sempre uma cidade pobre<\/li>\n<li>mas construiu identidade<\/li>\n<li>n\u00e3o temos pintores \/ escultores que tenham sido famosos<\/li>\n<li>museu nacional soares dos reis muito pobre quando comparado com exemplos similares de outros pa\u00edses<\/li>\n<li>no s\u00e9c. xx estado n\u00e3o tem nenhuma iniciativa cultural na cidade at\u00e9 serralves (se exceptuarmos a exposi\u00e7\u00e3o colonial)<\/li>\n<li>concentra\u00e7\u00e3o da vida cultural em lisboa<\/li>\n<li>cultura no porto da responsabilidade dos cidad\u00e3os =&gt; tep \/ arvore \/ cineclube<\/li>\n<li>independ\u00eancia da escola do porto<\/li>\n<li>depois da democracia o porto ainda n\u00e3o encontrou um projecto<\/li>\n<li>cosmopolitismo vs provincianismo<\/li>\n<li>serralves \/ tnsj \/ casa da musica<\/li>\n<li>cidade n\u00e3o oferece condi\u00e7\u00f5es de trabalho para os artistas<\/li>\n<li>zona das galerias \u00e9 um paradoxo<\/li>\n<li>inaugura\u00e7\u00e3o \u00e9 um momento festivo mas (supostamente) de trabalho para os galeristas<\/li>\n<li>inaugura\u00e7\u00f5es s\u00e3o um carnaval<\/li>\n<li>urbanismo \/ relacionamento com o grande porto<\/li>\n<li>porto 2001: negativo &#8211; programa\u00e7\u00f5es ef\u00e9meras; positivo &#8211; cria\u00e7\u00e3o de p\u00fablicos<\/li>\n<li>permitiu confirmar a disponibilidade do p\u00fablico<\/li>\n<li>discurso internacional &#8211; cidade ainda n\u00e3o se afirmou<\/li>\n<li>deve-se potenciar a capacidade do porto de ainda ser uma comunidade<\/li>\n<li>precisa de habita\u00e7\u00e3o<\/li>\n<li>precisa de ideias<\/li>\n<li>pensada de fora para dentro<\/li>\n<li>o mundo volta a ser um mundo de cidades a par das grandes metr\u00f3poles<\/li>\n<\/ul>\n<p>diogo vasconcelos<\/p>\n<ul>\n<li>fazer da crise uma oportunidade para o porto<\/li>\n<li>a crise is a terrible thing to waste<\/li>\n<li>a quest\u00e3o n\u00e3o \u00e9 saber quando vai acabar mas sim saber como vamos emergir depois da crise<\/li>\n<li>exemplo finland\u00eas: corte nas despesas p\u00fablicas; investimentos anti-c\u00edclicos<\/li>\n<li>existe estrat\u00e9gia na regi\u00e3o para nos posicionarmos para o novo arranque?<\/li>\n<li>inova\u00e7\u00e3o &#8211; novas respostas, n\u00e3o s\u00f3 nas empresas mas tamb\u00e9m social<\/li>\n<li>o que vai crescer mais: educa\u00e7\u00e3o, sa\u00fade, apoio idosos, ambiente<\/li>\n<li>porto tem boas condi\u00e7\u00f5es: universidade, criatividade<\/li>\n<li>o problema do porto \u00e9 colabora\u00e7\u00e3o!<\/li>\n<li>mobilizar intelig\u00eancia colectiva<\/li>\n<li>problema do porto \u00e9 n\u00e3o haver trabalho<\/li>\n<li>necess\u00e1rio aproveitar di\u00e1spora portuense<\/li>\n<li>amp precisa de um estimulo (que juntasse todos os actores) =&gt; comparar com a rapidez que se apoiaram os bancos<\/li>\n<li>sugest\u00e3o: criar conselho econ\u00f3mico e social da regi\u00e3o<\/li>\n<li>est\u00e1 nas nossas m\u00e3os<\/li>\n<li>o porto tem que estar em bruxelas ao nivel dos lobbys<\/li>\n<\/ul>\n","protected":false},"excerpt":{"rendered":"<p>Notas sobre a segunda sess\u00e3o da sexta edi\u00e7\u00e3o dos Olhares Cruzados na Universidade Cat\u00f3lica (Porto) realizada no dia 25-mar\u00e7o-2009 com o tema &#8220;O Porto e o Mundo&#8221; Rui Moreira porto menos influente e ainda menos afluente porto nunca foi dado a grandes aventuras porto nunca foi entreposto burguesia do porto veio do trabalho participa\u00e7\u00e3o do [&hellip;]<\/p>\n","protected":false},"author":1,"featured_media":0,"comment_status":"open","ping_status":"open","sticky":false,"template":"","format":"standard","meta":{"footnotes":""},"categories":[7],"tags":[200,330,463,579,658],"class_list":["post-1389","post","type-post","status-publish","format-standard","hentry","category-ler-ver-ouvir-passear","tag-diogo-vasconcelos","tag-joao-fernades","tag-olhares-cruzados","tag-rui-moreira","tag-universidade-catolica"],"yoast_head":"<!-- This site is optimized with the Yoast SEO plugin v27.5 - https:\/\/yoast.com\/product\/yoast-seo-wordpress\/ -->\n<title>Olhares Cruzados VI #2 - Os Meus Apontamentos<\/title>\n<meta name=\"robots\" content=\"index, follow, max-snippet:-1, max-image-preview:large, max-video-preview:-1\" \/>\n<link rel=\"canonical\" href=\"https:\/\/osmeusapontamentos.com\/index.php\/2009\/04\/01\/olhares-cruzados-vi-2\/\" \/>\n<meta property=\"og:locale\" content=\"pt_PT\" \/>\n<meta property=\"og:type\" content=\"article\" \/>\n<meta property=\"og:title\" content=\"Olhares Cruzados VI #2 - Os Meus Apontamentos\" \/>\n<meta property=\"og:description\" content=\"Notas sobre a segunda sess\u00e3o da sexta edi\u00e7\u00e3o dos Olhares Cruzados na Universidade Cat\u00f3lica (Porto) realizada no dia 25-mar\u00e7o-2009 com o tema &#8220;O Porto e o Mundo&#8221; Rui Moreira porto menos influente e ainda menos afluente porto nunca foi dado a grandes aventuras porto nunca foi entreposto burguesia do porto veio do trabalho participa\u00e7\u00e3o do [&hellip;]\" \/>\n<meta property=\"og:url\" content=\"https:\/\/osmeusapontamentos.com\/index.php\/2009\/04\/01\/olhares-cruzados-vi-2\/\" \/>\n<meta property=\"og:site_name\" content=\"Os Meus Apontamentos\" \/>\n<meta property=\"article:published_time\" content=\"2009-04-01T22:44:00+00:00\" \/>\n<meta name=\"author\" content=\"Vitor Silva\" \/>\n<meta name=\"twitter:card\" content=\"summary_large_image\" \/>\n<meta name=\"twitter:creator\" content=\"@vitorsilva\" \/>\n<meta name=\"twitter:site\" content=\"@vitorsilva\" \/>\n<meta name=\"twitter:label1\" content=\"Escrito por\" \/>\n\t<meta name=\"twitter:data1\" content=\"Vitor Silva\" \/>\n\t<meta name=\"twitter:label2\" content=\"Tempo estimado de leitura\" \/>\n\t<meta name=\"twitter:data2\" content=\"3 minutos\" \/>\n<script type=\"application\/ld+json\" class=\"yoast-schema-graph\">{\"@context\":\"https:\\\/\\\/schema.org\",\"@graph\":[{\"@type\":\"Article\",\"@id\":\"https:\\\/\\\/osmeusapontamentos.com\\\/index.php\\\/2009\\\/04\\\/01\\\/olhares-cruzados-vi-2\\\/#article\",\"isPartOf\":{\"@id\":\"https:\\\/\\\/osmeusapontamentos.com\\\/index.php\\\/2009\\\/04\\\/01\\\/olhares-cruzados-vi-2\\\/\"},\"author\":{\"name\":\"Vitor Silva\",\"@id\":\"https:\\\/\\\/osmeusapontamentos.com\\\/#\\\/schema\\\/person\\\/d508df9c3ffc8b4e64a18dbf0ba18dd8\"},\"headline\":\"Olhares Cruzados VI #2\",\"datePublished\":\"2009-04-01T22:44:00+00:00\",\"mainEntityOfPage\":{\"@id\":\"https:\\\/\\\/osmeusapontamentos.com\\\/index.php\\\/2009\\\/04\\\/01\\\/olhares-cruzados-vi-2\\\/\"},\"wordCount\":630,\"commentCount\":0,\"publisher\":{\"@id\":\"https:\\\/\\\/osmeusapontamentos.com\\\/#\\\/schema\\\/person\\\/d508df9c3ffc8b4e64a18dbf0ba18dd8\"},\"keywords\":[\"diogo vasconcelos\",\"jo\u00e3o fernades\",\"olhares cruzados\",\"rui moreira\",\"universidade cat\u00f3lica\"],\"articleSection\":[\"Ler\\\/ Ver\\\/ Ouvir\\\/ Passear\"],\"inLanguage\":\"pt-PT\",\"potentialAction\":[{\"@type\":\"CommentAction\",\"name\":\"Comment\",\"target\":[\"https:\\\/\\\/osmeusapontamentos.com\\\/index.php\\\/2009\\\/04\\\/01\\\/olhares-cruzados-vi-2\\\/#respond\"]}]},{\"@type\":\"WebPage\",\"@id\":\"https:\\\/\\\/osmeusapontamentos.com\\\/index.php\\\/2009\\\/04\\\/01\\\/olhares-cruzados-vi-2\\\/\",\"url\":\"https:\\\/\\\/osmeusapontamentos.com\\\/index.php\\\/2009\\\/04\\\/01\\\/olhares-cruzados-vi-2\\\/\",\"name\":\"Olhares Cruzados VI #2 - Os Meus Apontamentos\",\"isPartOf\":{\"@id\":\"https:\\\/\\\/osmeusapontamentos.com\\\/#website\"},\"datePublished\":\"2009-04-01T22:44:00+00:00\",\"breadcrumb\":{\"@id\":\"https:\\\/\\\/osmeusapontamentos.com\\\/index.php\\\/2009\\\/04\\\/01\\\/olhares-cruzados-vi-2\\\/#breadcrumb\"},\"inLanguage\":\"pt-PT\",\"potentialAction\":[{\"@type\":\"ReadAction\",\"target\":[\"https:\\\/\\\/osmeusapontamentos.com\\\/index.php\\\/2009\\\/04\\\/01\\\/olhares-cruzados-vi-2\\\/\"]}]},{\"@type\":\"BreadcrumbList\",\"@id\":\"https:\\\/\\\/osmeusapontamentos.com\\\/index.php\\\/2009\\\/04\\\/01\\\/olhares-cruzados-vi-2\\\/#breadcrumb\",\"itemListElement\":[{\"@type\":\"ListItem\",\"position\":1,\"name\":\"In\u00edcio\",\"item\":\"https:\\\/\\\/osmeusapontamentos.com\\\/\"},{\"@type\":\"ListItem\",\"position\":2,\"name\":\"Olhares Cruzados VI #2\"}]},{\"@type\":\"WebSite\",\"@id\":\"https:\\\/\\\/osmeusapontamentos.com\\\/#website\",\"url\":\"https:\\\/\\\/osmeusapontamentos.com\\\/\",\"name\":\"Os Meus Apontamentos\",\"description\":\"\",\"publisher\":{\"@id\":\"https:\\\/\\\/osmeusapontamentos.com\\\/#\\\/schema\\\/person\\\/d508df9c3ffc8b4e64a18dbf0ba18dd8\"},\"potentialAction\":[{\"@type\":\"SearchAction\",\"target\":{\"@type\":\"EntryPoint\",\"urlTemplate\":\"https:\\\/\\\/osmeusapontamentos.com\\\/?s={search_term_string}\"},\"query-input\":{\"@type\":\"PropertyValueSpecification\",\"valueRequired\":true,\"valueName\":\"search_term_string\"}}],\"inLanguage\":\"pt-PT\"},{\"@type\":[\"Person\",\"Organization\"],\"@id\":\"https:\\\/\\\/osmeusapontamentos.com\\\/#\\\/schema\\\/person\\\/d508df9c3ffc8b4e64a18dbf0ba18dd8\",\"name\":\"Vitor Silva\",\"image\":{\"@type\":\"ImageObject\",\"inLanguage\":\"pt-PT\",\"@id\":\"https:\\\/\\\/secure.gravatar.com\\\/avatar\\\/f81f58ad909e8a213ab0a690f6ed65e5c0e0e2274bf35ac49ff31d7988d483ce?s=96&d=mm&r=g\",\"url\":\"https:\\\/\\\/secure.gravatar.com\\\/avatar\\\/f81f58ad909e8a213ab0a690f6ed65e5c0e0e2274bf35ac49ff31d7988d483ce?s=96&d=mm&r=g\",\"contentUrl\":\"https:\\\/\\\/secure.gravatar.com\\\/avatar\\\/f81f58ad909e8a213ab0a690f6ed65e5c0e0e2274bf35ac49ff31d7988d483ce?s=96&d=mm&r=g\",\"caption\":\"Vitor Silva\"},\"logo\":{\"@id\":\"https:\\\/\\\/secure.gravatar.com\\\/avatar\\\/f81f58ad909e8a213ab0a690f6ed65e5c0e0e2274bf35ac49ff31d7988d483ce?s=96&d=mm&r=g\"},\"sameAs\":[\"https:\\\/\\\/www.linkedin.com\\\/in\\\/vitormrsilva\",\"https:\\\/\\\/x.com\\\/vitorsilva\"]}]}<\/script>\n<!-- \/ Yoast SEO plugin. -->","yoast_head_json":{"title":"Olhares Cruzados VI #2 - Os Meus Apontamentos","robots":{"index":"index","follow":"follow","max-snippet":"max-snippet:-1","max-image-preview":"max-image-preview:large","max-video-preview":"max-video-preview:-1"},"canonical":"https:\/\/osmeusapontamentos.com\/index.php\/2009\/04\/01\/olhares-cruzados-vi-2\/","og_locale":"pt_PT","og_type":"article","og_title":"Olhares Cruzados VI #2 - Os Meus Apontamentos","og_description":"Notas sobre a segunda sess\u00e3o da sexta edi\u00e7\u00e3o dos Olhares Cruzados na Universidade Cat\u00f3lica (Porto) realizada no dia 25-mar\u00e7o-2009 com o tema &#8220;O Porto e o Mundo&#8221; Rui Moreira porto menos influente e ainda menos afluente porto nunca foi dado a grandes aventuras porto nunca foi entreposto burguesia do porto veio do trabalho participa\u00e7\u00e3o do [&hellip;]","og_url":"https:\/\/osmeusapontamentos.com\/index.php\/2009\/04\/01\/olhares-cruzados-vi-2\/","og_site_name":"Os Meus Apontamentos","article_published_time":"2009-04-01T22:44:00+00:00","author":"Vitor Silva","twitter_card":"summary_large_image","twitter_creator":"@vitorsilva","twitter_site":"@vitorsilva","twitter_misc":{"Escrito por":"Vitor Silva","Tempo estimado de leitura":"3 minutos"},"schema":{"@context":"https:\/\/schema.org","@graph":[{"@type":"Article","@id":"https:\/\/osmeusapontamentos.com\/index.php\/2009\/04\/01\/olhares-cruzados-vi-2\/#article","isPartOf":{"@id":"https:\/\/osmeusapontamentos.com\/index.php\/2009\/04\/01\/olhares-cruzados-vi-2\/"},"author":{"name":"Vitor Silva","@id":"https:\/\/osmeusapontamentos.com\/#\/schema\/person\/d508df9c3ffc8b4e64a18dbf0ba18dd8"},"headline":"Olhares Cruzados VI #2","datePublished":"2009-04-01T22:44:00+00:00","mainEntityOfPage":{"@id":"https:\/\/osmeusapontamentos.com\/index.php\/2009\/04\/01\/olhares-cruzados-vi-2\/"},"wordCount":630,"commentCount":0,"publisher":{"@id":"https:\/\/osmeusapontamentos.com\/#\/schema\/person\/d508df9c3ffc8b4e64a18dbf0ba18dd8"},"keywords":["diogo vasconcelos","jo\u00e3o fernades","olhares cruzados","rui moreira","universidade cat\u00f3lica"],"articleSection":["Ler\/ Ver\/ Ouvir\/ Passear"],"inLanguage":"pt-PT","potentialAction":[{"@type":"CommentAction","name":"Comment","target":["https:\/\/osmeusapontamentos.com\/index.php\/2009\/04\/01\/olhares-cruzados-vi-2\/#respond"]}]},{"@type":"WebPage","@id":"https:\/\/osmeusapontamentos.com\/index.php\/2009\/04\/01\/olhares-cruzados-vi-2\/","url":"https:\/\/osmeusapontamentos.com\/index.php\/2009\/04\/01\/olhares-cruzados-vi-2\/","name":"Olhares Cruzados VI #2 - Os Meus Apontamentos","isPartOf":{"@id":"https:\/\/osmeusapontamentos.com\/#website"},"datePublished":"2009-04-01T22:44:00+00:00","breadcrumb":{"@id":"https:\/\/osmeusapontamentos.com\/index.php\/2009\/04\/01\/olhares-cruzados-vi-2\/#breadcrumb"},"inLanguage":"pt-PT","potentialAction":[{"@type":"ReadAction","target":["https:\/\/osmeusapontamentos.com\/index.php\/2009\/04\/01\/olhares-cruzados-vi-2\/"]}]},{"@type":"BreadcrumbList","@id":"https:\/\/osmeusapontamentos.com\/index.php\/2009\/04\/01\/olhares-cruzados-vi-2\/#breadcrumb","itemListElement":[{"@type":"ListItem","position":1,"name":"In\u00edcio","item":"https:\/\/osmeusapontamentos.com\/"},{"@type":"ListItem","position":2,"name":"Olhares Cruzados VI #2"}]},{"@type":"WebSite","@id":"https:\/\/osmeusapontamentos.com\/#website","url":"https:\/\/osmeusapontamentos.com\/","name":"Os Meus Apontamentos","description":"","publisher":{"@id":"https:\/\/osmeusapontamentos.com\/#\/schema\/person\/d508df9c3ffc8b4e64a18dbf0ba18dd8"},"potentialAction":[{"@type":"SearchAction","target":{"@type":"EntryPoint","urlTemplate":"https:\/\/osmeusapontamentos.com\/?s={search_term_string}"},"query-input":{"@type":"PropertyValueSpecification","valueRequired":true,"valueName":"search_term_string"}}],"inLanguage":"pt-PT"},{"@type":["Person","Organization"],"@id":"https:\/\/osmeusapontamentos.com\/#\/schema\/person\/d508df9c3ffc8b4e64a18dbf0ba18dd8","name":"Vitor Silva","image":{"@type":"ImageObject","inLanguage":"pt-PT","@id":"https:\/\/secure.gravatar.com\/avatar\/f81f58ad909e8a213ab0a690f6ed65e5c0e0e2274bf35ac49ff31d7988d483ce?s=96&d=mm&r=g","url":"https:\/\/secure.gravatar.com\/avatar\/f81f58ad909e8a213ab0a690f6ed65e5c0e0e2274bf35ac49ff31d7988d483ce?s=96&d=mm&r=g","contentUrl":"https:\/\/secure.gravatar.com\/avatar\/f81f58ad909e8a213ab0a690f6ed65e5c0e0e2274bf35ac49ff31d7988d483ce?s=96&d=mm&r=g","caption":"Vitor Silva"},"logo":{"@id":"https:\/\/secure.gravatar.com\/avatar\/f81f58ad909e8a213ab0a690f6ed65e5c0e0e2274bf35ac49ff31d7988d483ce?s=96&d=mm&r=g"},"sameAs":["https:\/\/www.linkedin.com\/in\/vitormrsilva","https:\/\/x.com\/vitorsilva"]}]}},"_links":{"self":[{"href":"https:\/\/osmeusapontamentos.com\/index.php\/wp-json\/wp\/v2\/posts\/1389","targetHints":{"allow":["GET"]}}],"collection":[{"href":"https:\/\/osmeusapontamentos.com\/index.php\/wp-json\/wp\/v2\/posts"}],"about":[{"href":"https:\/\/osmeusapontamentos.com\/index.php\/wp-json\/wp\/v2\/types\/post"}],"author":[{"embeddable":true,"href":"https:\/\/osmeusapontamentos.com\/index.php\/wp-json\/wp\/v2\/users\/1"}],"replies":[{"embeddable":true,"href":"https:\/\/osmeusapontamentos.com\/index.php\/wp-json\/wp\/v2\/comments?post=1389"}],"version-history":[{"count":0,"href":"https:\/\/osmeusapontamentos.com\/index.php\/wp-json\/wp\/v2\/posts\/1389\/revisions"}],"wp:attachment":[{"href":"https:\/\/osmeusapontamentos.com\/index.php\/wp-json\/wp\/v2\/media?parent=1389"}],"wp:term":[{"taxonomy":"category","embeddable":true,"href":"https:\/\/osmeusapontamentos.com\/index.php\/wp-json\/wp\/v2\/categories?post=1389"},{"taxonomy":"post_tag","embeddable":true,"href":"https:\/\/osmeusapontamentos.com\/index.php\/wp-json\/wp\/v2\/tags?post=1389"}],"curies":[{"name":"wp","href":"https:\/\/api.w.org\/{rel}","templated":true}]}}