{"id":1376,"date":"2009-03-25T19:33:04","date_gmt":"2009-03-25T19:33:04","guid":{"rendered":"http:\/\/osmeusapontamentos.com\/?p=1376"},"modified":"2009-03-25T19:33:04","modified_gmt":"2009-03-25T19:33:04","slug":"nao-vai-dar-entrada-na-linha-numero-um-o-comboio-com-destino-a-regua","status":"publish","type":"post","link":"https:\/\/osmeusapontamentos.com\/index.php\/2009\/03\/25\/nao-vai-dar-entrada-na-linha-numero-um-o-comboio-com-destino-a-regua\/","title":{"rendered":"N\u00e3o vai dar entrada na linha n\u00famero um o comboio com destino \u00e0 r\u00e9gua"},"content":{"rendered":"<p><img decoding=\"async\" src=\"http:\/\/faculty.unlv.edu\/pwerth\/TGV.jpg\" alt=\"\" \/><\/p>\n<p>H\u00e1 uns dias atr\u00e1s gravei com o Ant\u00f3nio Alves o 3\u00ba programa do meu podcast &#8220;<a href=\"http:\/\/oportoemconversa.wordpress.com\/\">O Porto em Conversa<\/a>&#8220;.<\/p>\n<p>No seguimento do processo (espero) intermin\u00e1vel do TGV, das not\u00edcias do (espero que ainda evit\u00e1vel) encerramento da linha do Tua e no geral dos milh\u00f5es e milh\u00f5es que se atiram para o ar em projectos fabulosos como o atravessamento do porto em t\u00fanel achei que era interessante <a href=\"http:\/\/oportoemconversa.wordpress.com\/2009\/03\/17\/conversa-com-antnio-alves-podcast\/\">falar com algu\u00e9m sobre o que \u00e9 que realmente nos faz falta a n\u00edvel de ferrovias<\/a>, principalmente no Norte de Portugal.<\/p>\n<p>Quase na mesma altura sa\u00eda uma not\u00edcia no p\u00fablico que nem percebi se era um artigo de opini\u00e3o, se era uma cr\u00f3nica, ou simplesmente uma not\u00edcia tal o tipo de escrita adoptado&#8230; chamava-se &#8220;<a href=\"http:\/\/www.skyscrapercity.com\/showthread.php?p=33180624\">Refer vai reabilitar 25 quil\u00f3metros da linha do Douro<\/a>&#8221; mas sobre esse titulo in\u00f3cuo o jornalista guiava-nos para uma eventual teoria da conspira\u00e7\u00e3o s\u00f3 poss\u00edvel porque realmente nos d\u00e3o argumentos para isso&#8230;<\/p>\n<p>&#8221; O P\u00fablico apurou que para esta zona n\u00e3o est\u00e1 previsto nenhum investimento pelo que, para manter o actual servi\u00e7o a Refer tem duas hip\u00f3teses: <strong>ou aumenta os custos na manuten\u00e7\u00e3o da linha ou imp\u00f5e \u00e0 CP uma redu\u00e7\u00e3o na velocidade dos comboios. No limite, a manter-se esta situa\u00e7\u00e3o, ficam criadas condi\u00e7\u00f5es para que o poder pol\u00edtico equacione o seu encerramento tendo em conta os elevados custos e a fraca procura. Uma situa\u00e7\u00e3o id\u00eantica \u00e0 do linha do Tua &#8230;<\/strong>&#8221;<\/p>\n<p>Como algu\u00e9m me referiu &#8220;A forma de procedimento \u00e9-nos explicada. N\u00e3o se investe, degradam-se as condi\u00e7\u00f5es de oferta do servi\u00e7o, a procura diminui, e depois encerra-se porque n\u00e3o h\u00e1 procura. E todos aceitamos a decis\u00e3o, porque \u00e9 um facto que s\u00f3 as moscas \u00e9 que suportam a vibra\u00e7\u00e3o da circula\u00e7\u00e3o ferrovi\u00e1ria no Douro.&#8221;<\/p>\n<p>Entretanto hoje&#8230; e foi mesmo pela calada da noite&#8230; num instante chegou-se \u00e0 conclus\u00e3o que as linhas do corgo e t\u00e2mega era inseguras e portanto tinham que ser encerradas&#8230; como est\u00e1 <a href=\"http:\/\/ultimahora.publico.clix.pt\/noticia.aspx?id=1370758\">num coment\u00e1rio no p\u00fablico<\/a> &#8220;Quem tem medo do povo n\u00e3o merece o povo.&#8221;<\/p>\n","protected":false},"excerpt":{"rendered":"<p>H\u00e1 uns dias atr\u00e1s gravei com o Ant\u00f3nio Alves o 3\u00ba programa do meu podcast &#8220;O Porto em Conversa&#8220;. No seguimento do processo (espero) intermin\u00e1vel do TGV, das not\u00edcias do (espero que ainda evit\u00e1vel) encerramento da linha do Tua e no geral dos milh\u00f5es e milh\u00f5es que se atiram para o ar em projectos fabulosos [&hellip;]<\/p>\n","protected":false},"author":1,"featured_media":0,"comment_status":"open","ping_status":"open","sticky":false,"template":"","format":"standard","meta":{"footnotes":""},"categories":[7],"tags":[146,165,204,472,516,625],"class_list":["post-1376","post","type-post","status-publish","format-standard","hentry","category-ler-ver-ouvir-passear","tag-comboio","tag-corgo","tag-douro","tag-oportoemconversa","tag-podcast","tag-tamega"],"yoast_head":"<!-- This site is optimized with the Yoast SEO plugin v27.5 - https:\/\/yoast.com\/product\/yoast-seo-wordpress\/ -->\n<title>N\u00e3o vai dar entrada na linha n\u00famero um o comboio com destino \u00e0 r\u00e9gua - Os Meus Apontamentos<\/title>\n<meta name=\"robots\" content=\"index, follow, max-snippet:-1, max-image-preview:large, max-video-preview:-1\" \/>\n<link rel=\"canonical\" href=\"https:\/\/osmeusapontamentos.com\/index.php\/2009\/03\/25\/nao-vai-dar-entrada-na-linha-numero-um-o-comboio-com-destino-a-regua\/\" \/>\n<meta property=\"og:locale\" content=\"pt_PT\" \/>\n<meta property=\"og:type\" content=\"article\" \/>\n<meta property=\"og:title\" content=\"N\u00e3o vai dar entrada na linha n\u00famero um o comboio com destino \u00e0 r\u00e9gua - Os Meus Apontamentos\" \/>\n<meta property=\"og:description\" content=\"H\u00e1 uns dias atr\u00e1s gravei com o Ant\u00f3nio Alves o 3\u00ba programa do meu podcast &#8220;O Porto em Conversa&#8220;. No seguimento do processo (espero) intermin\u00e1vel do TGV, das not\u00edcias do (espero que ainda evit\u00e1vel) encerramento da linha do Tua e no geral dos milh\u00f5es e milh\u00f5es que se atiram para o ar em projectos fabulosos [&hellip;]\" \/>\n<meta property=\"og:url\" content=\"https:\/\/osmeusapontamentos.com\/index.php\/2009\/03\/25\/nao-vai-dar-entrada-na-linha-numero-um-o-comboio-com-destino-a-regua\/\" \/>\n<meta property=\"og:site_name\" content=\"Os Meus Apontamentos\" \/>\n<meta property=\"article:published_time\" content=\"2009-03-25T19:33:04+00:00\" \/>\n<meta property=\"og:image\" content=\"http:\/\/faculty.unlv.edu\/pwerth\/TGV.jpg\" \/>\n<meta name=\"author\" content=\"Vitor Silva\" \/>\n<meta name=\"twitter:card\" content=\"summary_large_image\" \/>\n<meta name=\"twitter:creator\" content=\"@vitorsilva\" \/>\n<meta name=\"twitter:site\" content=\"@vitorsilva\" \/>\n<meta name=\"twitter:label1\" content=\"Escrito por\" \/>\n\t<meta name=\"twitter:data1\" content=\"Vitor Silva\" \/>\n\t<meta name=\"twitter:label2\" content=\"Tempo estimado de leitura\" \/>\n\t<meta name=\"twitter:data2\" content=\"2 minutos\" \/>\n<script type=\"application\/ld+json\" class=\"yoast-schema-graph\">{\"@context\":\"https:\\\/\\\/schema.org\",\"@graph\":[{\"@type\":\"Article\",\"@id\":\"https:\\\/\\\/osmeusapontamentos.com\\\/index.php\\\/2009\\\/03\\\/25\\\/nao-vai-dar-entrada-na-linha-numero-um-o-comboio-com-destino-a-regua\\\/#article\",\"isPartOf\":{\"@id\":\"https:\\\/\\\/osmeusapontamentos.com\\\/index.php\\\/2009\\\/03\\\/25\\\/nao-vai-dar-entrada-na-linha-numero-um-o-comboio-com-destino-a-regua\\\/\"},\"author\":{\"name\":\"Vitor Silva\",\"@id\":\"https:\\\/\\\/osmeusapontamentos.com\\\/#\\\/schema\\\/person\\\/d508df9c3ffc8b4e64a18dbf0ba18dd8\"},\"headline\":\"N\u00e3o vai dar entrada na linha n\u00famero um o comboio com destino \u00e0 r\u00e9gua\",\"datePublished\":\"2009-03-25T19:33:04+00:00\",\"mainEntityOfPage\":{\"@id\":\"https:\\\/\\\/osmeusapontamentos.com\\\/index.php\\\/2009\\\/03\\\/25\\\/nao-vai-dar-entrada-na-linha-numero-um-o-comboio-com-destino-a-regua\\\/\"},\"wordCount\":382,\"commentCount\":2,\"publisher\":{\"@id\":\"https:\\\/\\\/osmeusapontamentos.com\\\/#\\\/schema\\\/person\\\/d508df9c3ffc8b4e64a18dbf0ba18dd8\"},\"image\":{\"@id\":\"https:\\\/\\\/osmeusapontamentos.com\\\/index.php\\\/2009\\\/03\\\/25\\\/nao-vai-dar-entrada-na-linha-numero-um-o-comboio-com-destino-a-regua\\\/#primaryimage\"},\"thumbnailUrl\":\"http:\\\/\\\/faculty.unlv.edu\\\/pwerth\\\/TGV.jpg\",\"keywords\":[\"comboio\",\"corgo\",\"douro\",\"oportoemconversa\",\"podcast\",\"t\u00e2mega\"],\"articleSection\":[\"Ler\\\/ Ver\\\/ Ouvir\\\/ Passear\"],\"inLanguage\":\"pt-PT\",\"potentialAction\":[{\"@type\":\"CommentAction\",\"name\":\"Comment\",\"target\":[\"https:\\\/\\\/osmeusapontamentos.com\\\/index.php\\\/2009\\\/03\\\/25\\\/nao-vai-dar-entrada-na-linha-numero-um-o-comboio-com-destino-a-regua\\\/#respond\"]}]},{\"@type\":\"WebPage\",\"@id\":\"https:\\\/\\\/osmeusapontamentos.com\\\/index.php\\\/2009\\\/03\\\/25\\\/nao-vai-dar-entrada-na-linha-numero-um-o-comboio-com-destino-a-regua\\\/\",\"url\":\"https:\\\/\\\/osmeusapontamentos.com\\\/index.php\\\/2009\\\/03\\\/25\\\/nao-vai-dar-entrada-na-linha-numero-um-o-comboio-com-destino-a-regua\\\/\",\"name\":\"N\u00e3o vai dar entrada na linha n\u00famero um o comboio com destino \u00e0 r\u00e9gua - Os Meus Apontamentos\",\"isPartOf\":{\"@id\":\"https:\\\/\\\/osmeusapontamentos.com\\\/#website\"},\"primaryImageOfPage\":{\"@id\":\"https:\\\/\\\/osmeusapontamentos.com\\\/index.php\\\/2009\\\/03\\\/25\\\/nao-vai-dar-entrada-na-linha-numero-um-o-comboio-com-destino-a-regua\\\/#primaryimage\"},\"image\":{\"@id\":\"https:\\\/\\\/osmeusapontamentos.com\\\/index.php\\\/2009\\\/03\\\/25\\\/nao-vai-dar-entrada-na-linha-numero-um-o-comboio-com-destino-a-regua\\\/#primaryimage\"},\"thumbnailUrl\":\"http:\\\/\\\/faculty.unlv.edu\\\/pwerth\\\/TGV.jpg\",\"datePublished\":\"2009-03-25T19:33:04+00:00\",\"breadcrumb\":{\"@id\":\"https:\\\/\\\/osmeusapontamentos.com\\\/index.php\\\/2009\\\/03\\\/25\\\/nao-vai-dar-entrada-na-linha-numero-um-o-comboio-com-destino-a-regua\\\/#breadcrumb\"},\"inLanguage\":\"pt-PT\",\"potentialAction\":[{\"@type\":\"ReadAction\",\"target\":[\"https:\\\/\\\/osmeusapontamentos.com\\\/index.php\\\/2009\\\/03\\\/25\\\/nao-vai-dar-entrada-na-linha-numero-um-o-comboio-com-destino-a-regua\\\/\"]}]},{\"@type\":\"ImageObject\",\"inLanguage\":\"pt-PT\",\"@id\":\"https:\\\/\\\/osmeusapontamentos.com\\\/index.php\\\/2009\\\/03\\\/25\\\/nao-vai-dar-entrada-na-linha-numero-um-o-comboio-com-destino-a-regua\\\/#primaryimage\",\"url\":\"http:\\\/\\\/faculty.unlv.edu\\\/pwerth\\\/TGV.jpg\",\"contentUrl\":\"http:\\\/\\\/faculty.unlv.edu\\\/pwerth\\\/TGV.jpg\"},{\"@type\":\"BreadcrumbList\",\"@id\":\"https:\\\/\\\/osmeusapontamentos.com\\\/index.php\\\/2009\\\/03\\\/25\\\/nao-vai-dar-entrada-na-linha-numero-um-o-comboio-com-destino-a-regua\\\/#breadcrumb\",\"itemListElement\":[{\"@type\":\"ListItem\",\"position\":1,\"name\":\"In\u00edcio\",\"item\":\"https:\\\/\\\/osmeusapontamentos.com\\\/\"},{\"@type\":\"ListItem\",\"position\":2,\"name\":\"N\u00e3o vai dar entrada na linha n\u00famero um o comboio com destino \u00e0 r\u00e9gua\"}]},{\"@type\":\"WebSite\",\"@id\":\"https:\\\/\\\/osmeusapontamentos.com\\\/#website\",\"url\":\"https:\\\/\\\/osmeusapontamentos.com\\\/\",\"name\":\"Os Meus Apontamentos\",\"description\":\"\",\"publisher\":{\"@id\":\"https:\\\/\\\/osmeusapontamentos.com\\\/#\\\/schema\\\/person\\\/d508df9c3ffc8b4e64a18dbf0ba18dd8\"},\"potentialAction\":[{\"@type\":\"SearchAction\",\"target\":{\"@type\":\"EntryPoint\",\"urlTemplate\":\"https:\\\/\\\/osmeusapontamentos.com\\\/?s={search_term_string}\"},\"query-input\":{\"@type\":\"PropertyValueSpecification\",\"valueRequired\":true,\"valueName\":\"search_term_string\"}}],\"inLanguage\":\"pt-PT\"},{\"@type\":[\"Person\",\"Organization\"],\"@id\":\"https:\\\/\\\/osmeusapontamentos.com\\\/#\\\/schema\\\/person\\\/d508df9c3ffc8b4e64a18dbf0ba18dd8\",\"name\":\"Vitor Silva\",\"image\":{\"@type\":\"ImageObject\",\"inLanguage\":\"pt-PT\",\"@id\":\"https:\\\/\\\/secure.gravatar.com\\\/avatar\\\/f81f58ad909e8a213ab0a690f6ed65e5c0e0e2274bf35ac49ff31d7988d483ce?s=96&d=mm&r=g\",\"url\":\"https:\\\/\\\/secure.gravatar.com\\\/avatar\\\/f81f58ad909e8a213ab0a690f6ed65e5c0e0e2274bf35ac49ff31d7988d483ce?s=96&d=mm&r=g\",\"contentUrl\":\"https:\\\/\\\/secure.gravatar.com\\\/avatar\\\/f81f58ad909e8a213ab0a690f6ed65e5c0e0e2274bf35ac49ff31d7988d483ce?s=96&d=mm&r=g\",\"caption\":\"Vitor Silva\"},\"logo\":{\"@id\":\"https:\\\/\\\/secure.gravatar.com\\\/avatar\\\/f81f58ad909e8a213ab0a690f6ed65e5c0e0e2274bf35ac49ff31d7988d483ce?s=96&d=mm&r=g\"},\"sameAs\":[\"https:\\\/\\\/www.linkedin.com\\\/in\\\/vitormrsilva\",\"https:\\\/\\\/x.com\\\/vitorsilva\"]}]}<\/script>\n<!-- \/ Yoast SEO plugin. -->","yoast_head_json":{"title":"N\u00e3o vai dar entrada na linha n\u00famero um o comboio com destino \u00e0 r\u00e9gua - Os Meus Apontamentos","robots":{"index":"index","follow":"follow","max-snippet":"max-snippet:-1","max-image-preview":"max-image-preview:large","max-video-preview":"max-video-preview:-1"},"canonical":"https:\/\/osmeusapontamentos.com\/index.php\/2009\/03\/25\/nao-vai-dar-entrada-na-linha-numero-um-o-comboio-com-destino-a-regua\/","og_locale":"pt_PT","og_type":"article","og_title":"N\u00e3o vai dar entrada na linha n\u00famero um o comboio com destino \u00e0 r\u00e9gua - Os Meus Apontamentos","og_description":"H\u00e1 uns dias atr\u00e1s gravei com o Ant\u00f3nio Alves o 3\u00ba programa do meu podcast &#8220;O Porto em Conversa&#8220;. No seguimento do processo (espero) intermin\u00e1vel do TGV, das not\u00edcias do (espero que ainda evit\u00e1vel) encerramento da linha do Tua e no geral dos milh\u00f5es e milh\u00f5es que se atiram para o ar em projectos fabulosos [&hellip;]","og_url":"https:\/\/osmeusapontamentos.com\/index.php\/2009\/03\/25\/nao-vai-dar-entrada-na-linha-numero-um-o-comboio-com-destino-a-regua\/","og_site_name":"Os Meus Apontamentos","article_published_time":"2009-03-25T19:33:04+00:00","og_image":[{"url":"http:\/\/faculty.unlv.edu\/pwerth\/TGV.jpg","type":"","width":"","height":""}],"author":"Vitor Silva","twitter_card":"summary_large_image","twitter_creator":"@vitorsilva","twitter_site":"@vitorsilva","twitter_misc":{"Escrito por":"Vitor Silva","Tempo estimado de leitura":"2 minutos"},"schema":{"@context":"https:\/\/schema.org","@graph":[{"@type":"Article","@id":"https:\/\/osmeusapontamentos.com\/index.php\/2009\/03\/25\/nao-vai-dar-entrada-na-linha-numero-um-o-comboio-com-destino-a-regua\/#article","isPartOf":{"@id":"https:\/\/osmeusapontamentos.com\/index.php\/2009\/03\/25\/nao-vai-dar-entrada-na-linha-numero-um-o-comboio-com-destino-a-regua\/"},"author":{"name":"Vitor Silva","@id":"https:\/\/osmeusapontamentos.com\/#\/schema\/person\/d508df9c3ffc8b4e64a18dbf0ba18dd8"},"headline":"N\u00e3o vai dar entrada na linha n\u00famero um o comboio com destino \u00e0 r\u00e9gua","datePublished":"2009-03-25T19:33:04+00:00","mainEntityOfPage":{"@id":"https:\/\/osmeusapontamentos.com\/index.php\/2009\/03\/25\/nao-vai-dar-entrada-na-linha-numero-um-o-comboio-com-destino-a-regua\/"},"wordCount":382,"commentCount":2,"publisher":{"@id":"https:\/\/osmeusapontamentos.com\/#\/schema\/person\/d508df9c3ffc8b4e64a18dbf0ba18dd8"},"image":{"@id":"https:\/\/osmeusapontamentos.com\/index.php\/2009\/03\/25\/nao-vai-dar-entrada-na-linha-numero-um-o-comboio-com-destino-a-regua\/#primaryimage"},"thumbnailUrl":"http:\/\/faculty.unlv.edu\/pwerth\/TGV.jpg","keywords":["comboio","corgo","douro","oportoemconversa","podcast","t\u00e2mega"],"articleSection":["Ler\/ Ver\/ Ouvir\/ Passear"],"inLanguage":"pt-PT","potentialAction":[{"@type":"CommentAction","name":"Comment","target":["https:\/\/osmeusapontamentos.com\/index.php\/2009\/03\/25\/nao-vai-dar-entrada-na-linha-numero-um-o-comboio-com-destino-a-regua\/#respond"]}]},{"@type":"WebPage","@id":"https:\/\/osmeusapontamentos.com\/index.php\/2009\/03\/25\/nao-vai-dar-entrada-na-linha-numero-um-o-comboio-com-destino-a-regua\/","url":"https:\/\/osmeusapontamentos.com\/index.php\/2009\/03\/25\/nao-vai-dar-entrada-na-linha-numero-um-o-comboio-com-destino-a-regua\/","name":"N\u00e3o vai dar entrada na linha n\u00famero um o comboio com destino \u00e0 r\u00e9gua - Os Meus Apontamentos","isPartOf":{"@id":"https:\/\/osmeusapontamentos.com\/#website"},"primaryImageOfPage":{"@id":"https:\/\/osmeusapontamentos.com\/index.php\/2009\/03\/25\/nao-vai-dar-entrada-na-linha-numero-um-o-comboio-com-destino-a-regua\/#primaryimage"},"image":{"@id":"https:\/\/osmeusapontamentos.com\/index.php\/2009\/03\/25\/nao-vai-dar-entrada-na-linha-numero-um-o-comboio-com-destino-a-regua\/#primaryimage"},"thumbnailUrl":"http:\/\/faculty.unlv.edu\/pwerth\/TGV.jpg","datePublished":"2009-03-25T19:33:04+00:00","breadcrumb":{"@id":"https:\/\/osmeusapontamentos.com\/index.php\/2009\/03\/25\/nao-vai-dar-entrada-na-linha-numero-um-o-comboio-com-destino-a-regua\/#breadcrumb"},"inLanguage":"pt-PT","potentialAction":[{"@type":"ReadAction","target":["https:\/\/osmeusapontamentos.com\/index.php\/2009\/03\/25\/nao-vai-dar-entrada-na-linha-numero-um-o-comboio-com-destino-a-regua\/"]}]},{"@type":"ImageObject","inLanguage":"pt-PT","@id":"https:\/\/osmeusapontamentos.com\/index.php\/2009\/03\/25\/nao-vai-dar-entrada-na-linha-numero-um-o-comboio-com-destino-a-regua\/#primaryimage","url":"http:\/\/faculty.unlv.edu\/pwerth\/TGV.jpg","contentUrl":"http:\/\/faculty.unlv.edu\/pwerth\/TGV.jpg"},{"@type":"BreadcrumbList","@id":"https:\/\/osmeusapontamentos.com\/index.php\/2009\/03\/25\/nao-vai-dar-entrada-na-linha-numero-um-o-comboio-com-destino-a-regua\/#breadcrumb","itemListElement":[{"@type":"ListItem","position":1,"name":"In\u00edcio","item":"https:\/\/osmeusapontamentos.com\/"},{"@type":"ListItem","position":2,"name":"N\u00e3o vai dar entrada na linha n\u00famero um o comboio com destino \u00e0 r\u00e9gua"}]},{"@type":"WebSite","@id":"https:\/\/osmeusapontamentos.com\/#website","url":"https:\/\/osmeusapontamentos.com\/","name":"Os Meus Apontamentos","description":"","publisher":{"@id":"https:\/\/osmeusapontamentos.com\/#\/schema\/person\/d508df9c3ffc8b4e64a18dbf0ba18dd8"},"potentialAction":[{"@type":"SearchAction","target":{"@type":"EntryPoint","urlTemplate":"https:\/\/osmeusapontamentos.com\/?s={search_term_string}"},"query-input":{"@type":"PropertyValueSpecification","valueRequired":true,"valueName":"search_term_string"}}],"inLanguage":"pt-PT"},{"@type":["Person","Organization"],"@id":"https:\/\/osmeusapontamentos.com\/#\/schema\/person\/d508df9c3ffc8b4e64a18dbf0ba18dd8","name":"Vitor Silva","image":{"@type":"ImageObject","inLanguage":"pt-PT","@id":"https:\/\/secure.gravatar.com\/avatar\/f81f58ad909e8a213ab0a690f6ed65e5c0e0e2274bf35ac49ff31d7988d483ce?s=96&d=mm&r=g","url":"https:\/\/secure.gravatar.com\/avatar\/f81f58ad909e8a213ab0a690f6ed65e5c0e0e2274bf35ac49ff31d7988d483ce?s=96&d=mm&r=g","contentUrl":"https:\/\/secure.gravatar.com\/avatar\/f81f58ad909e8a213ab0a690f6ed65e5c0e0e2274bf35ac49ff31d7988d483ce?s=96&d=mm&r=g","caption":"Vitor Silva"},"logo":{"@id":"https:\/\/secure.gravatar.com\/avatar\/f81f58ad909e8a213ab0a690f6ed65e5c0e0e2274bf35ac49ff31d7988d483ce?s=96&d=mm&r=g"},"sameAs":["https:\/\/www.linkedin.com\/in\/vitormrsilva","https:\/\/x.com\/vitorsilva"]}]}},"_links":{"self":[{"href":"https:\/\/osmeusapontamentos.com\/index.php\/wp-json\/wp\/v2\/posts\/1376","targetHints":{"allow":["GET"]}}],"collection":[{"href":"https:\/\/osmeusapontamentos.com\/index.php\/wp-json\/wp\/v2\/posts"}],"about":[{"href":"https:\/\/osmeusapontamentos.com\/index.php\/wp-json\/wp\/v2\/types\/post"}],"author":[{"embeddable":true,"href":"https:\/\/osmeusapontamentos.com\/index.php\/wp-json\/wp\/v2\/users\/1"}],"replies":[{"embeddable":true,"href":"https:\/\/osmeusapontamentos.com\/index.php\/wp-json\/wp\/v2\/comments?post=1376"}],"version-history":[{"count":0,"href":"https:\/\/osmeusapontamentos.com\/index.php\/wp-json\/wp\/v2\/posts\/1376\/revisions"}],"wp:attachment":[{"href":"https:\/\/osmeusapontamentos.com\/index.php\/wp-json\/wp\/v2\/media?parent=1376"}],"wp:term":[{"taxonomy":"category","embeddable":true,"href":"https:\/\/osmeusapontamentos.com\/index.php\/wp-json\/wp\/v2\/categories?post=1376"},{"taxonomy":"post_tag","embeddable":true,"href":"https:\/\/osmeusapontamentos.com\/index.php\/wp-json\/wp\/v2\/tags?post=1376"}],"curies":[{"name":"wp","href":"https:\/\/api.w.org\/{rel}","templated":true}]}}