{"id":1368,"date":"2009-03-07T11:50:00","date_gmt":"2009-03-07T11:50:00","guid":{"rendered":"http:\/\/osmeusapontamentos.com\/?p=1368"},"modified":"2009-03-07T11:50:00","modified_gmt":"2009-03-07T11:50:00","slug":"notas-sobre-regionalizacao","status":"publish","type":"post","link":"https:\/\/osmeusapontamentos.com\/index.php\/2009\/03\/07\/notas-sobre-regionalizacao\/","title":{"rendered":"notas sobre regionaliza\u00e7\u00e3o"},"content":{"rendered":"<p>acho que qualquer debate sobre regionaliza\u00e7\u00e3o, descentraliza\u00e7\u00e3o, desconcentra\u00e7\u00e3o, metropolitaniza\u00e7\u00e3o, centraliza\u00e7\u00e3o deve ser centrado nos pontos:<br \/>\n* que tarefas se redistribuem (descentralizam\/centralizam)<br \/>\n* o que v\u00e3o fazer os orgaos que v\u00e3o exercer essas e outras tarefas<br \/>\n* que poderes v\u00e3o ter<br \/>\n* qual o crit\u00e9rio para decidir o que muda de n\u00edvel de administra\u00e7\u00e3o (passa do estado central para a regi\u00e3o ou no sentido inverso)<\/p>\n<p>de qualquer forma faz sentido rever outras quest\u00f5es:<\/p>\n<p>argumento da crise<br \/>\n&#8211; avaliar se \u00e9 mesmo um argumento. se n\u00e3o houvesse crise ent\u00e3o j\u00e1 fazia sentido? ou haja ou n\u00e3o crise \u00e9 sempre mau o processo de regionaliza\u00e7\u00e3o?<br \/>\n&#8211; claro que a <a href=\"http:\/\/diario.iol.pt\/politica\/regionalizacao-porto-valente-de-oliveira-norte\/1047629-4072.html\">crise tamb\u00e9m pode ser olhada como oportunidade<\/a> =&gt; &#8220;Valente de Oliveira reconhece que a altura para avan\u00e7ar com a regionaliza\u00e7\u00e3o poder\u00e1 n\u00e3o ser a melhor, mas, sublinha, \u00ab\u00e9 preciso aproveitar os tempos de crise para dar o salto em frente. Agora \u00e9 o tempo de arrancar\u00bb.&#8221;<\/p>\n<p>aumento da burocracia<br \/>\n&#8211; esta \u00e9 uma quest\u00e3o que s\u00f3 aparece se discutirmos a regionaliza\u00e7\u00e3o do ponto de vista do feeling (o meu feeling \u00e9 que \u00e9 boa, o meu feeling \u00e9 que \u00e9 m\u00e1) em vez de propostas concretas. por exemplo para mim qualquer tipo de reforma administrativa e\/ou politica n\u00e3o pode implicar o aumento do peso do estado, como \u00e9 que isso pode ser feito? em outras sess\u00f5es foram apresentadas ideias que iam desde reduzir o n\u00ba de deputados da assembleia da republica at\u00e9 reaproveitamento de infraestruturas existentes (direc\u00e7\u00f5es gerais, regionais, institutos)<\/p>\n<p>ccdr com falta de legitimidade<br \/>\n&#8211; se achamos que as ccdr t\u00eam falta de legitimidade ent\u00e3o porque n\u00e3o passar logo para a legitima\u00e7\u00e3o m\u00e1xima que \u00e9 a elei\u00e7\u00e3o directa?<br \/>\n&#8211; isso j\u00e1 est\u00e1 previsto em alguns documentos referidos noutras sess\u00f5es:\u00a0 Projecto Carta Europeia Democracia Regional 240\/2008 Maio 2008<br \/>\ne\/ou Carta Europeia Autonomia Regional \/ Local: art.14 &#8211; assembleias eleitas por sufr\u00e1gio directo &#8211; temporariamente (10 anos) assembleias eleitas pelas autarquias<\/p>\n<p>tradi\u00e7\u00e3o<br \/>\n&#8211; portugal n\u00e3o tem tradi\u00e7\u00e3o de regi\u00f5es =&gt; ver <a href=\"http:\/\/regioes.blogspot.com\/2008_08_01_archive.html\">Hist\u00f3ria do Ordenamento de 27 a.c. at\u00e9 hoje<\/a> e <a href=\"http:\/\/regioes.blogspot.com\/2009\/01\/oeste-cim.html\">As Comarcas de D.Dinis<\/a><\/p>\n<p>internet e como resolve as quest\u00f5es de acesso a informa\u00e7\u00e3o e portanto elimina a ideia de que \u00e9 desnecess\u00e1ria a regionaliza\u00e7\u00e3o<\/p>\n<p>&#8211; Ant\u00f3nio Figueiredo na primeira sess\u00e3o destas confer\u00eancias referiu um estudo que aponta para o efeito relativamente limitado que pode ter o mundo digital na transmiss\u00e3o de alguns conte\u00fados =&gt; efeito disseminador de informa\u00e7\u00e3o de uma universidade s\u00f3 \u00e9 sentido num raio de 50km, para al\u00e9m disso h\u00e1 algum tipo de conhecimento que n\u00e3o circula: saber fazer, rela\u00e7\u00f5es, conhecimento t\u00e1cito<br \/>\n&#8211; mas a internet \u00e9 bidireccional: sendo bidireccional ent\u00e3o tanto pode ser usada como argumento para facilitar o centralismo com o argumento de que mesmo estando tudo centralizado facilmente essa informa\u00e7\u00e3o \u00e9 disseminada, mas tamb\u00e9m pode ser usada inversamente na medida em que possibilita que os n\u00f3s dessa rede comuniquem facilmente entre si e com o &#8220;n\u00f3 central&#8221;, levando facilmente a quest\u00f5es como, por que raz\u00e3o a maior parte dos servi\u00e7os administrativos n\u00e3o est\u00e3o localizados fora de lisboa e\/ou porto? porque raz\u00e3o por exemplo uma institui\u00e7\u00e3o como a dgci que (na minha vis\u00e3o reduzida do mundo) s\u00f3 olha para processos inform\u00e1ticos e\/ou papel n\u00e3o est\u00e1 instalada em viseu? porque raz\u00e3o uma institui\u00e7\u00e3o como o ine que (mais uma vez na minha vis\u00e3o reduzida do mundo) s\u00f3 pega em dados que lhes s\u00e3o enviados e os sistematiza e trata n\u00e3o est\u00e1 instalado em faro? porque raz\u00e3o o tribunal constitucional n\u00e3o est\u00e1 localizado em coimbra?<br \/>\n&#8211; e a internet \u00e9 s\u00f3 um meio: mas o que acho que \u00e9 mais importante \u00e9 que a internet \u00e9 s\u00f3 um meio\/veiculo de transmiss\u00e3o. para que as decis\u00f5es cheguem a esse meio e aos pontos de entrega. elas ainda t\u00eam que ser tomadas (acho eu) por um humano e essa para mim \u00e9 que \u00e9 a quest\u00e3o principal. onde est\u00e3o as pessoas que decidem?<\/p>\n<p>outros argumentos<br \/>\n&#8211; argumento difus\u00e3o \/ sobreposi\u00e7\u00e3o de poderes<br \/>\ne se quem trabalhar na revis\u00e3o das leis necess\u00e1rias para uma regionaliza\u00e7\u00e3o fizer desta vez um bom trabalho e n\u00e3o criar leis que se sobrep\u00f5em, que s\u00e3o de f\u00e1cil compreens\u00e3o e de interpreta\u00e7\u00e3o \u00fanica?<\/p>\n<p>&#8211; argumento instabilidade politica<br \/>\nestamos ent\u00e3o a assumir que todos os membros de organismos regionais v\u00e3o ser iguais a jo\u00e3o jardim? e porque n\u00e3o igual a mota amaral?<br \/>\nestamos ent\u00e3o a assumir que todos os membros de organismos regionais v\u00e3o ser iguais a f\u00e1tima felgueiras, avelino torres, etc.? e porque n\u00e3o igual aos outros trezentos e tal presidentes de c\u00e2mara que n\u00e3o aparecem nas not\u00edcias?<\/p>\n<p>&#8211; argumento fronteiras artificiais<br \/>\ne se assumirmos que, de facto, todas as fronteiras s\u00e3o artificiais?<\/p>\n","protected":false},"excerpt":{"rendered":"<p>acho que qualquer debate sobre regionaliza\u00e7\u00e3o, descentraliza\u00e7\u00e3o, desconcentra\u00e7\u00e3o, metropolitaniza\u00e7\u00e3o, centraliza\u00e7\u00e3o deve ser centrado nos pontos: * que tarefas se redistribuem (descentralizam\/centralizam) * o que v\u00e3o fazer os orgaos que v\u00e3o exercer essas e outras tarefas * que poderes v\u00e3o ter * qual o crit\u00e9rio para decidir o que muda de n\u00edvel de administra\u00e7\u00e3o (passa do [&hellip;]<\/p>\n","protected":false},"author":1,"featured_media":0,"comment_status":"open","ping_status":"open","sticky":false,"template":"","format":"standard","meta":{"footnotes":""},"categories":[7],"tags":[557],"class_list":["post-1368","post","type-post","status-publish","format-standard","hentry","category-ler-ver-ouvir-passear","tag-regionalizacao"],"yoast_head":"<!-- This site is optimized with the Yoast SEO plugin v27.5 - https:\/\/yoast.com\/product\/yoast-seo-wordpress\/ -->\n<title>notas sobre regionaliza\u00e7\u00e3o - Os Meus Apontamentos<\/title>\n<meta name=\"robots\" content=\"index, follow, max-snippet:-1, max-image-preview:large, max-video-preview:-1\" \/>\n<link rel=\"canonical\" href=\"https:\/\/osmeusapontamentos.com\/index.php\/2009\/03\/07\/notas-sobre-regionalizacao\/\" \/>\n<meta property=\"og:locale\" content=\"pt_PT\" \/>\n<meta property=\"og:type\" content=\"article\" \/>\n<meta property=\"og:title\" content=\"notas sobre regionaliza\u00e7\u00e3o - Os Meus Apontamentos\" \/>\n<meta property=\"og:description\" content=\"acho que qualquer debate sobre regionaliza\u00e7\u00e3o, descentraliza\u00e7\u00e3o, desconcentra\u00e7\u00e3o, metropolitaniza\u00e7\u00e3o, centraliza\u00e7\u00e3o deve ser centrado nos pontos: * que tarefas se redistribuem (descentralizam\/centralizam) * o que v\u00e3o fazer os orgaos que v\u00e3o exercer essas e outras tarefas * que poderes v\u00e3o ter * qual o crit\u00e9rio para decidir o que muda de n\u00edvel de administra\u00e7\u00e3o (passa do [&hellip;]\" \/>\n<meta property=\"og:url\" content=\"https:\/\/osmeusapontamentos.com\/index.php\/2009\/03\/07\/notas-sobre-regionalizacao\/\" \/>\n<meta property=\"og:site_name\" content=\"Os Meus Apontamentos\" \/>\n<meta property=\"article:published_time\" content=\"2009-03-07T11:50:00+00:00\" \/>\n<meta name=\"author\" content=\"Vitor Silva\" \/>\n<meta name=\"twitter:card\" content=\"summary_large_image\" \/>\n<meta name=\"twitter:creator\" content=\"@vitorsilva\" \/>\n<meta name=\"twitter:site\" content=\"@vitorsilva\" \/>\n<meta name=\"twitter:label1\" content=\"Escrito por\" \/>\n\t<meta name=\"twitter:data1\" content=\"Vitor Silva\" \/>\n\t<meta name=\"twitter:label2\" content=\"Tempo estimado de leitura\" \/>\n\t<meta name=\"twitter:data2\" content=\"4 minutos\" \/>\n<script type=\"application\/ld+json\" class=\"yoast-schema-graph\">{\"@context\":\"https:\\\/\\\/schema.org\",\"@graph\":[{\"@type\":\"Article\",\"@id\":\"https:\\\/\\\/osmeusapontamentos.com\\\/index.php\\\/2009\\\/03\\\/07\\\/notas-sobre-regionalizacao\\\/#article\",\"isPartOf\":{\"@id\":\"https:\\\/\\\/osmeusapontamentos.com\\\/index.php\\\/2009\\\/03\\\/07\\\/notas-sobre-regionalizacao\\\/\"},\"author\":{\"name\":\"Vitor Silva\",\"@id\":\"https:\\\/\\\/osmeusapontamentos.com\\\/#\\\/schema\\\/person\\\/d508df9c3ffc8b4e64a18dbf0ba18dd8\"},\"headline\":\"notas sobre regionaliza\u00e7\u00e3o\",\"datePublished\":\"2009-03-07T11:50:00+00:00\",\"mainEntityOfPage\":{\"@id\":\"https:\\\/\\\/osmeusapontamentos.com\\\/index.php\\\/2009\\\/03\\\/07\\\/notas-sobre-regionalizacao\\\/\"},\"wordCount\":845,\"commentCount\":2,\"publisher\":{\"@id\":\"https:\\\/\\\/osmeusapontamentos.com\\\/#\\\/schema\\\/person\\\/d508df9c3ffc8b4e64a18dbf0ba18dd8\"},\"keywords\":[\"regionaliza\u00e7\u00e3o\"],\"articleSection\":[\"Ler\\\/ Ver\\\/ Ouvir\\\/ Passear\"],\"inLanguage\":\"pt-PT\",\"potentialAction\":[{\"@type\":\"CommentAction\",\"name\":\"Comment\",\"target\":[\"https:\\\/\\\/osmeusapontamentos.com\\\/index.php\\\/2009\\\/03\\\/07\\\/notas-sobre-regionalizacao\\\/#respond\"]}]},{\"@type\":\"WebPage\",\"@id\":\"https:\\\/\\\/osmeusapontamentos.com\\\/index.php\\\/2009\\\/03\\\/07\\\/notas-sobre-regionalizacao\\\/\",\"url\":\"https:\\\/\\\/osmeusapontamentos.com\\\/index.php\\\/2009\\\/03\\\/07\\\/notas-sobre-regionalizacao\\\/\",\"name\":\"notas sobre regionaliza\u00e7\u00e3o - Os Meus Apontamentos\",\"isPartOf\":{\"@id\":\"https:\\\/\\\/osmeusapontamentos.com\\\/#website\"},\"datePublished\":\"2009-03-07T11:50:00+00:00\",\"breadcrumb\":{\"@id\":\"https:\\\/\\\/osmeusapontamentos.com\\\/index.php\\\/2009\\\/03\\\/07\\\/notas-sobre-regionalizacao\\\/#breadcrumb\"},\"inLanguage\":\"pt-PT\",\"potentialAction\":[{\"@type\":\"ReadAction\",\"target\":[\"https:\\\/\\\/osmeusapontamentos.com\\\/index.php\\\/2009\\\/03\\\/07\\\/notas-sobre-regionalizacao\\\/\"]}]},{\"@type\":\"BreadcrumbList\",\"@id\":\"https:\\\/\\\/osmeusapontamentos.com\\\/index.php\\\/2009\\\/03\\\/07\\\/notas-sobre-regionalizacao\\\/#breadcrumb\",\"itemListElement\":[{\"@type\":\"ListItem\",\"position\":1,\"name\":\"In\u00edcio\",\"item\":\"https:\\\/\\\/osmeusapontamentos.com\\\/\"},{\"@type\":\"ListItem\",\"position\":2,\"name\":\"notas sobre regionaliza\u00e7\u00e3o\"}]},{\"@type\":\"WebSite\",\"@id\":\"https:\\\/\\\/osmeusapontamentos.com\\\/#website\",\"url\":\"https:\\\/\\\/osmeusapontamentos.com\\\/\",\"name\":\"Os Meus Apontamentos\",\"description\":\"\",\"publisher\":{\"@id\":\"https:\\\/\\\/osmeusapontamentos.com\\\/#\\\/schema\\\/person\\\/d508df9c3ffc8b4e64a18dbf0ba18dd8\"},\"potentialAction\":[{\"@type\":\"SearchAction\",\"target\":{\"@type\":\"EntryPoint\",\"urlTemplate\":\"https:\\\/\\\/osmeusapontamentos.com\\\/?s={search_term_string}\"},\"query-input\":{\"@type\":\"PropertyValueSpecification\",\"valueRequired\":true,\"valueName\":\"search_term_string\"}}],\"inLanguage\":\"pt-PT\"},{\"@type\":[\"Person\",\"Organization\"],\"@id\":\"https:\\\/\\\/osmeusapontamentos.com\\\/#\\\/schema\\\/person\\\/d508df9c3ffc8b4e64a18dbf0ba18dd8\",\"name\":\"Vitor Silva\",\"image\":{\"@type\":\"ImageObject\",\"inLanguage\":\"pt-PT\",\"@id\":\"https:\\\/\\\/secure.gravatar.com\\\/avatar\\\/f81f58ad909e8a213ab0a690f6ed65e5c0e0e2274bf35ac49ff31d7988d483ce?s=96&d=mm&r=g\",\"url\":\"https:\\\/\\\/secure.gravatar.com\\\/avatar\\\/f81f58ad909e8a213ab0a690f6ed65e5c0e0e2274bf35ac49ff31d7988d483ce?s=96&d=mm&r=g\",\"contentUrl\":\"https:\\\/\\\/secure.gravatar.com\\\/avatar\\\/f81f58ad909e8a213ab0a690f6ed65e5c0e0e2274bf35ac49ff31d7988d483ce?s=96&d=mm&r=g\",\"caption\":\"Vitor Silva\"},\"logo\":{\"@id\":\"https:\\\/\\\/secure.gravatar.com\\\/avatar\\\/f81f58ad909e8a213ab0a690f6ed65e5c0e0e2274bf35ac49ff31d7988d483ce?s=96&d=mm&r=g\"},\"sameAs\":[\"https:\\\/\\\/www.linkedin.com\\\/in\\\/vitormrsilva\",\"https:\\\/\\\/x.com\\\/vitorsilva\"]}]}<\/script>\n<!-- \/ Yoast SEO plugin. -->","yoast_head_json":{"title":"notas sobre regionaliza\u00e7\u00e3o - Os Meus Apontamentos","robots":{"index":"index","follow":"follow","max-snippet":"max-snippet:-1","max-image-preview":"max-image-preview:large","max-video-preview":"max-video-preview:-1"},"canonical":"https:\/\/osmeusapontamentos.com\/index.php\/2009\/03\/07\/notas-sobre-regionalizacao\/","og_locale":"pt_PT","og_type":"article","og_title":"notas sobre regionaliza\u00e7\u00e3o - Os Meus Apontamentos","og_description":"acho que qualquer debate sobre regionaliza\u00e7\u00e3o, descentraliza\u00e7\u00e3o, desconcentra\u00e7\u00e3o, metropolitaniza\u00e7\u00e3o, centraliza\u00e7\u00e3o deve ser centrado nos pontos: * que tarefas se redistribuem (descentralizam\/centralizam) * o que v\u00e3o fazer os orgaos que v\u00e3o exercer essas e outras tarefas * que poderes v\u00e3o ter * qual o crit\u00e9rio para decidir o que muda de n\u00edvel de administra\u00e7\u00e3o (passa do [&hellip;]","og_url":"https:\/\/osmeusapontamentos.com\/index.php\/2009\/03\/07\/notas-sobre-regionalizacao\/","og_site_name":"Os Meus Apontamentos","article_published_time":"2009-03-07T11:50:00+00:00","author":"Vitor Silva","twitter_card":"summary_large_image","twitter_creator":"@vitorsilva","twitter_site":"@vitorsilva","twitter_misc":{"Escrito por":"Vitor Silva","Tempo estimado de leitura":"4 minutos"},"schema":{"@context":"https:\/\/schema.org","@graph":[{"@type":"Article","@id":"https:\/\/osmeusapontamentos.com\/index.php\/2009\/03\/07\/notas-sobre-regionalizacao\/#article","isPartOf":{"@id":"https:\/\/osmeusapontamentos.com\/index.php\/2009\/03\/07\/notas-sobre-regionalizacao\/"},"author":{"name":"Vitor Silva","@id":"https:\/\/osmeusapontamentos.com\/#\/schema\/person\/d508df9c3ffc8b4e64a18dbf0ba18dd8"},"headline":"notas sobre regionaliza\u00e7\u00e3o","datePublished":"2009-03-07T11:50:00+00:00","mainEntityOfPage":{"@id":"https:\/\/osmeusapontamentos.com\/index.php\/2009\/03\/07\/notas-sobre-regionalizacao\/"},"wordCount":845,"commentCount":2,"publisher":{"@id":"https:\/\/osmeusapontamentos.com\/#\/schema\/person\/d508df9c3ffc8b4e64a18dbf0ba18dd8"},"keywords":["regionaliza\u00e7\u00e3o"],"articleSection":["Ler\/ Ver\/ Ouvir\/ Passear"],"inLanguage":"pt-PT","potentialAction":[{"@type":"CommentAction","name":"Comment","target":["https:\/\/osmeusapontamentos.com\/index.php\/2009\/03\/07\/notas-sobre-regionalizacao\/#respond"]}]},{"@type":"WebPage","@id":"https:\/\/osmeusapontamentos.com\/index.php\/2009\/03\/07\/notas-sobre-regionalizacao\/","url":"https:\/\/osmeusapontamentos.com\/index.php\/2009\/03\/07\/notas-sobre-regionalizacao\/","name":"notas sobre regionaliza\u00e7\u00e3o - Os Meus Apontamentos","isPartOf":{"@id":"https:\/\/osmeusapontamentos.com\/#website"},"datePublished":"2009-03-07T11:50:00+00:00","breadcrumb":{"@id":"https:\/\/osmeusapontamentos.com\/index.php\/2009\/03\/07\/notas-sobre-regionalizacao\/#breadcrumb"},"inLanguage":"pt-PT","potentialAction":[{"@type":"ReadAction","target":["https:\/\/osmeusapontamentos.com\/index.php\/2009\/03\/07\/notas-sobre-regionalizacao\/"]}]},{"@type":"BreadcrumbList","@id":"https:\/\/osmeusapontamentos.com\/index.php\/2009\/03\/07\/notas-sobre-regionalizacao\/#breadcrumb","itemListElement":[{"@type":"ListItem","position":1,"name":"In\u00edcio","item":"https:\/\/osmeusapontamentos.com\/"},{"@type":"ListItem","position":2,"name":"notas sobre regionaliza\u00e7\u00e3o"}]},{"@type":"WebSite","@id":"https:\/\/osmeusapontamentos.com\/#website","url":"https:\/\/osmeusapontamentos.com\/","name":"Os Meus Apontamentos","description":"","publisher":{"@id":"https:\/\/osmeusapontamentos.com\/#\/schema\/person\/d508df9c3ffc8b4e64a18dbf0ba18dd8"},"potentialAction":[{"@type":"SearchAction","target":{"@type":"EntryPoint","urlTemplate":"https:\/\/osmeusapontamentos.com\/?s={search_term_string}"},"query-input":{"@type":"PropertyValueSpecification","valueRequired":true,"valueName":"search_term_string"}}],"inLanguage":"pt-PT"},{"@type":["Person","Organization"],"@id":"https:\/\/osmeusapontamentos.com\/#\/schema\/person\/d508df9c3ffc8b4e64a18dbf0ba18dd8","name":"Vitor Silva","image":{"@type":"ImageObject","inLanguage":"pt-PT","@id":"https:\/\/secure.gravatar.com\/avatar\/f81f58ad909e8a213ab0a690f6ed65e5c0e0e2274bf35ac49ff31d7988d483ce?s=96&d=mm&r=g","url":"https:\/\/secure.gravatar.com\/avatar\/f81f58ad909e8a213ab0a690f6ed65e5c0e0e2274bf35ac49ff31d7988d483ce?s=96&d=mm&r=g","contentUrl":"https:\/\/secure.gravatar.com\/avatar\/f81f58ad909e8a213ab0a690f6ed65e5c0e0e2274bf35ac49ff31d7988d483ce?s=96&d=mm&r=g","caption":"Vitor Silva"},"logo":{"@id":"https:\/\/secure.gravatar.com\/avatar\/f81f58ad909e8a213ab0a690f6ed65e5c0e0e2274bf35ac49ff31d7988d483ce?s=96&d=mm&r=g"},"sameAs":["https:\/\/www.linkedin.com\/in\/vitormrsilva","https:\/\/x.com\/vitorsilva"]}]}},"_links":{"self":[{"href":"https:\/\/osmeusapontamentos.com\/index.php\/wp-json\/wp\/v2\/posts\/1368","targetHints":{"allow":["GET"]}}],"collection":[{"href":"https:\/\/osmeusapontamentos.com\/index.php\/wp-json\/wp\/v2\/posts"}],"about":[{"href":"https:\/\/osmeusapontamentos.com\/index.php\/wp-json\/wp\/v2\/types\/post"}],"author":[{"embeddable":true,"href":"https:\/\/osmeusapontamentos.com\/index.php\/wp-json\/wp\/v2\/users\/1"}],"replies":[{"embeddable":true,"href":"https:\/\/osmeusapontamentos.com\/index.php\/wp-json\/wp\/v2\/comments?post=1368"}],"version-history":[{"count":0,"href":"https:\/\/osmeusapontamentos.com\/index.php\/wp-json\/wp\/v2\/posts\/1368\/revisions"}],"wp:attachment":[{"href":"https:\/\/osmeusapontamentos.com\/index.php\/wp-json\/wp\/v2\/media?parent=1368"}],"wp:term":[{"taxonomy":"category","embeddable":true,"href":"https:\/\/osmeusapontamentos.com\/index.php\/wp-json\/wp\/v2\/categories?post=1368"},{"taxonomy":"post_tag","embeddable":true,"href":"https:\/\/osmeusapontamentos.com\/index.php\/wp-json\/wp\/v2\/tags?post=1368"}],"curies":[{"name":"wp","href":"https:\/\/api.w.org\/{rel}","templated":true}]}}