{"id":1362,"date":"2009-03-06T10:37:33","date_gmt":"2009-03-06T10:37:33","guid":{"rendered":"http:\/\/osmeusapontamentos.com\/?p=1362"},"modified":"2009-03-06T10:37:33","modified_gmt":"2009-03-06T10:37:33","slug":"regionalizacao-7","status":"publish","type":"post","link":"https:\/\/osmeusapontamentos.com\/index.php\/2009\/03\/06\/regionalizacao-7\/","title":{"rendered":"Regionaliza\u00e7\u00e3o #7"},"content":{"rendered":"<p>Notas sobre a sess\u00e3o#7 do <a href=\"http:\/\/www.cm-porto.pt\/gen.pl?p=stories&amp;op=view&amp;fokey=cmp.stories\/9425\">Ciclo de Confer\u00eancias sobre a Regionaliza\u00e7\u00e3o<\/a> promovido pela <a href=\"http:\/\/www.cm-porto.pt\/\">C\u00e2mara Municipal do Porto<\/a>. Sendo uma das \u00faltimas sess\u00f5es j\u00e1 n\u00e3o se tratou de uma sess\u00e3o sobre um tema espec\u00edfico mas sim tendo como ponto de partida &#8220;<a href=\"http:\/\/www.cm-porto.pt\/gen.pl?p=stories&amp;op=view&amp;fokey=cmp.stories\/11310\">A Regionaliza\u00e7\u00e3o: N\u00e3o!<\/a>&#8220;.<\/p>\n<p>Artur Santos Silva<\/p>\n<ul>\n<li>talvez uma das raz\u00f5es para o n\u00e3o no referendo de 1998 tenha sido o relativo sucesso que o pa\u00eds teve at\u00e9 a\u00ed desde a sua entrada na UE<\/li>\n<li>n\u00e3o h\u00e1 nenhuma experi\u00eancia com este tipo de \u00f3rg\u00e3os (regionais) no continente<\/li>\n<li>j\u00e1 h\u00e1 estado a mais e as regi\u00f5es administrativas iriam criar mais burocracia<\/li>\n<li>regi\u00f5es propostas s\u00e3o artificiais, a \u00fanica divis\u00e3o que se v\u00ea realmente no pa\u00eds \u00e9 a divis\u00e3o litoral \/ interior<\/li>\n<li>regi\u00e3o LVT tem o maior pib percapita mas tamb\u00e9m tem as maiores desigualdades<\/li>\n<li>regi\u00e3o administrativa com poder pol\u00edtico? &#8211; necessitaria de legitimidade para por exemplo lan\u00e7ar impostos<\/li>\n<li>conjuntura actual &#8211; temos outros temas mais importantes em que pensar agora<\/li>\n<li>a agenda de lisboa p\u00f5e de certa forma em causa as regi\u00f5es ao referir a necessidade de uma maior coordena\u00e7\u00e3o (centralizada)<\/li>\n<li>desequil\u00edbrio existentes no pa\u00eds apontam para a necessidade de uma reforma s\u00e9ria do sistema pol\u00edtico<\/li>\n<li>necess\u00e1ria descentraliza\u00e7\u00e3o eventualmente para AMP\/AML e outras associa\u00e7\u00f5es de munic\u00edpios<\/li>\n<li>temas que n\u00e3o fazem sentido serem decididos no governo central mas a uma escala mais pr\u00f3xima: portos, aeroportos, transportes urbanos, sa\u00fade, grandes equipamentos culturais, ensino b\u00e1sico e secund\u00e1rio, habita\u00e7\u00e3o.<\/li>\n<li>c\u00e2maras deveriam ter uma rela\u00e7\u00e3o\u00a0 proactiva com universidades e empresas<\/li>\n<li>ccdr &#8211; falta legitimidade democr\u00e1tica pelo facto de os respons\u00e1veis deveriam ser nomeados. deviam ter mandato dilatado e com maios legitimidade por exemplo obrigar a aprova\u00e7\u00e3o de 2\/3 do parlamento ou com interven\u00e7\u00e3o do p.r.<\/li>\n<li>necess\u00e1rio repensar papel munic\u00edpio \/ freguesia<\/li>\n<li>h\u00e1 uma crise de representa\u00e7\u00e3o<\/li>\n<li>\u00e9 fundamental que n\u00e3o se avance para uma reforma destas precipitadamente e sem um debate profundo.<\/li>\n<\/ul>\n<p>Daniel Proen\u00e7a de Carvalho<\/p>\n<ul>\n<li>anti-regionalista convicto<\/li>\n<li>receio das consequ\u00eancias que um processo destes possa ter<\/li>\n<li>inoportuna a introdu\u00e7\u00e3o deste tema (num momento de crise)<\/li>\n<li>o referendo de 98 teve uma maioria significativa no n\u00e3o<\/li>\n<li>n\u00e3o h\u00e1 tradi\u00e7\u00e3o. experimentalismo<\/li>\n<li>novo referendo s\u00f3 se se verificasse grande consenso<\/li>\n<li>referendo anterior provocou grandes divis\u00f5es (sociedade, partidos, &#8230;)<\/li>\n<li>regionaliza\u00e7\u00e3o proposta n\u00e3o \u00e9 s\u00f3 administrativa mas sim pol\u00edtica<\/li>\n<li>cria\u00e7\u00e3o de uma nova classe pol\u00edtica e cria\u00e7\u00e3o de novos lideres politicos ser\u00e3o mais um factor de desestabiliza\u00e7\u00e3o pol\u00edtica<\/li>\n<li>ver exemplo do que j\u00e1 temos a n\u00edvel das regi\u00f5es aut\u00f3nomas<\/li>\n<li>assimetrias &#8211; podia agravar as assimetrias j\u00e1 que as regi\u00f5es mais ricas teriam um poder reivindicativo maior<\/li>\n<li>reforma a contra ciclo<\/li>\n<li>portugal \u00e9 um pa\u00eds mais pequeno do que era h\u00e1 20 anos atr\u00e1s =&gt; vias de comunica\u00e7\u00e3o, internet<\/li>\n<li>mais uma inst\u00e2ncia de poder<\/li>\n<li>n\u00e3o \u00e9 f\u00e1cil algu\u00e9m reduzir as suas compet\u00eancias<\/li>\n<li>possibilidade duplica\u00e7\u00e3o \/ difus\u00e3o de compet\u00eancias<\/li>\n<\/ul>\n<p>Rui Vilar<\/p>\n<ul>\n<li>foi a favor da regionaliza\u00e7\u00e3o na ditadura por uma quest\u00e3o de principio: tudo o que fosse contra o poder central e aumentasse a participa\u00e7\u00e3o das pessoas<\/li>\n<li>referendo de 19998 j\u00e1 foi contra<\/li>\n<li>h\u00e1 muitas raz\u00f5es de descontentamento v\u00e1lidas em rela\u00e7\u00e3o ao funcionamento do nosso estado<\/li>\n<li>continua por fazer a reforma da administra\u00e7\u00e3o p\u00fablica<\/li>\n<li>excessiva concentra\u00e7\u00e3o<\/li>\n<li>falta proximidade<\/li>\n<li>manifestos desajustamentos de alguns concelhos e freguesias<\/li>\n<li>pouca ades\u00e3o aos mecanismos de associa\u00e7\u00e3o de municipios<\/li>\n<li>h\u00e1 grandes assimetrais<\/li>\n<li>raz\u00f5es de descontentamento v\u00e1lidas no uso dos recursos financeiros<\/li>\n<li>nas rela\u00e7\u00f5es transfronteiri\u00e7as<\/li>\n<li>as regi\u00f5es s\u00e3o solu\u00e7\u00e3o?<\/li>\n<li>a proposta que refere regi\u00f5es administrativas \u00e9 um eufemismo, trata-se na verdade de regi\u00f5es pol\u00edticas<\/li>\n<li>de notar que a revis\u00e3o de 97 da constitui\u00e7\u00e3o mudou a indica\u00e7\u00e3o das regi\u00f5es como imperativo para possibilidade e a necessidade de referendo passou de ser da simples valida\u00e7\u00e3o do mapa para a valida\u00e7\u00e3o da pr\u00f3pria regionaliza\u00e7\u00e3o<\/li>\n<li>como resolver a quest\u00e3o da aproxima\u00e7\u00e3o dos cidad\u00e3os aos eleitos &#8211; circulos uninominais<\/li>\n<li>necessidade de rever actual distribui\u00e7\u00e3o de concelhos e freguesias<\/li>\n<li>melhos utiliza\u00e7\u00e3o das ccdr<\/li>\n<li>necess\u00e1rio reforma da administra\u00e7\u00e3o publica<\/li>\n<li>regi\u00f5es pol\u00edticas podem ser um bloqueio a essa reforma<\/li>\n<li>n\u00e3o \u00e9 possivel reduzir o n\u00ba de funcion\u00e1rios da administra\u00e7\u00e3o publica<\/li>\n<li>descentraliza\u00e7\u00e3o coordenada das v\u00e1rias +areas<\/li>\n<li>aposta em fazer valer as potencialidades das duas \u00e1reas metropolitanas<\/li>\n<li>em vez de regionalizar preferia &#8220;metropolitanizar&#8221;<\/li>\n<li>porto deve reivindicar ser a capital da amp<\/li>\n<li>desafio sociedade mais justa<\/li>\n<li>num estudo de augusto mateus sobre a evolu\u00e7\u00e3o da coes\u00e3o e competitividade:<\/li>\n<li>LVT +comp -coes;<\/li>\n<li>Norte -comp =coes;<\/li>\n<li>A\u00e7ores -comp &#8211; coes;<\/li>\n<li>Outras regio\u00f5es -comp +coes<\/li>\n<\/ul>\n","protected":false},"excerpt":{"rendered":"<p>Notas sobre a sess\u00e3o#7 do Ciclo de Confer\u00eancias sobre a Regionaliza\u00e7\u00e3o promovido pela C\u00e2mara Municipal do Porto. Sendo uma das \u00faltimas sess\u00f5es j\u00e1 n\u00e3o se tratou de uma sess\u00e3o sobre um tema espec\u00edfico mas sim tendo como ponto de partida &#8220;A Regionaliza\u00e7\u00e3o: N\u00e3o!&#8220;. Artur Santos Silva talvez uma das raz\u00f5es para o n\u00e3o no referendo [&hellip;]<\/p>\n","protected":false},"author":1,"featured_media":0,"comment_status":"open","ping_status":"open","sticky":false,"template":"","format":"standard","meta":{"footnotes":""},"categories":[7],"tags":[68,186,557,582],"class_list":["post-1362","post","type-post","status-publish","format-standard","hentry","category-ler-ver-ouvir-passear","tag-artur-santos-silva","tag-daniel-proenca-carvalho","tag-regionalizacao","tag-rui-vilar"],"yoast_head":"<!-- This site is optimized with the Yoast SEO plugin v27.5 - https:\/\/yoast.com\/product\/yoast-seo-wordpress\/ -->\n<title>Regionaliza\u00e7\u00e3o #7 - Os Meus Apontamentos<\/title>\n<meta name=\"robots\" content=\"index, follow, max-snippet:-1, max-image-preview:large, max-video-preview:-1\" \/>\n<link rel=\"canonical\" href=\"https:\/\/osmeusapontamentos.com\/index.php\/2009\/03\/06\/regionalizacao-7\/\" \/>\n<meta property=\"og:locale\" content=\"pt_PT\" \/>\n<meta property=\"og:type\" content=\"article\" \/>\n<meta property=\"og:title\" content=\"Regionaliza\u00e7\u00e3o #7 - Os Meus Apontamentos\" \/>\n<meta property=\"og:description\" content=\"Notas sobre a sess\u00e3o#7 do Ciclo de Confer\u00eancias sobre a Regionaliza\u00e7\u00e3o promovido pela C\u00e2mara Municipal do Porto. Sendo uma das \u00faltimas sess\u00f5es j\u00e1 n\u00e3o se tratou de uma sess\u00e3o sobre um tema espec\u00edfico mas sim tendo como ponto de partida &#8220;A Regionaliza\u00e7\u00e3o: N\u00e3o!&#8220;. Artur Santos Silva talvez uma das raz\u00f5es para o n\u00e3o no referendo [&hellip;]\" \/>\n<meta property=\"og:url\" content=\"https:\/\/osmeusapontamentos.com\/index.php\/2009\/03\/06\/regionalizacao-7\/\" \/>\n<meta property=\"og:site_name\" content=\"Os Meus Apontamentos\" \/>\n<meta property=\"article:published_time\" content=\"2009-03-06T10:37:33+00:00\" \/>\n<meta name=\"author\" content=\"Vitor Silva\" \/>\n<meta name=\"twitter:card\" content=\"summary_large_image\" \/>\n<meta name=\"twitter:creator\" content=\"@vitorsilva\" \/>\n<meta name=\"twitter:site\" content=\"@vitorsilva\" \/>\n<meta name=\"twitter:label1\" content=\"Escrito por\" \/>\n\t<meta name=\"twitter:data1\" content=\"Vitor Silva\" \/>\n\t<meta name=\"twitter:label2\" content=\"Tempo estimado de leitura\" \/>\n\t<meta name=\"twitter:data2\" content=\"4 minutos\" \/>\n<script type=\"application\/ld+json\" class=\"yoast-schema-graph\">{\"@context\":\"https:\\\/\\\/schema.org\",\"@graph\":[{\"@type\":\"Article\",\"@id\":\"https:\\\/\\\/osmeusapontamentos.com\\\/index.php\\\/2009\\\/03\\\/06\\\/regionalizacao-7\\\/#article\",\"isPartOf\":{\"@id\":\"https:\\\/\\\/osmeusapontamentos.com\\\/index.php\\\/2009\\\/03\\\/06\\\/regionalizacao-7\\\/\"},\"author\":{\"name\":\"Vitor Silva\",\"@id\":\"https:\\\/\\\/osmeusapontamentos.com\\\/#\\\/schema\\\/person\\\/d508df9c3ffc8b4e64a18dbf0ba18dd8\"},\"headline\":\"Regionaliza\u00e7\u00e3o #7\",\"datePublished\":\"2009-03-06T10:37:33+00:00\",\"mainEntityOfPage\":{\"@id\":\"https:\\\/\\\/osmeusapontamentos.com\\\/index.php\\\/2009\\\/03\\\/06\\\/regionalizacao-7\\\/\"},\"wordCount\":829,\"commentCount\":0,\"publisher\":{\"@id\":\"https:\\\/\\\/osmeusapontamentos.com\\\/#\\\/schema\\\/person\\\/d508df9c3ffc8b4e64a18dbf0ba18dd8\"},\"keywords\":[\"artur santos silva\",\"daniel proen\u00e7a carvalho\",\"regionaliza\u00e7\u00e3o\",\"rui vilar\"],\"articleSection\":[\"Ler\\\/ Ver\\\/ Ouvir\\\/ Passear\"],\"inLanguage\":\"pt-PT\",\"potentialAction\":[{\"@type\":\"CommentAction\",\"name\":\"Comment\",\"target\":[\"https:\\\/\\\/osmeusapontamentos.com\\\/index.php\\\/2009\\\/03\\\/06\\\/regionalizacao-7\\\/#respond\"]}]},{\"@type\":\"WebPage\",\"@id\":\"https:\\\/\\\/osmeusapontamentos.com\\\/index.php\\\/2009\\\/03\\\/06\\\/regionalizacao-7\\\/\",\"url\":\"https:\\\/\\\/osmeusapontamentos.com\\\/index.php\\\/2009\\\/03\\\/06\\\/regionalizacao-7\\\/\",\"name\":\"Regionaliza\u00e7\u00e3o #7 - Os Meus Apontamentos\",\"isPartOf\":{\"@id\":\"https:\\\/\\\/osmeusapontamentos.com\\\/#website\"},\"datePublished\":\"2009-03-06T10:37:33+00:00\",\"breadcrumb\":{\"@id\":\"https:\\\/\\\/osmeusapontamentos.com\\\/index.php\\\/2009\\\/03\\\/06\\\/regionalizacao-7\\\/#breadcrumb\"},\"inLanguage\":\"pt-PT\",\"potentialAction\":[{\"@type\":\"ReadAction\",\"target\":[\"https:\\\/\\\/osmeusapontamentos.com\\\/index.php\\\/2009\\\/03\\\/06\\\/regionalizacao-7\\\/\"]}]},{\"@type\":\"BreadcrumbList\",\"@id\":\"https:\\\/\\\/osmeusapontamentos.com\\\/index.php\\\/2009\\\/03\\\/06\\\/regionalizacao-7\\\/#breadcrumb\",\"itemListElement\":[{\"@type\":\"ListItem\",\"position\":1,\"name\":\"In\u00edcio\",\"item\":\"https:\\\/\\\/osmeusapontamentos.com\\\/\"},{\"@type\":\"ListItem\",\"position\":2,\"name\":\"Regionaliza\u00e7\u00e3o #7\"}]},{\"@type\":\"WebSite\",\"@id\":\"https:\\\/\\\/osmeusapontamentos.com\\\/#website\",\"url\":\"https:\\\/\\\/osmeusapontamentos.com\\\/\",\"name\":\"Os Meus Apontamentos\",\"description\":\"\",\"publisher\":{\"@id\":\"https:\\\/\\\/osmeusapontamentos.com\\\/#\\\/schema\\\/person\\\/d508df9c3ffc8b4e64a18dbf0ba18dd8\"},\"potentialAction\":[{\"@type\":\"SearchAction\",\"target\":{\"@type\":\"EntryPoint\",\"urlTemplate\":\"https:\\\/\\\/osmeusapontamentos.com\\\/?s={search_term_string}\"},\"query-input\":{\"@type\":\"PropertyValueSpecification\",\"valueRequired\":true,\"valueName\":\"search_term_string\"}}],\"inLanguage\":\"pt-PT\"},{\"@type\":[\"Person\",\"Organization\"],\"@id\":\"https:\\\/\\\/osmeusapontamentos.com\\\/#\\\/schema\\\/person\\\/d508df9c3ffc8b4e64a18dbf0ba18dd8\",\"name\":\"Vitor Silva\",\"image\":{\"@type\":\"ImageObject\",\"inLanguage\":\"pt-PT\",\"@id\":\"https:\\\/\\\/secure.gravatar.com\\\/avatar\\\/f81f58ad909e8a213ab0a690f6ed65e5c0e0e2274bf35ac49ff31d7988d483ce?s=96&d=mm&r=g\",\"url\":\"https:\\\/\\\/secure.gravatar.com\\\/avatar\\\/f81f58ad909e8a213ab0a690f6ed65e5c0e0e2274bf35ac49ff31d7988d483ce?s=96&d=mm&r=g\",\"contentUrl\":\"https:\\\/\\\/secure.gravatar.com\\\/avatar\\\/f81f58ad909e8a213ab0a690f6ed65e5c0e0e2274bf35ac49ff31d7988d483ce?s=96&d=mm&r=g\",\"caption\":\"Vitor Silva\"},\"logo\":{\"@id\":\"https:\\\/\\\/secure.gravatar.com\\\/avatar\\\/f81f58ad909e8a213ab0a690f6ed65e5c0e0e2274bf35ac49ff31d7988d483ce?s=96&d=mm&r=g\"},\"sameAs\":[\"https:\\\/\\\/www.linkedin.com\\\/in\\\/vitormrsilva\",\"https:\\\/\\\/x.com\\\/vitorsilva\"]}]}<\/script>\n<!-- \/ Yoast SEO plugin. -->","yoast_head_json":{"title":"Regionaliza\u00e7\u00e3o #7 - Os Meus Apontamentos","robots":{"index":"index","follow":"follow","max-snippet":"max-snippet:-1","max-image-preview":"max-image-preview:large","max-video-preview":"max-video-preview:-1"},"canonical":"https:\/\/osmeusapontamentos.com\/index.php\/2009\/03\/06\/regionalizacao-7\/","og_locale":"pt_PT","og_type":"article","og_title":"Regionaliza\u00e7\u00e3o #7 - Os Meus Apontamentos","og_description":"Notas sobre a sess\u00e3o#7 do Ciclo de Confer\u00eancias sobre a Regionaliza\u00e7\u00e3o promovido pela C\u00e2mara Municipal do Porto. Sendo uma das \u00faltimas sess\u00f5es j\u00e1 n\u00e3o se tratou de uma sess\u00e3o sobre um tema espec\u00edfico mas sim tendo como ponto de partida &#8220;A Regionaliza\u00e7\u00e3o: N\u00e3o!&#8220;. Artur Santos Silva talvez uma das raz\u00f5es para o n\u00e3o no referendo [&hellip;]","og_url":"https:\/\/osmeusapontamentos.com\/index.php\/2009\/03\/06\/regionalizacao-7\/","og_site_name":"Os Meus Apontamentos","article_published_time":"2009-03-06T10:37:33+00:00","author":"Vitor Silva","twitter_card":"summary_large_image","twitter_creator":"@vitorsilva","twitter_site":"@vitorsilva","twitter_misc":{"Escrito por":"Vitor Silva","Tempo estimado de leitura":"4 minutos"},"schema":{"@context":"https:\/\/schema.org","@graph":[{"@type":"Article","@id":"https:\/\/osmeusapontamentos.com\/index.php\/2009\/03\/06\/regionalizacao-7\/#article","isPartOf":{"@id":"https:\/\/osmeusapontamentos.com\/index.php\/2009\/03\/06\/regionalizacao-7\/"},"author":{"name":"Vitor Silva","@id":"https:\/\/osmeusapontamentos.com\/#\/schema\/person\/d508df9c3ffc8b4e64a18dbf0ba18dd8"},"headline":"Regionaliza\u00e7\u00e3o #7","datePublished":"2009-03-06T10:37:33+00:00","mainEntityOfPage":{"@id":"https:\/\/osmeusapontamentos.com\/index.php\/2009\/03\/06\/regionalizacao-7\/"},"wordCount":829,"commentCount":0,"publisher":{"@id":"https:\/\/osmeusapontamentos.com\/#\/schema\/person\/d508df9c3ffc8b4e64a18dbf0ba18dd8"},"keywords":["artur santos silva","daniel proen\u00e7a carvalho","regionaliza\u00e7\u00e3o","rui vilar"],"articleSection":["Ler\/ Ver\/ Ouvir\/ Passear"],"inLanguage":"pt-PT","potentialAction":[{"@type":"CommentAction","name":"Comment","target":["https:\/\/osmeusapontamentos.com\/index.php\/2009\/03\/06\/regionalizacao-7\/#respond"]}]},{"@type":"WebPage","@id":"https:\/\/osmeusapontamentos.com\/index.php\/2009\/03\/06\/regionalizacao-7\/","url":"https:\/\/osmeusapontamentos.com\/index.php\/2009\/03\/06\/regionalizacao-7\/","name":"Regionaliza\u00e7\u00e3o #7 - Os Meus Apontamentos","isPartOf":{"@id":"https:\/\/osmeusapontamentos.com\/#website"},"datePublished":"2009-03-06T10:37:33+00:00","breadcrumb":{"@id":"https:\/\/osmeusapontamentos.com\/index.php\/2009\/03\/06\/regionalizacao-7\/#breadcrumb"},"inLanguage":"pt-PT","potentialAction":[{"@type":"ReadAction","target":["https:\/\/osmeusapontamentos.com\/index.php\/2009\/03\/06\/regionalizacao-7\/"]}]},{"@type":"BreadcrumbList","@id":"https:\/\/osmeusapontamentos.com\/index.php\/2009\/03\/06\/regionalizacao-7\/#breadcrumb","itemListElement":[{"@type":"ListItem","position":1,"name":"In\u00edcio","item":"https:\/\/osmeusapontamentos.com\/"},{"@type":"ListItem","position":2,"name":"Regionaliza\u00e7\u00e3o #7"}]},{"@type":"WebSite","@id":"https:\/\/osmeusapontamentos.com\/#website","url":"https:\/\/osmeusapontamentos.com\/","name":"Os Meus Apontamentos","description":"","publisher":{"@id":"https:\/\/osmeusapontamentos.com\/#\/schema\/person\/d508df9c3ffc8b4e64a18dbf0ba18dd8"},"potentialAction":[{"@type":"SearchAction","target":{"@type":"EntryPoint","urlTemplate":"https:\/\/osmeusapontamentos.com\/?s={search_term_string}"},"query-input":{"@type":"PropertyValueSpecification","valueRequired":true,"valueName":"search_term_string"}}],"inLanguage":"pt-PT"},{"@type":["Person","Organization"],"@id":"https:\/\/osmeusapontamentos.com\/#\/schema\/person\/d508df9c3ffc8b4e64a18dbf0ba18dd8","name":"Vitor Silva","image":{"@type":"ImageObject","inLanguage":"pt-PT","@id":"https:\/\/secure.gravatar.com\/avatar\/f81f58ad909e8a213ab0a690f6ed65e5c0e0e2274bf35ac49ff31d7988d483ce?s=96&d=mm&r=g","url":"https:\/\/secure.gravatar.com\/avatar\/f81f58ad909e8a213ab0a690f6ed65e5c0e0e2274bf35ac49ff31d7988d483ce?s=96&d=mm&r=g","contentUrl":"https:\/\/secure.gravatar.com\/avatar\/f81f58ad909e8a213ab0a690f6ed65e5c0e0e2274bf35ac49ff31d7988d483ce?s=96&d=mm&r=g","caption":"Vitor Silva"},"logo":{"@id":"https:\/\/secure.gravatar.com\/avatar\/f81f58ad909e8a213ab0a690f6ed65e5c0e0e2274bf35ac49ff31d7988d483ce?s=96&d=mm&r=g"},"sameAs":["https:\/\/www.linkedin.com\/in\/vitormrsilva","https:\/\/x.com\/vitorsilva"]}]}},"_links":{"self":[{"href":"https:\/\/osmeusapontamentos.com\/index.php\/wp-json\/wp\/v2\/posts\/1362","targetHints":{"allow":["GET"]}}],"collection":[{"href":"https:\/\/osmeusapontamentos.com\/index.php\/wp-json\/wp\/v2\/posts"}],"about":[{"href":"https:\/\/osmeusapontamentos.com\/index.php\/wp-json\/wp\/v2\/types\/post"}],"author":[{"embeddable":true,"href":"https:\/\/osmeusapontamentos.com\/index.php\/wp-json\/wp\/v2\/users\/1"}],"replies":[{"embeddable":true,"href":"https:\/\/osmeusapontamentos.com\/index.php\/wp-json\/wp\/v2\/comments?post=1362"}],"version-history":[{"count":0,"href":"https:\/\/osmeusapontamentos.com\/index.php\/wp-json\/wp\/v2\/posts\/1362\/revisions"}],"wp:attachment":[{"href":"https:\/\/osmeusapontamentos.com\/index.php\/wp-json\/wp\/v2\/media?parent=1362"}],"wp:term":[{"taxonomy":"category","embeddable":true,"href":"https:\/\/osmeusapontamentos.com\/index.php\/wp-json\/wp\/v2\/categories?post=1362"},{"taxonomy":"post_tag","embeddable":true,"href":"https:\/\/osmeusapontamentos.com\/index.php\/wp-json\/wp\/v2\/tags?post=1362"}],"curies":[{"name":"wp","href":"https:\/\/api.w.org\/{rel}","templated":true}]}}