{"id":1349,"date":"2009-02-26T08:07:30","date_gmt":"2009-02-26T08:07:30","guid":{"rendered":"http:\/\/osmeusapontamentos.com\/?p=1349"},"modified":"2009-02-26T08:07:30","modified_gmt":"2009-02-26T08:07:30","slug":"comentario-a-cidadaos-dao-o-que-e-jornalistas-vao-dar-o-porque","status":"publish","type":"post","link":"https:\/\/osmeusapontamentos.com\/index.php\/2009\/02\/26\/comentario-a-cidadaos-dao-o-que-e-jornalistas-vao-dar-o-porque\/","title":{"rendered":"Coment\u00e1rio a &#8220;Cidad\u00e3os d\u00e3o o \u2018qu\u00ea\u2019 e jornalistas v\u00e3o dar o \u2018porqu\u00ea\u2018&#8221;"},"content":{"rendered":"<p>para refer\u00eancia futura aqui fica o coment\u00e1rio que deixei no artigo <a href=\"http:\/\/atrium.wordpress.com\/2009\/02\/12\/cidadaos-dao-o-que-e-jornalistas-vao-dar-o-porque\/\">&#8220;Cidad\u00e3os d\u00e3o o \u2018qu\u00ea\u2019 e jornalistas v\u00e3o dar o \u2018porqu\u00ea\u2018&#8221;<\/a><\/p>\n<p>ainda hoje vinha a pensar nisso a prop\u00f3sito da apresenta\u00e7\u00e3o da candidatura da elisa ferreira no porto.<br \/>\nfoi uma apresenta\u00e7\u00e3o que acompanhei (embora com pouco detalhe) via twitter atrav\u00e9s do http:\/\/twitter.com\/jpn_flash<br \/>\ne o que estava a pensar era de facto qual a necessidade da entidade jornalista enquanto pessoa que recolhe informa\u00e7\u00e3o\u2026 com twitters, blogs, podcasts, webcasts essa necessidade quase que desaparece diria que, para al\u00e9m da quest\u00e3o referida da dificuldade de agregar todo o conteudo gerado, a quest\u00e3o da qualidade formal do conte\u00fado tamb\u00e9m poder\u00e1 ser ainda um problema (estou a referir-me \u00e0 qualidade do som ou das imagens)<br \/>\nde notar que n\u00e3o estou a dizer que desaparece o jornalista enquanto agregador de informa\u00e7\u00e3o e esse papel passa todo para o jornalista-cidad\u00e3o. acho que j\u00e1 ningu\u00e9m acredita em paradigmas que substituem a 100% os paradigmas anteriores mas que vai haver um papel mais relevante do jornalista-cidad\u00e3o isso acredito e acho \/ espero que isso seja bom para a sociedade.<\/p>\n","protected":false},"excerpt":{"rendered":"<p>para refer\u00eancia futura aqui fica o coment\u00e1rio que deixei no artigo &#8220;Cidad\u00e3os d\u00e3o o \u2018qu\u00ea\u2019 e jornalistas v\u00e3o dar o \u2018porqu\u00ea\u2018&#8221; ainda hoje vinha a pensar nisso a prop\u00f3sito da apresenta\u00e7\u00e3o da candidatura da elisa ferreira no porto. foi uma apresenta\u00e7\u00e3o que acompanhei (embora com pouco detalhe) via twitter atrav\u00e9s do http:\/\/twitter.com\/jpn_flash e o que [&hellip;]<\/p>\n","protected":false},"author":1,"featured_media":0,"comment_status":"open","ping_status":"open","sticky":false,"template":"","format":"standard","meta":{"footnotes":""},"categories":[7],"tags":[343],"class_list":["post-1349","post","type-post","status-publish","format-standard","hentry","category-ler-ver-ouvir-passear","tag-jornalismo"],"yoast_head":"<!-- This site is optimized with the Yoast SEO plugin v27.5 - https:\/\/yoast.com\/product\/yoast-seo-wordpress\/ -->\n<title>Coment\u00e1rio a &quot;Cidad\u00e3os d\u00e3o o \u2018qu\u00ea\u2019 e jornalistas v\u00e3o dar o \u2018porqu\u00ea\u2018&quot; - Os Meus Apontamentos<\/title>\n<meta name=\"robots\" content=\"index, follow, max-snippet:-1, max-image-preview:large, max-video-preview:-1\" \/>\n<link rel=\"canonical\" href=\"https:\/\/osmeusapontamentos.com\/index.php\/2009\/02\/26\/comentario-a-cidadaos-dao-o-que-e-jornalistas-vao-dar-o-porque\/\" \/>\n<meta property=\"og:locale\" content=\"pt_PT\" \/>\n<meta property=\"og:type\" content=\"article\" \/>\n<meta property=\"og:title\" content=\"Coment\u00e1rio a &quot;Cidad\u00e3os d\u00e3o o \u2018qu\u00ea\u2019 e jornalistas v\u00e3o dar o \u2018porqu\u00ea\u2018&quot; - Os Meus Apontamentos\" \/>\n<meta property=\"og:description\" content=\"para refer\u00eancia futura aqui fica o coment\u00e1rio que deixei no artigo &#8220;Cidad\u00e3os d\u00e3o o \u2018qu\u00ea\u2019 e jornalistas v\u00e3o dar o \u2018porqu\u00ea\u2018&#8221; ainda hoje vinha a pensar nisso a prop\u00f3sito da apresenta\u00e7\u00e3o da candidatura da elisa ferreira no porto. foi uma apresenta\u00e7\u00e3o que acompanhei (embora com pouco detalhe) via twitter atrav\u00e9s do http:\/\/twitter.com\/jpn_flash e o que [&hellip;]\" \/>\n<meta property=\"og:url\" content=\"https:\/\/osmeusapontamentos.com\/index.php\/2009\/02\/26\/comentario-a-cidadaos-dao-o-que-e-jornalistas-vao-dar-o-porque\/\" \/>\n<meta property=\"og:site_name\" content=\"Os Meus Apontamentos\" \/>\n<meta property=\"article:published_time\" content=\"2009-02-26T08:07:30+00:00\" \/>\n<meta name=\"author\" content=\"Vitor Silva\" \/>\n<meta name=\"twitter:card\" content=\"summary_large_image\" \/>\n<meta name=\"twitter:creator\" content=\"@vitorsilva\" \/>\n<meta name=\"twitter:site\" content=\"@vitorsilva\" \/>\n<meta name=\"twitter:label1\" content=\"Escrito por\" \/>\n\t<meta name=\"twitter:data1\" content=\"Vitor Silva\" \/>\n\t<meta name=\"twitter:label2\" content=\"Tempo estimado de leitura\" \/>\n\t<meta name=\"twitter:data2\" content=\"1 minuto\" \/>\n<script type=\"application\/ld+json\" class=\"yoast-schema-graph\">{\"@context\":\"https:\\\/\\\/schema.org\",\"@graph\":[{\"@type\":\"Article\",\"@id\":\"https:\\\/\\\/osmeusapontamentos.com\\\/index.php\\\/2009\\\/02\\\/26\\\/comentario-a-cidadaos-dao-o-que-e-jornalistas-vao-dar-o-porque\\\/#article\",\"isPartOf\":{\"@id\":\"https:\\\/\\\/osmeusapontamentos.com\\\/index.php\\\/2009\\\/02\\\/26\\\/comentario-a-cidadaos-dao-o-que-e-jornalistas-vao-dar-o-porque\\\/\"},\"author\":{\"name\":\"Vitor Silva\",\"@id\":\"https:\\\/\\\/osmeusapontamentos.com\\\/#\\\/schema\\\/person\\\/d508df9c3ffc8b4e64a18dbf0ba18dd8\"},\"headline\":\"Coment\u00e1rio a &#8220;Cidad\u00e3os d\u00e3o o \u2018qu\u00ea\u2019 e jornalistas v\u00e3o dar o \u2018porqu\u00ea\u2018&#8221;\",\"datePublished\":\"2009-02-26T08:07:30+00:00\",\"mainEntityOfPage\":{\"@id\":\"https:\\\/\\\/osmeusapontamentos.com\\\/index.php\\\/2009\\\/02\\\/26\\\/comentario-a-cidadaos-dao-o-que-e-jornalistas-vao-dar-o-porque\\\/\"},\"wordCount\":217,\"commentCount\":0,\"publisher\":{\"@id\":\"https:\\\/\\\/osmeusapontamentos.com\\\/#\\\/schema\\\/person\\\/d508df9c3ffc8b4e64a18dbf0ba18dd8\"},\"keywords\":[\"jornalismo\"],\"articleSection\":[\"Ler\\\/ Ver\\\/ Ouvir\\\/ Passear\"],\"inLanguage\":\"pt-PT\",\"potentialAction\":[{\"@type\":\"CommentAction\",\"name\":\"Comment\",\"target\":[\"https:\\\/\\\/osmeusapontamentos.com\\\/index.php\\\/2009\\\/02\\\/26\\\/comentario-a-cidadaos-dao-o-que-e-jornalistas-vao-dar-o-porque\\\/#respond\"]}]},{\"@type\":\"WebPage\",\"@id\":\"https:\\\/\\\/osmeusapontamentos.com\\\/index.php\\\/2009\\\/02\\\/26\\\/comentario-a-cidadaos-dao-o-que-e-jornalistas-vao-dar-o-porque\\\/\",\"url\":\"https:\\\/\\\/osmeusapontamentos.com\\\/index.php\\\/2009\\\/02\\\/26\\\/comentario-a-cidadaos-dao-o-que-e-jornalistas-vao-dar-o-porque\\\/\",\"name\":\"Coment\u00e1rio a \\\"Cidad\u00e3os d\u00e3o o \u2018qu\u00ea\u2019 e jornalistas v\u00e3o dar o \u2018porqu\u00ea\u2018\\\" - Os Meus Apontamentos\",\"isPartOf\":{\"@id\":\"https:\\\/\\\/osmeusapontamentos.com\\\/#website\"},\"datePublished\":\"2009-02-26T08:07:30+00:00\",\"breadcrumb\":{\"@id\":\"https:\\\/\\\/osmeusapontamentos.com\\\/index.php\\\/2009\\\/02\\\/26\\\/comentario-a-cidadaos-dao-o-que-e-jornalistas-vao-dar-o-porque\\\/#breadcrumb\"},\"inLanguage\":\"pt-PT\",\"potentialAction\":[{\"@type\":\"ReadAction\",\"target\":[\"https:\\\/\\\/osmeusapontamentos.com\\\/index.php\\\/2009\\\/02\\\/26\\\/comentario-a-cidadaos-dao-o-que-e-jornalistas-vao-dar-o-porque\\\/\"]}]},{\"@type\":\"BreadcrumbList\",\"@id\":\"https:\\\/\\\/osmeusapontamentos.com\\\/index.php\\\/2009\\\/02\\\/26\\\/comentario-a-cidadaos-dao-o-que-e-jornalistas-vao-dar-o-porque\\\/#breadcrumb\",\"itemListElement\":[{\"@type\":\"ListItem\",\"position\":1,\"name\":\"In\u00edcio\",\"item\":\"https:\\\/\\\/osmeusapontamentos.com\\\/\"},{\"@type\":\"ListItem\",\"position\":2,\"name\":\"Coment\u00e1rio a &#8220;Cidad\u00e3os d\u00e3o o \u2018qu\u00ea\u2019 e jornalistas v\u00e3o dar o \u2018porqu\u00ea\u2018&#8221;\"}]},{\"@type\":\"WebSite\",\"@id\":\"https:\\\/\\\/osmeusapontamentos.com\\\/#website\",\"url\":\"https:\\\/\\\/osmeusapontamentos.com\\\/\",\"name\":\"Os Meus Apontamentos\",\"description\":\"\",\"publisher\":{\"@id\":\"https:\\\/\\\/osmeusapontamentos.com\\\/#\\\/schema\\\/person\\\/d508df9c3ffc8b4e64a18dbf0ba18dd8\"},\"potentialAction\":[{\"@type\":\"SearchAction\",\"target\":{\"@type\":\"EntryPoint\",\"urlTemplate\":\"https:\\\/\\\/osmeusapontamentos.com\\\/?s={search_term_string}\"},\"query-input\":{\"@type\":\"PropertyValueSpecification\",\"valueRequired\":true,\"valueName\":\"search_term_string\"}}],\"inLanguage\":\"pt-PT\"},{\"@type\":[\"Person\",\"Organization\"],\"@id\":\"https:\\\/\\\/osmeusapontamentos.com\\\/#\\\/schema\\\/person\\\/d508df9c3ffc8b4e64a18dbf0ba18dd8\",\"name\":\"Vitor Silva\",\"image\":{\"@type\":\"ImageObject\",\"inLanguage\":\"pt-PT\",\"@id\":\"https:\\\/\\\/secure.gravatar.com\\\/avatar\\\/f81f58ad909e8a213ab0a690f6ed65e5c0e0e2274bf35ac49ff31d7988d483ce?s=96&d=mm&r=g\",\"url\":\"https:\\\/\\\/secure.gravatar.com\\\/avatar\\\/f81f58ad909e8a213ab0a690f6ed65e5c0e0e2274bf35ac49ff31d7988d483ce?s=96&d=mm&r=g\",\"contentUrl\":\"https:\\\/\\\/secure.gravatar.com\\\/avatar\\\/f81f58ad909e8a213ab0a690f6ed65e5c0e0e2274bf35ac49ff31d7988d483ce?s=96&d=mm&r=g\",\"caption\":\"Vitor Silva\"},\"logo\":{\"@id\":\"https:\\\/\\\/secure.gravatar.com\\\/avatar\\\/f81f58ad909e8a213ab0a690f6ed65e5c0e0e2274bf35ac49ff31d7988d483ce?s=96&d=mm&r=g\"},\"sameAs\":[\"https:\\\/\\\/www.linkedin.com\\\/in\\\/vitormrsilva\",\"https:\\\/\\\/x.com\\\/vitorsilva\"]}]}<\/script>\n<!-- \/ Yoast SEO plugin. -->","yoast_head_json":{"title":"Coment\u00e1rio a \"Cidad\u00e3os d\u00e3o o \u2018qu\u00ea\u2019 e jornalistas v\u00e3o dar o \u2018porqu\u00ea\u2018\" - Os Meus Apontamentos","robots":{"index":"index","follow":"follow","max-snippet":"max-snippet:-1","max-image-preview":"max-image-preview:large","max-video-preview":"max-video-preview:-1"},"canonical":"https:\/\/osmeusapontamentos.com\/index.php\/2009\/02\/26\/comentario-a-cidadaos-dao-o-que-e-jornalistas-vao-dar-o-porque\/","og_locale":"pt_PT","og_type":"article","og_title":"Coment\u00e1rio a \"Cidad\u00e3os d\u00e3o o \u2018qu\u00ea\u2019 e jornalistas v\u00e3o dar o \u2018porqu\u00ea\u2018\" - Os Meus Apontamentos","og_description":"para refer\u00eancia futura aqui fica o coment\u00e1rio que deixei no artigo &#8220;Cidad\u00e3os d\u00e3o o \u2018qu\u00ea\u2019 e jornalistas v\u00e3o dar o \u2018porqu\u00ea\u2018&#8221; ainda hoje vinha a pensar nisso a prop\u00f3sito da apresenta\u00e7\u00e3o da candidatura da elisa ferreira no porto. foi uma apresenta\u00e7\u00e3o que acompanhei (embora com pouco detalhe) via twitter atrav\u00e9s do http:\/\/twitter.com\/jpn_flash e o que [&hellip;]","og_url":"https:\/\/osmeusapontamentos.com\/index.php\/2009\/02\/26\/comentario-a-cidadaos-dao-o-que-e-jornalistas-vao-dar-o-porque\/","og_site_name":"Os Meus Apontamentos","article_published_time":"2009-02-26T08:07:30+00:00","author":"Vitor Silva","twitter_card":"summary_large_image","twitter_creator":"@vitorsilva","twitter_site":"@vitorsilva","twitter_misc":{"Escrito por":"Vitor Silva","Tempo estimado de leitura":"1 minuto"},"schema":{"@context":"https:\/\/schema.org","@graph":[{"@type":"Article","@id":"https:\/\/osmeusapontamentos.com\/index.php\/2009\/02\/26\/comentario-a-cidadaos-dao-o-que-e-jornalistas-vao-dar-o-porque\/#article","isPartOf":{"@id":"https:\/\/osmeusapontamentos.com\/index.php\/2009\/02\/26\/comentario-a-cidadaos-dao-o-que-e-jornalistas-vao-dar-o-porque\/"},"author":{"name":"Vitor Silva","@id":"https:\/\/osmeusapontamentos.com\/#\/schema\/person\/d508df9c3ffc8b4e64a18dbf0ba18dd8"},"headline":"Coment\u00e1rio a &#8220;Cidad\u00e3os d\u00e3o o \u2018qu\u00ea\u2019 e jornalistas v\u00e3o dar o \u2018porqu\u00ea\u2018&#8221;","datePublished":"2009-02-26T08:07:30+00:00","mainEntityOfPage":{"@id":"https:\/\/osmeusapontamentos.com\/index.php\/2009\/02\/26\/comentario-a-cidadaos-dao-o-que-e-jornalistas-vao-dar-o-porque\/"},"wordCount":217,"commentCount":0,"publisher":{"@id":"https:\/\/osmeusapontamentos.com\/#\/schema\/person\/d508df9c3ffc8b4e64a18dbf0ba18dd8"},"keywords":["jornalismo"],"articleSection":["Ler\/ Ver\/ Ouvir\/ Passear"],"inLanguage":"pt-PT","potentialAction":[{"@type":"CommentAction","name":"Comment","target":["https:\/\/osmeusapontamentos.com\/index.php\/2009\/02\/26\/comentario-a-cidadaos-dao-o-que-e-jornalistas-vao-dar-o-porque\/#respond"]}]},{"@type":"WebPage","@id":"https:\/\/osmeusapontamentos.com\/index.php\/2009\/02\/26\/comentario-a-cidadaos-dao-o-que-e-jornalistas-vao-dar-o-porque\/","url":"https:\/\/osmeusapontamentos.com\/index.php\/2009\/02\/26\/comentario-a-cidadaos-dao-o-que-e-jornalistas-vao-dar-o-porque\/","name":"Coment\u00e1rio a \"Cidad\u00e3os d\u00e3o o \u2018qu\u00ea\u2019 e jornalistas v\u00e3o dar o \u2018porqu\u00ea\u2018\" - Os Meus Apontamentos","isPartOf":{"@id":"https:\/\/osmeusapontamentos.com\/#website"},"datePublished":"2009-02-26T08:07:30+00:00","breadcrumb":{"@id":"https:\/\/osmeusapontamentos.com\/index.php\/2009\/02\/26\/comentario-a-cidadaos-dao-o-que-e-jornalistas-vao-dar-o-porque\/#breadcrumb"},"inLanguage":"pt-PT","potentialAction":[{"@type":"ReadAction","target":["https:\/\/osmeusapontamentos.com\/index.php\/2009\/02\/26\/comentario-a-cidadaos-dao-o-que-e-jornalistas-vao-dar-o-porque\/"]}]},{"@type":"BreadcrumbList","@id":"https:\/\/osmeusapontamentos.com\/index.php\/2009\/02\/26\/comentario-a-cidadaos-dao-o-que-e-jornalistas-vao-dar-o-porque\/#breadcrumb","itemListElement":[{"@type":"ListItem","position":1,"name":"In\u00edcio","item":"https:\/\/osmeusapontamentos.com\/"},{"@type":"ListItem","position":2,"name":"Coment\u00e1rio a &#8220;Cidad\u00e3os d\u00e3o o \u2018qu\u00ea\u2019 e jornalistas v\u00e3o dar o \u2018porqu\u00ea\u2018&#8221;"}]},{"@type":"WebSite","@id":"https:\/\/osmeusapontamentos.com\/#website","url":"https:\/\/osmeusapontamentos.com\/","name":"Os Meus Apontamentos","description":"","publisher":{"@id":"https:\/\/osmeusapontamentos.com\/#\/schema\/person\/d508df9c3ffc8b4e64a18dbf0ba18dd8"},"potentialAction":[{"@type":"SearchAction","target":{"@type":"EntryPoint","urlTemplate":"https:\/\/osmeusapontamentos.com\/?s={search_term_string}"},"query-input":{"@type":"PropertyValueSpecification","valueRequired":true,"valueName":"search_term_string"}}],"inLanguage":"pt-PT"},{"@type":["Person","Organization"],"@id":"https:\/\/osmeusapontamentos.com\/#\/schema\/person\/d508df9c3ffc8b4e64a18dbf0ba18dd8","name":"Vitor Silva","image":{"@type":"ImageObject","inLanguage":"pt-PT","@id":"https:\/\/secure.gravatar.com\/avatar\/f81f58ad909e8a213ab0a690f6ed65e5c0e0e2274bf35ac49ff31d7988d483ce?s=96&d=mm&r=g","url":"https:\/\/secure.gravatar.com\/avatar\/f81f58ad909e8a213ab0a690f6ed65e5c0e0e2274bf35ac49ff31d7988d483ce?s=96&d=mm&r=g","contentUrl":"https:\/\/secure.gravatar.com\/avatar\/f81f58ad909e8a213ab0a690f6ed65e5c0e0e2274bf35ac49ff31d7988d483ce?s=96&d=mm&r=g","caption":"Vitor Silva"},"logo":{"@id":"https:\/\/secure.gravatar.com\/avatar\/f81f58ad909e8a213ab0a690f6ed65e5c0e0e2274bf35ac49ff31d7988d483ce?s=96&d=mm&r=g"},"sameAs":["https:\/\/www.linkedin.com\/in\/vitormrsilva","https:\/\/x.com\/vitorsilva"]}]}},"_links":{"self":[{"href":"https:\/\/osmeusapontamentos.com\/index.php\/wp-json\/wp\/v2\/posts\/1349","targetHints":{"allow":["GET"]}}],"collection":[{"href":"https:\/\/osmeusapontamentos.com\/index.php\/wp-json\/wp\/v2\/posts"}],"about":[{"href":"https:\/\/osmeusapontamentos.com\/index.php\/wp-json\/wp\/v2\/types\/post"}],"author":[{"embeddable":true,"href":"https:\/\/osmeusapontamentos.com\/index.php\/wp-json\/wp\/v2\/users\/1"}],"replies":[{"embeddable":true,"href":"https:\/\/osmeusapontamentos.com\/index.php\/wp-json\/wp\/v2\/comments?post=1349"}],"version-history":[{"count":0,"href":"https:\/\/osmeusapontamentos.com\/index.php\/wp-json\/wp\/v2\/posts\/1349\/revisions"}],"wp:attachment":[{"href":"https:\/\/osmeusapontamentos.com\/index.php\/wp-json\/wp\/v2\/media?parent=1349"}],"wp:term":[{"taxonomy":"category","embeddable":true,"href":"https:\/\/osmeusapontamentos.com\/index.php\/wp-json\/wp\/v2\/categories?post=1349"},{"taxonomy":"post_tag","embeddable":true,"href":"https:\/\/osmeusapontamentos.com\/index.php\/wp-json\/wp\/v2\/tags?post=1349"}],"curies":[{"name":"wp","href":"https:\/\/api.w.org\/{rel}","templated":true}]}}