{"id":1344,"date":"2009-01-16T20:55:31","date_gmt":"2009-01-16T20:55:31","guid":{"rendered":"http:\/\/osmeusapontamentos.com\/?p=1344"},"modified":"2009-01-16T20:55:31","modified_gmt":"2009-01-16T20:55:31","slug":"regionalizacao-5","status":"publish","type":"post","link":"https:\/\/osmeusapontamentos.com\/index.php\/2009\/01\/16\/regionalizacao-5\/","title":{"rendered":"Regionaliza\u00e7\u00e3o #5"},"content":{"rendered":"<p>Notas sobre a sess\u00e3o#5 do <a href=\"http:\/\/www.cm-porto.pt\/gen.pl?p=stories&amp;op=view&amp;fokey=cmp.stories\/9425\">Ciclo de Confer\u00eancias sobre a Regionaliza\u00e7\u00e3o<\/a> promovido pela <a href=\"http:\/\/www.cm-porto.pt\/\">C\u00e2mara Municipal do Porto<\/a> de 20-nov-2008 sobre &#8220;Divis\u00e3o administrativa e \u00f3rg\u00e3os regionais&#8221;.<\/p>\n<p>Prof. Jorge Miranda<\/p>\n<ul>\n<li>1970 &#8211; 1\u00ba diploma das regi\u00f5es plano<\/li>\n<li>hist\u00f3ria do municipalismo =&gt; prov\u00edncias \/ distritos<\/li>\n<li>assembleia constituinte\u00a0 =&gt; a favor psd, cds, mdp; contra ps<\/li>\n<li>problemas iniciais\n<ul>\n<li>divis\u00e3o fronteiras<\/li>\n<li>situa\u00e7\u00e3o financeira do pa\u00eds<\/li>\n<li>receio de uma regi\u00e3o cair nas m\u00e3os de um partido<\/li>\n<\/ul>\n<\/li>\n<li>import\u00e2ncia da defini\u00e7\u00e3o das compet\u00eancias para a divis\u00e3o<\/li>\n<li>crit\u00e9rios par a divis\u00e3o administrativa?\n<ul>\n<li>densidade populacional<\/li>\n<li>rendimento<\/li>\n<li>longitudinal<\/li>\n<li>transversal<\/li>\n<li>distrito<\/li>\n<\/ul>\n<\/li>\n<li>administra\u00e7\u00e3o perif\u00e9rica da organiza\u00e7\u00e3o central<\/li>\n<li>eventual redu\u00e7\u00e3o do n\u00ba de municipios<\/li>\n<li>reforma do sistema eleitoral<\/li>\n<\/ul>\n<p>Prof. Jo\u00e3o Caupers<\/p>\n<ul>\n<li>ineficiencia<\/li>\n<li>desresponsabiliza\u00e7\u00e3o<\/li>\n<li>atraso do pais<\/li>\n<li>somente os tolos n\u00e3o aprendem com o passado<\/li>\n<li>separar compet\u00eancias das divis\u00f5es territoriais<\/li>\n<li>mapa antes do processo e decidido em assembleia<\/li>\n<li>inconvenientes<\/li>\n<li>instabilidade do modelo territorial da administra\u00e7\u00e3o p\u00fablica<\/li>\n<li>insuficiente legitimidade<\/li>\n<li>regi\u00e3o como espa\u00e7o adequado para planear equipamentos<\/li>\n<li>carta europeia democracia regional &#8211; 247\/2007, 240\/2008<\/li>\n<li>modelo ccdr \/ modelo pentaregional amp+aml+regi\u00f5es<\/li>\n<li>org\u00e3os regionais =&gt; assembleia regional &#8211; constitui\u00e7ao art.260<\/li>\n<li>junta regional 27 56\/91<\/li>\n<li>autarquia regional<\/li>\n<li>inconveniencia da exist\u00eacia de 2 org\u00e3os colegiais legitimados<\/li>\n<li>org\u00e3o de gest\u00e3o vs pluralidade politica<\/li>\n<li>org\u00e3os de decis\u00e3o singulares<\/li>\n<li>quem paga?<\/li>\n<li>poderes?<\/li>\n<li>qual a divis\u00e3o de poderes: freguesias, autarquias,\u00a0 regioes autonomas, ccdr<\/li>\n<li>simultaneidade da implementa\u00e7\u00e3o das regi\u00f5es<\/li>\n<\/ul>\n","protected":false},"excerpt":{"rendered":"<p>Notas sobre a sess\u00e3o#5 do Ciclo de Confer\u00eancias sobre a Regionaliza\u00e7\u00e3o promovido pela C\u00e2mara Municipal do Porto de 20-nov-2008 sobre &#8220;Divis\u00e3o administrativa e \u00f3rg\u00e3os regionais&#8221;. Prof. Jorge Miranda 1970 &#8211; 1\u00ba diploma das regi\u00f5es plano hist\u00f3ria do municipalismo =&gt; prov\u00edncias \/ distritos assembleia constituinte\u00a0 =&gt; a favor psd, cds, mdp; contra ps problemas iniciais divis\u00e3o [&hellip;]<\/p>\n","protected":false},"author":1,"featured_media":0,"comment_status":"open","ping_status":"open","sticky":false,"template":"","format":"standard","meta":{"footnotes":""},"categories":[7],"tags":[557],"class_list":["post-1344","post","type-post","status-publish","format-standard","hentry","category-ler-ver-ouvir-passear","tag-regionalizacao"],"yoast_head":"<!-- This site is optimized with the Yoast SEO plugin v27.5 - https:\/\/yoast.com\/product\/yoast-seo-wordpress\/ -->\n<title>Regionaliza\u00e7\u00e3o #5 - Os Meus Apontamentos<\/title>\n<meta name=\"robots\" content=\"index, follow, max-snippet:-1, max-image-preview:large, max-video-preview:-1\" \/>\n<link rel=\"canonical\" href=\"https:\/\/osmeusapontamentos.com\/index.php\/2009\/01\/16\/regionalizacao-5\/\" \/>\n<meta property=\"og:locale\" content=\"pt_PT\" \/>\n<meta property=\"og:type\" content=\"article\" \/>\n<meta property=\"og:title\" content=\"Regionaliza\u00e7\u00e3o #5 - Os Meus Apontamentos\" \/>\n<meta property=\"og:description\" content=\"Notas sobre a sess\u00e3o#5 do Ciclo de Confer\u00eancias sobre a Regionaliza\u00e7\u00e3o promovido pela C\u00e2mara Municipal do Porto de 20-nov-2008 sobre &#8220;Divis\u00e3o administrativa e \u00f3rg\u00e3os regionais&#8221;. Prof. Jorge Miranda 1970 &#8211; 1\u00ba diploma das regi\u00f5es plano hist\u00f3ria do municipalismo =&gt; prov\u00edncias \/ distritos assembleia constituinte\u00a0 =&gt; a favor psd, cds, mdp; contra ps problemas iniciais divis\u00e3o [&hellip;]\" \/>\n<meta property=\"og:url\" content=\"https:\/\/osmeusapontamentos.com\/index.php\/2009\/01\/16\/regionalizacao-5\/\" \/>\n<meta property=\"og:site_name\" content=\"Os Meus Apontamentos\" \/>\n<meta property=\"article:published_time\" content=\"2009-01-16T20:55:31+00:00\" \/>\n<meta name=\"author\" content=\"Vitor Silva\" \/>\n<meta name=\"twitter:card\" content=\"summary_large_image\" \/>\n<meta name=\"twitter:creator\" content=\"@vitorsilva\" \/>\n<meta name=\"twitter:site\" content=\"@vitorsilva\" \/>\n<meta name=\"twitter:label1\" content=\"Escrito por\" \/>\n\t<meta name=\"twitter:data1\" content=\"Vitor Silva\" \/>\n\t<meta name=\"twitter:label2\" content=\"Tempo estimado de leitura\" \/>\n\t<meta name=\"twitter:data2\" content=\"1 minuto\" \/>\n<script type=\"application\/ld+json\" class=\"yoast-schema-graph\">{\"@context\":\"https:\\\/\\\/schema.org\",\"@graph\":[{\"@type\":\"Article\",\"@id\":\"https:\\\/\\\/osmeusapontamentos.com\\\/index.php\\\/2009\\\/01\\\/16\\\/regionalizacao-5\\\/#article\",\"isPartOf\":{\"@id\":\"https:\\\/\\\/osmeusapontamentos.com\\\/index.php\\\/2009\\\/01\\\/16\\\/regionalizacao-5\\\/\"},\"author\":{\"name\":\"Vitor Silva\",\"@id\":\"https:\\\/\\\/osmeusapontamentos.com\\\/#\\\/schema\\\/person\\\/d508df9c3ffc8b4e64a18dbf0ba18dd8\"},\"headline\":\"Regionaliza\u00e7\u00e3o #5\",\"datePublished\":\"2009-01-16T20:55:31+00:00\",\"mainEntityOfPage\":{\"@id\":\"https:\\\/\\\/osmeusapontamentos.com\\\/index.php\\\/2009\\\/01\\\/16\\\/regionalizacao-5\\\/\"},\"wordCount\":253,\"commentCount\":0,\"publisher\":{\"@id\":\"https:\\\/\\\/osmeusapontamentos.com\\\/#\\\/schema\\\/person\\\/d508df9c3ffc8b4e64a18dbf0ba18dd8\"},\"keywords\":[\"regionaliza\u00e7\u00e3o\"],\"articleSection\":[\"Ler\\\/ Ver\\\/ Ouvir\\\/ Passear\"],\"inLanguage\":\"pt-PT\",\"potentialAction\":[{\"@type\":\"CommentAction\",\"name\":\"Comment\",\"target\":[\"https:\\\/\\\/osmeusapontamentos.com\\\/index.php\\\/2009\\\/01\\\/16\\\/regionalizacao-5\\\/#respond\"]}]},{\"@type\":\"WebPage\",\"@id\":\"https:\\\/\\\/osmeusapontamentos.com\\\/index.php\\\/2009\\\/01\\\/16\\\/regionalizacao-5\\\/\",\"url\":\"https:\\\/\\\/osmeusapontamentos.com\\\/index.php\\\/2009\\\/01\\\/16\\\/regionalizacao-5\\\/\",\"name\":\"Regionaliza\u00e7\u00e3o #5 - Os Meus Apontamentos\",\"isPartOf\":{\"@id\":\"https:\\\/\\\/osmeusapontamentos.com\\\/#website\"},\"datePublished\":\"2009-01-16T20:55:31+00:00\",\"breadcrumb\":{\"@id\":\"https:\\\/\\\/osmeusapontamentos.com\\\/index.php\\\/2009\\\/01\\\/16\\\/regionalizacao-5\\\/#breadcrumb\"},\"inLanguage\":\"pt-PT\",\"potentialAction\":[{\"@type\":\"ReadAction\",\"target\":[\"https:\\\/\\\/osmeusapontamentos.com\\\/index.php\\\/2009\\\/01\\\/16\\\/regionalizacao-5\\\/\"]}]},{\"@type\":\"BreadcrumbList\",\"@id\":\"https:\\\/\\\/osmeusapontamentos.com\\\/index.php\\\/2009\\\/01\\\/16\\\/regionalizacao-5\\\/#breadcrumb\",\"itemListElement\":[{\"@type\":\"ListItem\",\"position\":1,\"name\":\"In\u00edcio\",\"item\":\"https:\\\/\\\/osmeusapontamentos.com\\\/\"},{\"@type\":\"ListItem\",\"position\":2,\"name\":\"Regionaliza\u00e7\u00e3o #5\"}]},{\"@type\":\"WebSite\",\"@id\":\"https:\\\/\\\/osmeusapontamentos.com\\\/#website\",\"url\":\"https:\\\/\\\/osmeusapontamentos.com\\\/\",\"name\":\"Os Meus Apontamentos\",\"description\":\"\",\"publisher\":{\"@id\":\"https:\\\/\\\/osmeusapontamentos.com\\\/#\\\/schema\\\/person\\\/d508df9c3ffc8b4e64a18dbf0ba18dd8\"},\"potentialAction\":[{\"@type\":\"SearchAction\",\"target\":{\"@type\":\"EntryPoint\",\"urlTemplate\":\"https:\\\/\\\/osmeusapontamentos.com\\\/?s={search_term_string}\"},\"query-input\":{\"@type\":\"PropertyValueSpecification\",\"valueRequired\":true,\"valueName\":\"search_term_string\"}}],\"inLanguage\":\"pt-PT\"},{\"@type\":[\"Person\",\"Organization\"],\"@id\":\"https:\\\/\\\/osmeusapontamentos.com\\\/#\\\/schema\\\/person\\\/d508df9c3ffc8b4e64a18dbf0ba18dd8\",\"name\":\"Vitor Silva\",\"image\":{\"@type\":\"ImageObject\",\"inLanguage\":\"pt-PT\",\"@id\":\"https:\\\/\\\/secure.gravatar.com\\\/avatar\\\/f81f58ad909e8a213ab0a690f6ed65e5c0e0e2274bf35ac49ff31d7988d483ce?s=96&d=mm&r=g\",\"url\":\"https:\\\/\\\/secure.gravatar.com\\\/avatar\\\/f81f58ad909e8a213ab0a690f6ed65e5c0e0e2274bf35ac49ff31d7988d483ce?s=96&d=mm&r=g\",\"contentUrl\":\"https:\\\/\\\/secure.gravatar.com\\\/avatar\\\/f81f58ad909e8a213ab0a690f6ed65e5c0e0e2274bf35ac49ff31d7988d483ce?s=96&d=mm&r=g\",\"caption\":\"Vitor Silva\"},\"logo\":{\"@id\":\"https:\\\/\\\/secure.gravatar.com\\\/avatar\\\/f81f58ad909e8a213ab0a690f6ed65e5c0e0e2274bf35ac49ff31d7988d483ce?s=96&d=mm&r=g\"},\"sameAs\":[\"https:\\\/\\\/www.linkedin.com\\\/in\\\/vitormrsilva\",\"https:\\\/\\\/x.com\\\/vitorsilva\"]}]}<\/script>\n<!-- \/ Yoast SEO plugin. -->","yoast_head_json":{"title":"Regionaliza\u00e7\u00e3o #5 - Os Meus Apontamentos","robots":{"index":"index","follow":"follow","max-snippet":"max-snippet:-1","max-image-preview":"max-image-preview:large","max-video-preview":"max-video-preview:-1"},"canonical":"https:\/\/osmeusapontamentos.com\/index.php\/2009\/01\/16\/regionalizacao-5\/","og_locale":"pt_PT","og_type":"article","og_title":"Regionaliza\u00e7\u00e3o #5 - Os Meus Apontamentos","og_description":"Notas sobre a sess\u00e3o#5 do Ciclo de Confer\u00eancias sobre a Regionaliza\u00e7\u00e3o promovido pela C\u00e2mara Municipal do Porto de 20-nov-2008 sobre &#8220;Divis\u00e3o administrativa e \u00f3rg\u00e3os regionais&#8221;. Prof. Jorge Miranda 1970 &#8211; 1\u00ba diploma das regi\u00f5es plano hist\u00f3ria do municipalismo =&gt; prov\u00edncias \/ distritos assembleia constituinte\u00a0 =&gt; a favor psd, cds, mdp; contra ps problemas iniciais divis\u00e3o [&hellip;]","og_url":"https:\/\/osmeusapontamentos.com\/index.php\/2009\/01\/16\/regionalizacao-5\/","og_site_name":"Os Meus Apontamentos","article_published_time":"2009-01-16T20:55:31+00:00","author":"Vitor Silva","twitter_card":"summary_large_image","twitter_creator":"@vitorsilva","twitter_site":"@vitorsilva","twitter_misc":{"Escrito por":"Vitor Silva","Tempo estimado de leitura":"1 minuto"},"schema":{"@context":"https:\/\/schema.org","@graph":[{"@type":"Article","@id":"https:\/\/osmeusapontamentos.com\/index.php\/2009\/01\/16\/regionalizacao-5\/#article","isPartOf":{"@id":"https:\/\/osmeusapontamentos.com\/index.php\/2009\/01\/16\/regionalizacao-5\/"},"author":{"name":"Vitor Silva","@id":"https:\/\/osmeusapontamentos.com\/#\/schema\/person\/d508df9c3ffc8b4e64a18dbf0ba18dd8"},"headline":"Regionaliza\u00e7\u00e3o #5","datePublished":"2009-01-16T20:55:31+00:00","mainEntityOfPage":{"@id":"https:\/\/osmeusapontamentos.com\/index.php\/2009\/01\/16\/regionalizacao-5\/"},"wordCount":253,"commentCount":0,"publisher":{"@id":"https:\/\/osmeusapontamentos.com\/#\/schema\/person\/d508df9c3ffc8b4e64a18dbf0ba18dd8"},"keywords":["regionaliza\u00e7\u00e3o"],"articleSection":["Ler\/ Ver\/ Ouvir\/ Passear"],"inLanguage":"pt-PT","potentialAction":[{"@type":"CommentAction","name":"Comment","target":["https:\/\/osmeusapontamentos.com\/index.php\/2009\/01\/16\/regionalizacao-5\/#respond"]}]},{"@type":"WebPage","@id":"https:\/\/osmeusapontamentos.com\/index.php\/2009\/01\/16\/regionalizacao-5\/","url":"https:\/\/osmeusapontamentos.com\/index.php\/2009\/01\/16\/regionalizacao-5\/","name":"Regionaliza\u00e7\u00e3o #5 - Os Meus Apontamentos","isPartOf":{"@id":"https:\/\/osmeusapontamentos.com\/#website"},"datePublished":"2009-01-16T20:55:31+00:00","breadcrumb":{"@id":"https:\/\/osmeusapontamentos.com\/index.php\/2009\/01\/16\/regionalizacao-5\/#breadcrumb"},"inLanguage":"pt-PT","potentialAction":[{"@type":"ReadAction","target":["https:\/\/osmeusapontamentos.com\/index.php\/2009\/01\/16\/regionalizacao-5\/"]}]},{"@type":"BreadcrumbList","@id":"https:\/\/osmeusapontamentos.com\/index.php\/2009\/01\/16\/regionalizacao-5\/#breadcrumb","itemListElement":[{"@type":"ListItem","position":1,"name":"In\u00edcio","item":"https:\/\/osmeusapontamentos.com\/"},{"@type":"ListItem","position":2,"name":"Regionaliza\u00e7\u00e3o #5"}]},{"@type":"WebSite","@id":"https:\/\/osmeusapontamentos.com\/#website","url":"https:\/\/osmeusapontamentos.com\/","name":"Os Meus Apontamentos","description":"","publisher":{"@id":"https:\/\/osmeusapontamentos.com\/#\/schema\/person\/d508df9c3ffc8b4e64a18dbf0ba18dd8"},"potentialAction":[{"@type":"SearchAction","target":{"@type":"EntryPoint","urlTemplate":"https:\/\/osmeusapontamentos.com\/?s={search_term_string}"},"query-input":{"@type":"PropertyValueSpecification","valueRequired":true,"valueName":"search_term_string"}}],"inLanguage":"pt-PT"},{"@type":["Person","Organization"],"@id":"https:\/\/osmeusapontamentos.com\/#\/schema\/person\/d508df9c3ffc8b4e64a18dbf0ba18dd8","name":"Vitor Silva","image":{"@type":"ImageObject","inLanguage":"pt-PT","@id":"https:\/\/secure.gravatar.com\/avatar\/f81f58ad909e8a213ab0a690f6ed65e5c0e0e2274bf35ac49ff31d7988d483ce?s=96&d=mm&r=g","url":"https:\/\/secure.gravatar.com\/avatar\/f81f58ad909e8a213ab0a690f6ed65e5c0e0e2274bf35ac49ff31d7988d483ce?s=96&d=mm&r=g","contentUrl":"https:\/\/secure.gravatar.com\/avatar\/f81f58ad909e8a213ab0a690f6ed65e5c0e0e2274bf35ac49ff31d7988d483ce?s=96&d=mm&r=g","caption":"Vitor Silva"},"logo":{"@id":"https:\/\/secure.gravatar.com\/avatar\/f81f58ad909e8a213ab0a690f6ed65e5c0e0e2274bf35ac49ff31d7988d483ce?s=96&d=mm&r=g"},"sameAs":["https:\/\/www.linkedin.com\/in\/vitormrsilva","https:\/\/x.com\/vitorsilva"]}]}},"_links":{"self":[{"href":"https:\/\/osmeusapontamentos.com\/index.php\/wp-json\/wp\/v2\/posts\/1344","targetHints":{"allow":["GET"]}}],"collection":[{"href":"https:\/\/osmeusapontamentos.com\/index.php\/wp-json\/wp\/v2\/posts"}],"about":[{"href":"https:\/\/osmeusapontamentos.com\/index.php\/wp-json\/wp\/v2\/types\/post"}],"author":[{"embeddable":true,"href":"https:\/\/osmeusapontamentos.com\/index.php\/wp-json\/wp\/v2\/users\/1"}],"replies":[{"embeddable":true,"href":"https:\/\/osmeusapontamentos.com\/index.php\/wp-json\/wp\/v2\/comments?post=1344"}],"version-history":[{"count":0,"href":"https:\/\/osmeusapontamentos.com\/index.php\/wp-json\/wp\/v2\/posts\/1344\/revisions"}],"wp:attachment":[{"href":"https:\/\/osmeusapontamentos.com\/index.php\/wp-json\/wp\/v2\/media?parent=1344"}],"wp:term":[{"taxonomy":"category","embeddable":true,"href":"https:\/\/osmeusapontamentos.com\/index.php\/wp-json\/wp\/v2\/categories?post=1344"},{"taxonomy":"post_tag","embeddable":true,"href":"https:\/\/osmeusapontamentos.com\/index.php\/wp-json\/wp\/v2\/tags?post=1344"}],"curies":[{"name":"wp","href":"https:\/\/api.w.org\/{rel}","templated":true}]}}