{"id":1341,"date":"2009-01-15T19:35:43","date_gmt":"2009-01-15T19:35:43","guid":{"rendered":"http:\/\/osmeusapontamentos.com\/?p=1341"},"modified":"2009-01-15T19:35:43","modified_gmt":"2009-01-15T19:35:43","slug":"regionalizacao-4","status":"publish","type":"post","link":"https:\/\/osmeusapontamentos.com\/index.php\/2009\/01\/15\/regionalizacao-4\/","title":{"rendered":"Regionaliza\u00e7\u00e3o #4"},"content":{"rendered":"<p>Notas sobre a sess\u00e3o#4 do <a href=\"http:\/\/www.cm-porto.pt\/gen.pl?p=stories&amp;op=view&amp;fokey=cmp.stories\/9425\">Ciclo de Confer\u00eancias sobre a Regionaliza\u00e7\u00e3o<\/a> promovido pela <a href=\"http:\/\/www.cm-porto.pt\/\">C\u00e2mara Municipal do Porto<\/a> de 16-out-2008 sobre &#8220;Experi\u00eancia Internacional&#8221;.<\/p>\n<p>Ant\u00f3nio C\u00e2ndido Oliveira<\/p>\n<ul>\n<li>Projecto Carta Europeia Democracia Regional 240\/2008 Maio 2008<\/li>\n<li>Carta Europeia Autonomia Regional \/ Local<\/li>\n<li>Elementos chave:\n<ul>\n<li>Art. 7 &#8211; autarquia regional &#8211; entre poder central e autarquia loca<\/li>\n<li>art.14 &#8211; assembleias eleitas por sufr\u00e1gio directo &#8211; temporariamente (10 anos) assembleias eleitas pelas autarquias<\/li>\n<li>art.4 &#8211; participa\u00e7\u00e3o do p\u00fablico na gest\u00e3o &#8211; subsidariedade. regionaliza\u00e7\u00e3o n\u00e3o \u00e9 hostilidade face ao estado<\/li>\n<\/ul>\n<\/li>\n<li>esfera de ac\u00e7\u00e3o das regi\u00f5es &#8211; mais do que assuntos regionais e sim assuntos de interesse regional<\/li>\n<li>regionaliza\u00e7\u00e3o pr\u00f3pria dos grandes pa\u00edses?<\/li>\n<li>espanha, fran\u00e7a, alemanha, it\u00e1lia<\/li>\n<li>mas tamb\u00e9m austria, sui\u00e7a, belgica (600 municipios, 10 provincias, 3 regi\u00f5es), holanda (em 2000 tinha 600 municipios e 10 provincias)<\/li>\n<li>dinamarca, noruega, suecia, irlanda &#8211; diminuiram numero de provincias<\/li>\n<li>problema de democracia e de aplica\u00e7\u00e3o do principio de subsidaridade<\/li>\n<\/ul>\n<p>Manuel Porto<\/p>\n<ul>\n<li>caso portugu\u00eas &#8211; eventual falta de integridade territorial? n\u00e3o<\/li>\n<li>atraso portugu\u00eas &#8211; causas naturais?<\/li>\n<li>interior? baden baviera interior &#8211; zona mais rica<\/li>\n<li>actualmente n\u00e3o \u00e9 possivel fun\u00e7\u00e3o redistributiva do estado<\/li>\n<li>public choice<\/li>\n<li>mapa acessibilidade topol\u00f3gica<\/li>\n<li>tgv lx-porto rent\u00e1vel<\/li>\n<li>tgv passar dentro do aeroporto<\/li>\n<li>leiria porto mais rapido que leiria alcochete<\/li>\n<li>aeroportos deficit\u00e1rios<\/li>\n<li>tem que existir concorr\u00eancia para ser competitivo<\/li>\n<li>oriente &#8211; portela =&gt; 530M\u20ac para acesso a um aeroporto que (supostamente) vai ser encerrado<\/li>\n<li>tgv &#8211; 4200M\u20ac<\/li>\n<li>400M\u20ac =&gt; arranjo frente ribeirinha lisboa<\/li>\n<li>tim gulden =&gt; <a href=\"http:\/\/www.rotman.utoronto.ca\/userfiles\/prosperity\/File\/Rise.of.%20the.Mega-Regions.w.cover.pdf\">40 megaregi\u00f5es do mundo. (ver p\u00e1g.38)<\/a><\/li>\n<\/ul>\n<ul>\n<li>1 estado &lt;=&gt; 308 municipios<\/li>\n<li>n\u00e3o tem poder de di\u00e1logo<\/li>\n<li>n\u00e3o h\u00e1 legitimidade<\/li>\n<li>fran\u00e7a =&gt; proibido publicar boletim municipal sem 1\/3 da oposi\u00e7\u00e3o<\/li>\n<li>erro da ota =&gt; estudo lnec aponta como vantagem para zona de alcochete em deterimento de lisboa o parametro inova\u00e7\u00e3o e tecnologia. ver documento <a href=\"http:\/\/www.sedes.pt\/Multimedia\/Consulta%20Publica%20OTA.doc\">Consulta P\u00fablica para Avalia\u00e7\u00e3o das Alternativas de Localiza\u00e7\u00e3o do Novo Aeroporto de Lisboa na Zona da Ota e na Zona do Campo de Tiro de Alcochete p\u00e1g.8<\/a><\/li>\n<\/ul>\n","protected":false},"excerpt":{"rendered":"<p>Notas sobre a sess\u00e3o#4 do Ciclo de Confer\u00eancias sobre a Regionaliza\u00e7\u00e3o promovido pela C\u00e2mara Municipal do Porto de 16-out-2008 sobre &#8220;Experi\u00eancia Internacional&#8221;. Ant\u00f3nio C\u00e2ndido Oliveira Projecto Carta Europeia Democracia Regional 240\/2008 Maio 2008 Carta Europeia Autonomia Regional \/ Local Elementos chave: Art. 7 &#8211; autarquia regional &#8211; entre poder central e autarquia loca art.14 &#8211; [&hellip;]<\/p>\n","protected":false},"author":1,"featured_media":0,"comment_status":"open","ping_status":"open","sticky":false,"template":"","format":"standard","meta":{"footnotes":""},"categories":[7],"tags":[557],"class_list":["post-1341","post","type-post","status-publish","format-standard","hentry","category-ler-ver-ouvir-passear","tag-regionalizacao"],"yoast_head":"<!-- This site is optimized with the Yoast SEO plugin v27.5 - https:\/\/yoast.com\/product\/yoast-seo-wordpress\/ -->\n<title>Regionaliza\u00e7\u00e3o #4 - Os Meus Apontamentos<\/title>\n<meta name=\"robots\" content=\"index, follow, max-snippet:-1, max-image-preview:large, max-video-preview:-1\" \/>\n<link rel=\"canonical\" href=\"https:\/\/osmeusapontamentos.com\/index.php\/2009\/01\/15\/regionalizacao-4\/\" \/>\n<meta property=\"og:locale\" content=\"pt_PT\" \/>\n<meta property=\"og:type\" content=\"article\" \/>\n<meta property=\"og:title\" content=\"Regionaliza\u00e7\u00e3o #4 - Os Meus Apontamentos\" \/>\n<meta property=\"og:description\" content=\"Notas sobre a sess\u00e3o#4 do Ciclo de Confer\u00eancias sobre a Regionaliza\u00e7\u00e3o promovido pela C\u00e2mara Municipal do Porto de 16-out-2008 sobre &#8220;Experi\u00eancia Internacional&#8221;. Ant\u00f3nio C\u00e2ndido Oliveira Projecto Carta Europeia Democracia Regional 240\/2008 Maio 2008 Carta Europeia Autonomia Regional \/ Local Elementos chave: Art. 7 &#8211; autarquia regional &#8211; entre poder central e autarquia loca art.14 &#8211; [&hellip;]\" \/>\n<meta property=\"og:url\" content=\"https:\/\/osmeusapontamentos.com\/index.php\/2009\/01\/15\/regionalizacao-4\/\" \/>\n<meta property=\"og:site_name\" content=\"Os Meus Apontamentos\" \/>\n<meta property=\"article:published_time\" content=\"2009-01-15T19:35:43+00:00\" \/>\n<meta name=\"author\" content=\"Vitor Silva\" \/>\n<meta name=\"twitter:card\" content=\"summary_large_image\" \/>\n<meta name=\"twitter:creator\" content=\"@vitorsilva\" \/>\n<meta name=\"twitter:site\" content=\"@vitorsilva\" \/>\n<meta name=\"twitter:label1\" content=\"Escrito por\" \/>\n\t<meta name=\"twitter:data1\" content=\"Vitor Silva\" \/>\n\t<meta name=\"twitter:label2\" content=\"Tempo estimado de leitura\" \/>\n\t<meta name=\"twitter:data2\" content=\"2 minutos\" \/>\n<script type=\"application\/ld+json\" class=\"yoast-schema-graph\">{\"@context\":\"https:\\\/\\\/schema.org\",\"@graph\":[{\"@type\":\"Article\",\"@id\":\"https:\\\/\\\/osmeusapontamentos.com\\\/index.php\\\/2009\\\/01\\\/15\\\/regionalizacao-4\\\/#article\",\"isPartOf\":{\"@id\":\"https:\\\/\\\/osmeusapontamentos.com\\\/index.php\\\/2009\\\/01\\\/15\\\/regionalizacao-4\\\/\"},\"author\":{\"name\":\"Vitor Silva\",\"@id\":\"https:\\\/\\\/osmeusapontamentos.com\\\/#\\\/schema\\\/person\\\/d508df9c3ffc8b4e64a18dbf0ba18dd8\"},\"headline\":\"Regionaliza\u00e7\u00e3o #4\",\"datePublished\":\"2009-01-15T19:35:43+00:00\",\"mainEntityOfPage\":{\"@id\":\"https:\\\/\\\/osmeusapontamentos.com\\\/index.php\\\/2009\\\/01\\\/15\\\/regionalizacao-4\\\/\"},\"wordCount\":348,\"commentCount\":0,\"publisher\":{\"@id\":\"https:\\\/\\\/osmeusapontamentos.com\\\/#\\\/schema\\\/person\\\/d508df9c3ffc8b4e64a18dbf0ba18dd8\"},\"keywords\":[\"regionaliza\u00e7\u00e3o\"],\"articleSection\":[\"Ler\\\/ Ver\\\/ Ouvir\\\/ Passear\"],\"inLanguage\":\"pt-PT\",\"potentialAction\":[{\"@type\":\"CommentAction\",\"name\":\"Comment\",\"target\":[\"https:\\\/\\\/osmeusapontamentos.com\\\/index.php\\\/2009\\\/01\\\/15\\\/regionalizacao-4\\\/#respond\"]}]},{\"@type\":\"WebPage\",\"@id\":\"https:\\\/\\\/osmeusapontamentos.com\\\/index.php\\\/2009\\\/01\\\/15\\\/regionalizacao-4\\\/\",\"url\":\"https:\\\/\\\/osmeusapontamentos.com\\\/index.php\\\/2009\\\/01\\\/15\\\/regionalizacao-4\\\/\",\"name\":\"Regionaliza\u00e7\u00e3o #4 - Os Meus Apontamentos\",\"isPartOf\":{\"@id\":\"https:\\\/\\\/osmeusapontamentos.com\\\/#website\"},\"datePublished\":\"2009-01-15T19:35:43+00:00\",\"breadcrumb\":{\"@id\":\"https:\\\/\\\/osmeusapontamentos.com\\\/index.php\\\/2009\\\/01\\\/15\\\/regionalizacao-4\\\/#breadcrumb\"},\"inLanguage\":\"pt-PT\",\"potentialAction\":[{\"@type\":\"ReadAction\",\"target\":[\"https:\\\/\\\/osmeusapontamentos.com\\\/index.php\\\/2009\\\/01\\\/15\\\/regionalizacao-4\\\/\"]}]},{\"@type\":\"BreadcrumbList\",\"@id\":\"https:\\\/\\\/osmeusapontamentos.com\\\/index.php\\\/2009\\\/01\\\/15\\\/regionalizacao-4\\\/#breadcrumb\",\"itemListElement\":[{\"@type\":\"ListItem\",\"position\":1,\"name\":\"In\u00edcio\",\"item\":\"https:\\\/\\\/osmeusapontamentos.com\\\/\"},{\"@type\":\"ListItem\",\"position\":2,\"name\":\"Regionaliza\u00e7\u00e3o #4\"}]},{\"@type\":\"WebSite\",\"@id\":\"https:\\\/\\\/osmeusapontamentos.com\\\/#website\",\"url\":\"https:\\\/\\\/osmeusapontamentos.com\\\/\",\"name\":\"Os Meus Apontamentos\",\"description\":\"\",\"publisher\":{\"@id\":\"https:\\\/\\\/osmeusapontamentos.com\\\/#\\\/schema\\\/person\\\/d508df9c3ffc8b4e64a18dbf0ba18dd8\"},\"potentialAction\":[{\"@type\":\"SearchAction\",\"target\":{\"@type\":\"EntryPoint\",\"urlTemplate\":\"https:\\\/\\\/osmeusapontamentos.com\\\/?s={search_term_string}\"},\"query-input\":{\"@type\":\"PropertyValueSpecification\",\"valueRequired\":true,\"valueName\":\"search_term_string\"}}],\"inLanguage\":\"pt-PT\"},{\"@type\":[\"Person\",\"Organization\"],\"@id\":\"https:\\\/\\\/osmeusapontamentos.com\\\/#\\\/schema\\\/person\\\/d508df9c3ffc8b4e64a18dbf0ba18dd8\",\"name\":\"Vitor Silva\",\"image\":{\"@type\":\"ImageObject\",\"inLanguage\":\"pt-PT\",\"@id\":\"https:\\\/\\\/secure.gravatar.com\\\/avatar\\\/f81f58ad909e8a213ab0a690f6ed65e5c0e0e2274bf35ac49ff31d7988d483ce?s=96&d=mm&r=g\",\"url\":\"https:\\\/\\\/secure.gravatar.com\\\/avatar\\\/f81f58ad909e8a213ab0a690f6ed65e5c0e0e2274bf35ac49ff31d7988d483ce?s=96&d=mm&r=g\",\"contentUrl\":\"https:\\\/\\\/secure.gravatar.com\\\/avatar\\\/f81f58ad909e8a213ab0a690f6ed65e5c0e0e2274bf35ac49ff31d7988d483ce?s=96&d=mm&r=g\",\"caption\":\"Vitor Silva\"},\"logo\":{\"@id\":\"https:\\\/\\\/secure.gravatar.com\\\/avatar\\\/f81f58ad909e8a213ab0a690f6ed65e5c0e0e2274bf35ac49ff31d7988d483ce?s=96&d=mm&r=g\"},\"sameAs\":[\"https:\\\/\\\/www.linkedin.com\\\/in\\\/vitormrsilva\",\"https:\\\/\\\/x.com\\\/vitorsilva\"]}]}<\/script>\n<!-- \/ Yoast SEO plugin. -->","yoast_head_json":{"title":"Regionaliza\u00e7\u00e3o #4 - Os Meus Apontamentos","robots":{"index":"index","follow":"follow","max-snippet":"max-snippet:-1","max-image-preview":"max-image-preview:large","max-video-preview":"max-video-preview:-1"},"canonical":"https:\/\/osmeusapontamentos.com\/index.php\/2009\/01\/15\/regionalizacao-4\/","og_locale":"pt_PT","og_type":"article","og_title":"Regionaliza\u00e7\u00e3o #4 - Os Meus Apontamentos","og_description":"Notas sobre a sess\u00e3o#4 do Ciclo de Confer\u00eancias sobre a Regionaliza\u00e7\u00e3o promovido pela C\u00e2mara Municipal do Porto de 16-out-2008 sobre &#8220;Experi\u00eancia Internacional&#8221;. Ant\u00f3nio C\u00e2ndido Oliveira Projecto Carta Europeia Democracia Regional 240\/2008 Maio 2008 Carta Europeia Autonomia Regional \/ Local Elementos chave: Art. 7 &#8211; autarquia regional &#8211; entre poder central e autarquia loca art.14 &#8211; [&hellip;]","og_url":"https:\/\/osmeusapontamentos.com\/index.php\/2009\/01\/15\/regionalizacao-4\/","og_site_name":"Os Meus Apontamentos","article_published_time":"2009-01-15T19:35:43+00:00","author":"Vitor Silva","twitter_card":"summary_large_image","twitter_creator":"@vitorsilva","twitter_site":"@vitorsilva","twitter_misc":{"Escrito por":"Vitor Silva","Tempo estimado de leitura":"2 minutos"},"schema":{"@context":"https:\/\/schema.org","@graph":[{"@type":"Article","@id":"https:\/\/osmeusapontamentos.com\/index.php\/2009\/01\/15\/regionalizacao-4\/#article","isPartOf":{"@id":"https:\/\/osmeusapontamentos.com\/index.php\/2009\/01\/15\/regionalizacao-4\/"},"author":{"name":"Vitor Silva","@id":"https:\/\/osmeusapontamentos.com\/#\/schema\/person\/d508df9c3ffc8b4e64a18dbf0ba18dd8"},"headline":"Regionaliza\u00e7\u00e3o #4","datePublished":"2009-01-15T19:35:43+00:00","mainEntityOfPage":{"@id":"https:\/\/osmeusapontamentos.com\/index.php\/2009\/01\/15\/regionalizacao-4\/"},"wordCount":348,"commentCount":0,"publisher":{"@id":"https:\/\/osmeusapontamentos.com\/#\/schema\/person\/d508df9c3ffc8b4e64a18dbf0ba18dd8"},"keywords":["regionaliza\u00e7\u00e3o"],"articleSection":["Ler\/ Ver\/ Ouvir\/ Passear"],"inLanguage":"pt-PT","potentialAction":[{"@type":"CommentAction","name":"Comment","target":["https:\/\/osmeusapontamentos.com\/index.php\/2009\/01\/15\/regionalizacao-4\/#respond"]}]},{"@type":"WebPage","@id":"https:\/\/osmeusapontamentos.com\/index.php\/2009\/01\/15\/regionalizacao-4\/","url":"https:\/\/osmeusapontamentos.com\/index.php\/2009\/01\/15\/regionalizacao-4\/","name":"Regionaliza\u00e7\u00e3o #4 - Os Meus Apontamentos","isPartOf":{"@id":"https:\/\/osmeusapontamentos.com\/#website"},"datePublished":"2009-01-15T19:35:43+00:00","breadcrumb":{"@id":"https:\/\/osmeusapontamentos.com\/index.php\/2009\/01\/15\/regionalizacao-4\/#breadcrumb"},"inLanguage":"pt-PT","potentialAction":[{"@type":"ReadAction","target":["https:\/\/osmeusapontamentos.com\/index.php\/2009\/01\/15\/regionalizacao-4\/"]}]},{"@type":"BreadcrumbList","@id":"https:\/\/osmeusapontamentos.com\/index.php\/2009\/01\/15\/regionalizacao-4\/#breadcrumb","itemListElement":[{"@type":"ListItem","position":1,"name":"In\u00edcio","item":"https:\/\/osmeusapontamentos.com\/"},{"@type":"ListItem","position":2,"name":"Regionaliza\u00e7\u00e3o #4"}]},{"@type":"WebSite","@id":"https:\/\/osmeusapontamentos.com\/#website","url":"https:\/\/osmeusapontamentos.com\/","name":"Os Meus Apontamentos","description":"","publisher":{"@id":"https:\/\/osmeusapontamentos.com\/#\/schema\/person\/d508df9c3ffc8b4e64a18dbf0ba18dd8"},"potentialAction":[{"@type":"SearchAction","target":{"@type":"EntryPoint","urlTemplate":"https:\/\/osmeusapontamentos.com\/?s={search_term_string}"},"query-input":{"@type":"PropertyValueSpecification","valueRequired":true,"valueName":"search_term_string"}}],"inLanguage":"pt-PT"},{"@type":["Person","Organization"],"@id":"https:\/\/osmeusapontamentos.com\/#\/schema\/person\/d508df9c3ffc8b4e64a18dbf0ba18dd8","name":"Vitor Silva","image":{"@type":"ImageObject","inLanguage":"pt-PT","@id":"https:\/\/secure.gravatar.com\/avatar\/f81f58ad909e8a213ab0a690f6ed65e5c0e0e2274bf35ac49ff31d7988d483ce?s=96&d=mm&r=g","url":"https:\/\/secure.gravatar.com\/avatar\/f81f58ad909e8a213ab0a690f6ed65e5c0e0e2274bf35ac49ff31d7988d483ce?s=96&d=mm&r=g","contentUrl":"https:\/\/secure.gravatar.com\/avatar\/f81f58ad909e8a213ab0a690f6ed65e5c0e0e2274bf35ac49ff31d7988d483ce?s=96&d=mm&r=g","caption":"Vitor Silva"},"logo":{"@id":"https:\/\/secure.gravatar.com\/avatar\/f81f58ad909e8a213ab0a690f6ed65e5c0e0e2274bf35ac49ff31d7988d483ce?s=96&d=mm&r=g"},"sameAs":["https:\/\/www.linkedin.com\/in\/vitormrsilva","https:\/\/x.com\/vitorsilva"]}]}},"_links":{"self":[{"href":"https:\/\/osmeusapontamentos.com\/index.php\/wp-json\/wp\/v2\/posts\/1341","targetHints":{"allow":["GET"]}}],"collection":[{"href":"https:\/\/osmeusapontamentos.com\/index.php\/wp-json\/wp\/v2\/posts"}],"about":[{"href":"https:\/\/osmeusapontamentos.com\/index.php\/wp-json\/wp\/v2\/types\/post"}],"author":[{"embeddable":true,"href":"https:\/\/osmeusapontamentos.com\/index.php\/wp-json\/wp\/v2\/users\/1"}],"replies":[{"embeddable":true,"href":"https:\/\/osmeusapontamentos.com\/index.php\/wp-json\/wp\/v2\/comments?post=1341"}],"version-history":[{"count":0,"href":"https:\/\/osmeusapontamentos.com\/index.php\/wp-json\/wp\/v2\/posts\/1341\/revisions"}],"wp:attachment":[{"href":"https:\/\/osmeusapontamentos.com\/index.php\/wp-json\/wp\/v2\/media?parent=1341"}],"wp:term":[{"taxonomy":"category","embeddable":true,"href":"https:\/\/osmeusapontamentos.com\/index.php\/wp-json\/wp\/v2\/categories?post=1341"},{"taxonomy":"post_tag","embeddable":true,"href":"https:\/\/osmeusapontamentos.com\/index.php\/wp-json\/wp\/v2\/tags?post=1341"}],"curies":[{"name":"wp","href":"https:\/\/api.w.org\/{rel}","templated":true}]}}